{"id":267312,"date":"2021-08-17T13:12:55","date_gmt":"2021-08-17T17:12:55","guid":{"rendered":"https:\/\/content.carib-export.com\/news\/dr-carla-barnett-secretary-general-of-caricom\/"},"modified":"2022-06-13T21:29:50","modified_gmt":"2022-06-14T01:29:50","slug":"dr-carla-barnett-secretary-general-of-caricom","status":"publish","type":"news","link":"https:\/\/content.carib-export.com\/es\/news\/dr-carla-barnett-secretary-general-of-caricom\/","title":{"rendered":"Dra. Carla Barnett: Secretaria General de CARICOM"},"content":{"rendered":"\n<p class=\"has-text-align-center\">The Caribbean Export Development Agency congratulates Dr. Carla Barnett on her appointment as the 8th Secretary-General of CARICOM.<\/p>\n\n\n\n<p class=\"has-text-align-center\">Yesterday&#8217;s installation ceremony marked a historic moment as the first female assuming this esteemed position.<\/p>\n\n\n\n<p class=\"has-text-align-center\">We wish her the greatest success and pledge our support for the continued development of our Region.<\/p>\n\n\n\n<figure class=\"wp-block-embed aligncenter is-type-video is-provider-youtube wp-block-embed-youtube wp-embed-aspect-16-9 wp-has-aspect-ratio\"><div class=\"wp-block-embed__wrapper\">\n<iframe loading=\"lazy\" title=\"Event to mark the assumption of Office of CARICOM Secretary-General, Dr. Carla Barnett\" width=\"640\" height=\"360\" src=\"https:\/\/www.youtube.com\/embed\/PFj4EzWr0vw?feature=oembed\" frameborder=\"0\" allow=\"accelerometer; autoplay; clipboard-write; encrypted-media; gyroscope; picture-in-picture; web-share\" referrerpolicy=\"strict-origin-when-cross-origin\" allowfullscreen><\/iframe>\n<\/div><\/figure>\n","protected":false},"excerpt":{"rendered":"<p>The Caribbean Export Development Agency congratulates Dr. Carla Barnett on her appointment as the 8th Secretary-General of CARICOM. Yesterday&#8217;s installation ceremony marked a historic moment as the first female assuming this esteemed position. We wish her the greatest success and pledge our support for the continued development of our Region.<\/p>\n","protected":false},"author":9,"featured_media":267317,"menu_order":0,"template":"","tags":[],"class_list":["post-267312","news","type-news","status-publish","has-post-thumbnail","hentry"],"acf":[],"yoast_head":"<!-- This site is optimized with the Yoast SEO plugin v27.1.1 - https:\/\/yoast.com\/product\/yoast-seo-wordpress\/ -->\n<title>Dra. Carla Barnett: Secretaria General de CARICOM - nombre del Exportaci\u00f3n del Caribe<\/title>\n<meta name=\"robots\" content=\"index, follow, max-snippet:-1, max-image-preview:large, max-video-preview:-1\" \/>\n<link rel=\"canonical\" href=\"https:\/\/content.carib-export.com\/es\/news\/dr-carla-barnett-secretary-general-of-caricom\/\" \/>\n<meta property=\"og:locale\" content=\"es_ES\" \/>\n<meta property=\"og:type\" content=\"article\" \/>\n<meta property=\"og:title\" content=\"Dra. Carla Barnett: Secretaria General de CARICOM - nombre del Exportaci\u00f3n del Caribe\" \/>\n<meta property=\"og:description\" content=\"The Caribbean Export Development Agency congratulates Dr. Carla Barnett on her appointment as the 8th Secretary-General of CARICOM. Yesterday&#8217;s installation ceremony marked a historic moment as the first female assuming this esteemed position. We wish her the greatest success and pledge our support for the continued development of our Region.\" \/>\n<meta property=\"og:url\" content=\"https:\/\/content.carib-export.com\/es\/news\/dr-carla-barnett-secretary-general-of-caricom\/\" \/>\n<meta property=\"og:site_name\" content=\"Exportaci\u00f3n del Caribe\" \/>\n<meta property=\"article:publisher\" content=\"https:\/\/www.facebook.com\/CaribbeanExport\" \/>\n<meta property=\"article:modified_time\" content=\"2022-06-14T01:29:50+00:00\" \/>\n<meta property=\"og:image\" content=\"https:\/\/content.carib-export.com\/wp-content\/uploads\/2021\/08\/Dr.-Barnett-01.png\" \/>\n\t<meta property=\"og:image:width\" content=\"3334\" \/>\n\t<meta property=\"og:image:height\" content=\"1867\" \/>\n\t<meta property=\"og:image:type\" content=\"image\/png\" \/>\n<meta name=\"twitter:card\" content=\"summary_large_image\" \/>\n<meta name=\"twitter:site\" content=\"@CaribXport\" \/>\n<script type=\"application\/ld+json\" class=\"yoast-schema-graph\">{\"@context\":\"https:\/\/schema.org\",\"@graph\":[{\"@type\":\"WebPage\",\"@id\":\"https:\/\/content.carib-export.com\/es\/news\/dr-carla-barnett-secretary-general-of-caricom\/\",\"url\":\"https:\/\/content.carib-export.com\/es\/news\/dr-carla-barnett-secretary-general-of-caricom\/\",\"name\":\"Dra. Carla Barnett: Secretaria General de CARICOM - nombre del Exportaci\u00f3n del Caribe\",\"isPartOf\":{\"@id\":\"https:\/\/content.carib-export.com\/es\/#website\"},\"primaryImageOfPage\":{\"@id\":\"https:\/\/content.carib-export.com\/es\/news\/dr-carla-barnett-secretary-general-of-caricom\/#primaryimage\"},\"image\":{\"@id\":\"https:\/\/content.carib-export.com\/es\/news\/dr-carla-barnett-secretary-general-of-caricom\/#primaryimage\"},\"thumbnailUrl\":\"https:\/\/content.carib-export.com\/wp-content\/uploads\/2021\/08\/Dr.-Barnett-01.png\",\"datePublished\":\"2021-08-17T17:12:55+00:00\",\"dateModified\":\"2022-06-14T01:29:50+00:00\",\"breadcrumb\":{\"@id\":\"https:\/\/content.carib-export.com\/es\/news\/dr-carla-barnett-secretary-general-of-caricom\/#breadcrumb\"},\"inLanguage\":\"es\",\"potentialAction\":[{\"@type\":\"ReadAction\",\"target\":[\"https:\/\/content.carib-export.com\/es\/news\/dr-carla-barnett-secretary-general-of-caricom\/\"]}]},{\"@type\":\"ImageObject\",\"inLanguage\":\"es\",\"@id\":\"https:\/\/content.carib-export.com\/es\/news\/dr-carla-barnett-secretary-general-of-caricom\/#primaryimage\",\"url\":\"https:\/\/content.carib-export.com\/wp-content\/uploads\/2021\/08\/Dr.-Barnett-01.png\",\"contentUrl\":\"https:\/\/content.carib-export.com\/wp-content\/uploads\/2021\/08\/Dr.-Barnett-01.png\",\"width\":3334,\"height\":1867},{\"@type\":\"BreadcrumbList\",\"@id\":\"https:\/\/content.carib-export.com\/es\/news\/dr-carla-barnett-secretary-general-of-caricom\/#breadcrumb\",\"itemListElement\":[{\"@type\":\"ListItem\",\"position\":1,\"name\":\"Casa\",\"item\":\"https:\/\/content.carib-export.com\/es\/home\/\"},{\"@type\":\"ListItem\",\"position\":2,\"name\":\"News\",\"item\":\"https:\/\/content.carib-export.com\/es\/news\/\"},{\"@type\":\"ListItem\",\"position\":3,\"name\":\"Dra. Carla Barnett: Secretaria General de CARICOM\"}]},{\"@type\":\"WebSite\",\"@id\":\"https:\/\/content.carib-export.com\/es\/#website\",\"url\":\"https:\/\/content.carib-export.com\/es\/\",\"name\":\"Exportaci\u00f3n del Caribe\",\"description\":\"La \u00fanica agencia regional de promoci\u00f3n del comercio y las inversiones en el grupo de \u00c1frica, el Caribe y el Pac\u00edfico.\",\"publisher\":{\"@id\":\"https:\/\/content.carib-export.com\/es\/#organization\"},\"potentialAction\":[{\"@type\":\"SearchAction\",\"target\":{\"@type\":\"EntryPoint\",\"urlTemplate\":\"https:\/\/content.carib-export.com\/es\/?s={search_term_string}\"},\"query-input\":{\"@type\":\"PropertyValueSpecification\",\"valueRequired\":true,\"valueName\":\"search_term_string\"}}],\"inLanguage\":\"es\"},{\"@type\":\"Organization\",\"@id\":\"https:\/\/content.carib-export.com\/es\/#organization\",\"name\":\"Agencia de Desarrollo de Exportaciones del Caribe\",\"url\":\"https:\/\/content.carib-export.com\/es\/\",\"logo\":{\"@type\":\"ImageObject\",\"inLanguage\":\"es\",\"@id\":\"https:\/\/content.carib-export.com\/es\/#\/schema\/logo\/image\/\",\"url\":\"https:\/\/content.carib-export.com\/wp-content\/uploads\/2013\/03\/CE-Logo-2013.jpg\",\"contentUrl\":\"https:\/\/content.carib-export.com\/wp-content\/uploads\/2013\/03\/CE-Logo-2013.jpg\",\"width\":1024,\"height\":244,\"caption\":\"Agencia de Desarrollo de Exportaciones del Caribe\"},\"image\":{\"@id\":\"https:\/\/content.carib-export.com\/es\/#\/schema\/logo\/image\/\"},\"sameAs\":[\"https:\/\/www.facebook.com\/CaribbeanExport\",\"https:\/\/x.com\/CaribXport\",\"https:\/\/www.instagram.com\/caribbeanexport\",\"https:\/\/www.linkedin.com\/company\/caribbeanexport\",\"https:\/\/www.youtube.com\/user\/TheCaribbeanExport\"]}]}<\/script>\n<!-- \/ Yoast SEO plugin. -->","yoast_head_json":{"title":"Dra. Carla Barnett: Secretaria General de CARICOM - nombre del Exportaci\u00f3n del Caribe","robots":{"index":"index","follow":"follow","max-snippet":"max-snippet:-1","max-image-preview":"max-image-preview:large","max-video-preview":"max-video-preview:-1"},"canonical":"https:\/\/content.carib-export.com\/es\/news\/dr-carla-barnett-secretary-general-of-caricom\/","og_locale":"es_ES","og_type":"article","og_title":"Dra. Carla Barnett: Secretaria General de CARICOM - nombre del Exportaci\u00f3n del Caribe","og_description":"The Caribbean Export Development Agency congratulates Dr. Carla Barnett on her appointment as the 8th Secretary-General of CARICOM. Yesterday&#8217;s installation ceremony marked a historic moment as the first female assuming this esteemed position. We wish her the greatest success and pledge our support for the continued development of our Region.","og_url":"https:\/\/content.carib-export.com\/es\/news\/dr-carla-barnett-secretary-general-of-caricom\/","og_site_name":"Exportaci\u00f3n del Caribe","article_publisher":"https:\/\/www.facebook.com\/CaribbeanExport","article_modified_time":"2022-06-14T01:29:50+00:00","og_image":[{"width":3334,"height":1867,"url":"https:\/\/content.carib-export.com\/wp-content\/uploads\/2021\/08\/Dr.-Barnett-01.png","type":"image\/png"}],"twitter_card":"summary_large_image","twitter_site":"@CaribXport","schema":{"@context":"https:\/\/schema.org","@graph":[{"@type":"WebPage","@id":"https:\/\/content.carib-export.com\/es\/news\/dr-carla-barnett-secretary-general-of-caricom\/","url":"https:\/\/content.carib-export.com\/es\/news\/dr-carla-barnett-secretary-general-of-caricom\/","name":"Dra. Carla Barnett: Secretaria General de CARICOM - nombre del Exportaci\u00f3n del Caribe","isPartOf":{"@id":"https:\/\/content.carib-export.com\/es\/#website"},"primaryImageOfPage":{"@id":"https:\/\/content.carib-export.com\/es\/news\/dr-carla-barnett-secretary-general-of-caricom\/#primaryimage"},"image":{"@id":"https:\/\/content.carib-export.com\/es\/news\/dr-carla-barnett-secretary-general-of-caricom\/#primaryimage"},"thumbnailUrl":"https:\/\/content.carib-export.com\/wp-content\/uploads\/2021\/08\/Dr.-Barnett-01.png","datePublished":"2021-08-17T17:12:55+00:00","dateModified":"2022-06-14T01:29:50+00:00","breadcrumb":{"@id":"https:\/\/content.carib-export.com\/es\/news\/dr-carla-barnett-secretary-general-of-caricom\/#breadcrumb"},"inLanguage":"es","potentialAction":[{"@type":"ReadAction","target":["https:\/\/content.carib-export.com\/es\/news\/dr-carla-barnett-secretary-general-of-caricom\/"]}]},{"@type":"ImageObject","inLanguage":"es","@id":"https:\/\/content.carib-export.com\/es\/news\/dr-carla-barnett-secretary-general-of-caricom\/#primaryimage","url":"https:\/\/content.carib-export.com\/wp-content\/uploads\/2021\/08\/Dr.-Barnett-01.png","contentUrl":"https:\/\/content.carib-export.com\/wp-content\/uploads\/2021\/08\/Dr.-Barnett-01.png","width":3334,"height":1867},{"@type":"BreadcrumbList","@id":"https:\/\/content.carib-export.com\/es\/news\/dr-carla-barnett-secretary-general-of-caricom\/#breadcrumb","itemListElement":[{"@type":"ListItem","position":1,"name":"Casa","item":"https:\/\/content.carib-export.com\/es\/home\/"},{"@type":"ListItem","position":2,"name":"News","item":"https:\/\/content.carib-export.com\/es\/news\/"},{"@type":"ListItem","position":3,"name":"Dra. Carla Barnett: Secretaria General de CARICOM"}]},{"@type":"WebSite","@id":"https:\/\/content.carib-export.com\/es\/#website","url":"https:\/\/content.carib-export.com\/es\/","name":"Exportaci\u00f3n del Caribe","description":"La \u00fanica agencia regional de promoci\u00f3n del comercio y las inversiones en el grupo de \u00c1frica, el Caribe y el Pac\u00edfico.","publisher":{"@id":"https:\/\/content.carib-export.com\/es\/#organization"},"potentialAction":[{"@type":"SearchAction","target":{"@type":"EntryPoint","urlTemplate":"https:\/\/content.carib-export.com\/es\/?s={search_term_string}"},"query-input":{"@type":"PropertyValueSpecification","valueRequired":true,"valueName":"search_term_string"}}],"inLanguage":"es"},{"@type":"Organization","@id":"https:\/\/content.carib-export.com\/es\/#organization","name":"Agencia de Desarrollo de Exportaciones del Caribe","url":"https:\/\/content.carib-export.com\/es\/","logo":{"@type":"ImageObject","inLanguage":"es","@id":"https:\/\/content.carib-export.com\/es\/#\/schema\/logo\/image\/","url":"https:\/\/content.carib-export.com\/wp-content\/uploads\/2013\/03\/CE-Logo-2013.jpg","contentUrl":"https:\/\/content.carib-export.com\/wp-content\/uploads\/2013\/03\/CE-Logo-2013.jpg","width":1024,"height":244,"caption":"Agencia de Desarrollo de Exportaciones del Caribe"},"image":{"@id":"https:\/\/content.carib-export.com\/es\/#\/schema\/logo\/image\/"},"sameAs":["https:\/\/www.facebook.com\/CaribbeanExport","https:\/\/x.com\/CaribXport","https:\/\/www.instagram.com\/caribbeanexport","https:\/\/www.linkedin.com\/company\/caribbeanexport","https:\/\/www.youtube.com\/user\/TheCaribbeanExport"]}]}},"_links":{"self":[{"href":"https:\/\/content.carib-export.com\/es\/wp-json\/wp\/v2\/news\/267312","targetHints":{"allow":["GET"]}}],"collection":[{"href":"https:\/\/content.carib-export.com\/es\/wp-json\/wp\/v2\/news"}],"about":[{"href":"https:\/\/content.carib-export.com\/es\/wp-json\/wp\/v2\/types\/news"}],"author":[{"embeddable":true,"href":"https:\/\/content.carib-export.com\/es\/wp-json\/wp\/v2\/users\/9"}],"version-history":[{"count":0,"href":"https:\/\/content.carib-export.com\/es\/wp-json\/wp\/v2\/news\/267312\/revisions"}],"wp:featuredmedia":[{"embeddable":true,"href":"https:\/\/content.carib-export.com\/es\/wp-json\/wp\/v2\/media\/267317"}],"wp:attachment":[{"href":"https:\/\/content.carib-export.com\/es\/wp-json\/wp\/v2\/media?parent=267312"}],"wp:term":[{"taxonomy":"post_tag","embeddable":true,"href":"https:\/\/content.carib-export.com\/es\/wp-json\/wp\/v2\/tags?post=267312"}],"curies":[{"name":"wp","href":"https:\/\/api.w.org\/{rel}","templated":true}]}}