{"id":267321,"date":"2021-08-16T10:27:07","date_gmt":"2021-08-16T14:27:07","guid":{"rendered":"https:\/\/content.carib-export.com\/news\/we-stand-in-solidarity-with-haiti\/"},"modified":"2022-06-13T21:30:37","modified_gmt":"2022-06-14T01:30:37","slug":"we-stand-in-solidarity-with-haiti","status":"publish","type":"news","link":"https:\/\/content.carib-export.com\/es\/news\/we-stand-in-solidarity-with-haiti\/","title":{"rendered":"Nosotras estamos en solidaridad con Hait\u00ed"},"content":{"rendered":"\n<p>We at the Caribbean Export Development Agency share our solidarity and support to the Government and people of Haiti. <\/p>\n\n\n\n<p>This weekend\u00e2\u20ac\u2122s devastating earthquake has severely impacted the country with lives lost and many injured.  In this difficult time, we stand together with the people of Haiti. <\/p>\n\n\n\n<p>As a long-standing partner of Haiti, we are committed to supporting our Caribbean brothers and sisters now and in the future as we seek to help build a resilient Haiti.<\/p>\n\n\n\n<p><\/p>\n","protected":false},"excerpt":{"rendered":"<p>We at the Caribbean Export Development Agency share our solidarity and support to the Government and people of Haiti. This weekend\u00e2\u20ac\u2122s devastating earthquake has severely impacted the country with lives lost and many injured. In this difficult time, we stand together with the people of Haiti. As a long-standing partner of Haiti, we are committed [&hellip;]<\/p>\n","protected":false},"author":9,"featured_media":267325,"menu_order":0,"template":"","tags":[],"class_list":["post-267321","news","type-news","status-publish","has-post-thumbnail","hentry"],"acf":[],"yoast_head":"<!-- This site is optimized with the Yoast SEO plugin v27.1.1 - https:\/\/yoast.com\/product\/yoast-seo-wordpress\/ -->\n<title>Nosotras estamos en solidaridad con Hait\u00ed - nombre del Exportaci\u00f3n del Caribe<\/title>\n<meta name=\"robots\" content=\"index, follow, max-snippet:-1, max-image-preview:large, max-video-preview:-1\" \/>\n<link rel=\"canonical\" href=\"https:\/\/content.carib-export.com\/es\/news\/we-stand-in-solidarity-with-haiti\/\" \/>\n<meta property=\"og:locale\" content=\"es_ES\" \/>\n<meta property=\"og:type\" content=\"article\" \/>\n<meta property=\"og:title\" content=\"Nosotras estamos en solidaridad con Hait\u00ed - nombre del Exportaci\u00f3n del Caribe\" \/>\n<meta property=\"og:description\" content=\"We at the Caribbean Export Development Agency share our solidarity and support to the Government and people of Haiti. This weekend\u00e2\u20ac\u2122s devastating earthquake has severely impacted the country with lives lost and many injured. In this difficult time, we stand together with the people of Haiti. As a long-standing partner of Haiti, we are committed [&hellip;]\" \/>\n<meta property=\"og:url\" content=\"https:\/\/content.carib-export.com\/es\/news\/we-stand-in-solidarity-with-haiti\/\" \/>\n<meta property=\"og:site_name\" content=\"Exportaci\u00f3n del Caribe\" \/>\n<meta property=\"article:publisher\" content=\"https:\/\/www.facebook.com\/CaribbeanExport\" \/>\n<meta property=\"article:modified_time\" content=\"2022-06-14T01:30:37+00:00\" \/>\n<meta property=\"og:image\" content=\"https:\/\/content.carib-export.com\/wp-content\/uploads\/2021\/08\/Haiti-Flag.jpg\" \/>\n\t<meta property=\"og:image:width\" content=\"1728\" \/>\n\t<meta property=\"og:image:height\" content=\"1080\" \/>\n\t<meta property=\"og:image:type\" content=\"image\/jpeg\" \/>\n<meta name=\"twitter:card\" content=\"summary_large_image\" \/>\n<meta name=\"twitter:site\" content=\"@CaribXport\" \/>\n<script type=\"application\/ld+json\" class=\"yoast-schema-graph\">{\"@context\":\"https:\/\/schema.org\",\"@graph\":[{\"@type\":\"WebPage\",\"@id\":\"https:\/\/content.carib-export.com\/es\/news\/we-stand-in-solidarity-with-haiti\/\",\"url\":\"https:\/\/content.carib-export.com\/es\/news\/we-stand-in-solidarity-with-haiti\/\",\"name\":\"Nosotras estamos en solidaridad con Hait\u00ed - nombre del Exportaci\u00f3n del Caribe\",\"isPartOf\":{\"@id\":\"https:\/\/content.carib-export.com\/es\/#website\"},\"primaryImageOfPage\":{\"@id\":\"https:\/\/content.carib-export.com\/es\/news\/we-stand-in-solidarity-with-haiti\/#primaryimage\"},\"image\":{\"@id\":\"https:\/\/content.carib-export.com\/es\/news\/we-stand-in-solidarity-with-haiti\/#primaryimage\"},\"thumbnailUrl\":\"https:\/\/content.carib-export.com\/wp-content\/uploads\/2021\/08\/Haiti-Flag.jpg\",\"datePublished\":\"2021-08-16T14:27:07+00:00\",\"dateModified\":\"2022-06-14T01:30:37+00:00\",\"breadcrumb\":{\"@id\":\"https:\/\/content.carib-export.com\/es\/news\/we-stand-in-solidarity-with-haiti\/#breadcrumb\"},\"inLanguage\":\"es\",\"potentialAction\":[{\"@type\":\"ReadAction\",\"target\":[\"https:\/\/content.carib-export.com\/es\/news\/we-stand-in-solidarity-with-haiti\/\"]}]},{\"@type\":\"ImageObject\",\"inLanguage\":\"es\",\"@id\":\"https:\/\/content.carib-export.com\/es\/news\/we-stand-in-solidarity-with-haiti\/#primaryimage\",\"url\":\"https:\/\/content.carib-export.com\/wp-content\/uploads\/2021\/08\/Haiti-Flag.jpg\",\"contentUrl\":\"https:\/\/content.carib-export.com\/wp-content\/uploads\/2021\/08\/Haiti-Flag.jpg\",\"width\":1728,\"height\":1080},{\"@type\":\"BreadcrumbList\",\"@id\":\"https:\/\/content.carib-export.com\/es\/news\/we-stand-in-solidarity-with-haiti\/#breadcrumb\",\"itemListElement\":[{\"@type\":\"ListItem\",\"position\":1,\"name\":\"Casa\",\"item\":\"https:\/\/content.carib-export.com\/es\/home\/\"},{\"@type\":\"ListItem\",\"position\":2,\"name\":\"News\",\"item\":\"https:\/\/content.carib-export.com\/es\/news\/\"},{\"@type\":\"ListItem\",\"position\":3,\"name\":\"Nosotras estamos en solidaridad con Hait\u00ed\"}]},{\"@type\":\"WebSite\",\"@id\":\"https:\/\/content.carib-export.com\/es\/#website\",\"url\":\"https:\/\/content.carib-export.com\/es\/\",\"name\":\"Exportaci\u00f3n del Caribe\",\"description\":\"La \u00fanica agencia regional de promoci\u00f3n del comercio y las inversiones en el grupo de \u00c1frica, el Caribe y el Pac\u00edfico.\",\"publisher\":{\"@id\":\"https:\/\/content.carib-export.com\/es\/#organization\"},\"potentialAction\":[{\"@type\":\"SearchAction\",\"target\":{\"@type\":\"EntryPoint\",\"urlTemplate\":\"https:\/\/content.carib-export.com\/es\/?s={search_term_string}\"},\"query-input\":{\"@type\":\"PropertyValueSpecification\",\"valueRequired\":true,\"valueName\":\"search_term_string\"}}],\"inLanguage\":\"es\"},{\"@type\":\"Organization\",\"@id\":\"https:\/\/content.carib-export.com\/es\/#organization\",\"name\":\"Agencia de Desarrollo de Exportaciones del Caribe\",\"url\":\"https:\/\/content.carib-export.com\/es\/\",\"logo\":{\"@type\":\"ImageObject\",\"inLanguage\":\"es\",\"@id\":\"https:\/\/content.carib-export.com\/es\/#\/schema\/logo\/image\/\",\"url\":\"https:\/\/content.carib-export.com\/wp-content\/uploads\/2013\/03\/CE-Logo-2013.jpg\",\"contentUrl\":\"https:\/\/content.carib-export.com\/wp-content\/uploads\/2013\/03\/CE-Logo-2013.jpg\",\"width\":1024,\"height\":244,\"caption\":\"Agencia de Desarrollo de Exportaciones del Caribe\"},\"image\":{\"@id\":\"https:\/\/content.carib-export.com\/es\/#\/schema\/logo\/image\/\"},\"sameAs\":[\"https:\/\/www.facebook.com\/CaribbeanExport\",\"https:\/\/x.com\/CaribXport\",\"https:\/\/www.instagram.com\/caribbeanexport\",\"https:\/\/www.linkedin.com\/company\/caribbeanexport\",\"https:\/\/www.youtube.com\/user\/TheCaribbeanExport\"]}]}<\/script>\n<!-- \/ Yoast SEO plugin. -->","yoast_head_json":{"title":"Nosotras estamos en solidaridad con Hait\u00ed - nombre del Exportaci\u00f3n del Caribe","robots":{"index":"index","follow":"follow","max-snippet":"max-snippet:-1","max-image-preview":"max-image-preview:large","max-video-preview":"max-video-preview:-1"},"canonical":"https:\/\/content.carib-export.com\/es\/news\/we-stand-in-solidarity-with-haiti\/","og_locale":"es_ES","og_type":"article","og_title":"Nosotras estamos en solidaridad con Hait\u00ed - nombre del Exportaci\u00f3n del Caribe","og_description":"We at the Caribbean Export Development Agency share our solidarity and support to the Government and people of Haiti. This weekend\u00e2\u20ac\u2122s devastating earthquake has severely impacted the country with lives lost and many injured. In this difficult time, we stand together with the people of Haiti. As a long-standing partner of Haiti, we are committed [&hellip;]","og_url":"https:\/\/content.carib-export.com\/es\/news\/we-stand-in-solidarity-with-haiti\/","og_site_name":"Exportaci\u00f3n del Caribe","article_publisher":"https:\/\/www.facebook.com\/CaribbeanExport","article_modified_time":"2022-06-14T01:30:37+00:00","og_image":[{"width":1728,"height":1080,"url":"https:\/\/content.carib-export.com\/wp-content\/uploads\/2021\/08\/Haiti-Flag.jpg","type":"image\/jpeg"}],"twitter_card":"summary_large_image","twitter_site":"@CaribXport","schema":{"@context":"https:\/\/schema.org","@graph":[{"@type":"WebPage","@id":"https:\/\/content.carib-export.com\/es\/news\/we-stand-in-solidarity-with-haiti\/","url":"https:\/\/content.carib-export.com\/es\/news\/we-stand-in-solidarity-with-haiti\/","name":"Nosotras estamos en solidaridad con Hait\u00ed - nombre del Exportaci\u00f3n del Caribe","isPartOf":{"@id":"https:\/\/content.carib-export.com\/es\/#website"},"primaryImageOfPage":{"@id":"https:\/\/content.carib-export.com\/es\/news\/we-stand-in-solidarity-with-haiti\/#primaryimage"},"image":{"@id":"https:\/\/content.carib-export.com\/es\/news\/we-stand-in-solidarity-with-haiti\/#primaryimage"},"thumbnailUrl":"https:\/\/content.carib-export.com\/wp-content\/uploads\/2021\/08\/Haiti-Flag.jpg","datePublished":"2021-08-16T14:27:07+00:00","dateModified":"2022-06-14T01:30:37+00:00","breadcrumb":{"@id":"https:\/\/content.carib-export.com\/es\/news\/we-stand-in-solidarity-with-haiti\/#breadcrumb"},"inLanguage":"es","potentialAction":[{"@type":"ReadAction","target":["https:\/\/content.carib-export.com\/es\/news\/we-stand-in-solidarity-with-haiti\/"]}]},{"@type":"ImageObject","inLanguage":"es","@id":"https:\/\/content.carib-export.com\/es\/news\/we-stand-in-solidarity-with-haiti\/#primaryimage","url":"https:\/\/content.carib-export.com\/wp-content\/uploads\/2021\/08\/Haiti-Flag.jpg","contentUrl":"https:\/\/content.carib-export.com\/wp-content\/uploads\/2021\/08\/Haiti-Flag.jpg","width":1728,"height":1080},{"@type":"BreadcrumbList","@id":"https:\/\/content.carib-export.com\/es\/news\/we-stand-in-solidarity-with-haiti\/#breadcrumb","itemListElement":[{"@type":"ListItem","position":1,"name":"Casa","item":"https:\/\/content.carib-export.com\/es\/home\/"},{"@type":"ListItem","position":2,"name":"News","item":"https:\/\/content.carib-export.com\/es\/news\/"},{"@type":"ListItem","position":3,"name":"Nosotras estamos en solidaridad con Hait\u00ed"}]},{"@type":"WebSite","@id":"https:\/\/content.carib-export.com\/es\/#website","url":"https:\/\/content.carib-export.com\/es\/","name":"Exportaci\u00f3n del Caribe","description":"La \u00fanica agencia regional de promoci\u00f3n del comercio y las inversiones en el grupo de \u00c1frica, el Caribe y el Pac\u00edfico.","publisher":{"@id":"https:\/\/content.carib-export.com\/es\/#organization"},"potentialAction":[{"@type":"SearchAction","target":{"@type":"EntryPoint","urlTemplate":"https:\/\/content.carib-export.com\/es\/?s={search_term_string}"},"query-input":{"@type":"PropertyValueSpecification","valueRequired":true,"valueName":"search_term_string"}}],"inLanguage":"es"},{"@type":"Organization","@id":"https:\/\/content.carib-export.com\/es\/#organization","name":"Agencia de Desarrollo de Exportaciones del Caribe","url":"https:\/\/content.carib-export.com\/es\/","logo":{"@type":"ImageObject","inLanguage":"es","@id":"https:\/\/content.carib-export.com\/es\/#\/schema\/logo\/image\/","url":"https:\/\/content.carib-export.com\/wp-content\/uploads\/2013\/03\/CE-Logo-2013.jpg","contentUrl":"https:\/\/content.carib-export.com\/wp-content\/uploads\/2013\/03\/CE-Logo-2013.jpg","width":1024,"height":244,"caption":"Agencia de Desarrollo de Exportaciones del Caribe"},"image":{"@id":"https:\/\/content.carib-export.com\/es\/#\/schema\/logo\/image\/"},"sameAs":["https:\/\/www.facebook.com\/CaribbeanExport","https:\/\/x.com\/CaribXport","https:\/\/www.instagram.com\/caribbeanexport","https:\/\/www.linkedin.com\/company\/caribbeanexport","https:\/\/www.youtube.com\/user\/TheCaribbeanExport"]}]}},"_links":{"self":[{"href":"https:\/\/content.carib-export.com\/es\/wp-json\/wp\/v2\/news\/267321","targetHints":{"allow":["GET"]}}],"collection":[{"href":"https:\/\/content.carib-export.com\/es\/wp-json\/wp\/v2\/news"}],"about":[{"href":"https:\/\/content.carib-export.com\/es\/wp-json\/wp\/v2\/types\/news"}],"author":[{"embeddable":true,"href":"https:\/\/content.carib-export.com\/es\/wp-json\/wp\/v2\/users\/9"}],"version-history":[{"count":0,"href":"https:\/\/content.carib-export.com\/es\/wp-json\/wp\/v2\/news\/267321\/revisions"}],"wp:featuredmedia":[{"embeddable":true,"href":"https:\/\/content.carib-export.com\/es\/wp-json\/wp\/v2\/media\/267325"}],"wp:attachment":[{"href":"https:\/\/content.carib-export.com\/es\/wp-json\/wp\/v2\/media?parent=267321"}],"wp:term":[{"taxonomy":"post_tag","embeddable":true,"href":"https:\/\/content.carib-export.com\/es\/wp-json\/wp\/v2\/tags?post=267321"}],"curies":[{"name":"wp","href":"https:\/\/api.w.org\/{rel}","templated":true}]}}