{"id":267469,"date":"2021-04-12T16:18:46","date_gmt":"2021-04-12T20:18:46","guid":{"rendered":"https:\/\/content.carib-export.com\/news\/solidarity-with-st-vincent-and-the-grenadines\/"},"modified":"2022-06-13T21:33:24","modified_gmt":"2022-06-14T01:33:24","slug":"solidarity-with-st-vincent-and-the-grenadines","status":"publish","type":"news","link":"https:\/\/content.carib-export.com\/es\/news\/solidarity-with-st-vincent-and-the-grenadines\/","title":{"rendered":"Solidaridad con San Vicente y las Granadinas"},"content":{"rendered":"\n<p>On behalf of the Caribbean Export Development Agency, I wish to share our solidarity and unreserved support to the&nbsp;Government and&nbsp;people of St. Vincent &amp; the Grenadines whose lives and livelihoods are being so severely impacted by the ongoing&nbsp;&nbsp;eruptions of La Soufriere&nbsp;volcano.&nbsp;&nbsp;<\/p>\n\n\n\n<p>We applaud the solidarity demonstrated by the entire Caribbean and partners with St Vincent and the Grenadines at this difficult time and salute the resilience of its people. St Vincent and the Grenadines has to now cope with another disaster in addition to the shock of the coronavirus pandemic. We at the Caribbean Export Development Agency pledge our commitment to assisting &nbsp;St Vincent and the Grenadines during these challenging and difficult times as well as during the recovery period to follow.<\/p>\n\n\n\n<p><em><strong>Deodate Maharaj <\/strong>&#8211; Executive Director, Caribbean Export<\/em><\/p>\n\n\n\n<p>For more information about La Soufriere&nbsp;volcano eruptions please visit:<\/p>\n\n\n\n<p><a href=\"http:\/\/nemo.gov.vc\/nemo\/\" target=\"_blank\" rel=\"noreferrer noopener\">National Emergency Management Organisation<\/a><\/p>\n\n\n\n<p><a href=\"http:\/\/uwiseismic.com\/\">University of the west Indies Seismic Research Centre<\/a><\/p>\n\n\n\n<p><a href=\"https:\/\/www.ivhhn.org\/\">International Volcanic Health Hazard Network (IVHHN)<\/a><\/p>\n\n\n\n<p><a href=\"https:\/\/www.looptt.com\/content\/how-help-st-vincent-and-grenadines-list-places-donate-5\" target=\"_blank\" rel=\"noreferrer noopener\">How to help St. Vincent and the Grenadines &#8211; List of places to donate<\/a><\/p>\n\n\n\n<figure class=\"wp-block-image size-large\"><a href=\"https:\/\/www.cdema.org\/\" target=\"_blank\" rel=\"noopener noreferrer\"><img loading=\"lazy\" decoding=\"async\" width=\"553\" height=\"555\" src=\"https:\/\/content.carib-export.com\/wp-content\/uploads\/2021\/04\/CDEMA.jpg\" alt=\"\" class=\"wp-image-275960\" srcset=\"https:\/\/content.carib-export.com\/wp-content\/uploads\/2021\/04\/CDEMA.jpg 553w, https:\/\/content.carib-export.com\/wp-content\/uploads\/2021\/04\/CDEMA-150x150.jpg 150w, https:\/\/content.carib-export.com\/wp-content\/uploads\/2021\/04\/CDEMA-100x100.jpg 100w, https:\/\/content.carib-export.com\/wp-content\/uploads\/2021\/04\/CDEMA-70x70.jpg 70w\" sizes=\"auto, (max-width: 553px) 100vw, 553px\" \/><\/a><\/figure>\n","protected":false},"excerpt":{"rendered":"<p>On behalf of the Caribbean Export Development Agency, I wish to share our solidarity and unreserved support to the&nbsp;Government and&nbsp;people of St. Vincent &amp; the Grenadines whose lives and livelihoods are being so severely impacted by the ongoing&nbsp;&nbsp;eruptions of La Soufriere&nbsp;volcano.&nbsp;&nbsp; We applaud the solidarity demonstrated by the entire Caribbean and partners with St Vincent [&hellip;]<\/p>\n","protected":false},"author":9,"featured_media":267471,"menu_order":0,"template":"","tags":[],"class_list":["post-267469","news","type-news","status-publish","has-post-thumbnail","hentry"],"acf":[],"yoast_head":"<!-- This site is optimized with the Yoast SEO plugin v27.1.1 - https:\/\/yoast.com\/product\/yoast-seo-wordpress\/ -->\n<title>Solidaridad con San Vicente y las Granadinas - nombre del Exportaci\u00f3n del Caribe<\/title>\n<meta name=\"robots\" content=\"index, follow, max-snippet:-1, max-image-preview:large, max-video-preview:-1\" \/>\n<link rel=\"canonical\" href=\"https:\/\/content.carib-export.com\/es\/news\/solidarity-with-st-vincent-and-the-grenadines\/\" \/>\n<meta property=\"og:locale\" content=\"es_ES\" \/>\n<meta property=\"og:type\" content=\"article\" \/>\n<meta property=\"og:title\" content=\"Solidaridad con San Vicente y las Granadinas - nombre del Exportaci\u00f3n del Caribe\" \/>\n<meta property=\"og:description\" content=\"On behalf of the Caribbean Export Development Agency, I wish to share our solidarity and unreserved support to the&nbsp;Government and&nbsp;people of St. Vincent &amp; the Grenadines whose lives and livelihoods are being so severely impacted by the ongoing&nbsp;&nbsp;eruptions of La Soufriere&nbsp;volcano.&nbsp;&nbsp; We applaud the solidarity demonstrated by the entire Caribbean and partners with St Vincent [&hellip;]\" \/>\n<meta property=\"og:url\" content=\"https:\/\/content.carib-export.com\/es\/news\/solidarity-with-st-vincent-and-the-grenadines\/\" \/>\n<meta property=\"og:site_name\" content=\"Exportaci\u00f3n del Caribe\" \/>\n<meta property=\"article:publisher\" content=\"https:\/\/www.facebook.com\/CaribbeanExport\" \/>\n<meta property=\"article:modified_time\" content=\"2022-06-14T01:33:24+00:00\" \/>\n<meta property=\"og:image\" content=\"https:\/\/content.carib-export.com\/wp-content\/uploads\/2021\/04\/SVG.png\" \/>\n\t<meta property=\"og:image:width\" content=\"1000\" \/>\n\t<meta property=\"og:image:height\" content=\"376\" \/>\n\t<meta property=\"og:image:type\" content=\"image\/png\" \/>\n<meta name=\"twitter:card\" content=\"summary_large_image\" \/>\n<meta name=\"twitter:site\" content=\"@CaribXport\" \/>\n<meta name=\"twitter:label1\" content=\"Tiempo de lectura\" \/>\n\t<meta name=\"twitter:data1\" content=\"1 minuto\" \/>\n<script type=\"application\/ld+json\" class=\"yoast-schema-graph\">{\"@context\":\"https:\/\/schema.org\",\"@graph\":[{\"@type\":\"WebPage\",\"@id\":\"https:\/\/content.carib-export.com\/es\/news\/solidarity-with-st-vincent-and-the-grenadines\/\",\"url\":\"https:\/\/content.carib-export.com\/es\/news\/solidarity-with-st-vincent-and-the-grenadines\/\",\"name\":\"Solidaridad con San Vicente y las Granadinas - nombre del Exportaci\u00f3n del Caribe\",\"isPartOf\":{\"@id\":\"https:\/\/content.carib-export.com\/es\/#website\"},\"primaryImageOfPage\":{\"@id\":\"https:\/\/content.carib-export.com\/es\/news\/solidarity-with-st-vincent-and-the-grenadines\/#primaryimage\"},\"image\":{\"@id\":\"https:\/\/content.carib-export.com\/es\/news\/solidarity-with-st-vincent-and-the-grenadines\/#primaryimage\"},\"thumbnailUrl\":\"https:\/\/content.carib-export.com\/wp-content\/uploads\/2021\/04\/SVG.png\",\"datePublished\":\"2021-04-12T20:18:46+00:00\",\"dateModified\":\"2022-06-14T01:33:24+00:00\",\"breadcrumb\":{\"@id\":\"https:\/\/content.carib-export.com\/es\/news\/solidarity-with-st-vincent-and-the-grenadines\/#breadcrumb\"},\"inLanguage\":\"es\",\"potentialAction\":[{\"@type\":\"ReadAction\",\"target\":[\"https:\/\/content.carib-export.com\/es\/news\/solidarity-with-st-vincent-and-the-grenadines\/\"]}]},{\"@type\":\"ImageObject\",\"inLanguage\":\"es\",\"@id\":\"https:\/\/content.carib-export.com\/es\/news\/solidarity-with-st-vincent-and-the-grenadines\/#primaryimage\",\"url\":\"https:\/\/content.carib-export.com\/wp-content\/uploads\/2021\/04\/SVG.png\",\"contentUrl\":\"https:\/\/content.carib-export.com\/wp-content\/uploads\/2021\/04\/SVG.png\",\"width\":1000,\"height\":376},{\"@type\":\"BreadcrumbList\",\"@id\":\"https:\/\/content.carib-export.com\/es\/news\/solidarity-with-st-vincent-and-the-grenadines\/#breadcrumb\",\"itemListElement\":[{\"@type\":\"ListItem\",\"position\":1,\"name\":\"Casa\",\"item\":\"https:\/\/content.carib-export.com\/es\/home\/\"},{\"@type\":\"ListItem\",\"position\":2,\"name\":\"News\",\"item\":\"https:\/\/content.carib-export.com\/es\/news\/\"},{\"@type\":\"ListItem\",\"position\":3,\"name\":\"Solidaridad con San Vicente y las Granadinas\"}]},{\"@type\":\"WebSite\",\"@id\":\"https:\/\/content.carib-export.com\/es\/#website\",\"url\":\"https:\/\/content.carib-export.com\/es\/\",\"name\":\"Exportaci\u00f3n del Caribe\",\"description\":\"La \u00fanica agencia regional de promoci\u00f3n del comercio y las inversiones en el grupo de \u00c1frica, el Caribe y el Pac\u00edfico.\",\"publisher\":{\"@id\":\"https:\/\/content.carib-export.com\/es\/#organization\"},\"potentialAction\":[{\"@type\":\"SearchAction\",\"target\":{\"@type\":\"EntryPoint\",\"urlTemplate\":\"https:\/\/content.carib-export.com\/es\/?s={search_term_string}\"},\"query-input\":{\"@type\":\"PropertyValueSpecification\",\"valueRequired\":true,\"valueName\":\"search_term_string\"}}],\"inLanguage\":\"es\"},{\"@type\":\"Organization\",\"@id\":\"https:\/\/content.carib-export.com\/es\/#organization\",\"name\":\"Agencia de Desarrollo de Exportaciones del Caribe\",\"url\":\"https:\/\/content.carib-export.com\/es\/\",\"logo\":{\"@type\":\"ImageObject\",\"inLanguage\":\"es\",\"@id\":\"https:\/\/content.carib-export.com\/es\/#\/schema\/logo\/image\/\",\"url\":\"https:\/\/content.carib-export.com\/wp-content\/uploads\/2013\/03\/CE-Logo-2013.jpg\",\"contentUrl\":\"https:\/\/content.carib-export.com\/wp-content\/uploads\/2013\/03\/CE-Logo-2013.jpg\",\"width\":1024,\"height\":244,\"caption\":\"Agencia de Desarrollo de Exportaciones del Caribe\"},\"image\":{\"@id\":\"https:\/\/content.carib-export.com\/es\/#\/schema\/logo\/image\/\"},\"sameAs\":[\"https:\/\/www.facebook.com\/CaribbeanExport\",\"https:\/\/x.com\/CaribXport\",\"https:\/\/www.instagram.com\/caribbeanexport\",\"https:\/\/www.linkedin.com\/company\/caribbeanexport\",\"https:\/\/www.youtube.com\/user\/TheCaribbeanExport\"]}]}<\/script>\n<!-- \/ Yoast SEO plugin. -->","yoast_head_json":{"title":"Solidaridad con San Vicente y las Granadinas - nombre del Exportaci\u00f3n del Caribe","robots":{"index":"index","follow":"follow","max-snippet":"max-snippet:-1","max-image-preview":"max-image-preview:large","max-video-preview":"max-video-preview:-1"},"canonical":"https:\/\/content.carib-export.com\/es\/news\/solidarity-with-st-vincent-and-the-grenadines\/","og_locale":"es_ES","og_type":"article","og_title":"Solidaridad con San Vicente y las Granadinas - nombre del Exportaci\u00f3n del Caribe","og_description":"On behalf of the Caribbean Export Development Agency, I wish to share our solidarity and unreserved support to the&nbsp;Government and&nbsp;people of St. Vincent &amp; the Grenadines whose lives and livelihoods are being so severely impacted by the ongoing&nbsp;&nbsp;eruptions of La Soufriere&nbsp;volcano.&nbsp;&nbsp; We applaud the solidarity demonstrated by the entire Caribbean and partners with St Vincent [&hellip;]","og_url":"https:\/\/content.carib-export.com\/es\/news\/solidarity-with-st-vincent-and-the-grenadines\/","og_site_name":"Exportaci\u00f3n del Caribe","article_publisher":"https:\/\/www.facebook.com\/CaribbeanExport","article_modified_time":"2022-06-14T01:33:24+00:00","og_image":[{"width":1000,"height":376,"url":"https:\/\/content.carib-export.com\/wp-content\/uploads\/2021\/04\/SVG.png","type":"image\/png"}],"twitter_card":"summary_large_image","twitter_site":"@CaribXport","twitter_misc":{"Tiempo de lectura":"1 minuto"},"schema":{"@context":"https:\/\/schema.org","@graph":[{"@type":"WebPage","@id":"https:\/\/content.carib-export.com\/es\/news\/solidarity-with-st-vincent-and-the-grenadines\/","url":"https:\/\/content.carib-export.com\/es\/news\/solidarity-with-st-vincent-and-the-grenadines\/","name":"Solidaridad con San Vicente y las Granadinas - nombre del Exportaci\u00f3n del Caribe","isPartOf":{"@id":"https:\/\/content.carib-export.com\/es\/#website"},"primaryImageOfPage":{"@id":"https:\/\/content.carib-export.com\/es\/news\/solidarity-with-st-vincent-and-the-grenadines\/#primaryimage"},"image":{"@id":"https:\/\/content.carib-export.com\/es\/news\/solidarity-with-st-vincent-and-the-grenadines\/#primaryimage"},"thumbnailUrl":"https:\/\/content.carib-export.com\/wp-content\/uploads\/2021\/04\/SVG.png","datePublished":"2021-04-12T20:18:46+00:00","dateModified":"2022-06-14T01:33:24+00:00","breadcrumb":{"@id":"https:\/\/content.carib-export.com\/es\/news\/solidarity-with-st-vincent-and-the-grenadines\/#breadcrumb"},"inLanguage":"es","potentialAction":[{"@type":"ReadAction","target":["https:\/\/content.carib-export.com\/es\/news\/solidarity-with-st-vincent-and-the-grenadines\/"]}]},{"@type":"ImageObject","inLanguage":"es","@id":"https:\/\/content.carib-export.com\/es\/news\/solidarity-with-st-vincent-and-the-grenadines\/#primaryimage","url":"https:\/\/content.carib-export.com\/wp-content\/uploads\/2021\/04\/SVG.png","contentUrl":"https:\/\/content.carib-export.com\/wp-content\/uploads\/2021\/04\/SVG.png","width":1000,"height":376},{"@type":"BreadcrumbList","@id":"https:\/\/content.carib-export.com\/es\/news\/solidarity-with-st-vincent-and-the-grenadines\/#breadcrumb","itemListElement":[{"@type":"ListItem","position":1,"name":"Casa","item":"https:\/\/content.carib-export.com\/es\/home\/"},{"@type":"ListItem","position":2,"name":"News","item":"https:\/\/content.carib-export.com\/es\/news\/"},{"@type":"ListItem","position":3,"name":"Solidaridad con San Vicente y las Granadinas"}]},{"@type":"WebSite","@id":"https:\/\/content.carib-export.com\/es\/#website","url":"https:\/\/content.carib-export.com\/es\/","name":"Exportaci\u00f3n del Caribe","description":"La \u00fanica agencia regional de promoci\u00f3n del comercio y las inversiones en el grupo de \u00c1frica, el Caribe y el Pac\u00edfico.","publisher":{"@id":"https:\/\/content.carib-export.com\/es\/#organization"},"potentialAction":[{"@type":"SearchAction","target":{"@type":"EntryPoint","urlTemplate":"https:\/\/content.carib-export.com\/es\/?s={search_term_string}"},"query-input":{"@type":"PropertyValueSpecification","valueRequired":true,"valueName":"search_term_string"}}],"inLanguage":"es"},{"@type":"Organization","@id":"https:\/\/content.carib-export.com\/es\/#organization","name":"Agencia de Desarrollo de Exportaciones del Caribe","url":"https:\/\/content.carib-export.com\/es\/","logo":{"@type":"ImageObject","inLanguage":"es","@id":"https:\/\/content.carib-export.com\/es\/#\/schema\/logo\/image\/","url":"https:\/\/content.carib-export.com\/wp-content\/uploads\/2013\/03\/CE-Logo-2013.jpg","contentUrl":"https:\/\/content.carib-export.com\/wp-content\/uploads\/2013\/03\/CE-Logo-2013.jpg","width":1024,"height":244,"caption":"Agencia de Desarrollo de Exportaciones del Caribe"},"image":{"@id":"https:\/\/content.carib-export.com\/es\/#\/schema\/logo\/image\/"},"sameAs":["https:\/\/www.facebook.com\/CaribbeanExport","https:\/\/x.com\/CaribXport","https:\/\/www.instagram.com\/caribbeanexport","https:\/\/www.linkedin.com\/company\/caribbeanexport","https:\/\/www.youtube.com\/user\/TheCaribbeanExport"]}]}},"_links":{"self":[{"href":"https:\/\/content.carib-export.com\/es\/wp-json\/wp\/v2\/news\/267469","targetHints":{"allow":["GET"]}}],"collection":[{"href":"https:\/\/content.carib-export.com\/es\/wp-json\/wp\/v2\/news"}],"about":[{"href":"https:\/\/content.carib-export.com\/es\/wp-json\/wp\/v2\/types\/news"}],"author":[{"embeddable":true,"href":"https:\/\/content.carib-export.com\/es\/wp-json\/wp\/v2\/users\/9"}],"version-history":[{"count":0,"href":"https:\/\/content.carib-export.com\/es\/wp-json\/wp\/v2\/news\/267469\/revisions"}],"wp:featuredmedia":[{"embeddable":true,"href":"https:\/\/content.carib-export.com\/es\/wp-json\/wp\/v2\/media\/267471"}],"wp:attachment":[{"href":"https:\/\/content.carib-export.com\/es\/wp-json\/wp\/v2\/media?parent=267469"}],"wp:term":[{"taxonomy":"post_tag","embeddable":true,"href":"https:\/\/content.carib-export.com\/es\/wp-json\/wp\/v2\/tags?post=267469"}],"curies":[{"name":"wp","href":"https:\/\/api.w.org\/{rel}","templated":true}]}}