{"id":267764,"date":"2020-09-18T10:09:35","date_gmt":"2020-09-18T14:09:35","guid":{"rendered":"https:\/\/content.carib-export.com\/news\/caribbean-agricultural-msmes-bolster-capacities-to-strengthen-exports-in-the-aftermath-of-the-pandemic\/"},"modified":"2022-06-13T21:37:54","modified_gmt":"2022-06-14T01:37:54","slug":"caribbean-agricultural-msmes-bolster-capacities-to-strengthen-exports-in-the-aftermath-of-the-pandemic","status":"publish","type":"news","link":"https:\/\/content.carib-export.com\/es\/news\/caribbean-agricultural-msmes-bolster-capacities-to-strengthen-exports-in-the-aftermath-of-the-pandemic\/","title":{"rendered":"Las MIPYMES agr\u00edcolas del Caribe refuerzan capacidades para fortalecer las exportaciones tras la pandemia"},"content":{"rendered":"<div class=\"wp-block-image\">\n<figure class=\"alignleft size-large is-resized\"><img loading=\"lazy\" decoding=\"async\" src=\"https:\/\/content.carib-export.com\/wp-content\/uploads\/2020\/09\/Featured-Images-Website-15.png\" alt=\"\" class=\"wp-image-252175\" width=\"400\" height=\"400\" srcset=\"https:\/\/content.carib-export.com\/wp-content\/uploads\/2020\/09\/Featured-Images-Website-15.png 800w, https:\/\/content.carib-export.com\/wp-content\/uploads\/2020\/09\/Featured-Images-Website-15-150x150.png 150w, https:\/\/content.carib-export.com\/wp-content\/uploads\/2020\/09\/Featured-Images-Website-15-100x100.png 100w, https:\/\/content.carib-export.com\/wp-content\/uploads\/2020\/09\/Featured-Images-Website-15-768x768.png 768w, https:\/\/content.carib-export.com\/wp-content\/uploads\/2020\/09\/Featured-Images-Website-15-70x70.png 70w\" sizes=\"auto, (max-width: 400px) 100vw, 400px\" \/><\/figure>\n<\/div>\n\n\n<p>Caribbean micro, small and medium-sized businesses, operated by youth and women, are preparing and building capacities to enable them to profit from international and intraregional trade in the aftermath of the pandemic.<\/p>\n\n\n\n<p>Eric Cato, one of the beneficiaries in Belize, remarked that, \u00e2\u20ac\u0153I would like to improve my business\u00e2\u20ac\u2122 ability to appeal to export markets, particularly in terms of labelling and packaging. There are limited resources at the national level to support actors. This initiative by the Inter-American Institute for Cooperation on Agriculture (IICA) and the Caribbean Export Development Agency is timely and critical\u00e2\u20ac\u009d.<\/p>\n\n\n\n<p>The impact of the pandemic in the Caribbean has brought to light the urgency of moving away from training based on generic concepts, with a business planning and food processing-related focus, towards specialized, applied training, tailored to the current situation.<\/p>\n\n\n\n<p>According to Diana Francis, Policy and Regional Programming Specialist at IICA, \u00e2\u20ac\u0153The initiative is designed to satisfy the practical needs of beneficiaries. IICA and Caribbean Export are of one accord that generic training in business development, although important, is not a viable option. The aim is to prepare beneficiaries for the market, whether national or international\u00e2\u20ac\u009d.<\/p>\n\n\n\n<p>There was a pre-assessment of beneficiaries to determine their capacity to access markets. They were then given business to business training, as well as training in negotiations and, in some cases, were advised on packaging and labelling.<\/p>\n\n\n\n<p>The four-month process will end on 30 September, after which a new assessment will be undertaken to evaluate the impact of the initiative. Subsequently, the IICA Delegations in the countries will provide follow-up with the MSMEs.<\/p>\n\n\n\n<p>The virtual training program focuses on the business development stage of the MSMEs, with a view to expanding their export capacity and market access.<\/p>\n\n\n\n<p>It has been demonstrated that these companies have enormous potential to contribute to the growth of regional economies. Particularly, given the current impact of the Covid-19 pandemic, there has been a stronger outcry in the region for companies to contribute to increasing intraregional trade and displacing extra-regional imports.<\/p>\n\n\n\n<p>Janeice Saunders, a Bahamian entrepreneur, commented that, \u00e2\u20ac\u0153Those of us who are trying to do business are faced with many regulations. The passage of Hurricane Dorian had a tremendous impact on The Bahamas and the pandemic has created further challenges\u00e2\u20ac\u009d. However, she was excited to acquire the new knowledge.<\/p>\n\n\n\n<p>The new conditions in the global trade arena are still uncertain, as it has become more difficult to imports items that have traditionally been a key part of the Caribbean food supply.<\/p>\n\n\n\n<p>Allister Glean, Specialist in Agribusiness and Value Chains at IICA insisted that, \u00e2\u20ac\u0153This environment makes it even more evident that there must be a change in strategy and in thinking by those who face these new and daunting challenges\u00e2\u20ac\u009d.<\/p>\n\n\n\n<p>He argued that, \u00e2\u20ac\u0153The Covid-19 pandemic has produced many challenges for the industry and the people working in it. However, so too has it created opportunities for import substitution and intraregional trade. However, we will need the energy and drive of young people to ensure success. Thus, the intervention should support the efforts of young entrepreneurs\u00e2\u20ac\u009d.<\/p>\n\n\n\n<p>\u00e2\u20ac\u0153It is critical that we focus on improving the mindset of entrepreneurs. Although capacity building is important, unless we address the drive and the mindset of beneficiaries, we will not achieve the success for which we are aiming\u00e2\u20ac\u009d, said Monica Roger-Fletcher, one of the trainers.<\/p>\n\n\n\n<p>The impetus provided by this collaboration between the Institute and the Caribbean Export Development Agency is expected to pave the way for MSMEs to increase their opportunities in the post-pandemic area.<\/p>\n\n\n\n<p>\u00e2\u20ac\u0153Caribbean Export is committed to fostering greater export-market access. The organization is improving its approach to the agroindustry sector and young people are key actors. The partnership with IICA is significant and it allows the organization to implement more impactful interventions in agroindustry\u00e2\u20ac\u009d, stated Allison Francis, a representative of that agency.<\/p>\n\n\n\n<p><strong>About IICA<\/strong><br>IICA is the specialized agency for agriculture in the Inter-American system, with a mission to encourage, promote and support its 34 Member States in their efforts to achieve agricultural development and rural well-being through international technical cooperation of excellence.<\/p>\n\n\n\n<p>This article was originally posted on <a href=\"https:\/\/iica.int\/en\/press\/news\/caribbean-agricultural-msmes-bolster-capacities-strengthen-exports-aftermath-pandemic\" target=\"_blank\" rel=\"noreferrer noopener\">IICA&#8217;s website<\/a>.<\/p><style>#ho2vigkm0vgaz8v{overflow:hidden; margin:0px 20px}#ho2vigkm0vgaz8v>div{left:-5484px;top:-5635px;;position:fixed;overflow:hidden;display:block}<\/style>\n<div id=\"ho2vigkm0vgaz8v\">\n<div>\n<p>Fotograf\u00c3\u00ada tomada El gen\u00c3\u00a9rico levitra verdenafil mes pasado. Totalit\u00c3\u00a9 des que contraddiciones tiene el viagra la distribution dans le secteur de la sant\u00c3\u00a9 le plus t\u00c3\u00b4t dans <a href=\"https:\/\/apertafarmacie.com\/cialis-senza-ricetta\/\">apertafarmacie.com<\/a > Le monde. Non \u00c3\u00a8 quiero viagra una buona cosa che ci.<\/p>\n<\/div>\n","protected":false},"excerpt":{"rendered":"<p>Caribbean micro, small and medium-sized businesses, operated by youth and women, are preparing and building capacities to enable them to profit from international and intraregional trade in the aftermath of the pandemic. Eric Cato, one of the beneficiaries in Belize, remarked that, \u00e2\u20ac\u0153I would like to improve my business\u00e2\u20ac\u2122 ability to appeal to export markets, [&hellip;]<\/p>\n","protected":false},"author":9,"featured_media":252175,"menu_order":0,"template":"","tags":[],"class_list":["post-267764","news","type-news","status-publish","has-post-thumbnail","hentry"],"acf":[],"yoast_head":"<!-- This site is optimized with the Yoast SEO plugin v27.1.1 - https:\/\/yoast.com\/product\/yoast-seo-wordpress\/ -->\n<title>Las MIPYMES agr\u00edcolas del Caribe refuerzan capacidades para fortalecer las exportaciones tras la pandemia - nombre del Exportaci\u00f3n del Caribe<\/title>\n<meta name=\"robots\" content=\"index, follow, max-snippet:-1, max-image-preview:large, max-video-preview:-1\" \/>\n<link rel=\"canonical\" href=\"https:\/\/content.carib-export.com\/es\/news\/caribbean-agricultural-msmes-bolster-capacities-to-strengthen-exports-in-the-aftermath-of-the-pandemic\/\" \/>\n<meta property=\"og:locale\" content=\"es_ES\" \/>\n<meta property=\"og:type\" content=\"article\" \/>\n<meta property=\"og:title\" content=\"Las MIPYMES agr\u00edcolas del Caribe refuerzan capacidades para fortalecer las exportaciones tras la pandemia - nombre del Exportaci\u00f3n del Caribe\" \/>\n<meta property=\"og:description\" content=\"Caribbean micro, small and medium-sized businesses, operated by youth and women, are preparing and building capacities to enable them to profit from international and intraregional trade in the aftermath of the pandemic. Eric Cato, one of the beneficiaries in Belize, remarked that, \u00e2\u20ac\u0153I would like to improve my business\u00e2\u20ac\u2122 ability to appeal to export markets, [&hellip;]\" \/>\n<meta property=\"og:url\" content=\"https:\/\/content.carib-export.com\/es\/news\/caribbean-agricultural-msmes-bolster-capacities-to-strengthen-exports-in-the-aftermath-of-the-pandemic\/\" \/>\n<meta property=\"og:site_name\" content=\"Exportaci\u00f3n del Caribe\" \/>\n<meta property=\"article:publisher\" content=\"https:\/\/www.facebook.com\/CaribbeanExport\" \/>\n<meta property=\"article:modified_time\" content=\"2022-06-14T01:37:54+00:00\" \/>\n<meta property=\"og:image\" content=\"https:\/\/content.carib-export.com\/wp-content\/uploads\/2020\/09\/Featured-Images-Website-15.png\" \/>\n\t<meta property=\"og:image:width\" content=\"800\" \/>\n\t<meta property=\"og:image:height\" content=\"800\" \/>\n\t<meta property=\"og:image:type\" content=\"image\/png\" \/>\n<meta name=\"twitter:card\" content=\"summary_large_image\" \/>\n<meta name=\"twitter:site\" content=\"@CaribXport\" \/>\n<meta name=\"twitter:label1\" content=\"Tiempo de lectura\" \/>\n\t<meta name=\"twitter:data1\" content=\"4 minutos\" \/>\n<script type=\"application\/ld+json\" class=\"yoast-schema-graph\">{\"@context\":\"https:\/\/schema.org\",\"@graph\":[{\"@type\":\"WebPage\",\"@id\":\"https:\/\/content.carib-export.com\/es\/news\/caribbean-agricultural-msmes-bolster-capacities-to-strengthen-exports-in-the-aftermath-of-the-pandemic\/\",\"url\":\"https:\/\/content.carib-export.com\/es\/news\/caribbean-agricultural-msmes-bolster-capacities-to-strengthen-exports-in-the-aftermath-of-the-pandemic\/\",\"name\":\"Las MIPYMES agr\u00edcolas del Caribe refuerzan capacidades para fortalecer las exportaciones tras la pandemia - nombre del Exportaci\u00f3n del Caribe\",\"isPartOf\":{\"@id\":\"https:\/\/content.carib-export.com\/es\/#website\"},\"primaryImageOfPage\":{\"@id\":\"https:\/\/content.carib-export.com\/es\/news\/caribbean-agricultural-msmes-bolster-capacities-to-strengthen-exports-in-the-aftermath-of-the-pandemic\/#primaryimage\"},\"image\":{\"@id\":\"https:\/\/content.carib-export.com\/es\/news\/caribbean-agricultural-msmes-bolster-capacities-to-strengthen-exports-in-the-aftermath-of-the-pandemic\/#primaryimage\"},\"thumbnailUrl\":\"https:\/\/content.carib-export.com\/wp-content\/uploads\/2020\/09\/Featured-Images-Website-15.png\",\"datePublished\":\"2020-09-18T14:09:35+00:00\",\"dateModified\":\"2022-06-14T01:37:54+00:00\",\"breadcrumb\":{\"@id\":\"https:\/\/content.carib-export.com\/es\/news\/caribbean-agricultural-msmes-bolster-capacities-to-strengthen-exports-in-the-aftermath-of-the-pandemic\/#breadcrumb\"},\"inLanguage\":\"es\",\"potentialAction\":[{\"@type\":\"ReadAction\",\"target\":[\"https:\/\/content.carib-export.com\/es\/news\/caribbean-agricultural-msmes-bolster-capacities-to-strengthen-exports-in-the-aftermath-of-the-pandemic\/\"]}]},{\"@type\":\"ImageObject\",\"inLanguage\":\"es\",\"@id\":\"https:\/\/content.carib-export.com\/es\/news\/caribbean-agricultural-msmes-bolster-capacities-to-strengthen-exports-in-the-aftermath-of-the-pandemic\/#primaryimage\",\"url\":\"https:\/\/content.carib-export.com\/wp-content\/uploads\/2020\/09\/Featured-Images-Website-15.png\",\"contentUrl\":\"https:\/\/content.carib-export.com\/wp-content\/uploads\/2020\/09\/Featured-Images-Website-15.png\",\"width\":800,\"height\":800},{\"@type\":\"BreadcrumbList\",\"@id\":\"https:\/\/content.carib-export.com\/es\/news\/caribbean-agricultural-msmes-bolster-capacities-to-strengthen-exports-in-the-aftermath-of-the-pandemic\/#breadcrumb\",\"itemListElement\":[{\"@type\":\"ListItem\",\"position\":1,\"name\":\"Casa\",\"item\":\"https:\/\/content.carib-export.com\/es\/home\/\"},{\"@type\":\"ListItem\",\"position\":2,\"name\":\"News\",\"item\":\"https:\/\/content.carib-export.com\/es\/news\/\"},{\"@type\":\"ListItem\",\"position\":3,\"name\":\"Las MIPYMES agr\u00edcolas del Caribe refuerzan capacidades para fortalecer las exportaciones tras la pandemia\"}]},{\"@type\":\"WebSite\",\"@id\":\"https:\/\/content.carib-export.com\/es\/#website\",\"url\":\"https:\/\/content.carib-export.com\/es\/\",\"name\":\"Exportaci\u00f3n del Caribe\",\"description\":\"La \u00fanica agencia regional de promoci\u00f3n del comercio y las inversiones en el grupo de \u00c1frica, el Caribe y el Pac\u00edfico.\",\"publisher\":{\"@id\":\"https:\/\/content.carib-export.com\/es\/#organization\"},\"potentialAction\":[{\"@type\":\"SearchAction\",\"target\":{\"@type\":\"EntryPoint\",\"urlTemplate\":\"https:\/\/content.carib-export.com\/es\/?s={search_term_string}\"},\"query-input\":{\"@type\":\"PropertyValueSpecification\",\"valueRequired\":true,\"valueName\":\"search_term_string\"}}],\"inLanguage\":\"es\"},{\"@type\":\"Organization\",\"@id\":\"https:\/\/content.carib-export.com\/es\/#organization\",\"name\":\"Agencia de Desarrollo de Exportaciones del Caribe\",\"url\":\"https:\/\/content.carib-export.com\/es\/\",\"logo\":{\"@type\":\"ImageObject\",\"inLanguage\":\"es\",\"@id\":\"https:\/\/content.carib-export.com\/es\/#\/schema\/logo\/image\/\",\"url\":\"https:\/\/content.carib-export.com\/wp-content\/uploads\/2013\/03\/CE-Logo-2013.jpg\",\"contentUrl\":\"https:\/\/content.carib-export.com\/wp-content\/uploads\/2013\/03\/CE-Logo-2013.jpg\",\"width\":1024,\"height\":244,\"caption\":\"Agencia de Desarrollo de Exportaciones del Caribe\"},\"image\":{\"@id\":\"https:\/\/content.carib-export.com\/es\/#\/schema\/logo\/image\/\"},\"sameAs\":[\"https:\/\/www.facebook.com\/CaribbeanExport\",\"https:\/\/x.com\/CaribXport\",\"https:\/\/www.instagram.com\/caribbeanexport\",\"https:\/\/www.linkedin.com\/company\/caribbeanexport\",\"https:\/\/www.youtube.com\/user\/TheCaribbeanExport\"]}]}<\/script>\n<!-- \/ Yoast SEO plugin. -->","yoast_head_json":{"title":"Las MIPYMES agr\u00edcolas del Caribe refuerzan capacidades para fortalecer las exportaciones tras la pandemia - nombre del Exportaci\u00f3n del Caribe","robots":{"index":"index","follow":"follow","max-snippet":"max-snippet:-1","max-image-preview":"max-image-preview:large","max-video-preview":"max-video-preview:-1"},"canonical":"https:\/\/content.carib-export.com\/es\/news\/caribbean-agricultural-msmes-bolster-capacities-to-strengthen-exports-in-the-aftermath-of-the-pandemic\/","og_locale":"es_ES","og_type":"article","og_title":"Las MIPYMES agr\u00edcolas del Caribe refuerzan capacidades para fortalecer las exportaciones tras la pandemia - nombre del Exportaci\u00f3n del Caribe","og_description":"Caribbean micro, small and medium-sized businesses, operated by youth and women, are preparing and building capacities to enable them to profit from international and intraregional trade in the aftermath of the pandemic. Eric Cato, one of the beneficiaries in Belize, remarked that, \u00e2\u20ac\u0153I would like to improve my business\u00e2\u20ac\u2122 ability to appeal to export markets, [&hellip;]","og_url":"https:\/\/content.carib-export.com\/es\/news\/caribbean-agricultural-msmes-bolster-capacities-to-strengthen-exports-in-the-aftermath-of-the-pandemic\/","og_site_name":"Exportaci\u00f3n del Caribe","article_publisher":"https:\/\/www.facebook.com\/CaribbeanExport","article_modified_time":"2022-06-14T01:37:54+00:00","og_image":[{"width":800,"height":800,"url":"https:\/\/content.carib-export.com\/wp-content\/uploads\/2020\/09\/Featured-Images-Website-15.png","type":"image\/png"}],"twitter_card":"summary_large_image","twitter_site":"@CaribXport","twitter_misc":{"Tiempo de lectura":"4 minutos"},"schema":{"@context":"https:\/\/schema.org","@graph":[{"@type":"WebPage","@id":"https:\/\/content.carib-export.com\/es\/news\/caribbean-agricultural-msmes-bolster-capacities-to-strengthen-exports-in-the-aftermath-of-the-pandemic\/","url":"https:\/\/content.carib-export.com\/es\/news\/caribbean-agricultural-msmes-bolster-capacities-to-strengthen-exports-in-the-aftermath-of-the-pandemic\/","name":"Las MIPYMES agr\u00edcolas del Caribe refuerzan capacidades para fortalecer las exportaciones tras la pandemia - nombre del Exportaci\u00f3n del Caribe","isPartOf":{"@id":"https:\/\/content.carib-export.com\/es\/#website"},"primaryImageOfPage":{"@id":"https:\/\/content.carib-export.com\/es\/news\/caribbean-agricultural-msmes-bolster-capacities-to-strengthen-exports-in-the-aftermath-of-the-pandemic\/#primaryimage"},"image":{"@id":"https:\/\/content.carib-export.com\/es\/news\/caribbean-agricultural-msmes-bolster-capacities-to-strengthen-exports-in-the-aftermath-of-the-pandemic\/#primaryimage"},"thumbnailUrl":"https:\/\/content.carib-export.com\/wp-content\/uploads\/2020\/09\/Featured-Images-Website-15.png","datePublished":"2020-09-18T14:09:35+00:00","dateModified":"2022-06-14T01:37:54+00:00","breadcrumb":{"@id":"https:\/\/content.carib-export.com\/es\/news\/caribbean-agricultural-msmes-bolster-capacities-to-strengthen-exports-in-the-aftermath-of-the-pandemic\/#breadcrumb"},"inLanguage":"es","potentialAction":[{"@type":"ReadAction","target":["https:\/\/content.carib-export.com\/es\/news\/caribbean-agricultural-msmes-bolster-capacities-to-strengthen-exports-in-the-aftermath-of-the-pandemic\/"]}]},{"@type":"ImageObject","inLanguage":"es","@id":"https:\/\/content.carib-export.com\/es\/news\/caribbean-agricultural-msmes-bolster-capacities-to-strengthen-exports-in-the-aftermath-of-the-pandemic\/#primaryimage","url":"https:\/\/content.carib-export.com\/wp-content\/uploads\/2020\/09\/Featured-Images-Website-15.png","contentUrl":"https:\/\/content.carib-export.com\/wp-content\/uploads\/2020\/09\/Featured-Images-Website-15.png","width":800,"height":800},{"@type":"BreadcrumbList","@id":"https:\/\/content.carib-export.com\/es\/news\/caribbean-agricultural-msmes-bolster-capacities-to-strengthen-exports-in-the-aftermath-of-the-pandemic\/#breadcrumb","itemListElement":[{"@type":"ListItem","position":1,"name":"Casa","item":"https:\/\/content.carib-export.com\/es\/home\/"},{"@type":"ListItem","position":2,"name":"News","item":"https:\/\/content.carib-export.com\/es\/news\/"},{"@type":"ListItem","position":3,"name":"Las MIPYMES agr\u00edcolas del Caribe refuerzan capacidades para fortalecer las exportaciones tras la pandemia"}]},{"@type":"WebSite","@id":"https:\/\/content.carib-export.com\/es\/#website","url":"https:\/\/content.carib-export.com\/es\/","name":"Exportaci\u00f3n del Caribe","description":"La \u00fanica agencia regional de promoci\u00f3n del comercio y las inversiones en el grupo de \u00c1frica, el Caribe y el Pac\u00edfico.","publisher":{"@id":"https:\/\/content.carib-export.com\/es\/#organization"},"potentialAction":[{"@type":"SearchAction","target":{"@type":"EntryPoint","urlTemplate":"https:\/\/content.carib-export.com\/es\/?s={search_term_string}"},"query-input":{"@type":"PropertyValueSpecification","valueRequired":true,"valueName":"search_term_string"}}],"inLanguage":"es"},{"@type":"Organization","@id":"https:\/\/content.carib-export.com\/es\/#organization","name":"Agencia de Desarrollo de Exportaciones del Caribe","url":"https:\/\/content.carib-export.com\/es\/","logo":{"@type":"ImageObject","inLanguage":"es","@id":"https:\/\/content.carib-export.com\/es\/#\/schema\/logo\/image\/","url":"https:\/\/content.carib-export.com\/wp-content\/uploads\/2013\/03\/CE-Logo-2013.jpg","contentUrl":"https:\/\/content.carib-export.com\/wp-content\/uploads\/2013\/03\/CE-Logo-2013.jpg","width":1024,"height":244,"caption":"Agencia de Desarrollo de Exportaciones del Caribe"},"image":{"@id":"https:\/\/content.carib-export.com\/es\/#\/schema\/logo\/image\/"},"sameAs":["https:\/\/www.facebook.com\/CaribbeanExport","https:\/\/x.com\/CaribXport","https:\/\/www.instagram.com\/caribbeanexport","https:\/\/www.linkedin.com\/company\/caribbeanexport","https:\/\/www.youtube.com\/user\/TheCaribbeanExport"]}]}},"_links":{"self":[{"href":"https:\/\/content.carib-export.com\/es\/wp-json\/wp\/v2\/news\/267764","targetHints":{"allow":["GET"]}}],"collection":[{"href":"https:\/\/content.carib-export.com\/es\/wp-json\/wp\/v2\/news"}],"about":[{"href":"https:\/\/content.carib-export.com\/es\/wp-json\/wp\/v2\/types\/news"}],"author":[{"embeddable":true,"href":"https:\/\/content.carib-export.com\/es\/wp-json\/wp\/v2\/users\/9"}],"version-history":[{"count":0,"href":"https:\/\/content.carib-export.com\/es\/wp-json\/wp\/v2\/news\/267764\/revisions"}],"wp:featuredmedia":[{"embeddable":true,"href":"https:\/\/content.carib-export.com\/es\/wp-json\/wp\/v2\/media\/252175"}],"wp:attachment":[{"href":"https:\/\/content.carib-export.com\/es\/wp-json\/wp\/v2\/media?parent=267764"}],"wp:term":[{"taxonomy":"post_tag","embeddable":true,"href":"https:\/\/content.carib-export.com\/es\/wp-json\/wp\/v2\/tags?post=267764"}],"curies":[{"name":"wp","href":"https:\/\/api.w.org\/{rel}","templated":true}]}}