{"id":268315,"date":"2019-10-15T09:10:04","date_gmt":"2019-10-15T13:10:04","guid":{"rendered":"https:\/\/content.carib-export.com\/news\/caribbean-export-signs-three-mous-with-strategic-partners-to-support-the-caribbeans-export-growth\/"},"modified":"2022-06-13T21:46:07","modified_gmt":"2022-06-14T01:46:07","slug":"caribbean-export-signs-three-mous-with-strategic-partners-to-support-the-caribbeans-export-growth","status":"publish","type":"news","link":"https:\/\/content.carib-export.com\/es\/news\/caribbean-export-signs-three-mous-with-strategic-partners-to-support-the-caribbeans-export-growth\/","title":{"rendered":"Caribbean Export firma tres MOU con socios estrat\u00e9gicos para apoyar el crecimiento de las exportaciones del Caribe."},"content":{"rendered":"\n<p>The recently held <a href=\"https:\/\/www.cedev.local\/businessforum\/\" target=\"_blank\" rel=\"noreferrer noopener\" aria-label=\"CARIFORUM-EU Business Forum (opens in a new tab)\">CARIFORUM-EU Business Forum<\/a> drew record numbers of senior level European and Caribbean policy makers, European buyers and Caribbean exhibitors, to the 4th hosting of the event and the first ever to be held in Frankfurt, Germany.  <\/p>\n\n\n\n<p>Three MOUs were signed between the Caribbean Export Development Agency and key stakeholders in Europe, namely, the BVMW (Der Bundesverband mittelst\u00c3\u00a4ndische Wirtschaft), the GIZ (Deutsche Gesellschaft f\u00c3\u00bcr Internationale Zusammenarbeit GmbH) and the Caribbean Council. <\/p>\n\n\n<div class=\"wp-block-image\">\n<figure class=\"alignleft is-resized\"><img loading=\"lazy\" decoding=\"async\" src=\"https:\/\/content.carib-export.com\/wp-content\/uploads\/2019\/10\/article2image1.jpg\" alt=\"\" class=\"wp-image-248067\" width=\"432\" height=\"288\" srcset=\"https:\/\/content.carib-export.com\/wp-content\/uploads\/2019\/10\/article2image1.jpg 863w, https:\/\/content.carib-export.com\/wp-content\/uploads\/2019\/10\/article2image1-300x200.jpg 300w, https:\/\/content.carib-export.com\/wp-content\/uploads\/2019\/10\/article2image1-768x512.jpg 768w\" sizes=\"auto, (max-width: 432px) 100vw, 432px\" \/><figcaption><em>Anthony Bradshaw (centre) signs MOUs with Leonor von Limburg from GIZ (left) and Bienvenue Angui from BVMW (right)<\/em><\/figcaption><\/figure>\n<\/div>\n\n\n<p>On 26-28 September 2019, Caribbean Export Development Agency (Caribbean Export) in collaboration with the European Union and GIZ hosted the <a href=\"https:\/\/www.cedev.local\/businessforum\/\" target=\"_blank\" rel=\"noreferrer noopener\" aria-label=\"4th CARIFORUM-EU Business Forum. (opens in a new tab)\">4th CARIFORUM-EU Business Forum.<\/a>   Over 200 participants witnessed the signing of the MOUs which were put in place to ensure continued success of the strategic sectors and collaboration between the two regions.<\/p>\n\n\n\n<p>\u00abThe CARIFORUM-EU Business Forum was designed as a platform to do exactly this &#8211; to strengthen business networks and foster a closer trade and investment relationship between the Caribbean and in this case Europe\u00bb informed Anthony Bradshaw, Officer in Charge, Caribbean Export.<\/p>\n\n\n\n<p>\u00abThe Business Forum&#8217;s main objectives are to create awareness about the EPA, to promote business opportunities and to identify key sectors that will become the economic drivers assisting both regions &#8211; but particularly the Caribbean &#8211; to reap the benefits of the EPA\u00bb<\/p>\n\n\n<div class=\"wp-block-image\">\n<figure class=\"alignleft is-resized\"><img loading=\"lazy\" decoding=\"async\" src=\"https:\/\/i1.wp.com\/www.carib-export.com\/ceda2017\/wp-content\/uploads\/2019\/10\/artucle2image2.jpg?fit=640%2C426&amp;ssl=1\" alt=\"\" class=\"wp-image-186694\" width=\"480\" height=\"320\" srcset=\"https:\/\/content.carib-export.com\/wp-content\/uploads\/2019\/10\/artucle2image2.jpg 1024w, https:\/\/content.carib-export.com\/wp-content\/uploads\/2019\/10\/artucle2image2-300x200.jpg 300w, https:\/\/content.carib-export.com\/wp-content\/uploads\/2019\/10\/artucle2image2-768x511.jpg 768w\" sizes=\"auto, (max-width: 480px) 100vw, 480px\" \/><figcaption><em>The Hon. Oliver Joseph addresses the audience at the 4th CARIFORUM-EU Business Forum<\/em><\/figcaption><\/figure>\n<\/div>\n\n\n<p>Minister of Trade and CARICOM Affairs from Grenada, the Hon. Oliver Joseph thanked the Caribbean\u00e2\u20ac\u2122s partners, the European Commission and GIZ as well as the new partners LAV, BVMW and the Caribbean Council with whom MOUs were signed, for supporting the Caribbean and its peoples use of the CARIFORUM-EU EPA, \u00e2\u20ac\u0153<em>We need to take full advantage of this agreement.  We must also realize that as a region, as small developing economies, we cannot do it alone. And so I want to thank our partners in Europe, the European Commission, the GIZ, our new friends in Germany, the LAV and the BVMW, the Caribbean Council from the UK\u00e2\u20ac\u00a6 you are helping us and will be helping us to make the EPA work for the peoples of the Caribbean<\/em>.\u00e2\u20ac\u009d<\/p>\n\n\n<div class=\"wp-block-image\">\n<figure class=\"aligncenter is-resized\"><img loading=\"lazy\" decoding=\"async\" src=\"https:\/\/i2.wp.com\/www.carib-export.com\/ceda2017\/wp-content\/uploads\/2019\/10\/article2image3.jpg?fit=640%2C426&amp;ssl=1\" alt=\"\" class=\"wp-image-186695\" width=\"480\" height=\"320\" srcset=\"https:\/\/content.carib-export.com\/wp-content\/uploads\/2019\/10\/article2image3.jpg 1024w, https:\/\/content.carib-export.com\/wp-content\/uploads\/2019\/10\/article2image3-300x200.jpg 300w, https:\/\/content.carib-export.com\/wp-content\/uploads\/2019\/10\/article2image3-768x511.jpg 768w\" sizes=\"auto, (max-width: 480px) 100vw, 480px\" \/><figcaption><em>Leonor von Limburg (GIZ), Anthony Bradshaw (Caribbean Export), Bienvenue Angui (BVMW), Chris Bennet (The Caribbean Council)<\/em><\/figcaption><\/figure>\n<\/div>\n\n\n<p>\u00ab<em>Making business work for the people of the Caribbean is our commitment as an Agency. If there is a way, we will make it happen.\u00bb  Bradshaw said in closing.<\/em><\/p>\n","protected":false},"excerpt":{"rendered":"<p>The recently held CARIFORUM-EU Business Forum drew record numbers of senior level European and Caribbean policy makers, European buyers and Caribbean exhibitors, to the 4th hosting of the event and the first ever to be held in Frankfurt, Germany. Three MOUs were signed between the Caribbean Export Development Agency and key stakeholders in Europe, namely, [&hellip;]<\/p>\n","protected":false},"author":9,"featured_media":268318,"menu_order":0,"template":"","tags":[13278],"class_list":["post-268315","news","type-news","status-publish","has-post-thumbnail","hentry","tag-businessforum-es"],"acf":[],"yoast_head":"<!-- This site is optimized with the Yoast SEO plugin v27.1.1 - https:\/\/yoast.com\/product\/yoast-seo-wordpress\/ -->\n<title>Caribbean Export firma tres MOU con socios estrat\u00e9gicos para apoyar el crecimiento de las exportaciones del Caribe. - nombre del Exportaci\u00f3n del Caribe<\/title>\n<meta name=\"robots\" content=\"index, follow, max-snippet:-1, max-image-preview:large, max-video-preview:-1\" \/>\n<link rel=\"canonical\" href=\"https:\/\/content.carib-export.com\/es\/news\/caribbean-export-signs-three-mous-with-strategic-partners-to-support-the-caribbeans-export-growth\/\" \/>\n<meta property=\"og:locale\" content=\"es_ES\" \/>\n<meta property=\"og:type\" content=\"article\" \/>\n<meta property=\"og:title\" content=\"Caribbean Export firma tres MOU con socios estrat\u00e9gicos para apoyar el crecimiento de las exportaciones del Caribe. - nombre del Exportaci\u00f3n del Caribe\" \/>\n<meta property=\"og:description\" content=\"The recently held CARIFORUM-EU Business Forum drew record numbers of senior level European and Caribbean policy makers, European buyers and Caribbean exhibitors, to the 4th hosting of the event and the first ever to be held in Frankfurt, Germany. Three MOUs were signed between the Caribbean Export Development Agency and key stakeholders in Europe, namely, [&hellip;]\" \/>\n<meta property=\"og:url\" content=\"https:\/\/content.carib-export.com\/es\/news\/caribbean-export-signs-three-mous-with-strategic-partners-to-support-the-caribbeans-export-growth\/\" \/>\n<meta property=\"og:site_name\" content=\"Exportaci\u00f3n del Caribe\" \/>\n<meta property=\"article:publisher\" content=\"https:\/\/www.facebook.com\/CaribbeanExport\" \/>\n<meta property=\"article:modified_time\" content=\"2022-06-14T01:46:07+00:00\" \/>\n<meta property=\"og:image\" content=\"https:\/\/content.carib-export.com\/wp-content\/uploads\/2019\/10\/article2image3.jpg\" \/>\n\t<meta property=\"og:image:width\" content=\"1024\" \/>\n\t<meta property=\"og:image:height\" content=\"682\" \/>\n\t<meta property=\"og:image:type\" content=\"image\/jpeg\" \/>\n<meta name=\"twitter:card\" content=\"summary_large_image\" \/>\n<meta name=\"twitter:site\" content=\"@CaribXport\" \/>\n<meta name=\"twitter:label1\" content=\"Tiempo de lectura\" \/>\n\t<meta name=\"twitter:data1\" content=\"2 minutos\" \/>\n<script type=\"application\/ld+json\" class=\"yoast-schema-graph\">{\"@context\":\"https:\/\/schema.org\",\"@graph\":[{\"@type\":\"WebPage\",\"@id\":\"https:\/\/content.carib-export.com\/es\/news\/caribbean-export-signs-three-mous-with-strategic-partners-to-support-the-caribbeans-export-growth\/\",\"url\":\"https:\/\/content.carib-export.com\/es\/news\/caribbean-export-signs-three-mous-with-strategic-partners-to-support-the-caribbeans-export-growth\/\",\"name\":\"Caribbean Export firma tres MOU con socios estrat\u00e9gicos para apoyar el crecimiento de las exportaciones del Caribe. - nombre del Exportaci\u00f3n del Caribe\",\"isPartOf\":{\"@id\":\"https:\/\/content.carib-export.com\/es\/#website\"},\"primaryImageOfPage\":{\"@id\":\"https:\/\/content.carib-export.com\/es\/news\/caribbean-export-signs-three-mous-with-strategic-partners-to-support-the-caribbeans-export-growth\/#primaryimage\"},\"image\":{\"@id\":\"https:\/\/content.carib-export.com\/es\/news\/caribbean-export-signs-three-mous-with-strategic-partners-to-support-the-caribbeans-export-growth\/#primaryimage\"},\"thumbnailUrl\":\"https:\/\/content.carib-export.com\/wp-content\/uploads\/2019\/10\/article2image3.jpg\",\"datePublished\":\"2019-10-15T13:10:04+00:00\",\"dateModified\":\"2022-06-14T01:46:07+00:00\",\"breadcrumb\":{\"@id\":\"https:\/\/content.carib-export.com\/es\/news\/caribbean-export-signs-three-mous-with-strategic-partners-to-support-the-caribbeans-export-growth\/#breadcrumb\"},\"inLanguage\":\"es\",\"potentialAction\":[{\"@type\":\"ReadAction\",\"target\":[\"https:\/\/content.carib-export.com\/es\/news\/caribbean-export-signs-three-mous-with-strategic-partners-to-support-the-caribbeans-export-growth\/\"]}]},{\"@type\":\"ImageObject\",\"inLanguage\":\"es\",\"@id\":\"https:\/\/content.carib-export.com\/es\/news\/caribbean-export-signs-three-mous-with-strategic-partners-to-support-the-caribbeans-export-growth\/#primaryimage\",\"url\":\"https:\/\/content.carib-export.com\/wp-content\/uploads\/2019\/10\/article2image3.jpg\",\"contentUrl\":\"https:\/\/content.carib-export.com\/wp-content\/uploads\/2019\/10\/article2image3.jpg\",\"width\":1024,\"height\":682},{\"@type\":\"BreadcrumbList\",\"@id\":\"https:\/\/content.carib-export.com\/es\/news\/caribbean-export-signs-three-mous-with-strategic-partners-to-support-the-caribbeans-export-growth\/#breadcrumb\",\"itemListElement\":[{\"@type\":\"ListItem\",\"position\":1,\"name\":\"Casa\",\"item\":\"https:\/\/content.carib-export.com\/es\/home\/\"},{\"@type\":\"ListItem\",\"position\":2,\"name\":\"News\",\"item\":\"https:\/\/content.carib-export.com\/es\/news\/\"},{\"@type\":\"ListItem\",\"position\":3,\"name\":\"Caribbean Export firma tres MOU con socios estrat\u00e9gicos para apoyar el crecimiento de las exportaciones del Caribe.\"}]},{\"@type\":\"WebSite\",\"@id\":\"https:\/\/content.carib-export.com\/es\/#website\",\"url\":\"https:\/\/content.carib-export.com\/es\/\",\"name\":\"Exportaci\u00f3n del Caribe\",\"description\":\"La \u00fanica agencia regional de promoci\u00f3n del comercio y las inversiones en el grupo de \u00c1frica, el Caribe y el Pac\u00edfico.\",\"publisher\":{\"@id\":\"https:\/\/content.carib-export.com\/es\/#organization\"},\"potentialAction\":[{\"@type\":\"SearchAction\",\"target\":{\"@type\":\"EntryPoint\",\"urlTemplate\":\"https:\/\/content.carib-export.com\/es\/?s={search_term_string}\"},\"query-input\":{\"@type\":\"PropertyValueSpecification\",\"valueRequired\":true,\"valueName\":\"search_term_string\"}}],\"inLanguage\":\"es\"},{\"@type\":\"Organization\",\"@id\":\"https:\/\/content.carib-export.com\/es\/#organization\",\"name\":\"Agencia de Desarrollo de Exportaciones del Caribe\",\"url\":\"https:\/\/content.carib-export.com\/es\/\",\"logo\":{\"@type\":\"ImageObject\",\"inLanguage\":\"es\",\"@id\":\"https:\/\/content.carib-export.com\/es\/#\/schema\/logo\/image\/\",\"url\":\"https:\/\/content.carib-export.com\/wp-content\/uploads\/2013\/03\/CE-Logo-2013.jpg\",\"contentUrl\":\"https:\/\/content.carib-export.com\/wp-content\/uploads\/2013\/03\/CE-Logo-2013.jpg\",\"width\":1024,\"height\":244,\"caption\":\"Agencia de Desarrollo de Exportaciones del Caribe\"},\"image\":{\"@id\":\"https:\/\/content.carib-export.com\/es\/#\/schema\/logo\/image\/\"},\"sameAs\":[\"https:\/\/www.facebook.com\/CaribbeanExport\",\"https:\/\/x.com\/CaribXport\",\"https:\/\/www.instagram.com\/caribbeanexport\",\"https:\/\/www.linkedin.com\/company\/caribbeanexport\",\"https:\/\/www.youtube.com\/user\/TheCaribbeanExport\"]}]}<\/script>\n<!-- \/ Yoast SEO plugin. -->","yoast_head_json":{"title":"Caribbean Export firma tres MOU con socios estrat\u00e9gicos para apoyar el crecimiento de las exportaciones del Caribe. - nombre del Exportaci\u00f3n del Caribe","robots":{"index":"index","follow":"follow","max-snippet":"max-snippet:-1","max-image-preview":"max-image-preview:large","max-video-preview":"max-video-preview:-1"},"canonical":"https:\/\/content.carib-export.com\/es\/news\/caribbean-export-signs-three-mous-with-strategic-partners-to-support-the-caribbeans-export-growth\/","og_locale":"es_ES","og_type":"article","og_title":"Caribbean Export firma tres MOU con socios estrat\u00e9gicos para apoyar el crecimiento de las exportaciones del Caribe. - nombre del Exportaci\u00f3n del Caribe","og_description":"The recently held CARIFORUM-EU Business Forum drew record numbers of senior level European and Caribbean policy makers, European buyers and Caribbean exhibitors, to the 4th hosting of the event and the first ever to be held in Frankfurt, Germany. Three MOUs were signed between the Caribbean Export Development Agency and key stakeholders in Europe, namely, [&hellip;]","og_url":"https:\/\/content.carib-export.com\/es\/news\/caribbean-export-signs-three-mous-with-strategic-partners-to-support-the-caribbeans-export-growth\/","og_site_name":"Exportaci\u00f3n del Caribe","article_publisher":"https:\/\/www.facebook.com\/CaribbeanExport","article_modified_time":"2022-06-14T01:46:07+00:00","og_image":[{"width":1024,"height":682,"url":"https:\/\/content.carib-export.com\/wp-content\/uploads\/2019\/10\/article2image3.jpg","type":"image\/jpeg"}],"twitter_card":"summary_large_image","twitter_site":"@CaribXport","twitter_misc":{"Tiempo de lectura":"2 minutos"},"schema":{"@context":"https:\/\/schema.org","@graph":[{"@type":"WebPage","@id":"https:\/\/content.carib-export.com\/es\/news\/caribbean-export-signs-three-mous-with-strategic-partners-to-support-the-caribbeans-export-growth\/","url":"https:\/\/content.carib-export.com\/es\/news\/caribbean-export-signs-three-mous-with-strategic-partners-to-support-the-caribbeans-export-growth\/","name":"Caribbean Export firma tres MOU con socios estrat\u00e9gicos para apoyar el crecimiento de las exportaciones del Caribe. - nombre del Exportaci\u00f3n del Caribe","isPartOf":{"@id":"https:\/\/content.carib-export.com\/es\/#website"},"primaryImageOfPage":{"@id":"https:\/\/content.carib-export.com\/es\/news\/caribbean-export-signs-three-mous-with-strategic-partners-to-support-the-caribbeans-export-growth\/#primaryimage"},"image":{"@id":"https:\/\/content.carib-export.com\/es\/news\/caribbean-export-signs-three-mous-with-strategic-partners-to-support-the-caribbeans-export-growth\/#primaryimage"},"thumbnailUrl":"https:\/\/content.carib-export.com\/wp-content\/uploads\/2019\/10\/article2image3.jpg","datePublished":"2019-10-15T13:10:04+00:00","dateModified":"2022-06-14T01:46:07+00:00","breadcrumb":{"@id":"https:\/\/content.carib-export.com\/es\/news\/caribbean-export-signs-three-mous-with-strategic-partners-to-support-the-caribbeans-export-growth\/#breadcrumb"},"inLanguage":"es","potentialAction":[{"@type":"ReadAction","target":["https:\/\/content.carib-export.com\/es\/news\/caribbean-export-signs-three-mous-with-strategic-partners-to-support-the-caribbeans-export-growth\/"]}]},{"@type":"ImageObject","inLanguage":"es","@id":"https:\/\/content.carib-export.com\/es\/news\/caribbean-export-signs-three-mous-with-strategic-partners-to-support-the-caribbeans-export-growth\/#primaryimage","url":"https:\/\/content.carib-export.com\/wp-content\/uploads\/2019\/10\/article2image3.jpg","contentUrl":"https:\/\/content.carib-export.com\/wp-content\/uploads\/2019\/10\/article2image3.jpg","width":1024,"height":682},{"@type":"BreadcrumbList","@id":"https:\/\/content.carib-export.com\/es\/news\/caribbean-export-signs-three-mous-with-strategic-partners-to-support-the-caribbeans-export-growth\/#breadcrumb","itemListElement":[{"@type":"ListItem","position":1,"name":"Casa","item":"https:\/\/content.carib-export.com\/es\/home\/"},{"@type":"ListItem","position":2,"name":"News","item":"https:\/\/content.carib-export.com\/es\/news\/"},{"@type":"ListItem","position":3,"name":"Caribbean Export firma tres MOU con socios estrat\u00e9gicos para apoyar el crecimiento de las exportaciones del Caribe."}]},{"@type":"WebSite","@id":"https:\/\/content.carib-export.com\/es\/#website","url":"https:\/\/content.carib-export.com\/es\/","name":"Exportaci\u00f3n del Caribe","description":"La \u00fanica agencia regional de promoci\u00f3n del comercio y las inversiones en el grupo de \u00c1frica, el Caribe y el Pac\u00edfico.","publisher":{"@id":"https:\/\/content.carib-export.com\/es\/#organization"},"potentialAction":[{"@type":"SearchAction","target":{"@type":"EntryPoint","urlTemplate":"https:\/\/content.carib-export.com\/es\/?s={search_term_string}"},"query-input":{"@type":"PropertyValueSpecification","valueRequired":true,"valueName":"search_term_string"}}],"inLanguage":"es"},{"@type":"Organization","@id":"https:\/\/content.carib-export.com\/es\/#organization","name":"Agencia de Desarrollo de Exportaciones del Caribe","url":"https:\/\/content.carib-export.com\/es\/","logo":{"@type":"ImageObject","inLanguage":"es","@id":"https:\/\/content.carib-export.com\/es\/#\/schema\/logo\/image\/","url":"https:\/\/content.carib-export.com\/wp-content\/uploads\/2013\/03\/CE-Logo-2013.jpg","contentUrl":"https:\/\/content.carib-export.com\/wp-content\/uploads\/2013\/03\/CE-Logo-2013.jpg","width":1024,"height":244,"caption":"Agencia de Desarrollo de Exportaciones del Caribe"},"image":{"@id":"https:\/\/content.carib-export.com\/es\/#\/schema\/logo\/image\/"},"sameAs":["https:\/\/www.facebook.com\/CaribbeanExport","https:\/\/x.com\/CaribXport","https:\/\/www.instagram.com\/caribbeanexport","https:\/\/www.linkedin.com\/company\/caribbeanexport","https:\/\/www.youtube.com\/user\/TheCaribbeanExport"]}]}},"_links":{"self":[{"href":"https:\/\/content.carib-export.com\/es\/wp-json\/wp\/v2\/news\/268315","targetHints":{"allow":["GET"]}}],"collection":[{"href":"https:\/\/content.carib-export.com\/es\/wp-json\/wp\/v2\/news"}],"about":[{"href":"https:\/\/content.carib-export.com\/es\/wp-json\/wp\/v2\/types\/news"}],"author":[{"embeddable":true,"href":"https:\/\/content.carib-export.com\/es\/wp-json\/wp\/v2\/users\/9"}],"version-history":[{"count":0,"href":"https:\/\/content.carib-export.com\/es\/wp-json\/wp\/v2\/news\/268315\/revisions"}],"wp:featuredmedia":[{"embeddable":true,"href":"https:\/\/content.carib-export.com\/es\/wp-json\/wp\/v2\/media\/268318"}],"wp:attachment":[{"href":"https:\/\/content.carib-export.com\/es\/wp-json\/wp\/v2\/media?parent=268315"}],"wp:term":[{"taxonomy":"post_tag","embeddable":true,"href":"https:\/\/content.carib-export.com\/es\/wp-json\/wp\/v2\/tags?post=268315"}],"curies":[{"name":"wp","href":"https:\/\/api.w.org\/{rel}","templated":true}]}}