{"id":304874,"date":"2022-11-11T07:26:18","date_gmt":"2022-11-11T11:26:18","guid":{"rendered":"https:\/\/content.carib-export.com\/news\/africa-and-the-caribbean-could-become-the-green-energy-producers-for-europe-in-the-future\/"},"modified":"2022-11-11T07:37:02","modified_gmt":"2022-11-11T11:37:02","slug":"africa-and-the-caribbean-could-become-the-green-energy-producers-for-europe-in-the-future","status":"publish","type":"news","link":"https:\/\/content.carib-export.com\/es\/news\/africa-and-the-caribbean-could-become-the-green-energy-producers-for-europe-in-the-future\/","title":{"rendered":"\u00c1frica y el Caribe podr\u00edan convertirse en los productores de energ\u00eda verde para Europa en el futuro"},"content":{"rendered":"\n<p>El embajador de la Uni\u00f3n Europea, Peter Cavendish, cree que \u00c1frica y el Caribe pueden ser los productores de hidr\u00f3geno verde del futuro. Adem\u00e1s, el Secretario General de la Zona de Libre Comercio Continental Africana (AFCFTA), Wamkele Mene, afirma que la Rep\u00fablica Democr\u00e1tica del Congo (RDC) y Zambia podr\u00edan controlar el mercado de las bater\u00edas de iones de litio.<\/p>\n\n<p>Estas revelaciones se hicieron en una conferencia de prensa que sigui\u00f3 a la ceremonia de apertura del primer Foro de Inversi\u00f3n del Caribe, organizado por la Agencia de Desarrollo de las Exportaciones del Caribe (Caribbean Export), que se celebra del 8 al 11 de noviembre de 2022 en Trinidad y Tobago.<\/p>\n\n<p>El Embajador Cavendish cree que la energ\u00eda sostenible es un \u00e1rea en la que tanto el Caribe como \u00c1frica tienen una importante ventaja competitiva y podr\u00eda tener un impacto significativo en el mundo. Habl\u00f3 del cambio fundamental que se ha producido en Europa, que hist\u00f3ricamente se cre\u00eda segura e independiente energ\u00e9ticamente. Ahora nos damos cuenta de que dependemos de la energ\u00eda y habl\u00f3 de c\u00f3mo recientemente \u00abOriente Medio, los noruegos, los estadounidenses y los nigerianos han intervenido para ayudarnos con nuestras necesidades energ\u00e9ticas en tiempos de crisis\u00bb. Esto anuncia un cambio gigantesco que se ha producido en la psicolog\u00eda europea y creo que tanto las naciones caribe\u00f1as como las africanas podr\u00e1n beneficiarse de ello, dijo.<\/p>\n\n<p>El Caribe tiene energ\u00eda solar, e\u00f3lica, de las olas, del agua de los r\u00edos y 19 volcanes de los que puede generar energ\u00eda, dijo. \u00abEl Caribe y \u00c1frica juntos tienen el potencial de ser el principal proveedor de hidr\u00f3geno verde para Europa en el futuro\u00bb, dijo. \u00abTen\u00e9is una ventaja energ\u00e9tica gigantesca\u00bb que durar\u00e1 toda vuestra vida, la de vuestros hijos y la de vuestros nietos, asegur\u00f3.<\/p>\n\n<p>Tanto en su discurso de apertura como en la conferencia de prensa, el Embajador Mene destac\u00f3 un obst\u00e1culo com\u00fan que bloquea el crecimiento y el desarrollo tanto en el Caribe como en \u00c1frica. Dijo que ambas regiones necesitan retener un porcentaje mucho mayor del valor creado a partir de sus recursos primarios. Aunque esos recursos pueden ser, por ejemplo, el sol y el mar, el cacao, las especias, el \u00f3xido o el oro, Mene destac\u00f3 el ejemplo del \u00f3xido de litio y cobalto. Se\u00f1al\u00f3 que, aunque la RDC y Zambia eran los principales productores del mundo de este insumo clave para las bater\u00edas de iones de litio que alimentan los veh\u00edculos el\u00e9ctricos, hist\u00f3ricamente nunca han producido bater\u00edas. Asimismo, Ghana y Costa de Marfil son grandes productores de cacao, pero no fabrican chocolates. \u00abEl valor a\u00f1adido es muy importante&#8230; debe haber un desplazamiento de la inversi\u00f3n hacia el sector productivo\u00bb, dijo Mene.<\/p>\n\n<p>El Director Ejecutivo de Caribbean Export, Deodat Maharaj, tambi\u00e9n se\u00f1al\u00f3 que los estudios han demostrado que menos de 10 centavos de cada d\u00f3lar gastado por el turismo en el Caribe se retiene en el mismo.<\/p>\n\n<p>En \u00c1frica, el cambio ha comenzado. El a\u00f1o pasado, los gobiernos de la RDC y Zambia acordaron detener la exportaci\u00f3n de \u00f3xido sin procesar y trabajar juntos para producir bater\u00edas de litio. Adem\u00e1s, los gobiernos de Ghana y Costa de Marfil han acordado que no se exportar\u00e1 m\u00e1s cacao sin procesar. \u00abLa RDC y Zambia podr\u00edan controlar el mercado de las bater\u00edas de litio\u00bb, dijo Mene a los medios de comunicaci\u00f3n. Tambi\u00e9n predijo que \u00aben 10-15 a\u00f1os, Ghana y Costa de Marfil ser\u00e1n grandes productores de caf\u00e9 y chocolate\u00bb.<\/p>\n\n<p>Mene espera que \u00c1frica y el Caribe trabajen juntos para alinear sus estrategias de exportaci\u00f3n e inversi\u00f3n, con el fin de aumentar el comercio y la inversi\u00f3n entre ambas regiones. Dijo que ya consideraba al Caribe como \u00abla sexta regi\u00f3n\u00bb en la AFCFTA y que ya se hab\u00edan iniciado conversaciones para el transporte a\u00e9reo directo entre \u00c1frica Occidental y el Caribe. El Banco EXIM africano tambi\u00e9n ha puesto a disposici\u00f3n de la regi\u00f3n 900 millones de d\u00f3lares para seguir avanzando en el compromiso entre \u00c1frica y el Caribe.<\/p>\n\n<p>La ministra de Comercio e Industria de Trinidad y Tobago, Paula Gopee-Scoon, revel\u00f3 que Trinidad y Tobago \u00ababrir\u00e1 una oficina comercial en Sud\u00e1frica en el primer trimestre de 2023 para facilitar el comercio y la inversi\u00f3n.\u00bb<\/p>\n","protected":false},"excerpt":{"rendered":"<p>El embajador de la Uni\u00f3n Europea, Peter Cavendish, cree que \u00c1frica y el Caribe pueden ser los productores de hidr\u00f3geno verde del futuro. Adem\u00e1s, el Secretario General de la Zona de Libre Comercio Continental Africana (AFCFTA), Wamkele Mene, afirma que la Rep\u00fablica Democr\u00e1tica del Congo (RDC) y Zambia podr\u00edan controlar el mercado de las bater\u00edas [&hellip;]<\/p>\n","protected":false},"author":10,"featured_media":304842,"menu_order":0,"template":"","tags":[],"class_list":["post-304874","news","type-news","status-publish","has-post-thumbnail","hentry"],"acf":[],"yoast_head":"<!-- This site is optimized with the Yoast SEO plugin v27.1.1 - https:\/\/yoast.com\/product\/yoast-seo-wordpress\/ -->\n<title>\u00c1frica y el Caribe podr\u00edan convertirse en los productores de energ\u00eda verde para Europa en el futuro - nombre del Exportaci\u00f3n del Caribe<\/title>\n<meta name=\"description\" content=\"El embajador de la Uni\u00f3n Europea, Peter Cavendish, cree que \u00c1frica y el Caribe pueden ser los productores de hidr\u00f3geno verde del futuro.\" \/>\n<meta name=\"robots\" content=\"index, follow, max-snippet:-1, max-image-preview:large, max-video-preview:-1\" \/>\n<link rel=\"canonical\" href=\"https:\/\/content.carib-export.com\/es\/news\/africa-and-the-caribbean-could-become-the-green-energy-producers-for-europe-in-the-future\/\" \/>\n<meta property=\"og:locale\" content=\"es_ES\" \/>\n<meta property=\"og:type\" content=\"article\" \/>\n<meta property=\"og:title\" content=\"\u00c1frica y el Caribe podr\u00edan convertirse en los productores de energ\u00eda verde para Europa en el futuro - nombre del Exportaci\u00f3n del Caribe\" \/>\n<meta property=\"og:description\" content=\"El embajador de la Uni\u00f3n Europea, Peter Cavendish, cree que \u00c1frica y el Caribe pueden ser los productores de hidr\u00f3geno verde del futuro.\" \/>\n<meta property=\"og:url\" content=\"https:\/\/content.carib-export.com\/es\/news\/africa-and-the-caribbean-could-become-the-green-energy-producers-for-europe-in-the-future\/\" \/>\n<meta property=\"og:site_name\" content=\"Exportaci\u00f3n del Caribe\" \/>\n<meta property=\"article:publisher\" content=\"https:\/\/www.facebook.com\/CaribbeanExport\" \/>\n<meta property=\"article:modified_time\" content=\"2022-11-11T11:37:02+00:00\" \/>\n<meta property=\"og:image\" content=\"https:\/\/content.carib-export.com\/wp-content\/uploads\/2022\/11\/IMG-20221110-WA0018.jpg\" \/>\n\t<meta property=\"og:image:width\" content=\"1280\" \/>\n\t<meta property=\"og:image:height\" content=\"853\" \/>\n\t<meta property=\"og:image:type\" content=\"image\/jpeg\" \/>\n<meta name=\"twitter:card\" content=\"summary_large_image\" \/>\n<meta name=\"twitter:site\" content=\"@CaribXport\" \/>\n<meta name=\"twitter:label1\" content=\"Tiempo de lectura\" \/>\n\t<meta name=\"twitter:data1\" content=\"4 minutos\" \/>\n<script type=\"application\/ld+json\" class=\"yoast-schema-graph\">{\"@context\":\"https:\/\/schema.org\",\"@graph\":[{\"@type\":\"WebPage\",\"@id\":\"https:\/\/content.carib-export.com\/es\/news\/africa-and-the-caribbean-could-become-the-green-energy-producers-for-europe-in-the-future\/\",\"url\":\"https:\/\/content.carib-export.com\/es\/news\/africa-and-the-caribbean-could-become-the-green-energy-producers-for-europe-in-the-future\/\",\"name\":\"\u00c1frica y el Caribe podr\u00edan convertirse en los productores de energ\u00eda verde para Europa en el futuro - nombre del Exportaci\u00f3n del Caribe\",\"isPartOf\":{\"@id\":\"https:\/\/content.carib-export.com\/es\/#website\"},\"primaryImageOfPage\":{\"@id\":\"https:\/\/content.carib-export.com\/es\/news\/africa-and-the-caribbean-could-become-the-green-energy-producers-for-europe-in-the-future\/#primaryimage\"},\"image\":{\"@id\":\"https:\/\/content.carib-export.com\/es\/news\/africa-and-the-caribbean-could-become-the-green-energy-producers-for-europe-in-the-future\/#primaryimage\"},\"thumbnailUrl\":\"https:\/\/content.carib-export.com\/wp-content\/uploads\/2022\/11\/IMG-20221110-WA0018.jpg\",\"datePublished\":\"2022-11-11T11:26:18+00:00\",\"dateModified\":\"2022-11-11T11:37:02+00:00\",\"description\":\"El embajador de la Uni\u00f3n Europea, Peter Cavendish, cree que \u00c1frica y el Caribe pueden ser los productores de hidr\u00f3geno verde del futuro.\",\"breadcrumb\":{\"@id\":\"https:\/\/content.carib-export.com\/es\/news\/africa-and-the-caribbean-could-become-the-green-energy-producers-for-europe-in-the-future\/#breadcrumb\"},\"inLanguage\":\"es\",\"potentialAction\":[{\"@type\":\"ReadAction\",\"target\":[\"https:\/\/content.carib-export.com\/es\/news\/africa-and-the-caribbean-could-become-the-green-energy-producers-for-europe-in-the-future\/\"]}]},{\"@type\":\"ImageObject\",\"inLanguage\":\"es\",\"@id\":\"https:\/\/content.carib-export.com\/es\/news\/africa-and-the-caribbean-could-become-the-green-energy-producers-for-europe-in-the-future\/#primaryimage\",\"url\":\"https:\/\/content.carib-export.com\/wp-content\/uploads\/2022\/11\/IMG-20221110-WA0018.jpg\",\"contentUrl\":\"https:\/\/content.carib-export.com\/wp-content\/uploads\/2022\/11\/IMG-20221110-WA0018.jpg\",\"width\":1280,\"height\":853,\"caption\":\"Feature image\"},{\"@type\":\"BreadcrumbList\",\"@id\":\"https:\/\/content.carib-export.com\/es\/news\/africa-and-the-caribbean-could-become-the-green-energy-producers-for-europe-in-the-future\/#breadcrumb\",\"itemListElement\":[{\"@type\":\"ListItem\",\"position\":1,\"name\":\"Casa\",\"item\":\"https:\/\/content.carib-export.com\/es\/home\/\"},{\"@type\":\"ListItem\",\"position\":2,\"name\":\"News\",\"item\":\"https:\/\/content.carib-export.com\/es\/news\/\"},{\"@type\":\"ListItem\",\"position\":3,\"name\":\"\u00c1frica y el Caribe podr\u00edan convertirse en los productores de energ\u00eda verde para Europa en el futuro\"}]},{\"@type\":\"WebSite\",\"@id\":\"https:\/\/content.carib-export.com\/es\/#website\",\"url\":\"https:\/\/content.carib-export.com\/es\/\",\"name\":\"Exportaci\u00f3n del Caribe\",\"description\":\"La \u00fanica agencia regional de promoci\u00f3n del comercio y las inversiones en el grupo de \u00c1frica, el Caribe y el Pac\u00edfico.\",\"publisher\":{\"@id\":\"https:\/\/content.carib-export.com\/es\/#organization\"},\"potentialAction\":[{\"@type\":\"SearchAction\",\"target\":{\"@type\":\"EntryPoint\",\"urlTemplate\":\"https:\/\/content.carib-export.com\/es\/?s={search_term_string}\"},\"query-input\":{\"@type\":\"PropertyValueSpecification\",\"valueRequired\":true,\"valueName\":\"search_term_string\"}}],\"inLanguage\":\"es\"},{\"@type\":\"Organization\",\"@id\":\"https:\/\/content.carib-export.com\/es\/#organization\",\"name\":\"Agencia de Desarrollo de Exportaciones del Caribe\",\"url\":\"https:\/\/content.carib-export.com\/es\/\",\"logo\":{\"@type\":\"ImageObject\",\"inLanguage\":\"es\",\"@id\":\"https:\/\/content.carib-export.com\/es\/#\/schema\/logo\/image\/\",\"url\":\"https:\/\/content.carib-export.com\/wp-content\/uploads\/2013\/03\/CE-Logo-2013.jpg\",\"contentUrl\":\"https:\/\/content.carib-export.com\/wp-content\/uploads\/2013\/03\/CE-Logo-2013.jpg\",\"width\":1024,\"height\":244,\"caption\":\"Agencia de Desarrollo de Exportaciones del Caribe\"},\"image\":{\"@id\":\"https:\/\/content.carib-export.com\/es\/#\/schema\/logo\/image\/\"},\"sameAs\":[\"https:\/\/www.facebook.com\/CaribbeanExport\",\"https:\/\/x.com\/CaribXport\",\"https:\/\/www.instagram.com\/caribbeanexport\",\"https:\/\/www.linkedin.com\/company\/caribbeanexport\",\"https:\/\/www.youtube.com\/user\/TheCaribbeanExport\"]}]}<\/script>\n<!-- \/ Yoast SEO plugin. -->","yoast_head_json":{"title":"\u00c1frica y el Caribe podr\u00edan convertirse en los productores de energ\u00eda verde para Europa en el futuro - nombre del Exportaci\u00f3n del Caribe","description":"El embajador de la Uni\u00f3n Europea, Peter Cavendish, cree que \u00c1frica y el Caribe pueden ser los productores de hidr\u00f3geno verde del futuro.","robots":{"index":"index","follow":"follow","max-snippet":"max-snippet:-1","max-image-preview":"max-image-preview:large","max-video-preview":"max-video-preview:-1"},"canonical":"https:\/\/content.carib-export.com\/es\/news\/africa-and-the-caribbean-could-become-the-green-energy-producers-for-europe-in-the-future\/","og_locale":"es_ES","og_type":"article","og_title":"\u00c1frica y el Caribe podr\u00edan convertirse en los productores de energ\u00eda verde para Europa en el futuro - nombre del Exportaci\u00f3n del Caribe","og_description":"El embajador de la Uni\u00f3n Europea, Peter Cavendish, cree que \u00c1frica y el Caribe pueden ser los productores de hidr\u00f3geno verde del futuro.","og_url":"https:\/\/content.carib-export.com\/es\/news\/africa-and-the-caribbean-could-become-the-green-energy-producers-for-europe-in-the-future\/","og_site_name":"Exportaci\u00f3n del Caribe","article_publisher":"https:\/\/www.facebook.com\/CaribbeanExport","article_modified_time":"2022-11-11T11:37:02+00:00","og_image":[{"width":1280,"height":853,"url":"https:\/\/content.carib-export.com\/wp-content\/uploads\/2022\/11\/IMG-20221110-WA0018.jpg","type":"image\/jpeg"}],"twitter_card":"summary_large_image","twitter_site":"@CaribXport","twitter_misc":{"Tiempo de lectura":"4 minutos"},"schema":{"@context":"https:\/\/schema.org","@graph":[{"@type":"WebPage","@id":"https:\/\/content.carib-export.com\/es\/news\/africa-and-the-caribbean-could-become-the-green-energy-producers-for-europe-in-the-future\/","url":"https:\/\/content.carib-export.com\/es\/news\/africa-and-the-caribbean-could-become-the-green-energy-producers-for-europe-in-the-future\/","name":"\u00c1frica y el Caribe podr\u00edan convertirse en los productores de energ\u00eda verde para Europa en el futuro - nombre del Exportaci\u00f3n del Caribe","isPartOf":{"@id":"https:\/\/content.carib-export.com\/es\/#website"},"primaryImageOfPage":{"@id":"https:\/\/content.carib-export.com\/es\/news\/africa-and-the-caribbean-could-become-the-green-energy-producers-for-europe-in-the-future\/#primaryimage"},"image":{"@id":"https:\/\/content.carib-export.com\/es\/news\/africa-and-the-caribbean-could-become-the-green-energy-producers-for-europe-in-the-future\/#primaryimage"},"thumbnailUrl":"https:\/\/content.carib-export.com\/wp-content\/uploads\/2022\/11\/IMG-20221110-WA0018.jpg","datePublished":"2022-11-11T11:26:18+00:00","dateModified":"2022-11-11T11:37:02+00:00","description":"El embajador de la Uni\u00f3n Europea, Peter Cavendish, cree que \u00c1frica y el Caribe pueden ser los productores de hidr\u00f3geno verde del futuro.","breadcrumb":{"@id":"https:\/\/content.carib-export.com\/es\/news\/africa-and-the-caribbean-could-become-the-green-energy-producers-for-europe-in-the-future\/#breadcrumb"},"inLanguage":"es","potentialAction":[{"@type":"ReadAction","target":["https:\/\/content.carib-export.com\/es\/news\/africa-and-the-caribbean-could-become-the-green-energy-producers-for-europe-in-the-future\/"]}]},{"@type":"ImageObject","inLanguage":"es","@id":"https:\/\/content.carib-export.com\/es\/news\/africa-and-the-caribbean-could-become-the-green-energy-producers-for-europe-in-the-future\/#primaryimage","url":"https:\/\/content.carib-export.com\/wp-content\/uploads\/2022\/11\/IMG-20221110-WA0018.jpg","contentUrl":"https:\/\/content.carib-export.com\/wp-content\/uploads\/2022\/11\/IMG-20221110-WA0018.jpg","width":1280,"height":853,"caption":"Feature image"},{"@type":"BreadcrumbList","@id":"https:\/\/content.carib-export.com\/es\/news\/africa-and-the-caribbean-could-become-the-green-energy-producers-for-europe-in-the-future\/#breadcrumb","itemListElement":[{"@type":"ListItem","position":1,"name":"Casa","item":"https:\/\/content.carib-export.com\/es\/home\/"},{"@type":"ListItem","position":2,"name":"News","item":"https:\/\/content.carib-export.com\/es\/news\/"},{"@type":"ListItem","position":3,"name":"\u00c1frica y el Caribe podr\u00edan convertirse en los productores de energ\u00eda verde para Europa en el futuro"}]},{"@type":"WebSite","@id":"https:\/\/content.carib-export.com\/es\/#website","url":"https:\/\/content.carib-export.com\/es\/","name":"Exportaci\u00f3n del Caribe","description":"La \u00fanica agencia regional de promoci\u00f3n del comercio y las inversiones en el grupo de \u00c1frica, el Caribe y el Pac\u00edfico.","publisher":{"@id":"https:\/\/content.carib-export.com\/es\/#organization"},"potentialAction":[{"@type":"SearchAction","target":{"@type":"EntryPoint","urlTemplate":"https:\/\/content.carib-export.com\/es\/?s={search_term_string}"},"query-input":{"@type":"PropertyValueSpecification","valueRequired":true,"valueName":"search_term_string"}}],"inLanguage":"es"},{"@type":"Organization","@id":"https:\/\/content.carib-export.com\/es\/#organization","name":"Agencia de Desarrollo de Exportaciones del Caribe","url":"https:\/\/content.carib-export.com\/es\/","logo":{"@type":"ImageObject","inLanguage":"es","@id":"https:\/\/content.carib-export.com\/es\/#\/schema\/logo\/image\/","url":"https:\/\/content.carib-export.com\/wp-content\/uploads\/2013\/03\/CE-Logo-2013.jpg","contentUrl":"https:\/\/content.carib-export.com\/wp-content\/uploads\/2013\/03\/CE-Logo-2013.jpg","width":1024,"height":244,"caption":"Agencia de Desarrollo de Exportaciones del Caribe"},"image":{"@id":"https:\/\/content.carib-export.com\/es\/#\/schema\/logo\/image\/"},"sameAs":["https:\/\/www.facebook.com\/CaribbeanExport","https:\/\/x.com\/CaribXport","https:\/\/www.instagram.com\/caribbeanexport","https:\/\/www.linkedin.com\/company\/caribbeanexport","https:\/\/www.youtube.com\/user\/TheCaribbeanExport"]}]}},"_links":{"self":[{"href":"https:\/\/content.carib-export.com\/es\/wp-json\/wp\/v2\/news\/304874","targetHints":{"allow":["GET"]}}],"collection":[{"href":"https:\/\/content.carib-export.com\/es\/wp-json\/wp\/v2\/news"}],"about":[{"href":"https:\/\/content.carib-export.com\/es\/wp-json\/wp\/v2\/types\/news"}],"author":[{"embeddable":true,"href":"https:\/\/content.carib-export.com\/es\/wp-json\/wp\/v2\/users\/10"}],"version-history":[{"count":0,"href":"https:\/\/content.carib-export.com\/es\/wp-json\/wp\/v2\/news\/304874\/revisions"}],"wp:featuredmedia":[{"embeddable":true,"href":"https:\/\/content.carib-export.com\/es\/wp-json\/wp\/v2\/media\/304842"}],"wp:attachment":[{"href":"https:\/\/content.carib-export.com\/es\/wp-json\/wp\/v2\/media?parent=304874"}],"wp:term":[{"taxonomy":"post_tag","embeddable":true,"href":"https:\/\/content.carib-export.com\/es\/wp-json\/wp\/v2\/tags?post=304874"}],"curies":[{"name":"wp","href":"https:\/\/api.w.org\/{rel}","templated":true}]}}