{"id":315119,"date":"2023-10-07T13:34:00","date_gmt":"2023-10-07T17:34:00","guid":{"rendered":"https:\/\/content.carib-export.com\/news\/regional-institute-launched-to-help-micro-small-and-medium-enterprises-leverage-the-power-of-digital-technology\/"},"modified":"2023-10-07T13:38:00","modified_gmt":"2023-10-07T17:38:00","slug":"regional-institute-launched-to-help-micro-small-and-medium-enterprises-leverage-the-power-of-digital-technology","status":"publish","type":"news","link":"https:\/\/content.carib-export.com\/es\/news\/regional-institute-launched-to-help-micro-small-and-medium-enterprises-leverage-the-power-of-digital-technology\/","title":{"rendered":"Lanzamiento de un instituto regional para ayudar a las microempresas y a las PYME a aprovechar el poder de la tecnolog\u00eda digital"},"content":{"rendered":"\n<ul class=\"wp-block-list\">\n<li>Caribbean Digital Transformation Institute (CDTI) presentado oficialmente por Caribbean Export<\/li>\n\n\n\n<li>El CDTI ofrecer\u00e1 a las empresas regionales cursos online personalizados para mejorar su \u00abmadurez digital<\/li>\n\n\n\n<li>Proyecto trienal del CDTI financiado por el Banco Interamericano de Desarrollo y Compete Caribbean<\/li>\n<\/ul>\n\n<p>La Agencia de Desarrollo de las Exportaciones del Caribe (Caribbean Export) ha anunciado un nuevo proyecto de transformaci\u00f3n digital destinado a ayudar a las empresas caribe\u00f1as a utilizar plenamente la tecnolog\u00eda moderna y competir a escala mundial.<\/p>\n\n<p>El Instituto Caribe\u00f1o de Transformaci\u00f3n Digital (CDTI), de reciente creaci\u00f3n, proporcionar\u00e1 a las microempresas y a las peque\u00f1as y medianas empresas (MIPYME) de la regi\u00f3n acceso a una herramienta de autoevaluaci\u00f3n digital para evaluar su \u00abmadurez digital\u00bb y elaborar un plan de aprendizaje electr\u00f3nico a medida para mejorar sus capacidades tecnol\u00f3gicas.<\/p>\n\n<p>El proyecto, de tres a\u00f1os de duraci\u00f3n y financiado por el Banco Interamericano de Desarrollo (BID) y Compete Caribbean, tambi\u00e9n analizar\u00e1 los datos recopilados por el chequeo digital y los pondr\u00e1 a disposici\u00f3n p\u00fablica de diversas organizaciones de apoyo a las empresas y otras partes interesadas para fundamentar las decisiones pol\u00edticas que afecten a las mipymes.<\/p>\n\n<p>En su intervenci\u00f3n durante la presentaci\u00f3n oficial del CDTI el jueves 5 de octubre de 2023, el Director Ejecutivo de Caribbean Export, Deodat Maharaj, prometi\u00f3 a las empresas caribe\u00f1as participantes \u00abresultados claros y recomendaciones pr\u00e1cticas\u00bb para mejorar la digitalizaci\u00f3n, lo que se traducir\u00e1 en \u00abcrecimiento, beneficios y oportunidades\u00bb.<\/p>\n\n<p>El Sr. Maharaj afirm\u00f3 que el CDTI ofrecer\u00e1 a las empresas un apoyo y unos conocimientos inestimables, afirmando que \u00abla innovaci\u00f3n y la digitalizaci\u00f3n son absolutamente fundamentales para ayudar a nuestras empresas a competir y a adecuarse a sus fines en un mundo hipercompetitivo. Este instituto de transformaci\u00f3n digital establecer\u00e1 un programa que utilizar\u00e1 un enfoque basado en datos y conocimientos para ayudar primero a nuestras empresas caribe\u00f1as a comprender, y luego comprobar, su nivel de adopci\u00f3n de tecnolog\u00edas, pr\u00e1cticas y procesos digitales.\u00bb<\/p>\n\n<p>\u00abAnimo a todas las empresas a que dediquen tiempo a completar el chequeo\u00bb, a\u00f1adi\u00f3 el Sr. Maharaj. \u00abLos datos combinados generados por el uso generalizado crear\u00e1n un tesoro de an\u00e1lisis de datos, produciendo informaci\u00f3n procesable para todos los socios que trabajan para apoyar a nuestro sector privado a ser m\u00e1s competitivo.\u00bb<\/p>\n\n<p>La especialista l\u00edder del sector privado en el BID, Sylvia Dohnert, revel\u00f3 que la herramienta Digital Check-Up se despleg\u00f3 inicialmente en Chile en 2019 y ahora est\u00e1 funcionando en 17 pa\u00edses latinoamericanos. Sugiri\u00f3 que el an\u00e1lisis de datos de la herramienta ser\u00eda a\u00fan m\u00e1s eficaz en el Caribe, trabajando junto con la plataforma de gesti\u00f3n del aprendizaje electr\u00f3nico del CDTI, que identificar\u00e1 las lagunas de conocimientos y recomendar\u00e1 una serie de cursos de TI personalizados para las empresas.<\/p>\n\n<p>La Sra. Dohnert a\u00f1adi\u00f3: \u00abEste proyecto es el resultado de pensar c\u00f3mo traer esta herramienta al Caribe, pero llev\u00e1ndolo un paso m\u00e1s all\u00e1 al crear un plan de estudios en l\u00ednea para apoyar la mejora de las empresas&#8230;<\/p>\n\n<p>\u00abQuer\u00edamos ser capaces de dirigir a las empresas a los recursos adecuados para su estado en t\u00e9rminos de transformaci\u00f3n digital, y quer\u00edamos fortalecer el ecosistema que les apoya en su viaje digital y su viaje de innovaci\u00f3n.\u00bb<\/p>\n\n<p>Francisca Araya L\u00f3pez, del Equipo de Desarrollo del Chequeo Digital del BID, hizo una demostraci\u00f3n de la interfaz f\u00e1cil de usar de la herramienta Chequeo Digital. Afirm\u00f3 que \u00abcualquier empresa, de cualquier sector\u00bb puede utilizar la herramienta para conocer su estado de \u00abmadurez digital\u00bb y obtener una visi\u00f3n completa de d\u00f3nde se encuentra en cuanto a su uso tecnol\u00f3gico. El chequeo tambi\u00e9n puede repetirse a los tres y seis meses para que la empresa pueda seguir su progreso digital.<\/p>\n\n<p>Phillip Jackson, Asesor de Innovaci\u00f3n y Negocios Digitales de Caribbean Export, explic\u00f3 que, si bien la herramienta Digital Check-Up es el n\u00facleo del CDTI, el proyecto tiene otros componentes, entre ellos el desarrollo de un mercado de proveedores de servicios digitales para que la b\u00fasqueda del especialista pertinente sea m\u00e1s r\u00e1pida y sencilla.<\/p>\n\n<p>\u00abSe trata de un programa completo que ofrece una visi\u00f3n de 360 grados del ecosistema de la digitalizaci\u00f3n en la regi\u00f3n\u00bb, declar\u00f3 Jackson. \u00abLos datos procesables impulsar\u00e1n las intervenciones pol\u00edticas e impulsar\u00e1n productos de conocimiento en la plataforma de gesti\u00f3n del aprendizaje electr\u00f3nico y permitir\u00e1n a todas nuestras organizaciones y agencias de desarrollo del sector privado interactuar y ayudar a las empresas a lo largo de su viaje hacia la digitalizaci\u00f3n.\u00bb<\/p>\n\n<figure class=\"wp-block-embed is-type-video is-provider-youtube wp-block-embed-youtube wp-embed-aspect-16-9 wp-has-aspect-ratio\"><div class=\"wp-block-embed__wrapper\">\n<iframe loading=\"lazy\" title=\"Caribbean Digital Transformation Institute Launch\" width=\"640\" height=\"360\" src=\"https:\/\/www.youtube.com\/embed\/p3ekhx4-VEM?feature=oembed\" frameborder=\"0\" allow=\"accelerometer; autoplay; clipboard-write; encrypted-media; gyroscope; picture-in-picture; web-share\" referrerpolicy=\"strict-origin-when-cross-origin\" allowfullscreen><\/iframe>\n<\/div><figcaption class=\"wp-element-caption\">Lanzamiento del Instituto de Transformaci\u00f3n Digital del Caribe<\/figcaption><\/figure>\n","protected":false},"excerpt":{"rendered":"<p>La Agencia de Desarrollo de las Exportaciones del Caribe (Caribbean Export) ha anunciado un nuevo proyecto de transformaci\u00f3n digital destinado a ayudar a las empresas caribe\u00f1as a utilizar plenamente la tecnolog\u00eda moderna y competir a escala mundial. El Instituto Caribe\u00f1o de Transformaci\u00f3n Digital (CDTI), de reciente creaci\u00f3n, proporcionar\u00e1 a las microempresas y a las peque\u00f1as [&hellip;]<\/p>\n","protected":false},"author":9,"featured_media":315103,"menu_order":0,"template":"","tags":[],"class_list":["post-315119","news","type-news","status-publish","has-post-thumbnail","hentry"],"acf":[],"yoast_head":"<!-- This site is optimized with the Yoast SEO plugin v27.1.1 - https:\/\/yoast.com\/product\/yoast-seo-wordpress\/ -->\n<title>Lanzamiento de un instituto regional para ayudar a las microempresas y a las PYME a aprovechar el poder de la tecnolog\u00eda digital - nombre del Exportaci\u00f3n del Caribe<\/title>\n<meta name=\"description\" content=\"El lanzamiento de un nuevo proyecto de transformaci\u00f3n digital destinado a ayudar a las empresas caribe\u00f1as a utilizar plenamente la tecnolog\u00eda moderna y competir a escala mundial.\" \/>\n<meta name=\"robots\" content=\"index, follow, max-snippet:-1, max-image-preview:large, max-video-preview:-1\" \/>\n<link rel=\"canonical\" href=\"https:\/\/content.carib-export.com\/es\/news\/regional-institute-launched-to-help-micro-small-and-medium-enterprises-leverage-the-power-of-digital-technology\/\" \/>\n<meta property=\"og:locale\" content=\"es_ES\" \/>\n<meta property=\"og:type\" content=\"article\" \/>\n<meta property=\"og:title\" content=\"Lanzamiento de un instituto regional para ayudar a las microempresas y a las PYME a aprovechar el poder de la tecnolog\u00eda digital\" \/>\n<meta property=\"og:description\" content=\"El lanzamiento de un nuevo proyecto de transformaci\u00f3n digital destinado a ayudar a las empresas caribe\u00f1as a utilizar plenamente la tecnolog\u00eda moderna y competir a escala mundial.\" \/>\n<meta property=\"og:url\" content=\"https:\/\/content.carib-export.com\/es\/news\/regional-institute-launched-to-help-micro-small-and-medium-enterprises-leverage-the-power-of-digital-technology\/\" \/>\n<meta property=\"og:site_name\" content=\"Exportaci\u00f3n del Caribe\" \/>\n<meta property=\"article:publisher\" content=\"https:\/\/www.facebook.com\/CaribbeanExport\" \/>\n<meta property=\"article:modified_time\" content=\"2023-10-07T17:38:00+00:00\" \/>\n<meta property=\"og:image\" content=\"https:\/\/content.carib-export.com\/wp-content\/uploads\/2023\/10\/CDTI-Luanch-graphic-landscape-1024x576.png\" \/>\n<meta name=\"twitter:card\" content=\"summary_large_image\" \/>\n<meta name=\"twitter:title\" content=\"Lanzamiento de un instituto regional para ayudar a las microempresas y a las PYME a aprovechar el poder de la tecnolog\u00eda digital\" \/>\n<meta name=\"twitter:description\" content=\"El lanzamiento de un nuevo proyecto de transformaci\u00f3n digital destinado a ayudar a las empresas caribe\u00f1as a utilizar plenamente la tecnolog\u00eda moderna y competir a escala mundial.\" \/>\n<meta name=\"twitter:image\" content=\"https:\/\/content.carib-export.com\/wp-content\/uploads\/2023\/10\/CDTI-Luanch-graphic-landscape-1024x576.png\" \/>\n<meta name=\"twitter:site\" content=\"@CaribXport\" \/>\n<meta name=\"twitter:label1\" content=\"Tiempo de lectura\" \/>\n\t<meta name=\"twitter:data1\" content=\"4 minutos\" \/>\n<script type=\"application\/ld+json\" class=\"yoast-schema-graph\">{\"@context\":\"https:\/\/schema.org\",\"@graph\":[{\"@type\":\"WebPage\",\"@id\":\"https:\/\/content.carib-export.com\/es\/news\/regional-institute-launched-to-help-micro-small-and-medium-enterprises-leverage-the-power-of-digital-technology\/\",\"url\":\"https:\/\/content.carib-export.com\/es\/news\/regional-institute-launched-to-help-micro-small-and-medium-enterprises-leverage-the-power-of-digital-technology\/\",\"name\":\"Lanzamiento de un instituto regional para ayudar a las microempresas y a las PYME a aprovechar el poder de la tecnolog\u00eda digital - nombre del Exportaci\u00f3n del Caribe\",\"isPartOf\":{\"@id\":\"https:\/\/content.carib-export.com\/es\/#website\"},\"primaryImageOfPage\":{\"@id\":\"https:\/\/content.carib-export.com\/es\/news\/regional-institute-launched-to-help-micro-small-and-medium-enterprises-leverage-the-power-of-digital-technology\/#primaryimage\"},\"image\":{\"@id\":\"https:\/\/content.carib-export.com\/es\/news\/regional-institute-launched-to-help-micro-small-and-medium-enterprises-leverage-the-power-of-digital-technology\/#primaryimage\"},\"thumbnailUrl\":\"https:\/\/content.carib-export.com\/wp-content\/uploads\/2023\/10\/CDTI-Luanch-graphic-landscape.png\",\"datePublished\":\"2023-10-07T17:34:00+00:00\",\"dateModified\":\"2023-10-07T17:38:00+00:00\",\"description\":\"El lanzamiento de un nuevo proyecto de transformaci\u00f3n digital destinado a ayudar a las empresas caribe\u00f1as a utilizar plenamente la tecnolog\u00eda moderna y competir a escala mundial.\",\"breadcrumb\":{\"@id\":\"https:\/\/content.carib-export.com\/es\/news\/regional-institute-launched-to-help-micro-small-and-medium-enterprises-leverage-the-power-of-digital-technology\/#breadcrumb\"},\"inLanguage\":\"es\",\"potentialAction\":[{\"@type\":\"ReadAction\",\"target\":[\"https:\/\/content.carib-export.com\/es\/news\/regional-institute-launched-to-help-micro-small-and-medium-enterprises-leverage-the-power-of-digital-technology\/\"]}]},{\"@type\":\"ImageObject\",\"inLanguage\":\"es\",\"@id\":\"https:\/\/content.carib-export.com\/es\/news\/regional-institute-launched-to-help-micro-small-and-medium-enterprises-leverage-the-power-of-digital-technology\/#primaryimage\",\"url\":\"https:\/\/content.carib-export.com\/wp-content\/uploads\/2023\/10\/CDTI-Luanch-graphic-landscape.png\",\"contentUrl\":\"https:\/\/content.carib-export.com\/wp-content\/uploads\/2023\/10\/CDTI-Luanch-graphic-landscape.png\",\"width\":1920,\"height\":1080},{\"@type\":\"BreadcrumbList\",\"@id\":\"https:\/\/content.carib-export.com\/es\/news\/regional-institute-launched-to-help-micro-small-and-medium-enterprises-leverage-the-power-of-digital-technology\/#breadcrumb\",\"itemListElement\":[{\"@type\":\"ListItem\",\"position\":1,\"name\":\"Casa\",\"item\":\"https:\/\/content.carib-export.com\/es\/home\/\"},{\"@type\":\"ListItem\",\"position\":2,\"name\":\"News\",\"item\":\"https:\/\/content.carib-export.com\/es\/news\/\"},{\"@type\":\"ListItem\",\"position\":3,\"name\":\"Lanzamiento de un instituto regional para ayudar a las microempresas y a las PYME a aprovechar el poder de la tecnolog\u00eda digital\"}]},{\"@type\":\"WebSite\",\"@id\":\"https:\/\/content.carib-export.com\/es\/#website\",\"url\":\"https:\/\/content.carib-export.com\/es\/\",\"name\":\"Exportaci\u00f3n del Caribe\",\"description\":\"La \u00fanica agencia regional de promoci\u00f3n del comercio y las inversiones en el grupo de \u00c1frica, el Caribe y el Pac\u00edfico.\",\"publisher\":{\"@id\":\"https:\/\/content.carib-export.com\/es\/#organization\"},\"potentialAction\":[{\"@type\":\"SearchAction\",\"target\":{\"@type\":\"EntryPoint\",\"urlTemplate\":\"https:\/\/content.carib-export.com\/es\/?s={search_term_string}\"},\"query-input\":{\"@type\":\"PropertyValueSpecification\",\"valueRequired\":true,\"valueName\":\"search_term_string\"}}],\"inLanguage\":\"es\"},{\"@type\":\"Organization\",\"@id\":\"https:\/\/content.carib-export.com\/es\/#organization\",\"name\":\"Agencia de Desarrollo de Exportaciones del Caribe\",\"url\":\"https:\/\/content.carib-export.com\/es\/\",\"logo\":{\"@type\":\"ImageObject\",\"inLanguage\":\"es\",\"@id\":\"https:\/\/content.carib-export.com\/es\/#\/schema\/logo\/image\/\",\"url\":\"https:\/\/content.carib-export.com\/wp-content\/uploads\/2013\/03\/CE-Logo-2013.jpg\",\"contentUrl\":\"https:\/\/content.carib-export.com\/wp-content\/uploads\/2013\/03\/CE-Logo-2013.jpg\",\"width\":1024,\"height\":244,\"caption\":\"Agencia de Desarrollo de Exportaciones del Caribe\"},\"image\":{\"@id\":\"https:\/\/content.carib-export.com\/es\/#\/schema\/logo\/image\/\"},\"sameAs\":[\"https:\/\/www.facebook.com\/CaribbeanExport\",\"https:\/\/x.com\/CaribXport\",\"https:\/\/www.instagram.com\/caribbeanexport\",\"https:\/\/www.linkedin.com\/company\/caribbeanexport\",\"https:\/\/www.youtube.com\/user\/TheCaribbeanExport\"]}]}<\/script>\n<!-- \/ Yoast SEO plugin. -->","yoast_head_json":{"title":"Lanzamiento de un instituto regional para ayudar a las microempresas y a las PYME a aprovechar el poder de la tecnolog\u00eda digital - nombre del Exportaci\u00f3n del Caribe","description":"El lanzamiento de un nuevo proyecto de transformaci\u00f3n digital destinado a ayudar a las empresas caribe\u00f1as a utilizar plenamente la tecnolog\u00eda moderna y competir a escala mundial.","robots":{"index":"index","follow":"follow","max-snippet":"max-snippet:-1","max-image-preview":"max-image-preview:large","max-video-preview":"max-video-preview:-1"},"canonical":"https:\/\/content.carib-export.com\/es\/news\/regional-institute-launched-to-help-micro-small-and-medium-enterprises-leverage-the-power-of-digital-technology\/","og_locale":"es_ES","og_type":"article","og_title":"Lanzamiento de un instituto regional para ayudar a las microempresas y a las PYME a aprovechar el poder de la tecnolog\u00eda digital","og_description":"El lanzamiento de un nuevo proyecto de transformaci\u00f3n digital destinado a ayudar a las empresas caribe\u00f1as a utilizar plenamente la tecnolog\u00eda moderna y competir a escala mundial.","og_url":"https:\/\/content.carib-export.com\/es\/news\/regional-institute-launched-to-help-micro-small-and-medium-enterprises-leverage-the-power-of-digital-technology\/","og_site_name":"Exportaci\u00f3n del Caribe","article_publisher":"https:\/\/www.facebook.com\/CaribbeanExport","article_modified_time":"2023-10-07T17:38:00+00:00","og_image":[{"url":"https:\/\/content.carib-export.com\/wp-content\/uploads\/2023\/10\/CDTI-Luanch-graphic-landscape-1024x576.png","type":"","width":"","height":""}],"twitter_card":"summary_large_image","twitter_title":"Lanzamiento de un instituto regional para ayudar a las microempresas y a las PYME a aprovechar el poder de la tecnolog\u00eda digital","twitter_description":"El lanzamiento de un nuevo proyecto de transformaci\u00f3n digital destinado a ayudar a las empresas caribe\u00f1as a utilizar plenamente la tecnolog\u00eda moderna y competir a escala mundial.","twitter_image":"https:\/\/content.carib-export.com\/wp-content\/uploads\/2023\/10\/CDTI-Luanch-graphic-landscape-1024x576.png","twitter_site":"@CaribXport","twitter_misc":{"Tiempo de lectura":"4 minutos"},"schema":{"@context":"https:\/\/schema.org","@graph":[{"@type":"WebPage","@id":"https:\/\/content.carib-export.com\/es\/news\/regional-institute-launched-to-help-micro-small-and-medium-enterprises-leverage-the-power-of-digital-technology\/","url":"https:\/\/content.carib-export.com\/es\/news\/regional-institute-launched-to-help-micro-small-and-medium-enterprises-leverage-the-power-of-digital-technology\/","name":"Lanzamiento de un instituto regional para ayudar a las microempresas y a las PYME a aprovechar el poder de la tecnolog\u00eda digital - nombre del Exportaci\u00f3n del Caribe","isPartOf":{"@id":"https:\/\/content.carib-export.com\/es\/#website"},"primaryImageOfPage":{"@id":"https:\/\/content.carib-export.com\/es\/news\/regional-institute-launched-to-help-micro-small-and-medium-enterprises-leverage-the-power-of-digital-technology\/#primaryimage"},"image":{"@id":"https:\/\/content.carib-export.com\/es\/news\/regional-institute-launched-to-help-micro-small-and-medium-enterprises-leverage-the-power-of-digital-technology\/#primaryimage"},"thumbnailUrl":"https:\/\/content.carib-export.com\/wp-content\/uploads\/2023\/10\/CDTI-Luanch-graphic-landscape.png","datePublished":"2023-10-07T17:34:00+00:00","dateModified":"2023-10-07T17:38:00+00:00","description":"El lanzamiento de un nuevo proyecto de transformaci\u00f3n digital destinado a ayudar a las empresas caribe\u00f1as a utilizar plenamente la tecnolog\u00eda moderna y competir a escala mundial.","breadcrumb":{"@id":"https:\/\/content.carib-export.com\/es\/news\/regional-institute-launched-to-help-micro-small-and-medium-enterprises-leverage-the-power-of-digital-technology\/#breadcrumb"},"inLanguage":"es","potentialAction":[{"@type":"ReadAction","target":["https:\/\/content.carib-export.com\/es\/news\/regional-institute-launched-to-help-micro-small-and-medium-enterprises-leverage-the-power-of-digital-technology\/"]}]},{"@type":"ImageObject","inLanguage":"es","@id":"https:\/\/content.carib-export.com\/es\/news\/regional-institute-launched-to-help-micro-small-and-medium-enterprises-leverage-the-power-of-digital-technology\/#primaryimage","url":"https:\/\/content.carib-export.com\/wp-content\/uploads\/2023\/10\/CDTI-Luanch-graphic-landscape.png","contentUrl":"https:\/\/content.carib-export.com\/wp-content\/uploads\/2023\/10\/CDTI-Luanch-graphic-landscape.png","width":1920,"height":1080},{"@type":"BreadcrumbList","@id":"https:\/\/content.carib-export.com\/es\/news\/regional-institute-launched-to-help-micro-small-and-medium-enterprises-leverage-the-power-of-digital-technology\/#breadcrumb","itemListElement":[{"@type":"ListItem","position":1,"name":"Casa","item":"https:\/\/content.carib-export.com\/es\/home\/"},{"@type":"ListItem","position":2,"name":"News","item":"https:\/\/content.carib-export.com\/es\/news\/"},{"@type":"ListItem","position":3,"name":"Lanzamiento de un instituto regional para ayudar a las microempresas y a las PYME a aprovechar el poder de la tecnolog\u00eda digital"}]},{"@type":"WebSite","@id":"https:\/\/content.carib-export.com\/es\/#website","url":"https:\/\/content.carib-export.com\/es\/","name":"Exportaci\u00f3n del Caribe","description":"La \u00fanica agencia regional de promoci\u00f3n del comercio y las inversiones en el grupo de \u00c1frica, el Caribe y el Pac\u00edfico.","publisher":{"@id":"https:\/\/content.carib-export.com\/es\/#organization"},"potentialAction":[{"@type":"SearchAction","target":{"@type":"EntryPoint","urlTemplate":"https:\/\/content.carib-export.com\/es\/?s={search_term_string}"},"query-input":{"@type":"PropertyValueSpecification","valueRequired":true,"valueName":"search_term_string"}}],"inLanguage":"es"},{"@type":"Organization","@id":"https:\/\/content.carib-export.com\/es\/#organization","name":"Agencia de Desarrollo de Exportaciones del Caribe","url":"https:\/\/content.carib-export.com\/es\/","logo":{"@type":"ImageObject","inLanguage":"es","@id":"https:\/\/content.carib-export.com\/es\/#\/schema\/logo\/image\/","url":"https:\/\/content.carib-export.com\/wp-content\/uploads\/2013\/03\/CE-Logo-2013.jpg","contentUrl":"https:\/\/content.carib-export.com\/wp-content\/uploads\/2013\/03\/CE-Logo-2013.jpg","width":1024,"height":244,"caption":"Agencia de Desarrollo de Exportaciones del Caribe"},"image":{"@id":"https:\/\/content.carib-export.com\/es\/#\/schema\/logo\/image\/"},"sameAs":["https:\/\/www.facebook.com\/CaribbeanExport","https:\/\/x.com\/CaribXport","https:\/\/www.instagram.com\/caribbeanexport","https:\/\/www.linkedin.com\/company\/caribbeanexport","https:\/\/www.youtube.com\/user\/TheCaribbeanExport"]}]}},"_links":{"self":[{"href":"https:\/\/content.carib-export.com\/es\/wp-json\/wp\/v2\/news\/315119","targetHints":{"allow":["GET"]}}],"collection":[{"href":"https:\/\/content.carib-export.com\/es\/wp-json\/wp\/v2\/news"}],"about":[{"href":"https:\/\/content.carib-export.com\/es\/wp-json\/wp\/v2\/types\/news"}],"author":[{"embeddable":true,"href":"https:\/\/content.carib-export.com\/es\/wp-json\/wp\/v2\/users\/9"}],"version-history":[{"count":0,"href":"https:\/\/content.carib-export.com\/es\/wp-json\/wp\/v2\/news\/315119\/revisions"}],"wp:featuredmedia":[{"embeddable":true,"href":"https:\/\/content.carib-export.com\/es\/wp-json\/wp\/v2\/media\/315103"}],"wp:attachment":[{"href":"https:\/\/content.carib-export.com\/es\/wp-json\/wp\/v2\/media?parent=315119"}],"wp:term":[{"taxonomy":"post_tag","embeddable":true,"href":"https:\/\/content.carib-export.com\/es\/wp-json\/wp\/v2\/tags?post=315119"}],"curies":[{"name":"wp","href":"https:\/\/api.w.org\/{rel}","templated":true}]}}