{"id":315386,"date":"2023-10-24T02:49:51","date_gmt":"2023-10-24T06:49:51","guid":{"rendered":"https:\/\/content.carib-export.com\/news\/launch-of-the-caribbean-investment-forum-2023-unveils-a-visionary-era-for-caribbean-development\/"},"modified":"2023-10-24T02:58:58","modified_gmt":"2023-10-24T06:58:58","slug":"launch-of-the-caribbean-investment-forum-2023-unveils-a-visionary-era-for-caribbean-development","status":"publish","type":"news","link":"https:\/\/content.carib-export.com\/es\/news\/launch-of-the-caribbean-investment-forum-2023-unveils-a-visionary-era-for-caribbean-development\/","title":{"rendered":"El lanzamiento del Foro de Inversi\u00f3n del Caribe 2023 desvela una era visionaria para el desarrollo caribe\u00f1o"},"content":{"rendered":"\n<blockquote class=\"wp-block-quote is-layout-flow wp-block-quote-is-layout-flow\">\n<p>El Foro de Inversiones del Caribe (FIC) 2023 se inici\u00f3 con un gran acto de presentaci\u00f3n en Atlantis, en las pintorescas Bahamas, que sent\u00f3 las bases de lo que se espera sea una plataforma transformadora para las empresas, las inversiones y las alianzas estrat\u00e9gicas en toda la regi\u00f3n del Caribe. Moderado por Anastarcia Palacios, el acto de presentaci\u00f3n cont\u00f3 con la presencia de distinguidos l\u00edderes, presentaciones perspicaces y una visi\u00f3n clara del futuro del comercio y la inversi\u00f3n en el Caribe.<\/p>\n\n\n\n<p>Presentado a trav\u00e9s de los esfuerzos de colaboraci\u00f3n de la Agencia de Desarrollo de las Exportaciones del Caribe, la Uni\u00f3n Europea, el Gobierno de Bahamas, la Secretar\u00eda de CARICOM y el Banco de Desarrollo del Caribe, CIF<ins> <\/ins>es un hito importante para las empresas caribe\u00f1as.<\/p>\n\n\n\n<p>Bajo el lema \u00abUn nuevo Caribe audaz\u00bb, el CIF ha dirigido su atenci\u00f3n hacia \u00e1reas cr\u00edticas para el desarrollo del Caribe, como la tecnolog\u00eda agr\u00edcola, las energ\u00edas renovables, los negocios digitales (comercio electr\u00f3nico, innovaci\u00f3n y FinTech) y la log\u00edstica y el transporte.<\/p>\n\n\n\n<p>Deodat Maharaj, Director Ejecutivo de la Agencia de Desarrollo de las Exportaciones del Caribe, marc\u00f3 la pauta del evento, destacando la CIF como la reuni\u00f3n preeminente de empresas e inversores del Caribe para este a\u00f1o. \u00abEl mantra de Caribbean Export es menos palabras y m\u00e1s negocios, y esta ser\u00e1 la base de CIF 2023, ya que buscamos impulsar una agenda verdaderamente transformadora para nuestra regi\u00f3n, con las empresas desempe\u00f1ando un papel central de liderazgo para crear empleos y oportunidades para nuestra gente.\u00bb<\/p>\n\n\n\n<p>El Sr. Maharaj ahond\u00f3 en el imperativo crucial de la transici\u00f3n hacia una econom\u00eda verde y las posibilidades de transformaci\u00f3n que ofrece a una regi\u00f3n que lidia con la vulnerabilidad clim\u00e1tica y una deuda considerable. Explic\u00f3 que \u00abde lo que no se habla lo suficiente es de las oportunidades potenciales de crecimiento del sector privado en una transici\u00f3n hacia una econom\u00eda verde&#8230; se calcula que la descarbonizaci\u00f3n contribuir\u00e1 a crear unos 400.000 puestos de trabajo\u00bb.<\/p>\n\n\n\n<p>Los FIC se concibieron como un catalizador del cambio y la oportunidad, un veh\u00edculo para acelerar el desarrollo del Caribe y remodelar el futuro de la regi\u00f3n. La Presidenta de la Agencia de Desarrollo de las Exportaciones del Caribe, la Dra. Lynette Holder, destac\u00f3 en su intervenci\u00f3n que el acto \u00absimboliza un cambio notable en nuestro enfoque colectivo para garantizar las inversiones vitales necesarias para el desarrollo econ\u00f3mico y la diversificaci\u00f3n de nuestra querida regi\u00f3n\u00bb.<\/p>\n\n\n\n<p>El Honorable Chester Cooper, Viceprimer Ministro y Ministro de Turismo, Aviaci\u00f3n e Inversiones, present\u00f3 al distinguido Primer Ministro de Bahamas, el Honorable Philip Edward Brave Davis. En su calidad de Jefe de Estado del pa\u00eds anfitri\u00f3n de los FIC, el Primer Ministro Davis dio una cordial bienvenida a los asistentes y destac\u00f3 las perspectivas de inversi\u00f3n en el Caribe, con especial atenci\u00f3n a Bahamas.<\/p>\n\n\n\n<p>Aplaudi\u00f3 el potencial de sectores como el turismo, la energ\u00eda, la log\u00edstica, la agricultura y los servicios financieros, y explic\u00f3 los factores que hacen de Bahamas un destino atractivo para la inversi\u00f3n, como una mano de obra cualificada, la proximidad estrat\u00e9gica a Estados Unidos y la neutralidad fiscal.<\/p>\n\n\n\n<p>La Dra. Carla N. Barnett, Secretaria General de la Secretar\u00eda de la CARICOM, subray\u00f3 la importancia monumental de los FIC a la hora de forjar alianzas estrat\u00e9gicas y canalizar inversiones para la prosperidad del Caribe. Hacer hincapi\u00e9 en la necesidad imperiosa de fomentar un entorno empresarial propicio y atraer inversiones tanto intrarregionales como extranjeras para impulsar un crecimiento econ\u00f3mico sostenible. El Dr. Barnett inst\u00f3 a los asistentes a aprovechar todo el espectro de oportunidades que ofrece el Caribe. \u00abAl reunirnos aqu\u00ed en esta ocasi\u00f3n trascendental, les imploro a todos y cada uno de ustedes que aprovechen esta oportunidad como el primer paso de un plan mayor. Establezca las relaciones que generar\u00e1n un cambio duradero. Red con intenci\u00f3n. Aseg\u00farese de que se muestra toda la gama de oportunidades que ofrece el Caribe\u00bb.<\/p>\n\n\n\n<p>Su Excelencia Marianne Van Steen, Embajadora en las Bahamas, Belice, Jamaica, las Islas Caim\u00e1n y las Islas Turcas y Caicos, destac\u00f3 la s\u00f3lida asociaci\u00f3n entre el Caribe y la Uni\u00f3n Europea. En su intervenci\u00f3n, la Excma. Sra. Van Steen subray\u00f3 la importancia crucial de la Estrategia de Pasarela Global de la Uni\u00f3n Europea, cuyo objetivo es reducir la brecha de inversi\u00f3n y reforzar las inversiones transformadoras, especialmente en energ\u00edas limpias y sostenibles, infraestructuras de transporte y transformaci\u00f3n digital. Adem\u00e1s, el Embajador comparti\u00f3 que \u00abla pr\u00f3xima firma en Barbados, el mes que viene, de un acuerdo entre la Uni\u00f3n Europea y Caribbean Export, por el que la UE proporcionar\u00e1 una subvenci\u00f3n de 8 millones de euros para apoyar a las empresas caribe\u00f1as en su transformaci\u00f3n digital, transici\u00f3n verde, mejorar el acceso a la financiaci\u00f3n, y para ayudarles a navegar por el AAE. Esto se suma a los m\u00e1s de 50 millones de euros que la UE ha proporcionado a Caribbean Export en la \u00faltima d\u00e9cada.\u00bb<\/p>\n\n\n\n<p>La Directora de Proyectos del Banco de Desarrollo del Caribe (BDC), Therese Turner-Jones, hizo hincapi\u00e9 en la necesidad de asociaciones, inversi\u00f3n en infraestructuras y una nueva mentalidad para la regi\u00f3n caribe\u00f1a. Refiri\u00e9ndose al impacto de la pandemia COVID-19 en la regi\u00f3n, comparti\u00f3 \u00ab&#8230;tenemos que pensar a lo grande: si hemos aprendido algo de los \u00faltimos tres a\u00f1os viviendo una pandemia, la lecci\u00f3n debe ser que no se puede seguir actuando como siempre\u00bb.<\/p>\n\n\n\n<p>Las sesiones, reuniones y lanzamientos del Foro de Inversi\u00f3n del Caribe 2023 comienzan ma\u00f1ana 24 de octubre de 2023, donde cientos de asistentes se re\u00fanen con un \u00e9nfasis en la acci\u00f3n, la colaboraci\u00f3n y la b\u00fasqueda de inversiones transformadoras que impulsen el crecimiento y la prosperidad del Caribe.<\/p>\n\n\n\n<p>M\u00e1s informaci\u00f3n sobre el Foro de Inversi\u00f3n del Caribe 2023 en <a href=\"http:\/\/www.caribbeaninvestmentforum.com\/\">www.caribbeaninvestmentforum.com<\/a><\/p>\n<\/blockquote>\n","protected":false},"excerpt":{"rendered":"<p>El Foro de Inversiones del Caribe (FIC) 2023 se inici\u00f3 con un gran acto de presentaci\u00f3n en Atlantis, en las pintorescas Bahamas, que sent\u00f3 las bases de lo que se espera sea una plataforma transformadora para las empresas, las inversiones y las alianzas estrat\u00e9gicas en toda la regi\u00f3n del Caribe. Moderado por Anastarcia Palacios, el [&hellip;]<\/p>\n","protected":false},"author":10,"featured_media":315323,"menu_order":0,"template":"","tags":[],"class_list":["post-315386","news","type-news","status-publish","has-post-thumbnail","hentry"],"acf":[],"yoast_head":"<!-- This site is optimized with the Yoast SEO plugin v27.1.1 - https:\/\/yoast.com\/product\/yoast-seo-wordpress\/ -->\n<title>El lanzamiento del Foro de Inversi\u00f3n del Caribe 2023 desvela una era visionaria para el desarrollo caribe\u00f1o - nombre del Exportaci\u00f3n del Caribe<\/title>\n<meta name=\"description\" content=\"El Foro de Inversiones del Caribe (FIC) 2023 se inaugur\u00f3 con un gran evento en Atlantis, en las pintorescas Bahamas.\" \/>\n<meta name=\"robots\" content=\"index, follow, max-snippet:-1, max-image-preview:large, max-video-preview:-1\" \/>\n<link rel=\"canonical\" href=\"https:\/\/content.carib-export.com\/es\/news\/launch-of-the-caribbean-investment-forum-2023-unveils-a-visionary-era-for-caribbean-development\/\" \/>\n<meta property=\"og:locale\" content=\"es_ES\" \/>\n<meta property=\"og:type\" content=\"article\" \/>\n<meta property=\"og:title\" content=\"El lanzamiento del Foro de Inversi\u00f3n del Caribe 2023 desvela una era visionaria para el desarrollo caribe\u00f1o - nombre del Exportaci\u00f3n del Caribe\" \/>\n<meta property=\"og:description\" content=\"El Foro de Inversiones del Caribe (FIC) 2023 se inaugur\u00f3 con un gran evento en Atlantis, en las pintorescas Bahamas.\" \/>\n<meta property=\"og:url\" content=\"https:\/\/content.carib-export.com\/es\/news\/launch-of-the-caribbean-investment-forum-2023-unveils-a-visionary-era-for-caribbean-development\/\" \/>\n<meta property=\"og:site_name\" content=\"Exportaci\u00f3n del Caribe\" \/>\n<meta property=\"article:publisher\" content=\"https:\/\/www.facebook.com\/CaribbeanExport\" \/>\n<meta property=\"article:modified_time\" content=\"2023-10-24T06:58:58+00:00\" \/>\n<meta property=\"og:image\" content=\"https:\/\/content.carib-export.com\/wp-content\/uploads\/2023\/10\/Emani-Photography-9-scaled-e1698963074819.jpg\" \/>\n\t<meta property=\"og:image:width\" content=\"2560\" \/>\n\t<meta property=\"og:image:height\" content=\"1703\" \/>\n\t<meta property=\"og:image:type\" content=\"image\/jpeg\" \/>\n<meta name=\"twitter:card\" content=\"summary_large_image\" \/>\n<meta name=\"twitter:site\" content=\"@CaribXport\" \/>\n<meta name=\"twitter:label1\" content=\"Tiempo de lectura\" \/>\n\t<meta name=\"twitter:data1\" content=\"5 minutos\" \/>\n<script type=\"application\/ld+json\" class=\"yoast-schema-graph\">{\"@context\":\"https:\/\/schema.org\",\"@graph\":[{\"@type\":\"WebPage\",\"@id\":\"https:\/\/content.carib-export.com\/es\/news\/launch-of-the-caribbean-investment-forum-2023-unveils-a-visionary-era-for-caribbean-development\/\",\"url\":\"https:\/\/content.carib-export.com\/es\/news\/launch-of-the-caribbean-investment-forum-2023-unveils-a-visionary-era-for-caribbean-development\/\",\"name\":\"El lanzamiento del Foro de Inversi\u00f3n del Caribe 2023 desvela una era visionaria para el desarrollo caribe\u00f1o - nombre del Exportaci\u00f3n del Caribe\",\"isPartOf\":{\"@id\":\"https:\/\/content.carib-export.com\/es\/#website\"},\"primaryImageOfPage\":{\"@id\":\"https:\/\/content.carib-export.com\/es\/news\/launch-of-the-caribbean-investment-forum-2023-unveils-a-visionary-era-for-caribbean-development\/#primaryimage\"},\"image\":{\"@id\":\"https:\/\/content.carib-export.com\/es\/news\/launch-of-the-caribbean-investment-forum-2023-unveils-a-visionary-era-for-caribbean-development\/#primaryimage\"},\"thumbnailUrl\":\"https:\/\/content.carib-export.com\/wp-content\/uploads\/2023\/10\/Emani-Photography-9-scaled-e1698963074819.jpg\",\"datePublished\":\"2023-10-24T06:49:51+00:00\",\"dateModified\":\"2023-10-24T06:58:58+00:00\",\"description\":\"El Foro de Inversiones del Caribe (FIC) 2023 se inaugur\u00f3 con un gran evento en Atlantis, en las pintorescas Bahamas.\",\"breadcrumb\":{\"@id\":\"https:\/\/content.carib-export.com\/es\/news\/launch-of-the-caribbean-investment-forum-2023-unveils-a-visionary-era-for-caribbean-development\/#breadcrumb\"},\"inLanguage\":\"es\",\"potentialAction\":[{\"@type\":\"ReadAction\",\"target\":[\"https:\/\/content.carib-export.com\/es\/news\/launch-of-the-caribbean-investment-forum-2023-unveils-a-visionary-era-for-caribbean-development\/\"]}]},{\"@type\":\"ImageObject\",\"inLanguage\":\"es\",\"@id\":\"https:\/\/content.carib-export.com\/es\/news\/launch-of-the-caribbean-investment-forum-2023-unveils-a-visionary-era-for-caribbean-development\/#primaryimage\",\"url\":\"https:\/\/content.carib-export.com\/wp-content\/uploads\/2023\/10\/Emani-Photography-9-scaled-e1698963074819.jpg\",\"contentUrl\":\"https:\/\/content.carib-export.com\/wp-content\/uploads\/2023\/10\/Emani-Photography-9-scaled-e1698963074819.jpg\",\"width\":2560,\"height\":1703},{\"@type\":\"BreadcrumbList\",\"@id\":\"https:\/\/content.carib-export.com\/es\/news\/launch-of-the-caribbean-investment-forum-2023-unveils-a-visionary-era-for-caribbean-development\/#breadcrumb\",\"itemListElement\":[{\"@type\":\"ListItem\",\"position\":1,\"name\":\"Casa\",\"item\":\"https:\/\/content.carib-export.com\/es\/home\/\"},{\"@type\":\"ListItem\",\"position\":2,\"name\":\"News\",\"item\":\"https:\/\/content.carib-export.com\/es\/news\/\"},{\"@type\":\"ListItem\",\"position\":3,\"name\":\"El lanzamiento del Foro de Inversi\u00f3n del Caribe 2023 desvela una era visionaria para el desarrollo caribe\u00f1o\"}]},{\"@type\":\"WebSite\",\"@id\":\"https:\/\/content.carib-export.com\/es\/#website\",\"url\":\"https:\/\/content.carib-export.com\/es\/\",\"name\":\"Exportaci\u00f3n del Caribe\",\"description\":\"La \u00fanica agencia regional de promoci\u00f3n del comercio y las inversiones en el grupo de \u00c1frica, el Caribe y el Pac\u00edfico.\",\"publisher\":{\"@id\":\"https:\/\/content.carib-export.com\/es\/#organization\"},\"potentialAction\":[{\"@type\":\"SearchAction\",\"target\":{\"@type\":\"EntryPoint\",\"urlTemplate\":\"https:\/\/content.carib-export.com\/es\/?s={search_term_string}\"},\"query-input\":{\"@type\":\"PropertyValueSpecification\",\"valueRequired\":true,\"valueName\":\"search_term_string\"}}],\"inLanguage\":\"es\"},{\"@type\":\"Organization\",\"@id\":\"https:\/\/content.carib-export.com\/es\/#organization\",\"name\":\"Agencia de Desarrollo de Exportaciones del Caribe\",\"url\":\"https:\/\/content.carib-export.com\/es\/\",\"logo\":{\"@type\":\"ImageObject\",\"inLanguage\":\"es\",\"@id\":\"https:\/\/content.carib-export.com\/es\/#\/schema\/logo\/image\/\",\"url\":\"https:\/\/content.carib-export.com\/wp-content\/uploads\/2013\/03\/CE-Logo-2013.jpg\",\"contentUrl\":\"https:\/\/content.carib-export.com\/wp-content\/uploads\/2013\/03\/CE-Logo-2013.jpg\",\"width\":1024,\"height\":244,\"caption\":\"Agencia de Desarrollo de Exportaciones del Caribe\"},\"image\":{\"@id\":\"https:\/\/content.carib-export.com\/es\/#\/schema\/logo\/image\/\"},\"sameAs\":[\"https:\/\/www.facebook.com\/CaribbeanExport\",\"https:\/\/x.com\/CaribXport\",\"https:\/\/www.instagram.com\/caribbeanexport\",\"https:\/\/www.linkedin.com\/company\/caribbeanexport\",\"https:\/\/www.youtube.com\/user\/TheCaribbeanExport\"]}]}<\/script>\n<!-- \/ Yoast SEO plugin. -->","yoast_head_json":{"title":"El lanzamiento del Foro de Inversi\u00f3n del Caribe 2023 desvela una era visionaria para el desarrollo caribe\u00f1o - nombre del Exportaci\u00f3n del Caribe","description":"El Foro de Inversiones del Caribe (FIC) 2023 se inaugur\u00f3 con un gran evento en Atlantis, en las pintorescas Bahamas.","robots":{"index":"index","follow":"follow","max-snippet":"max-snippet:-1","max-image-preview":"max-image-preview:large","max-video-preview":"max-video-preview:-1"},"canonical":"https:\/\/content.carib-export.com\/es\/news\/launch-of-the-caribbean-investment-forum-2023-unveils-a-visionary-era-for-caribbean-development\/","og_locale":"es_ES","og_type":"article","og_title":"El lanzamiento del Foro de Inversi\u00f3n del Caribe 2023 desvela una era visionaria para el desarrollo caribe\u00f1o - nombre del Exportaci\u00f3n del Caribe","og_description":"El Foro de Inversiones del Caribe (FIC) 2023 se inaugur\u00f3 con un gran evento en Atlantis, en las pintorescas Bahamas.","og_url":"https:\/\/content.carib-export.com\/es\/news\/launch-of-the-caribbean-investment-forum-2023-unveils-a-visionary-era-for-caribbean-development\/","og_site_name":"Exportaci\u00f3n del Caribe","article_publisher":"https:\/\/www.facebook.com\/CaribbeanExport","article_modified_time":"2023-10-24T06:58:58+00:00","og_image":[{"width":2560,"height":1703,"url":"https:\/\/content.carib-export.com\/wp-content\/uploads\/2023\/10\/Emani-Photography-9-scaled-e1698963074819.jpg","type":"image\/jpeg"}],"twitter_card":"summary_large_image","twitter_site":"@CaribXport","twitter_misc":{"Tiempo de lectura":"5 minutos"},"schema":{"@context":"https:\/\/schema.org","@graph":[{"@type":"WebPage","@id":"https:\/\/content.carib-export.com\/es\/news\/launch-of-the-caribbean-investment-forum-2023-unveils-a-visionary-era-for-caribbean-development\/","url":"https:\/\/content.carib-export.com\/es\/news\/launch-of-the-caribbean-investment-forum-2023-unveils-a-visionary-era-for-caribbean-development\/","name":"El lanzamiento del Foro de Inversi\u00f3n del Caribe 2023 desvela una era visionaria para el desarrollo caribe\u00f1o - nombre del Exportaci\u00f3n del Caribe","isPartOf":{"@id":"https:\/\/content.carib-export.com\/es\/#website"},"primaryImageOfPage":{"@id":"https:\/\/content.carib-export.com\/es\/news\/launch-of-the-caribbean-investment-forum-2023-unveils-a-visionary-era-for-caribbean-development\/#primaryimage"},"image":{"@id":"https:\/\/content.carib-export.com\/es\/news\/launch-of-the-caribbean-investment-forum-2023-unveils-a-visionary-era-for-caribbean-development\/#primaryimage"},"thumbnailUrl":"https:\/\/content.carib-export.com\/wp-content\/uploads\/2023\/10\/Emani-Photography-9-scaled-e1698963074819.jpg","datePublished":"2023-10-24T06:49:51+00:00","dateModified":"2023-10-24T06:58:58+00:00","description":"El Foro de Inversiones del Caribe (FIC) 2023 se inaugur\u00f3 con un gran evento en Atlantis, en las pintorescas Bahamas.","breadcrumb":{"@id":"https:\/\/content.carib-export.com\/es\/news\/launch-of-the-caribbean-investment-forum-2023-unveils-a-visionary-era-for-caribbean-development\/#breadcrumb"},"inLanguage":"es","potentialAction":[{"@type":"ReadAction","target":["https:\/\/content.carib-export.com\/es\/news\/launch-of-the-caribbean-investment-forum-2023-unveils-a-visionary-era-for-caribbean-development\/"]}]},{"@type":"ImageObject","inLanguage":"es","@id":"https:\/\/content.carib-export.com\/es\/news\/launch-of-the-caribbean-investment-forum-2023-unveils-a-visionary-era-for-caribbean-development\/#primaryimage","url":"https:\/\/content.carib-export.com\/wp-content\/uploads\/2023\/10\/Emani-Photography-9-scaled-e1698963074819.jpg","contentUrl":"https:\/\/content.carib-export.com\/wp-content\/uploads\/2023\/10\/Emani-Photography-9-scaled-e1698963074819.jpg","width":2560,"height":1703},{"@type":"BreadcrumbList","@id":"https:\/\/content.carib-export.com\/es\/news\/launch-of-the-caribbean-investment-forum-2023-unveils-a-visionary-era-for-caribbean-development\/#breadcrumb","itemListElement":[{"@type":"ListItem","position":1,"name":"Casa","item":"https:\/\/content.carib-export.com\/es\/home\/"},{"@type":"ListItem","position":2,"name":"News","item":"https:\/\/content.carib-export.com\/es\/news\/"},{"@type":"ListItem","position":3,"name":"El lanzamiento del Foro de Inversi\u00f3n del Caribe 2023 desvela una era visionaria para el desarrollo caribe\u00f1o"}]},{"@type":"WebSite","@id":"https:\/\/content.carib-export.com\/es\/#website","url":"https:\/\/content.carib-export.com\/es\/","name":"Exportaci\u00f3n del Caribe","description":"La \u00fanica agencia regional de promoci\u00f3n del comercio y las inversiones en el grupo de \u00c1frica, el Caribe y el Pac\u00edfico.","publisher":{"@id":"https:\/\/content.carib-export.com\/es\/#organization"},"potentialAction":[{"@type":"SearchAction","target":{"@type":"EntryPoint","urlTemplate":"https:\/\/content.carib-export.com\/es\/?s={search_term_string}"},"query-input":{"@type":"PropertyValueSpecification","valueRequired":true,"valueName":"search_term_string"}}],"inLanguage":"es"},{"@type":"Organization","@id":"https:\/\/content.carib-export.com\/es\/#organization","name":"Agencia de Desarrollo de Exportaciones del Caribe","url":"https:\/\/content.carib-export.com\/es\/","logo":{"@type":"ImageObject","inLanguage":"es","@id":"https:\/\/content.carib-export.com\/es\/#\/schema\/logo\/image\/","url":"https:\/\/content.carib-export.com\/wp-content\/uploads\/2013\/03\/CE-Logo-2013.jpg","contentUrl":"https:\/\/content.carib-export.com\/wp-content\/uploads\/2013\/03\/CE-Logo-2013.jpg","width":1024,"height":244,"caption":"Agencia de Desarrollo de Exportaciones del Caribe"},"image":{"@id":"https:\/\/content.carib-export.com\/es\/#\/schema\/logo\/image\/"},"sameAs":["https:\/\/www.facebook.com\/CaribbeanExport","https:\/\/x.com\/CaribXport","https:\/\/www.instagram.com\/caribbeanexport","https:\/\/www.linkedin.com\/company\/caribbeanexport","https:\/\/www.youtube.com\/user\/TheCaribbeanExport"]}]}},"_links":{"self":[{"href":"https:\/\/content.carib-export.com\/es\/wp-json\/wp\/v2\/news\/315386","targetHints":{"allow":["GET"]}}],"collection":[{"href":"https:\/\/content.carib-export.com\/es\/wp-json\/wp\/v2\/news"}],"about":[{"href":"https:\/\/content.carib-export.com\/es\/wp-json\/wp\/v2\/types\/news"}],"author":[{"embeddable":true,"href":"https:\/\/content.carib-export.com\/es\/wp-json\/wp\/v2\/users\/10"}],"version-history":[{"count":0,"href":"https:\/\/content.carib-export.com\/es\/wp-json\/wp\/v2\/news\/315386\/revisions"}],"wp:featuredmedia":[{"embeddable":true,"href":"https:\/\/content.carib-export.com\/es\/wp-json\/wp\/v2\/media\/315323"}],"wp:attachment":[{"href":"https:\/\/content.carib-export.com\/es\/wp-json\/wp\/v2\/media?parent=315386"}],"wp:term":[{"taxonomy":"post_tag","embeddable":true,"href":"https:\/\/content.carib-export.com\/es\/wp-json\/wp\/v2\/tags?post=315386"}],"curies":[{"name":"wp","href":"https:\/\/api.w.org\/{rel}","templated":true}]}}