{"id":315544,"date":"2023-10-25T11:03:42","date_gmt":"2023-10-25T15:03:42","guid":{"rendered":"https:\/\/content.carib-export.com\/news\/caribbean-investment-forum-invites-foreign-direct-investors-and-regional-businesses-to-build-a-bold-new-caribbean\/"},"modified":"2023-10-25T11:44:37","modified_gmt":"2023-10-25T15:44:37","slug":"caribbean-investment-forum-invites-foreign-direct-investors-and-regional-businesses-to-build-a-bold-new-caribbean","status":"publish","type":"news","link":"https:\/\/content.carib-export.com\/es\/news\/caribbean-investment-forum-invites-foreign-direct-investors-and-regional-businesses-to-build-a-bold-new-caribbean\/","title":{"rendered":"El Foro de Inversi\u00f3n del Caribe invita a los inversores extranjeros directos y a las empresas regionales a construir \u00abUn nuevo Caribe audaz\u00bb."},"content":{"rendered":"\n<ul class=\"wp-block-list\">\n<li>El Foro de Inversiones del Caribe 2023 (FIC 2023) se pone en marcha en Nassau (Bahamas)<\/li>\n\n\n\n<li>M\u00e1s de 500 delegados empresariales de 40 pa\u00edses acuden a CIF 2023 para informarse sobre proyectos regionales<\/li>\n\n\n\n<li>Las energ\u00edas renovables, las TIC, la tecnolog\u00eda agr\u00edcola y la log\u00edstica y el transporte son los principales focos de inversi\u00f3n de los FIC.<\/li>\n<\/ul>\n\n<p>Transformar el Caribe en una regi\u00f3n que aproveche el talento de sus gentes y atraiga la inversi\u00f3n hacia proyectos empresariales innovadores es el objetivo del Foro de Inversi\u00f3n del Caribe 2023 (FIC 2023), que arranc\u00f3 oficialmente ayer martes 25 de octubre en Nassau (Bahamas).<\/p>\n\n<p>Los FIC 2023 prev\u00e9n \u00abUn nuevo Caribe audaz\u00bb en el que sectores clave como la tecnolog\u00eda agr\u00edcola, las energ\u00edas renovables, las tecnolog\u00edas de la informaci\u00f3n y la comunicaci\u00f3n, y la log\u00edstica y el transporte lideren el desarrollo sostenible de las econom\u00edas regionales, creen empleos m\u00e1s ecol\u00f3gicos e inteligentes y garanticen un futuro mejor para la pr\u00f3xima generaci\u00f3n.<\/p>\n\n<p>Organizada por la Agencia Caribe\u00f1a de Desarrollo de las Exportaciones (Caribbean Export) y sus socios, la CIF 2023 ha atra\u00eddo a m\u00e1s de 500 delegados de 40 pa\u00edses. Estos asistentes representan una amplia muestra representativa de los responsables de la toma de decisiones a escala mundial, tanto del sector p\u00fablico como del privado, que desean invertir en el Caribe y establecer contactos con innovadores, empresarios y emprendedores de la regi\u00f3n.<\/p>\n\n<p>En su discurso de apertura oficial, titulado \u00abEl Caribe en el punto de mira de la inversi\u00f3n\u00bb, el Viceprimer Ministro de Bahamas, Chester Cooper, declar\u00f3 ante una sala de conferencias abarrotada que el Foro era \u00abuna gran oportunidad\u00bb para que toda la regi\u00f3n trabajara mejor junta.<\/p>\n\n<p>El Sr. Cooper declar\u00f3: \u00abEn un mundo marcado por cambios y retos constantes, s\u00f3lo mediante la colaboraci\u00f3n como familia caribe\u00f1a unida podremos desarrollar todo nuestro potencial&#8230; El desarrollo econ\u00f3mico est\u00e1 en el centro de nuestras aspiraciones colectivas. La regi\u00f3n del Caribe es rica en recursos, tanto naturales como humanos, y poseemos los ingredientes para una mayor prosperidad econ\u00f3mica. Uni\u00e9ndonos podemos formar una fuerza econ\u00f3mica formidable\u00bb.<\/p>\n\n<p>El Sr. Cooper comparti\u00f3 el entusiasmo del Gobierno de Bahamas por el potencial del Foro para situar al Caribe a la vanguardia de la comunidad empresarial mundial. afirm\u00f3: \u00abForos como este son fundamentales para ponernos a todos de acuerdo sobre c\u00f3mo colaborar y c\u00f3mo atraer inversiones intersectoriales y transfronterizas a toda nuestra regi\u00f3n. Tenemos la oportunidad de aprovechar esta iniciativa y trabajar como un frente unido para crear empleo, aumentar el comercio y elevar el nivel de vida de nuestra gente\u00bb.<\/p>\n\n<p>Uno de los momentos m\u00e1s destacados de la primera jornada fue la ponencia de Paul Ahlstrom, Director General de Alta Ventures, sobre el aprovechamiento de la inteligencia artificial para el desarrollo econ\u00f3mico. Durante su presentaci\u00f3n estableci\u00f3 un sorprendente paralelismo entre los datos y el petr\u00f3leo, subrayando el inmenso valor de los datos en la actual era digital. Al igual que el petr\u00f3leo impuls\u00f3 la revoluci\u00f3n industrial, los datos impulsan la econom\u00eda de la informaci\u00f3n y ofrecen sustanciales beneficios econ\u00f3micos y sociales cuando se recopilan, procesan y analizan eficazmente. Adem\u00e1s, Ahlstrom destac\u00f3 el papel fundamental de la ingenier\u00eda de datos en la optimizaci\u00f3n de la utilizaci\u00f3n de datos mediante procesos como la recopilaci\u00f3n, la limpieza, la transformaci\u00f3n y la integraci\u00f3n. Ahlstrom declar\u00f3: \u00abLa innovaci\u00f3n es la fuerza motriz del crecimiento econ\u00f3mico. El Caribe tiene potencial para estar a la vanguardia de la innovaci\u00f3n, y este foro es una plataforma para explorar las posibilidades\u00bb. Tambi\u00e9n ofreci\u00f3 ejemplos pr\u00e1cticos que mostraban la aplicaci\u00f3n de los datos en la resoluci\u00f3n de retos del mundo real, haciendo hincapi\u00e9 en el papel esencial de la imaginaci\u00f3n y la creatividad para aprovechar su potencial.<\/p>\n\n<p>La CIF 2023 se celebra en el Atlantis Paradise Island Resort de Nassau. Incluye presentaciones de alto nivel, mesas redondas, \u00abAldeas de inversi\u00f3n\u00bb y actos paralelos exclusivos. El din\u00e1mico orden del d\u00eda del Foro abarca diversos temas de actualidad, como la inteligencia artificial, la financiaci\u00f3n en el Caribe posterior a COVID y la revoluci\u00f3n de las energ\u00edas renovables.<\/p>\n\n<p>Entre los ponentes figuran el Director Gerente del Grupo de Banca Sostenible de Goldman Sachs, John Eleoterio, el Director Gerente y Socio del Boston Consulting Group, Aaron Bielenburg, y el Socio Gerente Fundador de Celesta Capital, Dr. Nicholas Brathwaite.<\/p>\n\n<p>Se trata de la segunda edici\u00f3n del Foro de Inversi\u00f3n del Caribe. El acto de este a\u00f1o est\u00e1 organizado por la Agencia de Desarrollo de las Exportaciones del Caribe, en colaboraci\u00f3n con el Gobierno de Bahamas, CARICOM, el Banco de Desarrollo del Caribe y con el apoyo de varios patrocinadores regionales, as\u00ed como de la Iniciativa Global Gateway de la Uni\u00f3n Europea.<\/p>\n\n<p>Para m\u00e1s informaci\u00f3n, visite el sitio web de CIF 2023 &#8211; <a href=\"http:\/\/www.caribbeaninvestmentforum.com\">www.caribbeaninvestmentforum.com<\/a><\/p>\n","protected":false},"excerpt":{"rendered":"<p>Transformar el Caribe en una regi\u00f3n que aproveche el talento de sus gentes y atraiga la inversi\u00f3n hacia proyectos empresariales innovadores es el objetivo del Foro de Inversi\u00f3n del Caribe 2023 (FIC 2023), que arranc\u00f3 oficialmente ayer martes 25 de octubre en Nassau (Bahamas). Los FIC 2023 prev\u00e9n \u00abUn nuevo Caribe audaz\u00bb en el que [&hellip;]<\/p>\n","protected":false},"author":9,"featured_media":315520,"menu_order":0,"template":"","tags":[],"class_list":["post-315544","news","type-news","status-publish","has-post-thumbnail","hentry"],"acf":[],"yoast_head":"<!-- This site is optimized with the Yoast SEO plugin v27.1.1 - https:\/\/yoast.com\/product\/yoast-seo-wordpress\/ -->\n<title>El Foro de Inversi\u00f3n del Caribe invita a los inversores extranjeros directos y a las empresas regionales a construir &quot;Un nuevo Caribe audaz&quot;. - nombre del Exportaci\u00f3n del Caribe<\/title>\n<meta name=\"description\" content=\"Transformar el Caribe en una regi\u00f3n que aproveche el talento de sus gentes y atraiga la inversi\u00f3n hacia proyectos empresariales innovadores es el objetivo del Foro de Inversi\u00f3n del Caribe 2023 (FIC 2023), que arranc\u00f3 oficialmente ayer martes 25 de octubre en Nassau (Bahamas).\" \/>\n<meta name=\"robots\" content=\"index, follow, max-snippet:-1, max-image-preview:large, max-video-preview:-1\" \/>\n<link rel=\"canonical\" href=\"https:\/\/content.carib-export.com\/es\/news\/caribbean-investment-forum-invites-foreign-direct-investors-and-regional-businesses-to-build-a-bold-new-caribbean\/\" \/>\n<meta property=\"og:locale\" content=\"es_ES\" \/>\n<meta property=\"og:type\" content=\"article\" \/>\n<meta property=\"og:title\" content=\"El Foro de Inversi\u00f3n del Caribe invita a los inversores extranjeros directos y a las empresas regionales a construir &quot;Un nuevo Caribe audaz&quot;.\" \/>\n<meta property=\"og:description\" content=\"Transformar el Caribe en una regi\u00f3n que aproveche el talento de sus gentes y atraiga la inversi\u00f3n hacia proyectos empresariales innovadores es el objetivo del Foro de Inversi\u00f3n del Caribe 2023 (FIC 2023), que arranc\u00f3 oficialmente ayer martes 25 de octubre en Nassau (Bahamas).\" \/>\n<meta property=\"og:url\" content=\"https:\/\/content.carib-export.com\/es\/news\/caribbean-investment-forum-invites-foreign-direct-investors-and-regional-businesses-to-build-a-bold-new-caribbean\/\" \/>\n<meta property=\"og:site_name\" content=\"Exportaci\u00f3n del Caribe\" \/>\n<meta property=\"article:publisher\" content=\"https:\/\/www.facebook.com\/CaribbeanExport\" \/>\n<meta property=\"article:modified_time\" content=\"2023-10-25T15:44:37+00:00\" \/>\n<meta property=\"og:image\" content=\"https:\/\/content.carib-export.com\/wp-content\/uploads\/2023\/10\/New-website-featured-image-1500-x-1125-35-1024x768.png\" \/>\n<meta name=\"twitter:card\" content=\"summary_large_image\" \/>\n<meta name=\"twitter:title\" content=\"El Foro de Inversi\u00f3n del Caribe invita a los inversores extranjeros directos y a las empresas regionales a construir &quot;Un nuevo Caribe audaz&quot;.\" \/>\n<meta name=\"twitter:description\" content=\"Transformar el Caribe en una regi\u00f3n que aproveche el talento de sus gentes y atraiga la inversi\u00f3n hacia proyectos empresariales innovadores es el objetivo del Foro de Inversi\u00f3n del Caribe 2023 (FIC 2023), que arranc\u00f3 oficialmente ayer martes 25 de octubre en Nassau (Bahamas).\" \/>\n<meta name=\"twitter:image\" content=\"https:\/\/content.carib-export.com\/wp-content\/uploads\/2023\/10\/New-website-featured-image-1500-x-1125-35-1024x768.png\" \/>\n<meta name=\"twitter:site\" content=\"@CaribXport\" \/>\n<meta name=\"twitter:label1\" content=\"Tiempo de lectura\" \/>\n\t<meta name=\"twitter:data1\" content=\"4 minutos\" \/>\n<script type=\"application\/ld+json\" class=\"yoast-schema-graph\">{\"@context\":\"https:\/\/schema.org\",\"@graph\":[{\"@type\":\"WebPage\",\"@id\":\"https:\/\/content.carib-export.com\/es\/news\/caribbean-investment-forum-invites-foreign-direct-investors-and-regional-businesses-to-build-a-bold-new-caribbean\/\",\"url\":\"https:\/\/content.carib-export.com\/es\/news\/caribbean-investment-forum-invites-foreign-direct-investors-and-regional-businesses-to-build-a-bold-new-caribbean\/\",\"name\":\"El Foro de Inversi\u00f3n del Caribe invita a los inversores extranjeros directos y a las empresas regionales a construir \\\"Un nuevo Caribe audaz\\\". - nombre del Exportaci\u00f3n del Caribe\",\"isPartOf\":{\"@id\":\"https:\/\/content.carib-export.com\/es\/#website\"},\"primaryImageOfPage\":{\"@id\":\"https:\/\/content.carib-export.com\/es\/news\/caribbean-investment-forum-invites-foreign-direct-investors-and-regional-businesses-to-build-a-bold-new-caribbean\/#primaryimage\"},\"image\":{\"@id\":\"https:\/\/content.carib-export.com\/es\/news\/caribbean-investment-forum-invites-foreign-direct-investors-and-regional-businesses-to-build-a-bold-new-caribbean\/#primaryimage\"},\"thumbnailUrl\":\"https:\/\/content.carib-export.com\/wp-content\/uploads\/2023\/10\/New-website-featured-image-1500-x-1125-35.png\",\"datePublished\":\"2023-10-25T15:03:42+00:00\",\"dateModified\":\"2023-10-25T15:44:37+00:00\",\"description\":\"Transformar el Caribe en una regi\u00f3n que aproveche el talento de sus gentes y atraiga la inversi\u00f3n hacia proyectos empresariales innovadores es el objetivo del Foro de Inversi\u00f3n del Caribe 2023 (FIC 2023), que arranc\u00f3 oficialmente ayer martes 25 de octubre en Nassau (Bahamas).\",\"breadcrumb\":{\"@id\":\"https:\/\/content.carib-export.com\/es\/news\/caribbean-investment-forum-invites-foreign-direct-investors-and-regional-businesses-to-build-a-bold-new-caribbean\/#breadcrumb\"},\"inLanguage\":\"es\",\"potentialAction\":[{\"@type\":\"ReadAction\",\"target\":[\"https:\/\/content.carib-export.com\/es\/news\/caribbean-investment-forum-invites-foreign-direct-investors-and-regional-businesses-to-build-a-bold-new-caribbean\/\"]}]},{\"@type\":\"ImageObject\",\"inLanguage\":\"es\",\"@id\":\"https:\/\/content.carib-export.com\/es\/news\/caribbean-investment-forum-invites-foreign-direct-investors-and-regional-businesses-to-build-a-bold-new-caribbean\/#primaryimage\",\"url\":\"https:\/\/content.carib-export.com\/wp-content\/uploads\/2023\/10\/New-website-featured-image-1500-x-1125-35.png\",\"contentUrl\":\"https:\/\/content.carib-export.com\/wp-content\/uploads\/2023\/10\/New-website-featured-image-1500-x-1125-35.png\",\"width\":1500,\"height\":1125},{\"@type\":\"BreadcrumbList\",\"@id\":\"https:\/\/content.carib-export.com\/es\/news\/caribbean-investment-forum-invites-foreign-direct-investors-and-regional-businesses-to-build-a-bold-new-caribbean\/#breadcrumb\",\"itemListElement\":[{\"@type\":\"ListItem\",\"position\":1,\"name\":\"Casa\",\"item\":\"https:\/\/content.carib-export.com\/es\/home\/\"},{\"@type\":\"ListItem\",\"position\":2,\"name\":\"News\",\"item\":\"https:\/\/content.carib-export.com\/es\/news\/\"},{\"@type\":\"ListItem\",\"position\":3,\"name\":\"El Foro de Inversi\u00f3n del Caribe invita a los inversores extranjeros directos y a las empresas regionales a construir &#8220;Un nuevo Caribe audaz&#8221;.\"}]},{\"@type\":\"WebSite\",\"@id\":\"https:\/\/content.carib-export.com\/es\/#website\",\"url\":\"https:\/\/content.carib-export.com\/es\/\",\"name\":\"Exportaci\u00f3n del Caribe\",\"description\":\"La \u00fanica agencia regional de promoci\u00f3n del comercio y las inversiones en el grupo de \u00c1frica, el Caribe y el Pac\u00edfico.\",\"publisher\":{\"@id\":\"https:\/\/content.carib-export.com\/es\/#organization\"},\"potentialAction\":[{\"@type\":\"SearchAction\",\"target\":{\"@type\":\"EntryPoint\",\"urlTemplate\":\"https:\/\/content.carib-export.com\/es\/?s={search_term_string}\"},\"query-input\":{\"@type\":\"PropertyValueSpecification\",\"valueRequired\":true,\"valueName\":\"search_term_string\"}}],\"inLanguage\":\"es\"},{\"@type\":\"Organization\",\"@id\":\"https:\/\/content.carib-export.com\/es\/#organization\",\"name\":\"Agencia de Desarrollo de Exportaciones del Caribe\",\"url\":\"https:\/\/content.carib-export.com\/es\/\",\"logo\":{\"@type\":\"ImageObject\",\"inLanguage\":\"es\",\"@id\":\"https:\/\/content.carib-export.com\/es\/#\/schema\/logo\/image\/\",\"url\":\"https:\/\/content.carib-export.com\/wp-content\/uploads\/2013\/03\/CE-Logo-2013.jpg\",\"contentUrl\":\"https:\/\/content.carib-export.com\/wp-content\/uploads\/2013\/03\/CE-Logo-2013.jpg\",\"width\":1024,\"height\":244,\"caption\":\"Agencia de Desarrollo de Exportaciones del Caribe\"},\"image\":{\"@id\":\"https:\/\/content.carib-export.com\/es\/#\/schema\/logo\/image\/\"},\"sameAs\":[\"https:\/\/www.facebook.com\/CaribbeanExport\",\"https:\/\/x.com\/CaribXport\",\"https:\/\/www.instagram.com\/caribbeanexport\",\"https:\/\/www.linkedin.com\/company\/caribbeanexport\",\"https:\/\/www.youtube.com\/user\/TheCaribbeanExport\"]}]}<\/script>\n<!-- \/ Yoast SEO plugin. -->","yoast_head_json":{"title":"El Foro de Inversi\u00f3n del Caribe invita a los inversores extranjeros directos y a las empresas regionales a construir \"Un nuevo Caribe audaz\". - nombre del Exportaci\u00f3n del Caribe","description":"Transformar el Caribe en una regi\u00f3n que aproveche el talento de sus gentes y atraiga la inversi\u00f3n hacia proyectos empresariales innovadores es el objetivo del Foro de Inversi\u00f3n del Caribe 2023 (FIC 2023), que arranc\u00f3 oficialmente ayer martes 25 de octubre en Nassau (Bahamas).","robots":{"index":"index","follow":"follow","max-snippet":"max-snippet:-1","max-image-preview":"max-image-preview:large","max-video-preview":"max-video-preview:-1"},"canonical":"https:\/\/content.carib-export.com\/es\/news\/caribbean-investment-forum-invites-foreign-direct-investors-and-regional-businesses-to-build-a-bold-new-caribbean\/","og_locale":"es_ES","og_type":"article","og_title":"El Foro de Inversi\u00f3n del Caribe invita a los inversores extranjeros directos y a las empresas regionales a construir \"Un nuevo Caribe audaz\".","og_description":"Transformar el Caribe en una regi\u00f3n que aproveche el talento de sus gentes y atraiga la inversi\u00f3n hacia proyectos empresariales innovadores es el objetivo del Foro de Inversi\u00f3n del Caribe 2023 (FIC 2023), que arranc\u00f3 oficialmente ayer martes 25 de octubre en Nassau (Bahamas).","og_url":"https:\/\/content.carib-export.com\/es\/news\/caribbean-investment-forum-invites-foreign-direct-investors-and-regional-businesses-to-build-a-bold-new-caribbean\/","og_site_name":"Exportaci\u00f3n del Caribe","article_publisher":"https:\/\/www.facebook.com\/CaribbeanExport","article_modified_time":"2023-10-25T15:44:37+00:00","og_image":[{"url":"https:\/\/content.carib-export.com\/wp-content\/uploads\/2023\/10\/New-website-featured-image-1500-x-1125-35-1024x768.png","type":"","width":"","height":""}],"twitter_card":"summary_large_image","twitter_title":"El Foro de Inversi\u00f3n del Caribe invita a los inversores extranjeros directos y a las empresas regionales a construir \"Un nuevo Caribe audaz\".","twitter_description":"Transformar el Caribe en una regi\u00f3n que aproveche el talento de sus gentes y atraiga la inversi\u00f3n hacia proyectos empresariales innovadores es el objetivo del Foro de Inversi\u00f3n del Caribe 2023 (FIC 2023), que arranc\u00f3 oficialmente ayer martes 25 de octubre en Nassau (Bahamas).","twitter_image":"https:\/\/content.carib-export.com\/wp-content\/uploads\/2023\/10\/New-website-featured-image-1500-x-1125-35-1024x768.png","twitter_site":"@CaribXport","twitter_misc":{"Tiempo de lectura":"4 minutos"},"schema":{"@context":"https:\/\/schema.org","@graph":[{"@type":"WebPage","@id":"https:\/\/content.carib-export.com\/es\/news\/caribbean-investment-forum-invites-foreign-direct-investors-and-regional-businesses-to-build-a-bold-new-caribbean\/","url":"https:\/\/content.carib-export.com\/es\/news\/caribbean-investment-forum-invites-foreign-direct-investors-and-regional-businesses-to-build-a-bold-new-caribbean\/","name":"El Foro de Inversi\u00f3n del Caribe invita a los inversores extranjeros directos y a las empresas regionales a construir \"Un nuevo Caribe audaz\". - nombre del Exportaci\u00f3n del Caribe","isPartOf":{"@id":"https:\/\/content.carib-export.com\/es\/#website"},"primaryImageOfPage":{"@id":"https:\/\/content.carib-export.com\/es\/news\/caribbean-investment-forum-invites-foreign-direct-investors-and-regional-businesses-to-build-a-bold-new-caribbean\/#primaryimage"},"image":{"@id":"https:\/\/content.carib-export.com\/es\/news\/caribbean-investment-forum-invites-foreign-direct-investors-and-regional-businesses-to-build-a-bold-new-caribbean\/#primaryimage"},"thumbnailUrl":"https:\/\/content.carib-export.com\/wp-content\/uploads\/2023\/10\/New-website-featured-image-1500-x-1125-35.png","datePublished":"2023-10-25T15:03:42+00:00","dateModified":"2023-10-25T15:44:37+00:00","description":"Transformar el Caribe en una regi\u00f3n que aproveche el talento de sus gentes y atraiga la inversi\u00f3n hacia proyectos empresariales innovadores es el objetivo del Foro de Inversi\u00f3n del Caribe 2023 (FIC 2023), que arranc\u00f3 oficialmente ayer martes 25 de octubre en Nassau (Bahamas).","breadcrumb":{"@id":"https:\/\/content.carib-export.com\/es\/news\/caribbean-investment-forum-invites-foreign-direct-investors-and-regional-businesses-to-build-a-bold-new-caribbean\/#breadcrumb"},"inLanguage":"es","potentialAction":[{"@type":"ReadAction","target":["https:\/\/content.carib-export.com\/es\/news\/caribbean-investment-forum-invites-foreign-direct-investors-and-regional-businesses-to-build-a-bold-new-caribbean\/"]}]},{"@type":"ImageObject","inLanguage":"es","@id":"https:\/\/content.carib-export.com\/es\/news\/caribbean-investment-forum-invites-foreign-direct-investors-and-regional-businesses-to-build-a-bold-new-caribbean\/#primaryimage","url":"https:\/\/content.carib-export.com\/wp-content\/uploads\/2023\/10\/New-website-featured-image-1500-x-1125-35.png","contentUrl":"https:\/\/content.carib-export.com\/wp-content\/uploads\/2023\/10\/New-website-featured-image-1500-x-1125-35.png","width":1500,"height":1125},{"@type":"BreadcrumbList","@id":"https:\/\/content.carib-export.com\/es\/news\/caribbean-investment-forum-invites-foreign-direct-investors-and-regional-businesses-to-build-a-bold-new-caribbean\/#breadcrumb","itemListElement":[{"@type":"ListItem","position":1,"name":"Casa","item":"https:\/\/content.carib-export.com\/es\/home\/"},{"@type":"ListItem","position":2,"name":"News","item":"https:\/\/content.carib-export.com\/es\/news\/"},{"@type":"ListItem","position":3,"name":"El Foro de Inversi\u00f3n del Caribe invita a los inversores extranjeros directos y a las empresas regionales a construir &#8220;Un nuevo Caribe audaz&#8221;."}]},{"@type":"WebSite","@id":"https:\/\/content.carib-export.com\/es\/#website","url":"https:\/\/content.carib-export.com\/es\/","name":"Exportaci\u00f3n del Caribe","description":"La \u00fanica agencia regional de promoci\u00f3n del comercio y las inversiones en el grupo de \u00c1frica, el Caribe y el Pac\u00edfico.","publisher":{"@id":"https:\/\/content.carib-export.com\/es\/#organization"},"potentialAction":[{"@type":"SearchAction","target":{"@type":"EntryPoint","urlTemplate":"https:\/\/content.carib-export.com\/es\/?s={search_term_string}"},"query-input":{"@type":"PropertyValueSpecification","valueRequired":true,"valueName":"search_term_string"}}],"inLanguage":"es"},{"@type":"Organization","@id":"https:\/\/content.carib-export.com\/es\/#organization","name":"Agencia de Desarrollo de Exportaciones del Caribe","url":"https:\/\/content.carib-export.com\/es\/","logo":{"@type":"ImageObject","inLanguage":"es","@id":"https:\/\/content.carib-export.com\/es\/#\/schema\/logo\/image\/","url":"https:\/\/content.carib-export.com\/wp-content\/uploads\/2013\/03\/CE-Logo-2013.jpg","contentUrl":"https:\/\/content.carib-export.com\/wp-content\/uploads\/2013\/03\/CE-Logo-2013.jpg","width":1024,"height":244,"caption":"Agencia de Desarrollo de Exportaciones del Caribe"},"image":{"@id":"https:\/\/content.carib-export.com\/es\/#\/schema\/logo\/image\/"},"sameAs":["https:\/\/www.facebook.com\/CaribbeanExport","https:\/\/x.com\/CaribXport","https:\/\/www.instagram.com\/caribbeanexport","https:\/\/www.linkedin.com\/company\/caribbeanexport","https:\/\/www.youtube.com\/user\/TheCaribbeanExport"]}]}},"_links":{"self":[{"href":"https:\/\/content.carib-export.com\/es\/wp-json\/wp\/v2\/news\/315544","targetHints":{"allow":["GET"]}}],"collection":[{"href":"https:\/\/content.carib-export.com\/es\/wp-json\/wp\/v2\/news"}],"about":[{"href":"https:\/\/content.carib-export.com\/es\/wp-json\/wp\/v2\/types\/news"}],"author":[{"embeddable":true,"href":"https:\/\/content.carib-export.com\/es\/wp-json\/wp\/v2\/users\/9"}],"version-history":[{"count":0,"href":"https:\/\/content.carib-export.com\/es\/wp-json\/wp\/v2\/news\/315544\/revisions"}],"wp:featuredmedia":[{"embeddable":true,"href":"https:\/\/content.carib-export.com\/es\/wp-json\/wp\/v2\/media\/315520"}],"wp:attachment":[{"href":"https:\/\/content.carib-export.com\/es\/wp-json\/wp\/v2\/media?parent=315544"}],"wp:term":[{"taxonomy":"post_tag","embeddable":true,"href":"https:\/\/content.carib-export.com\/es\/wp-json\/wp\/v2\/tags?post=315544"}],"curies":[{"name":"wp","href":"https:\/\/api.w.org\/{rel}","templated":true}]}}