{"id":316091,"date":"2023-11-06T10:16:34","date_gmt":"2023-11-06T14:16:34","guid":{"rendered":"https:\/\/content.carib-export.com\/news\/caribbean-export-and-business-france-join-forces-to-catalyze-private-sector-growth-in-the-caribbean\/"},"modified":"2023-11-06T10:20:23","modified_gmt":"2023-11-06T14:20:23","slug":"caribbean-export-and-business-france-join-forces-to-catalyze-private-sector-growth-in-the-caribbean","status":"publish","type":"news","link":"https:\/\/content.carib-export.com\/es\/news\/caribbean-export-and-business-france-join-forces-to-catalyze-private-sector-growth-in-the-caribbean\/","title":{"rendered":"Caribbean Export y Business France unen sus fuerzas para catalizar el crecimiento del sector privado en el Caribe"},"content":{"rendered":"\n<p>Caribbean Export, la pionera agencia regional de promoci\u00f3n del comercio y la inversi\u00f3n que representa al Caribe, ha cimentado otra asociaci\u00f3n estrat\u00e9gica para acelerar el crecimiento del sector privado en el Caribe. La agencia se ha asociado con Business France, Agencia Nacional para la Promoci\u00f3n y la Internacionalizaci\u00f3n de la Econom\u00eda Francesa. Juntos pretenden crear un entorno propicio para el crecimiento y la innovaci\u00f3n, facilitando la inversi\u00f3n y los flujos comerciales entre Francia y la regi\u00f3n del Caribe. <\/p>\n\n<p>Esta colaboraci\u00f3n hist\u00f3rica, sellada oficialmente mediante un Memorando de Entendimiento (MOU), sienta las bases para una asociaci\u00f3n estrecha y mutuamente beneficiosa entre Caribbean Export y Business France. El Memorando de Entendimiento esboza una serie de \u00e1reas de cooperaci\u00f3n, cada una de ellas dise\u00f1ada para impulsar el progreso y el crecimiento del sector privado en la regi\u00f3n del Caribe. <\/p>\n\n<p>Los principales \u00e1mbitos de cooperaci\u00f3n son los siguientes: <\/p>\n\n<ol class=\"wp-block-list\" type=\"1\">\n<li>Intercambio de informaci\u00f3n: Las Partes compartir\u00e1n informaci\u00f3n y conocimientos sobre formaci\u00f3n, desarrollo de capacidades, transferencia de tecnolog\u00eda y oportunidades de negocio. Este intercambio de datos aportar\u00e1 valiosos conocimientos y contribuir\u00e1 a salvar la distancia entre Francia y el Caribe. <\/li>\n<\/ol>\n\n<ul class=\"wp-block-list\">\n<li>Colaboraci\u00f3n t\u00e9cnica e intercambio de buenas pr\u00e1cticas: La cooperaci\u00f3n se extender\u00e1 a la mejora de la facilidad para hacer negocios y la eficacia de sus respectivas organizaciones. El intercambio de experiencia t\u00e9cnica, conocimientos y oportunidades de formaci\u00f3n fomentar\u00e1 el crecimiento y la competitividad en la regi\u00f3n. <\/li>\n<\/ul>\n\n<ul class=\"wp-block-list\">\n<li>Promoci\u00f3n empresarial eficaz: Tanto Caribbean Export como Business France trabajar\u00e1n conjuntamente para apoyar a las delegaciones empresariales, fomentar las visitas de expertos para la investigaci\u00f3n y la participaci\u00f3n en eventos organizados por cada parte. El seguimiento y el apoyo a estas actividades est\u00e1n garantizados. <\/li>\n<\/ul>\n\n<ul class=\"wp-block-list\">\n<li>Facilitaci\u00f3n de la inversi\u00f3n y el comercio: Esta colaboraci\u00f3n pretende fomentar la inversi\u00f3n rec\u00edproca y la exportaci\u00f3n de servicios, junto con la prestaci\u00f3n de servicios de facilitaci\u00f3n a inversores y exportadores. La orientaci\u00f3n y el asesoramiento a posibles inversores y exportadores ser\u00e1n la piedra angular de este esfuerzo de cooperaci\u00f3n. <\/li>\n<\/ul>\n\n<p>Deodat Maharaj, Director Ejecutivo de Caribbean Export, expres\u00f3 su entusiasmo por esta asociaci\u00f3n estrat\u00e9gica: \u00abEstamos encantados de unir fuerzas con Business France para fortalecer el sector privado en el Caribe. Nuestra colaboraci\u00f3n abrir\u00e1 nuevas oportunidades para las empresas de nuestra regi\u00f3n y fomentar\u00e1 el crecimiento econ\u00f3mico. Juntos, tenderemos puentes que conecten el Caribe con Francia, creando una plataforma para la innovaci\u00f3n, el comercio y la inversi\u00f3n.\u00bb <\/p>\n\n<p>Philippe Yvergniaux, Director de Cooperaci\u00f3n Internacional de Business France, ha destacado la importancia de este nuevo hito para la agencia francesa: \u00abla regi\u00f3n del Caribe merec\u00eda claramente ocupar un lugar m\u00e1s destacado en las prioridades geogr\u00e1ficas de Business France, ya que ofrece numerosas oportunidades de comercio e inversi\u00f3n para las PYME francesas; la asociaci\u00f3n con Caribbean Export contribuir\u00e1 a fomentar los v\u00ednculos comerciales entre las PYME caribe\u00f1as y francesas, en particular de los territorios de Guadalupe, Guyana y Martinica\u00bb.<\/p>\n\n<p>Caribbean Export es conocida por su compromiso inquebrantable con el aumento de la informaci\u00f3n de mercado, el fomento del acceso a la financiaci\u00f3n para las PYME preparadas para la exportaci\u00f3n y la defensa de un entorno propicio para el crecimiento empresarial. Business France, por su parte, tiene un impresionante historial de desarrollo de la internacionalizaci\u00f3n de las empresas francesas y de atracci\u00f3n de inversiones extranjeras a Francia. <\/p>\n\n<p>A trav\u00e9s de esta asociaci\u00f3n, ambas entidades aprovechar\u00e1n sus puntos fuertes y su experiencia para facilitar el crecimiento del sector privado en el Caribe, lo que conducir\u00e1 al desarrollo econ\u00f3mico y a una mayor competitividad global. Esta colaboraci\u00f3n marca un hito importante en el panorama empresarial de la regi\u00f3n y abre las puertas a oportunidades que prometen beneficiar tanto al Caribe como a Francia. <\/p>\n","protected":false},"excerpt":{"rendered":"<p>Caribbean Export, la pionera agencia regional de promoci\u00f3n del comercio y la inversi\u00f3n que representa al Caribe, ha cimentado otra asociaci\u00f3n estrat\u00e9gica para acelerar el crecimiento del sector privado en el Caribe. La agencia se ha asociado con Business France, Agencia Nacional para la Promoci\u00f3n y la Internacionalizaci\u00f3n de la Econom\u00eda Francesa. Juntos pretenden crear [&hellip;]<\/p>\n","protected":false},"author":10,"featured_media":316070,"menu_order":0,"template":"","tags":[],"class_list":["post-316091","news","type-news","status-publish","has-post-thumbnail","hentry"],"acf":[],"yoast_head":"<!-- This site is optimized with the Yoast SEO plugin v27.1.1 - https:\/\/yoast.com\/product\/yoast-seo-wordpress\/ -->\n<title>Caribbean Export y Business France unen sus fuerzas para catalizar el crecimiento del sector privado en el Caribe - nombre del Exportaci\u00f3n del Caribe<\/title>\n<meta name=\"description\" content=\"Caribbean Export, la pionera agencia regional de promoci\u00f3n del comercio y la inversi\u00f3n que representa al Caribe, ha cimentado otra asociaci\u00f3n estrat\u00e9gica para acelerar el crecimiento del sector privado en el Caribe.\" \/>\n<meta name=\"robots\" content=\"index, follow, max-snippet:-1, max-image-preview:large, max-video-preview:-1\" \/>\n<link rel=\"canonical\" href=\"https:\/\/content.carib-export.com\/es\/news\/caribbean-export-and-business-france-join-forces-to-catalyze-private-sector-growth-in-the-caribbean\/\" \/>\n<meta property=\"og:locale\" content=\"es_ES\" \/>\n<meta property=\"og:type\" content=\"article\" \/>\n<meta property=\"og:title\" content=\"Caribbean Export y Business France unen sus fuerzas para catalizar el crecimiento del sector privado en el Caribe - nombre del Exportaci\u00f3n del Caribe\" \/>\n<meta property=\"og:description\" content=\"Caribbean Export, la pionera agencia regional de promoci\u00f3n del comercio y la inversi\u00f3n que representa al Caribe, ha cimentado otra asociaci\u00f3n estrat\u00e9gica para acelerar el crecimiento del sector privado en el Caribe.\" \/>\n<meta property=\"og:url\" content=\"https:\/\/content.carib-export.com\/es\/news\/caribbean-export-and-business-france-join-forces-to-catalyze-private-sector-growth-in-the-caribbean\/\" \/>\n<meta property=\"og:site_name\" content=\"Exportaci\u00f3n del Caribe\" \/>\n<meta property=\"article:publisher\" content=\"https:\/\/www.facebook.com\/CaribbeanExport\" \/>\n<meta property=\"article:modified_time\" content=\"2023-11-06T14:20:23+00:00\" \/>\n<meta property=\"og:image\" content=\"https:\/\/content.carib-export.com\/wp-content\/uploads\/2023\/11\/MOU-Biz-France-scaled.jpg\" \/>\n\t<meta property=\"og:image:width\" content=\"2560\" \/>\n\t<meta property=\"og:image:height\" content=\"1703\" \/>\n\t<meta property=\"og:image:type\" content=\"image\/jpeg\" \/>\n<meta name=\"twitter:card\" content=\"summary_large_image\" \/>\n<meta name=\"twitter:site\" content=\"@CaribXport\" \/>\n<meta name=\"twitter:label1\" content=\"Tiempo de lectura\" \/>\n\t<meta name=\"twitter:data1\" content=\"3 minutos\" \/>\n<script type=\"application\/ld+json\" class=\"yoast-schema-graph\">{\"@context\":\"https:\/\/schema.org\",\"@graph\":[{\"@type\":\"WebPage\",\"@id\":\"https:\/\/content.carib-export.com\/es\/news\/caribbean-export-and-business-france-join-forces-to-catalyze-private-sector-growth-in-the-caribbean\/\",\"url\":\"https:\/\/content.carib-export.com\/es\/news\/caribbean-export-and-business-france-join-forces-to-catalyze-private-sector-growth-in-the-caribbean\/\",\"name\":\"Caribbean Export y Business France unen sus fuerzas para catalizar el crecimiento del sector privado en el Caribe - nombre del Exportaci\u00f3n del Caribe\",\"isPartOf\":{\"@id\":\"https:\/\/content.carib-export.com\/es\/#website\"},\"primaryImageOfPage\":{\"@id\":\"https:\/\/content.carib-export.com\/es\/news\/caribbean-export-and-business-france-join-forces-to-catalyze-private-sector-growth-in-the-caribbean\/#primaryimage\"},\"image\":{\"@id\":\"https:\/\/content.carib-export.com\/es\/news\/caribbean-export-and-business-france-join-forces-to-catalyze-private-sector-growth-in-the-caribbean\/#primaryimage\"},\"thumbnailUrl\":\"https:\/\/content.carib-export.com\/wp-content\/uploads\/2023\/11\/MOU-Biz-France-scaled.jpg\",\"datePublished\":\"2023-11-06T14:16:34+00:00\",\"dateModified\":\"2023-11-06T14:20:23+00:00\",\"description\":\"Caribbean Export, la pionera agencia regional de promoci\u00f3n del comercio y la inversi\u00f3n que representa al Caribe, ha cimentado otra asociaci\u00f3n estrat\u00e9gica para acelerar el crecimiento del sector privado en el Caribe.\",\"breadcrumb\":{\"@id\":\"https:\/\/content.carib-export.com\/es\/news\/caribbean-export-and-business-france-join-forces-to-catalyze-private-sector-growth-in-the-caribbean\/#breadcrumb\"},\"inLanguage\":\"es\",\"potentialAction\":[{\"@type\":\"ReadAction\",\"target\":[\"https:\/\/content.carib-export.com\/es\/news\/caribbean-export-and-business-france-join-forces-to-catalyze-private-sector-growth-in-the-caribbean\/\"]}]},{\"@type\":\"ImageObject\",\"inLanguage\":\"es\",\"@id\":\"https:\/\/content.carib-export.com\/es\/news\/caribbean-export-and-business-france-join-forces-to-catalyze-private-sector-growth-in-the-caribbean\/#primaryimage\",\"url\":\"https:\/\/content.carib-export.com\/wp-content\/uploads\/2023\/11\/MOU-Biz-France-scaled.jpg\",\"contentUrl\":\"https:\/\/content.carib-export.com\/wp-content\/uploads\/2023\/11\/MOU-Biz-France-scaled.jpg\",\"width\":2560,\"height\":1703},{\"@type\":\"BreadcrumbList\",\"@id\":\"https:\/\/content.carib-export.com\/es\/news\/caribbean-export-and-business-france-join-forces-to-catalyze-private-sector-growth-in-the-caribbean\/#breadcrumb\",\"itemListElement\":[{\"@type\":\"ListItem\",\"position\":1,\"name\":\"Casa\",\"item\":\"https:\/\/content.carib-export.com\/es\/home\/\"},{\"@type\":\"ListItem\",\"position\":2,\"name\":\"News\",\"item\":\"https:\/\/content.carib-export.com\/es\/news\/\"},{\"@type\":\"ListItem\",\"position\":3,\"name\":\"Caribbean Export y Business France unen sus fuerzas para catalizar el crecimiento del sector privado en el Caribe\"}]},{\"@type\":\"WebSite\",\"@id\":\"https:\/\/content.carib-export.com\/es\/#website\",\"url\":\"https:\/\/content.carib-export.com\/es\/\",\"name\":\"Exportaci\u00f3n del Caribe\",\"description\":\"La \u00fanica agencia regional de promoci\u00f3n del comercio y las inversiones en el grupo de \u00c1frica, el Caribe y el Pac\u00edfico.\",\"publisher\":{\"@id\":\"https:\/\/content.carib-export.com\/es\/#organization\"},\"potentialAction\":[{\"@type\":\"SearchAction\",\"target\":{\"@type\":\"EntryPoint\",\"urlTemplate\":\"https:\/\/content.carib-export.com\/es\/?s={search_term_string}\"},\"query-input\":{\"@type\":\"PropertyValueSpecification\",\"valueRequired\":true,\"valueName\":\"search_term_string\"}}],\"inLanguage\":\"es\"},{\"@type\":\"Organization\",\"@id\":\"https:\/\/content.carib-export.com\/es\/#organization\",\"name\":\"Agencia de Desarrollo de Exportaciones del Caribe\",\"url\":\"https:\/\/content.carib-export.com\/es\/\",\"logo\":{\"@type\":\"ImageObject\",\"inLanguage\":\"es\",\"@id\":\"https:\/\/content.carib-export.com\/es\/#\/schema\/logo\/image\/\",\"url\":\"https:\/\/content.carib-export.com\/wp-content\/uploads\/2013\/03\/CE-Logo-2013.jpg\",\"contentUrl\":\"https:\/\/content.carib-export.com\/wp-content\/uploads\/2013\/03\/CE-Logo-2013.jpg\",\"width\":1024,\"height\":244,\"caption\":\"Agencia de Desarrollo de Exportaciones del Caribe\"},\"image\":{\"@id\":\"https:\/\/content.carib-export.com\/es\/#\/schema\/logo\/image\/\"},\"sameAs\":[\"https:\/\/www.facebook.com\/CaribbeanExport\",\"https:\/\/x.com\/CaribXport\",\"https:\/\/www.instagram.com\/caribbeanexport\",\"https:\/\/www.linkedin.com\/company\/caribbeanexport\",\"https:\/\/www.youtube.com\/user\/TheCaribbeanExport\"]}]}<\/script>\n<!-- \/ Yoast SEO plugin. -->","yoast_head_json":{"title":"Caribbean Export y Business France unen sus fuerzas para catalizar el crecimiento del sector privado en el Caribe - nombre del Exportaci\u00f3n del Caribe","description":"Caribbean Export, la pionera agencia regional de promoci\u00f3n del comercio y la inversi\u00f3n que representa al Caribe, ha cimentado otra asociaci\u00f3n estrat\u00e9gica para acelerar el crecimiento del sector privado en el Caribe.","robots":{"index":"index","follow":"follow","max-snippet":"max-snippet:-1","max-image-preview":"max-image-preview:large","max-video-preview":"max-video-preview:-1"},"canonical":"https:\/\/content.carib-export.com\/es\/news\/caribbean-export-and-business-france-join-forces-to-catalyze-private-sector-growth-in-the-caribbean\/","og_locale":"es_ES","og_type":"article","og_title":"Caribbean Export y Business France unen sus fuerzas para catalizar el crecimiento del sector privado en el Caribe - nombre del Exportaci\u00f3n del Caribe","og_description":"Caribbean Export, la pionera agencia regional de promoci\u00f3n del comercio y la inversi\u00f3n que representa al Caribe, ha cimentado otra asociaci\u00f3n estrat\u00e9gica para acelerar el crecimiento del sector privado en el Caribe.","og_url":"https:\/\/content.carib-export.com\/es\/news\/caribbean-export-and-business-france-join-forces-to-catalyze-private-sector-growth-in-the-caribbean\/","og_site_name":"Exportaci\u00f3n del Caribe","article_publisher":"https:\/\/www.facebook.com\/CaribbeanExport","article_modified_time":"2023-11-06T14:20:23+00:00","og_image":[{"width":2560,"height":1703,"url":"https:\/\/content.carib-export.com\/wp-content\/uploads\/2023\/11\/MOU-Biz-France-scaled.jpg","type":"image\/jpeg"}],"twitter_card":"summary_large_image","twitter_site":"@CaribXport","twitter_misc":{"Tiempo de lectura":"3 minutos"},"schema":{"@context":"https:\/\/schema.org","@graph":[{"@type":"WebPage","@id":"https:\/\/content.carib-export.com\/es\/news\/caribbean-export-and-business-france-join-forces-to-catalyze-private-sector-growth-in-the-caribbean\/","url":"https:\/\/content.carib-export.com\/es\/news\/caribbean-export-and-business-france-join-forces-to-catalyze-private-sector-growth-in-the-caribbean\/","name":"Caribbean Export y Business France unen sus fuerzas para catalizar el crecimiento del sector privado en el Caribe - nombre del Exportaci\u00f3n del Caribe","isPartOf":{"@id":"https:\/\/content.carib-export.com\/es\/#website"},"primaryImageOfPage":{"@id":"https:\/\/content.carib-export.com\/es\/news\/caribbean-export-and-business-france-join-forces-to-catalyze-private-sector-growth-in-the-caribbean\/#primaryimage"},"image":{"@id":"https:\/\/content.carib-export.com\/es\/news\/caribbean-export-and-business-france-join-forces-to-catalyze-private-sector-growth-in-the-caribbean\/#primaryimage"},"thumbnailUrl":"https:\/\/content.carib-export.com\/wp-content\/uploads\/2023\/11\/MOU-Biz-France-scaled.jpg","datePublished":"2023-11-06T14:16:34+00:00","dateModified":"2023-11-06T14:20:23+00:00","description":"Caribbean Export, la pionera agencia regional de promoci\u00f3n del comercio y la inversi\u00f3n que representa al Caribe, ha cimentado otra asociaci\u00f3n estrat\u00e9gica para acelerar el crecimiento del sector privado en el Caribe.","breadcrumb":{"@id":"https:\/\/content.carib-export.com\/es\/news\/caribbean-export-and-business-france-join-forces-to-catalyze-private-sector-growth-in-the-caribbean\/#breadcrumb"},"inLanguage":"es","potentialAction":[{"@type":"ReadAction","target":["https:\/\/content.carib-export.com\/es\/news\/caribbean-export-and-business-france-join-forces-to-catalyze-private-sector-growth-in-the-caribbean\/"]}]},{"@type":"ImageObject","inLanguage":"es","@id":"https:\/\/content.carib-export.com\/es\/news\/caribbean-export-and-business-france-join-forces-to-catalyze-private-sector-growth-in-the-caribbean\/#primaryimage","url":"https:\/\/content.carib-export.com\/wp-content\/uploads\/2023\/11\/MOU-Biz-France-scaled.jpg","contentUrl":"https:\/\/content.carib-export.com\/wp-content\/uploads\/2023\/11\/MOU-Biz-France-scaled.jpg","width":2560,"height":1703},{"@type":"BreadcrumbList","@id":"https:\/\/content.carib-export.com\/es\/news\/caribbean-export-and-business-france-join-forces-to-catalyze-private-sector-growth-in-the-caribbean\/#breadcrumb","itemListElement":[{"@type":"ListItem","position":1,"name":"Casa","item":"https:\/\/content.carib-export.com\/es\/home\/"},{"@type":"ListItem","position":2,"name":"News","item":"https:\/\/content.carib-export.com\/es\/news\/"},{"@type":"ListItem","position":3,"name":"Caribbean Export y Business France unen sus fuerzas para catalizar el crecimiento del sector privado en el Caribe"}]},{"@type":"WebSite","@id":"https:\/\/content.carib-export.com\/es\/#website","url":"https:\/\/content.carib-export.com\/es\/","name":"Exportaci\u00f3n del Caribe","description":"La \u00fanica agencia regional de promoci\u00f3n del comercio y las inversiones en el grupo de \u00c1frica, el Caribe y el Pac\u00edfico.","publisher":{"@id":"https:\/\/content.carib-export.com\/es\/#organization"},"potentialAction":[{"@type":"SearchAction","target":{"@type":"EntryPoint","urlTemplate":"https:\/\/content.carib-export.com\/es\/?s={search_term_string}"},"query-input":{"@type":"PropertyValueSpecification","valueRequired":true,"valueName":"search_term_string"}}],"inLanguage":"es"},{"@type":"Organization","@id":"https:\/\/content.carib-export.com\/es\/#organization","name":"Agencia de Desarrollo de Exportaciones del Caribe","url":"https:\/\/content.carib-export.com\/es\/","logo":{"@type":"ImageObject","inLanguage":"es","@id":"https:\/\/content.carib-export.com\/es\/#\/schema\/logo\/image\/","url":"https:\/\/content.carib-export.com\/wp-content\/uploads\/2013\/03\/CE-Logo-2013.jpg","contentUrl":"https:\/\/content.carib-export.com\/wp-content\/uploads\/2013\/03\/CE-Logo-2013.jpg","width":1024,"height":244,"caption":"Agencia de Desarrollo de Exportaciones del Caribe"},"image":{"@id":"https:\/\/content.carib-export.com\/es\/#\/schema\/logo\/image\/"},"sameAs":["https:\/\/www.facebook.com\/CaribbeanExport","https:\/\/x.com\/CaribXport","https:\/\/www.instagram.com\/caribbeanexport","https:\/\/www.linkedin.com\/company\/caribbeanexport","https:\/\/www.youtube.com\/user\/TheCaribbeanExport"]}]}},"_links":{"self":[{"href":"https:\/\/content.carib-export.com\/es\/wp-json\/wp\/v2\/news\/316091","targetHints":{"allow":["GET"]}}],"collection":[{"href":"https:\/\/content.carib-export.com\/es\/wp-json\/wp\/v2\/news"}],"about":[{"href":"https:\/\/content.carib-export.com\/es\/wp-json\/wp\/v2\/types\/news"}],"author":[{"embeddable":true,"href":"https:\/\/content.carib-export.com\/es\/wp-json\/wp\/v2\/users\/10"}],"version-history":[{"count":0,"href":"https:\/\/content.carib-export.com\/es\/wp-json\/wp\/v2\/news\/316091\/revisions"}],"wp:featuredmedia":[{"embeddable":true,"href":"https:\/\/content.carib-export.com\/es\/wp-json\/wp\/v2\/media\/316070"}],"wp:attachment":[{"href":"https:\/\/content.carib-export.com\/es\/wp-json\/wp\/v2\/media?parent=316091"}],"wp:term":[{"taxonomy":"post_tag","embeddable":true,"href":"https:\/\/content.carib-export.com\/es\/wp-json\/wp\/v2\/tags?post=316091"}],"curies":[{"name":"wp","href":"https:\/\/api.w.org\/{rel}","templated":true}]}}