{"id":322691,"date":"2024-07-02T09:42:01","date_gmt":"2024-07-02T13:42:01","guid":{"rendered":"https:\/\/content.carib-export.com\/news\/caribbean-export-appoints-dr-damie-sinanan-as-new-executive-director\/"},"modified":"2024-07-19T08:54:36","modified_gmt":"2024-07-19T12:54:36","slug":"caribbean-export-appoints-dr-damie-sinanan-as-new-executive-director","status":"publish","type":"news","link":"https:\/\/content.carib-export.com\/es\/news\/caribbean-export-appoints-dr-damie-sinanan-as-new-executive-director\/","title":{"rendered":"Caribbean Export nombra al Dr. Damie Sinanan nuevo Director Ejecutivo"},"content":{"rendered":"\n<ul class=\"wp-block-list\">\n<li>El Dr. Damie Sinanan nombrado nuevo Director Ejecutivo de la Agencia de Desarrollo de las Exportaciones del Caribe.<\/li>\n\n\n\n<li>El Dr. Sinanan aporta m\u00e1s de 20 a\u00f1os de experiencia en el desarrollo y la promoci\u00f3n de las exportaciones en toda la regi\u00f3n del Caribe.<\/li>\n\n\n\n<li>Su liderazgo se centrar\u00e1 en transformar Caribbean Export en la principal agencia de ejecuci\u00f3n de proyectos para el desarrollo del sector privado en la regi\u00f3n.<\/li>\n<\/ul>\n\n<p>Bridgetown, Barbados &#8211; 1 de julio de 2024 &#8211; La Agencia de Desarrollo de las Exportaciones del Caribe (Caribbean Export) se complace en anunciar el nombramiento del Dr. Damie Sinanan como su nuevo Director Ejecutivo, con efecto inmediato. El Dr. Sinanan aporta a su nuevo cargo una gran experiencia y un profundo conocimiento del panorama econ\u00f3mico de la regi\u00f3n.<\/p>\n\n<p>El Dr. Sinanan, nacional de Trinidad y Tobago, ha trabajado durante los \u00faltimos diez a\u00f1os en Caribbean Export, donde ha destacado como Director de Competitividad y Promoci\u00f3n de las Exportaciones. Su liderazgo ha sido decisivo para impulsar el desarrollo del sector privado, mejorar la promoci\u00f3n del comercio y las exportaciones, atraer inversiones y fomentar la resiliencia econ\u00f3mica en todo el Caribe.<\/p>\n\n<p>Con m\u00e1s de 20 a\u00f1os de experiencia en el desarrollo y la promoci\u00f3n de las exportaciones, la carrera del Dr. Sinanan incluye importantes cargos en exporTT, la agencia oficial de promoci\u00f3n comercial de Trinidad y Tobago, Republic Bank Limited y el Banco Interamericano de Desarrollo.<\/p>\n\n<p>El Dr. Sinanan es licenciado, m\u00e1ster y doctor en Econom\u00eda por la Universidad de las Indias Occidentales.<\/p>\n\n<p>Expresando su entusiasmo por su nuevo cargo, el Dr. Sinanan declar\u00f3: \u00abMe siento honrado de dirigir Caribbean Export y seguir\u00e9 trabajando por nuestra misi\u00f3n de crear empresas m\u00e1s fuertes en la regi\u00f3n. Espero seguir colaborando con nuestros socios actuales, al tiempo que creamos nuevas asociaciones para impulsar la innovaci\u00f3n, la sostenibilidad y la resiliencia econ\u00f3mica en nuestra regi\u00f3n. Mi visi\u00f3n es transformar Caribbean Export en la principal agencia de ejecuci\u00f3n de proyectos para el desarrollo del sector privado en el Caribe\u00bb.<\/p>\n\n<p>Bajo la direcci\u00f3n del Dr. Sinanan, Caribbean Export pretende ampliar su impacto potenciando el comercio y atrayendo inversiones dentro de la regi\u00f3n, creando nuevos puestos de trabajo y mejorando los medios de vida de los caribe\u00f1os.<\/p>\n","protected":false},"excerpt":{"rendered":"<p>Bridgetown, Barbados &#8211; 1 de julio de 2024 &#8211; La Agencia de Desarrollo de las Exportaciones del Caribe (Caribbean Export) se complace en anunciar el nombramiento del Dr. Damie Sinanan como su nuevo Director Ejecutivo, con efecto inmediato. El Dr. Sinanan aporta a su nuevo cargo una gran experiencia y un profundo conocimiento del panorama [&hellip;]<\/p>\n","protected":false},"author":26,"featured_media":323514,"menu_order":0,"template":"","tags":[],"class_list":["post-322691","news","type-news","status-publish","has-post-thumbnail","hentry"],"acf":[],"yoast_head":"<!-- This site is optimized with the Yoast SEO plugin v27.1.1 - https:\/\/yoast.com\/product\/yoast-seo-wordpress\/ -->\n<title>Caribbean Export nombra al Dr. Damie Sinanan nuevo Director Ejecutivo - nombre del Exportaci\u00f3n del Caribe<\/title>\n<meta name=\"description\" content=\"La Agencia de Desarrollo de las Exportaciones del Caribe se complace en anunciar el nombramiento del Dr. Damie Sinanan como su nuevo Director Ejecutivo, a partir del 1 de julio de 2024.\" \/>\n<meta name=\"robots\" content=\"index, follow, max-snippet:-1, max-image-preview:large, max-video-preview:-1\" \/>\n<link rel=\"canonical\" href=\"https:\/\/content.carib-export.com\/es\/news\/caribbean-export-appoints-dr-damie-sinanan-as-new-executive-director\/\" \/>\n<meta property=\"og:locale\" content=\"es_ES\" \/>\n<meta property=\"og:type\" content=\"article\" \/>\n<meta property=\"og:title\" content=\"Caribbean Export nombra al Dr. Damie Sinanan nuevo Director Ejecutivo\" \/>\n<meta property=\"og:description\" content=\"La Agencia de Desarrollo de las Exportaciones del Caribe se complace en anunciar el nombramiento del Dr. Damie Sinanan como su nuevo Director Ejecutivo, a partir del 1 de julio de 2024.\" \/>\n<meta property=\"og:url\" content=\"https:\/\/content.carib-export.com\/es\/news\/caribbean-export-appoints-dr-damie-sinanan-as-new-executive-director\/\" \/>\n<meta property=\"og:site_name\" content=\"Exportaci\u00f3n del Caribe\" \/>\n<meta property=\"article:publisher\" content=\"https:\/\/www.facebook.com\/CaribbeanExport\" \/>\n<meta property=\"article:modified_time\" content=\"2024-07-19T12:54:36+00:00\" \/>\n<meta property=\"og:image\" content=\"https:\/\/content.carib-export.com\/wp-content\/uploads\/2024\/07\/New-website-featured-image-1500-x-1125-56-1024x768.jpg\" \/>\n<meta name=\"twitter:card\" content=\"summary_large_image\" \/>\n<meta name=\"twitter:title\" content=\"Caribbean Export nombra al Dr. Damie Sinanan nuevo Director Ejecutivo\" \/>\n<meta name=\"twitter:description\" content=\"La Agencia de Desarrollo de las Exportaciones del Caribe se complace en anunciar el nombramiento del Dr. Damie Sinanan como su nuevo Director Ejecutivo, a partir del 1 de julio de 2024.\" \/>\n<meta name=\"twitter:image\" content=\"https:\/\/content.carib-export.com\/wp-content\/uploads\/2024\/07\/New-website-featured-image-1500-x-1125-56-1024x768.jpg\" \/>\n<meta name=\"twitter:site\" content=\"@CaribXport\" \/>\n<meta name=\"twitter:label1\" content=\"Tiempo de lectura\" \/>\n\t<meta name=\"twitter:data1\" content=\"2 minutos\" \/>\n<script type=\"application\/ld+json\" class=\"yoast-schema-graph\">{\"@context\":\"https:\/\/schema.org\",\"@graph\":[{\"@type\":\"WebPage\",\"@id\":\"https:\/\/content.carib-export.com\/es\/news\/caribbean-export-appoints-dr-damie-sinanan-as-new-executive-director\/\",\"url\":\"https:\/\/content.carib-export.com\/es\/news\/caribbean-export-appoints-dr-damie-sinanan-as-new-executive-director\/\",\"name\":\"Caribbean Export nombra al Dr. Damie Sinanan nuevo Director Ejecutivo - nombre del Exportaci\u00f3n del Caribe\",\"isPartOf\":{\"@id\":\"https:\/\/content.carib-export.com\/es\/#website\"},\"primaryImageOfPage\":{\"@id\":\"https:\/\/content.carib-export.com\/es\/news\/caribbean-export-appoints-dr-damie-sinanan-as-new-executive-director\/#primaryimage\"},\"image\":{\"@id\":\"https:\/\/content.carib-export.com\/es\/news\/caribbean-export-appoints-dr-damie-sinanan-as-new-executive-director\/#primaryimage\"},\"thumbnailUrl\":\"https:\/\/content.carib-export.com\/wp-content\/uploads\/2024\/07\/New-website-featured-image-1500-x-1125-56.jpg\",\"datePublished\":\"2024-07-02T13:42:01+00:00\",\"dateModified\":\"2024-07-19T12:54:36+00:00\",\"description\":\"La Agencia de Desarrollo de las Exportaciones del Caribe se complace en anunciar el nombramiento del Dr. Damie Sinanan como su nuevo Director Ejecutivo, a partir del 1 de julio de 2024.\",\"breadcrumb\":{\"@id\":\"https:\/\/content.carib-export.com\/es\/news\/caribbean-export-appoints-dr-damie-sinanan-as-new-executive-director\/#breadcrumb\"},\"inLanguage\":\"es\",\"potentialAction\":[{\"@type\":\"ReadAction\",\"target\":[\"https:\/\/content.carib-export.com\/es\/news\/caribbean-export-appoints-dr-damie-sinanan-as-new-executive-director\/\"]}]},{\"@type\":\"ImageObject\",\"inLanguage\":\"es\",\"@id\":\"https:\/\/content.carib-export.com\/es\/news\/caribbean-export-appoints-dr-damie-sinanan-as-new-executive-director\/#primaryimage\",\"url\":\"https:\/\/content.carib-export.com\/wp-content\/uploads\/2024\/07\/New-website-featured-image-1500-x-1125-56.jpg\",\"contentUrl\":\"https:\/\/content.carib-export.com\/wp-content\/uploads\/2024\/07\/New-website-featured-image-1500-x-1125-56.jpg\",\"width\":1500,\"height\":1125},{\"@type\":\"BreadcrumbList\",\"@id\":\"https:\/\/content.carib-export.com\/es\/news\/caribbean-export-appoints-dr-damie-sinanan-as-new-executive-director\/#breadcrumb\",\"itemListElement\":[{\"@type\":\"ListItem\",\"position\":1,\"name\":\"Casa\",\"item\":\"https:\/\/content.carib-export.com\/es\/home\/\"},{\"@type\":\"ListItem\",\"position\":2,\"name\":\"News\",\"item\":\"https:\/\/content.carib-export.com\/es\/news\/\"},{\"@type\":\"ListItem\",\"position\":3,\"name\":\"Caribbean Export nombra al Dr. Damie Sinanan nuevo Director Ejecutivo\"}]},{\"@type\":\"WebSite\",\"@id\":\"https:\/\/content.carib-export.com\/es\/#website\",\"url\":\"https:\/\/content.carib-export.com\/es\/\",\"name\":\"Exportaci\u00f3n del Caribe\",\"description\":\"La \u00fanica agencia regional de promoci\u00f3n del comercio y las inversiones en el grupo de \u00c1frica, el Caribe y el Pac\u00edfico.\",\"publisher\":{\"@id\":\"https:\/\/content.carib-export.com\/es\/#organization\"},\"potentialAction\":[{\"@type\":\"SearchAction\",\"target\":{\"@type\":\"EntryPoint\",\"urlTemplate\":\"https:\/\/content.carib-export.com\/es\/?s={search_term_string}\"},\"query-input\":{\"@type\":\"PropertyValueSpecification\",\"valueRequired\":true,\"valueName\":\"search_term_string\"}}],\"inLanguage\":\"es\"},{\"@type\":\"Organization\",\"@id\":\"https:\/\/content.carib-export.com\/es\/#organization\",\"name\":\"Agencia de Desarrollo de Exportaciones del Caribe\",\"url\":\"https:\/\/content.carib-export.com\/es\/\",\"logo\":{\"@type\":\"ImageObject\",\"inLanguage\":\"es\",\"@id\":\"https:\/\/content.carib-export.com\/es\/#\/schema\/logo\/image\/\",\"url\":\"https:\/\/content.carib-export.com\/wp-content\/uploads\/2013\/03\/CE-Logo-2013.jpg\",\"contentUrl\":\"https:\/\/content.carib-export.com\/wp-content\/uploads\/2013\/03\/CE-Logo-2013.jpg\",\"width\":1024,\"height\":244,\"caption\":\"Agencia de Desarrollo de Exportaciones del Caribe\"},\"image\":{\"@id\":\"https:\/\/content.carib-export.com\/es\/#\/schema\/logo\/image\/\"},\"sameAs\":[\"https:\/\/www.facebook.com\/CaribbeanExport\",\"https:\/\/x.com\/CaribXport\",\"https:\/\/www.instagram.com\/caribbeanexport\",\"https:\/\/www.linkedin.com\/company\/caribbeanexport\",\"https:\/\/www.youtube.com\/user\/TheCaribbeanExport\"]}]}<\/script>\n<!-- \/ Yoast SEO plugin. -->","yoast_head_json":{"title":"Caribbean Export nombra al Dr. Damie Sinanan nuevo Director Ejecutivo - nombre del Exportaci\u00f3n del Caribe","description":"La Agencia de Desarrollo de las Exportaciones del Caribe se complace en anunciar el nombramiento del Dr. Damie Sinanan como su nuevo Director Ejecutivo, a partir del 1 de julio de 2024.","robots":{"index":"index","follow":"follow","max-snippet":"max-snippet:-1","max-image-preview":"max-image-preview:large","max-video-preview":"max-video-preview:-1"},"canonical":"https:\/\/content.carib-export.com\/es\/news\/caribbean-export-appoints-dr-damie-sinanan-as-new-executive-director\/","og_locale":"es_ES","og_type":"article","og_title":"Caribbean Export nombra al Dr. Damie Sinanan nuevo Director Ejecutivo","og_description":"La Agencia de Desarrollo de las Exportaciones del Caribe se complace en anunciar el nombramiento del Dr. Damie Sinanan como su nuevo Director Ejecutivo, a partir del 1 de julio de 2024.","og_url":"https:\/\/content.carib-export.com\/es\/news\/caribbean-export-appoints-dr-damie-sinanan-as-new-executive-director\/","og_site_name":"Exportaci\u00f3n del Caribe","article_publisher":"https:\/\/www.facebook.com\/CaribbeanExport","article_modified_time":"2024-07-19T12:54:36+00:00","og_image":[{"url":"https:\/\/content.carib-export.com\/wp-content\/uploads\/2024\/07\/New-website-featured-image-1500-x-1125-56-1024x768.jpg","type":"","width":"","height":""}],"twitter_card":"summary_large_image","twitter_title":"Caribbean Export nombra al Dr. Damie Sinanan nuevo Director Ejecutivo","twitter_description":"La Agencia de Desarrollo de las Exportaciones del Caribe se complace en anunciar el nombramiento del Dr. Damie Sinanan como su nuevo Director Ejecutivo, a partir del 1 de julio de 2024.","twitter_image":"https:\/\/content.carib-export.com\/wp-content\/uploads\/2024\/07\/New-website-featured-image-1500-x-1125-56-1024x768.jpg","twitter_site":"@CaribXport","twitter_misc":{"Tiempo de lectura":"2 minutos"},"schema":{"@context":"https:\/\/schema.org","@graph":[{"@type":"WebPage","@id":"https:\/\/content.carib-export.com\/es\/news\/caribbean-export-appoints-dr-damie-sinanan-as-new-executive-director\/","url":"https:\/\/content.carib-export.com\/es\/news\/caribbean-export-appoints-dr-damie-sinanan-as-new-executive-director\/","name":"Caribbean Export nombra al Dr. Damie Sinanan nuevo Director Ejecutivo - nombre del Exportaci\u00f3n del Caribe","isPartOf":{"@id":"https:\/\/content.carib-export.com\/es\/#website"},"primaryImageOfPage":{"@id":"https:\/\/content.carib-export.com\/es\/news\/caribbean-export-appoints-dr-damie-sinanan-as-new-executive-director\/#primaryimage"},"image":{"@id":"https:\/\/content.carib-export.com\/es\/news\/caribbean-export-appoints-dr-damie-sinanan-as-new-executive-director\/#primaryimage"},"thumbnailUrl":"https:\/\/content.carib-export.com\/wp-content\/uploads\/2024\/07\/New-website-featured-image-1500-x-1125-56.jpg","datePublished":"2024-07-02T13:42:01+00:00","dateModified":"2024-07-19T12:54:36+00:00","description":"La Agencia de Desarrollo de las Exportaciones del Caribe se complace en anunciar el nombramiento del Dr. Damie Sinanan como su nuevo Director Ejecutivo, a partir del 1 de julio de 2024.","breadcrumb":{"@id":"https:\/\/content.carib-export.com\/es\/news\/caribbean-export-appoints-dr-damie-sinanan-as-new-executive-director\/#breadcrumb"},"inLanguage":"es","potentialAction":[{"@type":"ReadAction","target":["https:\/\/content.carib-export.com\/es\/news\/caribbean-export-appoints-dr-damie-sinanan-as-new-executive-director\/"]}]},{"@type":"ImageObject","inLanguage":"es","@id":"https:\/\/content.carib-export.com\/es\/news\/caribbean-export-appoints-dr-damie-sinanan-as-new-executive-director\/#primaryimage","url":"https:\/\/content.carib-export.com\/wp-content\/uploads\/2024\/07\/New-website-featured-image-1500-x-1125-56.jpg","contentUrl":"https:\/\/content.carib-export.com\/wp-content\/uploads\/2024\/07\/New-website-featured-image-1500-x-1125-56.jpg","width":1500,"height":1125},{"@type":"BreadcrumbList","@id":"https:\/\/content.carib-export.com\/es\/news\/caribbean-export-appoints-dr-damie-sinanan-as-new-executive-director\/#breadcrumb","itemListElement":[{"@type":"ListItem","position":1,"name":"Casa","item":"https:\/\/content.carib-export.com\/es\/home\/"},{"@type":"ListItem","position":2,"name":"News","item":"https:\/\/content.carib-export.com\/es\/news\/"},{"@type":"ListItem","position":3,"name":"Caribbean Export nombra al Dr. Damie Sinanan nuevo Director Ejecutivo"}]},{"@type":"WebSite","@id":"https:\/\/content.carib-export.com\/es\/#website","url":"https:\/\/content.carib-export.com\/es\/","name":"Exportaci\u00f3n del Caribe","description":"La \u00fanica agencia regional de promoci\u00f3n del comercio y las inversiones en el grupo de \u00c1frica, el Caribe y el Pac\u00edfico.","publisher":{"@id":"https:\/\/content.carib-export.com\/es\/#organization"},"potentialAction":[{"@type":"SearchAction","target":{"@type":"EntryPoint","urlTemplate":"https:\/\/content.carib-export.com\/es\/?s={search_term_string}"},"query-input":{"@type":"PropertyValueSpecification","valueRequired":true,"valueName":"search_term_string"}}],"inLanguage":"es"},{"@type":"Organization","@id":"https:\/\/content.carib-export.com\/es\/#organization","name":"Agencia de Desarrollo de Exportaciones del Caribe","url":"https:\/\/content.carib-export.com\/es\/","logo":{"@type":"ImageObject","inLanguage":"es","@id":"https:\/\/content.carib-export.com\/es\/#\/schema\/logo\/image\/","url":"https:\/\/content.carib-export.com\/wp-content\/uploads\/2013\/03\/CE-Logo-2013.jpg","contentUrl":"https:\/\/content.carib-export.com\/wp-content\/uploads\/2013\/03\/CE-Logo-2013.jpg","width":1024,"height":244,"caption":"Agencia de Desarrollo de Exportaciones del Caribe"},"image":{"@id":"https:\/\/content.carib-export.com\/es\/#\/schema\/logo\/image\/"},"sameAs":["https:\/\/www.facebook.com\/CaribbeanExport","https:\/\/x.com\/CaribXport","https:\/\/www.instagram.com\/caribbeanexport","https:\/\/www.linkedin.com\/company\/caribbeanexport","https:\/\/www.youtube.com\/user\/TheCaribbeanExport"]}]}},"_links":{"self":[{"href":"https:\/\/content.carib-export.com\/es\/wp-json\/wp\/v2\/news\/322691","targetHints":{"allow":["GET"]}}],"collection":[{"href":"https:\/\/content.carib-export.com\/es\/wp-json\/wp\/v2\/news"}],"about":[{"href":"https:\/\/content.carib-export.com\/es\/wp-json\/wp\/v2\/types\/news"}],"author":[{"embeddable":true,"href":"https:\/\/content.carib-export.com\/es\/wp-json\/wp\/v2\/users\/26"}],"version-history":[{"count":0,"href":"https:\/\/content.carib-export.com\/es\/wp-json\/wp\/v2\/news\/322691\/revisions"}],"wp:featuredmedia":[{"embeddable":true,"href":"https:\/\/content.carib-export.com\/es\/wp-json\/wp\/v2\/media\/323514"}],"wp:attachment":[{"href":"https:\/\/content.carib-export.com\/es\/wp-json\/wp\/v2\/media?parent=322691"}],"wp:term":[{"taxonomy":"post_tag","embeddable":true,"href":"https:\/\/content.carib-export.com\/es\/wp-json\/wp\/v2\/tags?post=322691"}],"curies":[{"name":"wp","href":"https:\/\/api.w.org\/{rel}","templated":true}]}}