{"id":323063,"date":"2024-07-11T11:03:49","date_gmt":"2024-07-11T15:03:49","guid":{"rendered":"https:\/\/content.carib-export.com\/news\/caribbean-investment-forum-continues-to-create-opportunities-for-more-investment-in-the-region\/"},"modified":"2024-07-11T11:58:16","modified_gmt":"2024-07-11T15:58:16","slug":"caribbean-investment-forum-continues-to-create-opportunities-for-more-investment-in-the-region","status":"publish","type":"news","link":"https:\/\/content.carib-export.com\/es\/news\/caribbean-investment-forum-continues-to-create-opportunities-for-more-investment-in-the-region\/","title":{"rendered":"El Foro de Inversi\u00f3n del Caribe sigue creando oportunidades para aumentar la inversi\u00f3n en la Regi\u00f3n."},"content":{"rendered":"\n<ul class=\"wp-block-list\">\n<li><em>Arranca la tercera edici\u00f3n del Foro de Inversi\u00f3n del Caribe, mientras la Agencia de Desarrollo de las Exportaciones del Caribe fomenta asociaciones p\u00fablico-privadas m\u00e1s s\u00f3lidas en el Caribe.<\/em><\/li>\n\n\n\n<li><em>Guyana, un actor clave, acoge el Foro de Inversi\u00f3n del Caribe 2024, invitando a los delegados a explorar las oportunidades de inversi\u00f3n y los incentivos de la regi\u00f3n.<\/em><\/li>\n\n\n\n<li><em>La agenda del FIC 2024 est\u00e1 estrat\u00e9gicamente dise\u00f1ada para conectar a los inversores regionales e internacionales con las oportunidades que se presentan en todo el Caribe, fomentando el crecimiento de las asociaciones regionales.<\/em><\/li>\n<\/ul>\n\n<p><strong><em>10 de julio de 2024, Georgetown, Guyana<\/em><\/strong>&#8211; En la ceremonia de apertura del Foro de Inversi\u00f3n del Caribe 2024 (FIC), celebrada en el Centro de Conferencias Arthur Chung de Georgetown (Guyana), se renovaron los llamamientos a una mayor colaboraci\u00f3n entre los sectores p\u00fablico y privado para transformar la regi\u00f3n del Caribe, marcando la pauta de los dos d\u00edas de debates siguientes.<\/p>\n\n<p>La Agencia Caribe\u00f1a de Desarrollo de las Exportaciones (Caribbean Export) acoge la CIF 2024 bajo el lema \u00ab<em>Transformar nuestro futuro, potenciar el<\/em>crecimiento\u00bb, en colaboraci\u00f3n con el Gobierno de la Rep\u00fablica Cooperativa de Guyana, la Uni\u00f3n Europea, la Secretar\u00eda de la CARICOM y el Banco de Desarrollo del Caribe.<\/p>\n\n<p>El Dr. Damie Sinanan, Director Ejecutivo de Caribbean Export, destac\u00f3 la importancia del foro, que simboliza un cambio notable en el enfoque colectivo para garantizar las inversiones vitales necesarias para el desarrollo y la diversificaci\u00f3n econ\u00f3mica de la regi\u00f3n.<\/p>\n\n<p>\u00abEl Caribe est\u00e1 maduro para las oportunidades de inversi\u00f3n en diversos sectores y el foro proporciona la plataforma para que diversas partes interesadas p\u00fablicas y privadas se re\u00fanan y hagan avanzar esta causa\u00bb, declar\u00f3 el Dr. Sinanan.<\/p>\n\n<p>El Dr. Sinanan subray\u00f3 la importancia de un crecimiento econ\u00f3mico sostenido en la regi\u00f3n del Caribe y la necesidad de asociaciones regionales e internacionales m\u00e1s all\u00e1 de las fronteras nacionales.<\/p>\n\n<p>\u00abDebemos unirnos como un solo Caribe para aportar las capacidades requeridas y el tama\u00f1o de mercado necesario para atraer el alto nivel de inversi\u00f3n de capital necesario para lograr un crecimiento transformador. En otras palabras, no puede ser lo de siempre. [We] deben actuar con presteza y unidad al tiempo que aceptan un entorno en constante cambio\u00bb.<\/p>\n\n<p>Mientras tanto, Su Excelencia el Dr. Mohamed Irfaan Ali, Presidente de la Rep\u00fablica Cooperativa de Guyana, tambi\u00e9n comparti\u00f3 sentimientos similares sobre una mayor necesidad de m\u00e1s asociaciones regionales. El jefe de Estado record\u00f3 a los delegados que \u00abGuyana est\u00e1 abierta a la inversi\u00f3n y tiene un entorno de inversi\u00f3n muy amistoso\u00bb.<\/p>\n\n<p>Tambi\u00e9n destac\u00f3 las numerosas oportunidades de su pa\u00eds, afirmando: \u00abGuyana ofrece generosos y favorables incentivos fiscales a la inversi\u00f3n. Guyana es un mercado de divisas abierto, con baja inflaci\u00f3n y un sistema financiero estable. En todos y cada uno de los sectores, hemos esbozado las oportunidades de inversi\u00f3n que existen aqu\u00ed en Guyana.\u00bb<\/p>\n\n<p>Adem\u00e1s, la Dra. Carla Barnett, Secretaria General de la Secretar\u00eda de la CARICOM, aprovech\u00f3 su intervenci\u00f3n para subrayar la necesidad urgente de actuar en relaci\u00f3n con las vulnerabilidades de la regi\u00f3n al cambio clim\u00e1tico, puestas de manifiesto por el hurac\u00e1n Beryl.<\/p>\n\n<p>El Dr. Barnett reclama una mayor inversi\u00f3n del sector privado en agricultura sostenible. Describi\u00f3 esta inversi\u00f3n como crucial para potenciar las ventajas y afrontar los retos. El Secretario General de la CARICOM tambi\u00e9n subraya la importancia de canalizar las inversiones hacia proyectos agr\u00edcolas sostenibles que modernicen la agricultura, introduzcan innovaciones tecnol\u00f3gicas y mejoren el acceso al mercado de los productos agr\u00edcolas existentes y nuevos.<\/p>\n\n<p>\u00ab[CARICOM] est\u00e1 dando prioridad a las inversiones resistentes al clima, aquellas que integran t\u00e9cnicas agr\u00edcolas mejoradas para hacer frente a la vulnerabilidad de la regi\u00f3n a los huracanes, las inundaciones, las sequ\u00edas y la subida del nivel del mar que provoca la salinizaci\u00f3n y la p\u00e9rdida de tierras cultivables\u00bb.<\/p>\n\n<p>Su Excelencia Rene Van Nes, Embajador de la Delegaci\u00f3n de la Uni\u00f3n Europea (UE) en Guyana, elogi\u00f3 a los inversores de la UE por su participaci\u00f3n en el foro de este a\u00f1o. Mencion\u00f3 que la UE mantiene una larga asociaci\u00f3n con la regi\u00f3n, basada en intereses mutuos y en fuertes lazos econ\u00f3micos, sociales, culturales e hist\u00f3ricos.<\/p>\n\n<p>\u00abEl Caribe [is] una importante oportunidad de inversi\u00f3n, y aspiramos a ser el socio empresarial preferido para el Caribe, y para ello ponemos a tu disposici\u00f3n la estrategia global integral de puertas de enlace y su agenda de inversi\u00f3n asociada. El programa mundial de inversiones \u00abpasarela\u00bb es la oferta de la UE para salvar el d\u00e9ficit de inversi\u00f3n y aprovechar el capital privado para impulsar inversiones innovadoras, sostenibles y transformadoras.\u00bb<\/p>\n\n<p>La Sra. Lisa Harding, Jefa en funciones de la Divisi\u00f3n del Sector Privado del Banco de Desarrollo del Caribe (BDC), reiter\u00f3 el compromiso del banco de apoyar dicho foro. El Foro de Inversi\u00f3n del Caribe sirve de plataforma estrat\u00e9gica no s\u00f3lo para mostrar las oportunidades de inversi\u00f3n, sino tambi\u00e9n para facilitar la creaci\u00f3n de redes y asociaciones, y fomentar el tan necesario di\u00e1logo entre las partes interesadas.<\/p>\n\n<p>\u00abEl Foro de Inversi\u00f3n del Caribe ha atra\u00eddo con \u00e9xito capital de inversi\u00f3n a la regi\u00f3n. El Caribe est\u00e1 abierto a la inversi\u00f3n. El BDC desempe\u00f1a un papel fundamental en el apoyo a la inversi\u00f3n y el desarrollo sostenible en todos sus pa\u00edses clientes. Adoptamos una visi\u00f3n hol\u00edstica del desarrollo, garantizando que sea resistente, integrador y equitativo.\u00bb<\/p>\n\n<p>Tras la inauguraci\u00f3n formal, los delegados asistieron a una vibrante presentaci\u00f3n cultural titulada \u00abUna Guyana\u00bb, que mostr\u00f3 una fusi\u00f3n de danzas interpretadas por los grupos de danza guyaneses Riverside Angels, Jorro y Berbice Delights Dance Troupes. Adem\u00e1s, durante el c\u00f3ctel de recepci\u00f3n, se mostr\u00f3 una presentaci\u00f3n cultural titulada \u00abEl sabor de Guyana\u00bb, con comida, bebidas y artes tradicionales guyanesas.<\/p>\n\n<p>Durante los pr\u00f3ximos dos d\u00edas, m\u00e1s de 450 participantes en el FIC 2024 debatir\u00e1n sobre agricultura sostenible, la transici\u00f3n a una econom\u00eda verde, la digitalizaci\u00f3n de las empresas y el desarrollo sostenible.<\/p>\n\n<p><\/p>\n\n<p><\/p>\n","protected":false},"excerpt":{"rendered":"<p>10 de julio de 2024, Georgetown, Guyana&#8211; En la ceremonia de apertura del Foro de Inversi\u00f3n del Caribe 2024 (FIC), celebrada en el Centro de Conferencias Arthur Chung de Georgetown (Guyana), se renovaron los llamamientos a una mayor colaboraci\u00f3n entre los sectores p\u00fablico y privado para transformar la regi\u00f3n del Caribe, marcando la pauta de [&hellip;]<\/p>\n","protected":false},"author":26,"featured_media":323070,"menu_order":0,"template":"","tags":[],"class_list":["post-323063","news","type-news","status-publish","has-post-thumbnail","hentry"],"acf":[],"yoast_head":"<!-- This site is optimized with the Yoast SEO plugin v27.1.1 - https:\/\/yoast.com\/product\/yoast-seo-wordpress\/ -->\n<title>El Foro de Inversi\u00f3n del Caribe sigue creando oportunidades para aumentar la inversi\u00f3n en la Regi\u00f3n. - nombre del Exportaci\u00f3n del Caribe<\/title>\n<meta name=\"robots\" content=\"index, follow, max-snippet:-1, max-image-preview:large, max-video-preview:-1\" \/>\n<link rel=\"canonical\" href=\"https:\/\/content.carib-export.com\/es\/news\/caribbean-investment-forum-continues-to-create-opportunities-for-more-investment-in-the-region\/\" \/>\n<meta property=\"og:locale\" content=\"es_ES\" \/>\n<meta property=\"og:type\" content=\"article\" \/>\n<meta property=\"og:title\" content=\"El Foro de Inversi\u00f3n del Caribe sigue creando oportunidades para aumentar la inversi\u00f3n en la Regi\u00f3n. - nombre del Exportaci\u00f3n del Caribe\" \/>\n<meta property=\"og:description\" content=\"10 de julio de 2024, Georgetown, Guyana&#8211; En la ceremonia de apertura del Foro de Inversi\u00f3n del Caribe 2024 (FIC), celebrada en el Centro de Conferencias Arthur Chung de Georgetown (Guyana), se renovaron los llamamientos a una mayor colaboraci\u00f3n entre los sectores p\u00fablico y privado para transformar la regi\u00f3n del Caribe, marcando la pauta de [&hellip;]\" \/>\n<meta property=\"og:url\" content=\"https:\/\/content.carib-export.com\/es\/news\/caribbean-investment-forum-continues-to-create-opportunities-for-more-investment-in-the-region\/\" \/>\n<meta property=\"og:site_name\" content=\"Exportaci\u00f3n del Caribe\" \/>\n<meta property=\"article:publisher\" content=\"https:\/\/www.facebook.com\/CaribbeanExport\" \/>\n<meta property=\"article:modified_time\" content=\"2024-07-11T15:58:16+00:00\" \/>\n<meta property=\"og:image\" content=\"https:\/\/content.carib-export.com\/wp-content\/uploads\/2024\/07\/CIF24-Opening-Ceremony-.jpg\" \/>\n\t<meta property=\"og:image:width\" content=\"1500\" \/>\n\t<meta property=\"og:image:height\" content=\"1125\" \/>\n\t<meta property=\"og:image:type\" content=\"image\/jpeg\" \/>\n<meta name=\"twitter:card\" content=\"summary_large_image\" \/>\n<meta name=\"twitter:site\" content=\"@CaribXport\" \/>\n<meta name=\"twitter:label1\" content=\"Tiempo de lectura\" \/>\n\t<meta name=\"twitter:data1\" content=\"5 minutos\" \/>\n<script type=\"application\/ld+json\" class=\"yoast-schema-graph\">{\"@context\":\"https:\/\/schema.org\",\"@graph\":[{\"@type\":\"WebPage\",\"@id\":\"https:\/\/content.carib-export.com\/es\/news\/caribbean-investment-forum-continues-to-create-opportunities-for-more-investment-in-the-region\/\",\"url\":\"https:\/\/content.carib-export.com\/es\/news\/caribbean-investment-forum-continues-to-create-opportunities-for-more-investment-in-the-region\/\",\"name\":\"El Foro de Inversi\u00f3n del Caribe sigue creando oportunidades para aumentar la inversi\u00f3n en la Regi\u00f3n. - nombre del Exportaci\u00f3n del Caribe\",\"isPartOf\":{\"@id\":\"https:\/\/content.carib-export.com\/es\/#website\"},\"primaryImageOfPage\":{\"@id\":\"https:\/\/content.carib-export.com\/es\/news\/caribbean-investment-forum-continues-to-create-opportunities-for-more-investment-in-the-region\/#primaryimage\"},\"image\":{\"@id\":\"https:\/\/content.carib-export.com\/es\/news\/caribbean-investment-forum-continues-to-create-opportunities-for-more-investment-in-the-region\/#primaryimage\"},\"thumbnailUrl\":\"https:\/\/content.carib-export.com\/wp-content\/uploads\/2024\/07\/CIF24-Opening-Ceremony-.jpg\",\"datePublished\":\"2024-07-11T15:03:49+00:00\",\"dateModified\":\"2024-07-11T15:58:16+00:00\",\"breadcrumb\":{\"@id\":\"https:\/\/content.carib-export.com\/es\/news\/caribbean-investment-forum-continues-to-create-opportunities-for-more-investment-in-the-region\/#breadcrumb\"},\"inLanguage\":\"es\",\"potentialAction\":[{\"@type\":\"ReadAction\",\"target\":[\"https:\/\/content.carib-export.com\/es\/news\/caribbean-investment-forum-continues-to-create-opportunities-for-more-investment-in-the-region\/\"]}]},{\"@type\":\"ImageObject\",\"inLanguage\":\"es\",\"@id\":\"https:\/\/content.carib-export.com\/es\/news\/caribbean-investment-forum-continues-to-create-opportunities-for-more-investment-in-the-region\/#primaryimage\",\"url\":\"https:\/\/content.carib-export.com\/wp-content\/uploads\/2024\/07\/CIF24-Opening-Ceremony-.jpg\",\"contentUrl\":\"https:\/\/content.carib-export.com\/wp-content\/uploads\/2024\/07\/CIF24-Opening-Ceremony-.jpg\",\"width\":1500,\"height\":1125},{\"@type\":\"BreadcrumbList\",\"@id\":\"https:\/\/content.carib-export.com\/es\/news\/caribbean-investment-forum-continues-to-create-opportunities-for-more-investment-in-the-region\/#breadcrumb\",\"itemListElement\":[{\"@type\":\"ListItem\",\"position\":1,\"name\":\"Casa\",\"item\":\"https:\/\/content.carib-export.com\/es\/home\/\"},{\"@type\":\"ListItem\",\"position\":2,\"name\":\"News\",\"item\":\"https:\/\/content.carib-export.com\/es\/news\/\"},{\"@type\":\"ListItem\",\"position\":3,\"name\":\"El Foro de Inversi\u00f3n del Caribe sigue creando oportunidades para aumentar la inversi\u00f3n en la Regi\u00f3n.\"}]},{\"@type\":\"WebSite\",\"@id\":\"https:\/\/content.carib-export.com\/es\/#website\",\"url\":\"https:\/\/content.carib-export.com\/es\/\",\"name\":\"Exportaci\u00f3n del Caribe\",\"description\":\"La \u00fanica agencia regional de promoci\u00f3n del comercio y las inversiones en el grupo de \u00c1frica, el Caribe y el Pac\u00edfico.\",\"publisher\":{\"@id\":\"https:\/\/content.carib-export.com\/es\/#organization\"},\"potentialAction\":[{\"@type\":\"SearchAction\",\"target\":{\"@type\":\"EntryPoint\",\"urlTemplate\":\"https:\/\/content.carib-export.com\/es\/?s={search_term_string}\"},\"query-input\":{\"@type\":\"PropertyValueSpecification\",\"valueRequired\":true,\"valueName\":\"search_term_string\"}}],\"inLanguage\":\"es\"},{\"@type\":\"Organization\",\"@id\":\"https:\/\/content.carib-export.com\/es\/#organization\",\"name\":\"Agencia de Desarrollo de Exportaciones del Caribe\",\"url\":\"https:\/\/content.carib-export.com\/es\/\",\"logo\":{\"@type\":\"ImageObject\",\"inLanguage\":\"es\",\"@id\":\"https:\/\/content.carib-export.com\/es\/#\/schema\/logo\/image\/\",\"url\":\"https:\/\/content.carib-export.com\/wp-content\/uploads\/2013\/03\/CE-Logo-2013.jpg\",\"contentUrl\":\"https:\/\/content.carib-export.com\/wp-content\/uploads\/2013\/03\/CE-Logo-2013.jpg\",\"width\":1024,\"height\":244,\"caption\":\"Agencia de Desarrollo de Exportaciones del Caribe\"},\"image\":{\"@id\":\"https:\/\/content.carib-export.com\/es\/#\/schema\/logo\/image\/\"},\"sameAs\":[\"https:\/\/www.facebook.com\/CaribbeanExport\",\"https:\/\/x.com\/CaribXport\",\"https:\/\/www.instagram.com\/caribbeanexport\",\"https:\/\/www.linkedin.com\/company\/caribbeanexport\",\"https:\/\/www.youtube.com\/user\/TheCaribbeanExport\"]}]}<\/script>\n<!-- \/ Yoast SEO plugin. -->","yoast_head_json":{"title":"El Foro de Inversi\u00f3n del Caribe sigue creando oportunidades para aumentar la inversi\u00f3n en la Regi\u00f3n. - nombre del Exportaci\u00f3n del Caribe","robots":{"index":"index","follow":"follow","max-snippet":"max-snippet:-1","max-image-preview":"max-image-preview:large","max-video-preview":"max-video-preview:-1"},"canonical":"https:\/\/content.carib-export.com\/es\/news\/caribbean-investment-forum-continues-to-create-opportunities-for-more-investment-in-the-region\/","og_locale":"es_ES","og_type":"article","og_title":"El Foro de Inversi\u00f3n del Caribe sigue creando oportunidades para aumentar la inversi\u00f3n en la Regi\u00f3n. - nombre del Exportaci\u00f3n del Caribe","og_description":"10 de julio de 2024, Georgetown, Guyana&#8211; En la ceremonia de apertura del Foro de Inversi\u00f3n del Caribe 2024 (FIC), celebrada en el Centro de Conferencias Arthur Chung de Georgetown (Guyana), se renovaron los llamamientos a una mayor colaboraci\u00f3n entre los sectores p\u00fablico y privado para transformar la regi\u00f3n del Caribe, marcando la pauta de [&hellip;]","og_url":"https:\/\/content.carib-export.com\/es\/news\/caribbean-investment-forum-continues-to-create-opportunities-for-more-investment-in-the-region\/","og_site_name":"Exportaci\u00f3n del Caribe","article_publisher":"https:\/\/www.facebook.com\/CaribbeanExport","article_modified_time":"2024-07-11T15:58:16+00:00","og_image":[{"width":1500,"height":1125,"url":"https:\/\/content.carib-export.com\/wp-content\/uploads\/2024\/07\/CIF24-Opening-Ceremony-.jpg","type":"image\/jpeg"}],"twitter_card":"summary_large_image","twitter_site":"@CaribXport","twitter_misc":{"Tiempo de lectura":"5 minutos"},"schema":{"@context":"https:\/\/schema.org","@graph":[{"@type":"WebPage","@id":"https:\/\/content.carib-export.com\/es\/news\/caribbean-investment-forum-continues-to-create-opportunities-for-more-investment-in-the-region\/","url":"https:\/\/content.carib-export.com\/es\/news\/caribbean-investment-forum-continues-to-create-opportunities-for-more-investment-in-the-region\/","name":"El Foro de Inversi\u00f3n del Caribe sigue creando oportunidades para aumentar la inversi\u00f3n en la Regi\u00f3n. - nombre del Exportaci\u00f3n del Caribe","isPartOf":{"@id":"https:\/\/content.carib-export.com\/es\/#website"},"primaryImageOfPage":{"@id":"https:\/\/content.carib-export.com\/es\/news\/caribbean-investment-forum-continues-to-create-opportunities-for-more-investment-in-the-region\/#primaryimage"},"image":{"@id":"https:\/\/content.carib-export.com\/es\/news\/caribbean-investment-forum-continues-to-create-opportunities-for-more-investment-in-the-region\/#primaryimage"},"thumbnailUrl":"https:\/\/content.carib-export.com\/wp-content\/uploads\/2024\/07\/CIF24-Opening-Ceremony-.jpg","datePublished":"2024-07-11T15:03:49+00:00","dateModified":"2024-07-11T15:58:16+00:00","breadcrumb":{"@id":"https:\/\/content.carib-export.com\/es\/news\/caribbean-investment-forum-continues-to-create-opportunities-for-more-investment-in-the-region\/#breadcrumb"},"inLanguage":"es","potentialAction":[{"@type":"ReadAction","target":["https:\/\/content.carib-export.com\/es\/news\/caribbean-investment-forum-continues-to-create-opportunities-for-more-investment-in-the-region\/"]}]},{"@type":"ImageObject","inLanguage":"es","@id":"https:\/\/content.carib-export.com\/es\/news\/caribbean-investment-forum-continues-to-create-opportunities-for-more-investment-in-the-region\/#primaryimage","url":"https:\/\/content.carib-export.com\/wp-content\/uploads\/2024\/07\/CIF24-Opening-Ceremony-.jpg","contentUrl":"https:\/\/content.carib-export.com\/wp-content\/uploads\/2024\/07\/CIF24-Opening-Ceremony-.jpg","width":1500,"height":1125},{"@type":"BreadcrumbList","@id":"https:\/\/content.carib-export.com\/es\/news\/caribbean-investment-forum-continues-to-create-opportunities-for-more-investment-in-the-region\/#breadcrumb","itemListElement":[{"@type":"ListItem","position":1,"name":"Casa","item":"https:\/\/content.carib-export.com\/es\/home\/"},{"@type":"ListItem","position":2,"name":"News","item":"https:\/\/content.carib-export.com\/es\/news\/"},{"@type":"ListItem","position":3,"name":"El Foro de Inversi\u00f3n del Caribe sigue creando oportunidades para aumentar la inversi\u00f3n en la Regi\u00f3n."}]},{"@type":"WebSite","@id":"https:\/\/content.carib-export.com\/es\/#website","url":"https:\/\/content.carib-export.com\/es\/","name":"Exportaci\u00f3n del Caribe","description":"La \u00fanica agencia regional de promoci\u00f3n del comercio y las inversiones en el grupo de \u00c1frica, el Caribe y el Pac\u00edfico.","publisher":{"@id":"https:\/\/content.carib-export.com\/es\/#organization"},"potentialAction":[{"@type":"SearchAction","target":{"@type":"EntryPoint","urlTemplate":"https:\/\/content.carib-export.com\/es\/?s={search_term_string}"},"query-input":{"@type":"PropertyValueSpecification","valueRequired":true,"valueName":"search_term_string"}}],"inLanguage":"es"},{"@type":"Organization","@id":"https:\/\/content.carib-export.com\/es\/#organization","name":"Agencia de Desarrollo de Exportaciones del Caribe","url":"https:\/\/content.carib-export.com\/es\/","logo":{"@type":"ImageObject","inLanguage":"es","@id":"https:\/\/content.carib-export.com\/es\/#\/schema\/logo\/image\/","url":"https:\/\/content.carib-export.com\/wp-content\/uploads\/2013\/03\/CE-Logo-2013.jpg","contentUrl":"https:\/\/content.carib-export.com\/wp-content\/uploads\/2013\/03\/CE-Logo-2013.jpg","width":1024,"height":244,"caption":"Agencia de Desarrollo de Exportaciones del Caribe"},"image":{"@id":"https:\/\/content.carib-export.com\/es\/#\/schema\/logo\/image\/"},"sameAs":["https:\/\/www.facebook.com\/CaribbeanExport","https:\/\/x.com\/CaribXport","https:\/\/www.instagram.com\/caribbeanexport","https:\/\/www.linkedin.com\/company\/caribbeanexport","https:\/\/www.youtube.com\/user\/TheCaribbeanExport"]}]}},"_links":{"self":[{"href":"https:\/\/content.carib-export.com\/es\/wp-json\/wp\/v2\/news\/323063","targetHints":{"allow":["GET"]}}],"collection":[{"href":"https:\/\/content.carib-export.com\/es\/wp-json\/wp\/v2\/news"}],"about":[{"href":"https:\/\/content.carib-export.com\/es\/wp-json\/wp\/v2\/types\/news"}],"author":[{"embeddable":true,"href":"https:\/\/content.carib-export.com\/es\/wp-json\/wp\/v2\/users\/26"}],"version-history":[{"count":0,"href":"https:\/\/content.carib-export.com\/es\/wp-json\/wp\/v2\/news\/323063\/revisions"}],"wp:featuredmedia":[{"embeddable":true,"href":"https:\/\/content.carib-export.com\/es\/wp-json\/wp\/v2\/media\/323070"}],"wp:attachment":[{"href":"https:\/\/content.carib-export.com\/es\/wp-json\/wp\/v2\/media?parent=323063"}],"wp:term":[{"taxonomy":"post_tag","embeddable":true,"href":"https:\/\/content.carib-export.com\/es\/wp-json\/wp\/v2\/tags?post=323063"}],"curies":[{"name":"wp","href":"https:\/\/api.w.org\/{rel}","templated":true}]}}