{"id":323490,"date":"2024-07-18T06:56:00","date_gmt":"2024-07-18T10:56:00","guid":{"rendered":"https:\/\/content.carib-export.com\/?post_type=news&#038;p=323490"},"modified":"2024-07-18T14:00:00","modified_gmt":"2024-07-18T18:00:00","slug":"caribbean-export-signs-mou-with-pleion-group-inc-to-enhance-regional-trade-and-logistics","status":"publish","type":"news","link":"https:\/\/content.carib-export.com\/es\/news\/caribbean-export-signs-mou-with-pleion-group-inc-to-enhance-regional-trade-and-logistics\/","title":{"rendered":"Caribbean Export firma un MOU con Pleion Group Inc. para mejorar el comercio y la log\u00edstica regionales"},"content":{"rendered":"\n<ul class=\"wp-block-list\">\n<li>El MOU consolida la asociaci\u00f3n entre Caribbean Export y Pleion Group Inc., creando un marco para iniciativas conjuntas.<\/li>\n\n\n\n<li>Ceremonia de firma del Memorando de Entendimiento CIF 2024, en el que se destaca la importancia de la colaboraci\u00f3n.<\/li>\n\n\n\n<li>Trabajando juntos, Caribbean Export y Pleion Group pretenden impulsar el crecimiento econ\u00f3mico en la regi\u00f3n del Caribe.<\/li>\n<\/ul>\n\n<p>La Agencia Caribe\u00f1a de Desarrollo de las Exportaciones (Caribbean Export) y Pleion Group Inc. firmaron un acuerdo para mejorar el transporte regional a trav\u00e9s de la iniciativa Connect Carib\u00e9. Esta asociaci\u00f3n, que se centra en el intercambio de informaci\u00f3n y conocimientos vitales, se considera un paso importante para impulsar el comercio y la log\u00edstica regionales, impulsando el crecimiento econ\u00f3mico y el desarrollo en todo el Caribe.<\/p>\n\n<p>El viernes 12 de junio, ambos socios firmaron un Memorando de Entendimiento en el Centro de Conferencias Arthur Chung de Guyana, en la \u00faltima jornada del Foro de Inversiones del Caribe 2024.<br\/>El Dr. Damie Sinanan, Director Ejecutivo de Caribbean Export, destac\u00f3 los objetivos compartidos y el impacto positivo de Connect Carib\u00e9, el proyecto de transbordador caribe\u00f1o dirigido por el sector privado, y sus efectos sobre el futuro del comercio regional. Tambi\u00e9n expres\u00f3 el pleno apoyo de Caribbean Export a dicho proyecto dirigido por Pleion Group Inc.<\/p>\n\n<p>\u00abEste es uno de los \u00e9xitos del Foro de Inversi\u00f3n del Caribe. No se trata s\u00f3lo de reuniones, de tener la sala llena o de conversaciones. Se trata de acciones, y \u00e9ste es un buen ejemplo\u00bb, destac\u00f3 el Dr. Sinanan.<\/p>\n\n<p>S.E. el Embajador Andre Thomas, Presidente y Director General de Pleion Global Group Inc., atribuy\u00f3 el nacimiento de la asociaci\u00f3n a la participaci\u00f3n en una mesa redonda sobre transporte y log\u00edstica en el foro CIF hace dos a\u00f1os.<\/p>\n\n<p>\u00abLa ecuaci\u00f3n de nuestro proyecto consta de cuatro partes, y todas se encontraron en el CIF. As\u00ed que debo decir que [Pleion Global Group Inc. est\u00e1] entusiasmado por firmar esta iniciativa tan necesaria para pasar del concepto a la realidad\u00bb, explic\u00f3 el embajador Thomas.<\/p>\n\n<p>El proyecto de Pleion Global Group Inc., \u00abConnect Caribe\u00bb, se cre\u00f3 para mejorar el comercio regional y la log\u00edstica en el Caribe, facilitando la circulaci\u00f3n de personas y mercanc\u00edas.<\/p>\n\n<p>Inicialmente, el proyecto se centr\u00f3 en el transporte de carga pesada y ligera y de productos agr\u00edcolas. Con el tiempo, se a\u00f1adi\u00f3 el movimiento de pasajeros con rutas de transbordador a varios destinos regionales. Este proyecto revolucionar\u00e1 sin duda el transporte, con un efecto domin\u00f3 que, una vez plenamente operativo, impulsar\u00e1 el crecimiento econ\u00f3mico de la regi\u00f3n del Caribe.<\/p>\n\n<p><\/p>\n","protected":false},"excerpt":{"rendered":"<p>La Agencia Caribe\u00f1a de Desarrollo de las Exportaciones (Caribbean Export) y Pleion Group Inc. firmaron un acuerdo para mejorar el transporte regional a trav\u00e9s de la iniciativa Connect Carib\u00e9. Esta asociaci\u00f3n, que se centra en el intercambio de informaci\u00f3n y conocimientos vitales, se considera un paso importante para impulsar el comercio y la log\u00edstica regionales, [&hellip;]<\/p>\n","protected":false},"author":9,"featured_media":323467,"menu_order":0,"template":"","tags":[],"class_list":["post-323490","news","type-news","status-publish","has-post-thumbnail","hentry"],"acf":[],"yoast_head":"<!-- This site is optimized with the Yoast SEO plugin v27.1.1 - https:\/\/yoast.com\/product\/yoast-seo-wordpress\/ -->\n<title>Caribbean Export firma un MOU con Pleion Group Inc. para mejorar el comercio y la log\u00edstica regionales - nombre del Exportaci\u00f3n del Caribe<\/title>\n<meta name=\"description\" content=\"El viernes 12 de junio, ambos socios firmaron un Memorando de Entendimiento en el Centro de Conferencias Arthur Chung de Guyana, en la \u00faltima jornada del Foro de Inversiones del Caribe 2024.\" \/>\n<meta name=\"robots\" content=\"index, follow, max-snippet:-1, max-image-preview:large, max-video-preview:-1\" \/>\n<link rel=\"canonical\" href=\"https:\/\/content.carib-export.com\/es\/news\/caribbean-export-signs-mou-with-pleion-group-inc-to-enhance-regional-trade-and-logistics\/\" \/>\n<meta property=\"og:locale\" content=\"es_ES\" \/>\n<meta property=\"og:type\" content=\"article\" \/>\n<meta property=\"og:title\" content=\"Caribbean Export firma un MOU con Pleion Group Inc. para mejorar el comercio y la log\u00edstica regionales\" \/>\n<meta property=\"og:description\" content=\"El viernes 12 de junio, ambos socios firmaron un Memorando de Entendimiento en el Centro de Conferencias Arthur Chung de Guyana, en la \u00faltima jornada del Foro de Inversiones del Caribe 2024.\" \/>\n<meta property=\"og:url\" content=\"https:\/\/content.carib-export.com\/es\/news\/caribbean-export-signs-mou-with-pleion-group-inc-to-enhance-regional-trade-and-logistics\/\" \/>\n<meta property=\"og:site_name\" content=\"Exportaci\u00f3n del Caribe\" \/>\n<meta property=\"article:publisher\" content=\"https:\/\/www.facebook.com\/CaribbeanExport\" \/>\n<meta property=\"article:modified_time\" content=\"2024-07-18T18:00:00+00:00\" \/>\n<meta property=\"og:image\" content=\"https:\/\/content.carib-export.com\/wp-content\/uploads\/2024\/07\/New-website-featured-image-1500-x-1125-55-1-1024x768.jpg\" \/>\n<meta name=\"twitter:card\" content=\"summary_large_image\" \/>\n<meta name=\"twitter:title\" content=\"Caribbean Export firma un MOU con Pleion Group Inc. para mejorar el comercio y la log\u00edstica regionales\" \/>\n<meta name=\"twitter:description\" content=\"El viernes 12 de junio, ambos socios firmaron un Memorando de Entendimiento en el Centro de Conferencias Arthur Chung de Guyana, en la \u00faltima jornada del Foro de Inversiones del Caribe 2024.\" \/>\n<meta name=\"twitter:image\" content=\"https:\/\/content.carib-export.com\/wp-content\/uploads\/2024\/07\/New-website-featured-image-1500-x-1125-55-1-1024x768.jpg\" \/>\n<meta name=\"twitter:site\" content=\"@CaribXport\" \/>\n<meta name=\"twitter:label1\" content=\"Tiempo de lectura\" \/>\n\t<meta name=\"twitter:data1\" content=\"2 minutos\" \/>\n<script type=\"application\/ld+json\" class=\"yoast-schema-graph\">{\"@context\":\"https:\/\/schema.org\",\"@graph\":[{\"@type\":\"WebPage\",\"@id\":\"https:\/\/content.carib-export.com\/es\/news\/caribbean-export-signs-mou-with-pleion-group-inc-to-enhance-regional-trade-and-logistics\/\",\"url\":\"https:\/\/content.carib-export.com\/es\/news\/caribbean-export-signs-mou-with-pleion-group-inc-to-enhance-regional-trade-and-logistics\/\",\"name\":\"Caribbean Export firma un MOU con Pleion Group Inc. para mejorar el comercio y la log\u00edstica regionales - nombre del Exportaci\u00f3n del Caribe\",\"isPartOf\":{\"@id\":\"https:\/\/content.carib-export.com\/es\/#website\"},\"primaryImageOfPage\":{\"@id\":\"https:\/\/content.carib-export.com\/es\/news\/caribbean-export-signs-mou-with-pleion-group-inc-to-enhance-regional-trade-and-logistics\/#primaryimage\"},\"image\":{\"@id\":\"https:\/\/content.carib-export.com\/es\/news\/caribbean-export-signs-mou-with-pleion-group-inc-to-enhance-regional-trade-and-logistics\/#primaryimage\"},\"thumbnailUrl\":\"https:\/\/content.carib-export.com\/wp-content\/uploads\/2024\/07\/New-website-featured-image-1500-x-1125-55-1.jpg\",\"datePublished\":\"2024-07-18T10:56:00+00:00\",\"dateModified\":\"2024-07-18T18:00:00+00:00\",\"description\":\"El viernes 12 de junio, ambos socios firmaron un Memorando de Entendimiento en el Centro de Conferencias Arthur Chung de Guyana, en la \u00faltima jornada del Foro de Inversiones del Caribe 2024.\",\"breadcrumb\":{\"@id\":\"https:\/\/content.carib-export.com\/es\/news\/caribbean-export-signs-mou-with-pleion-group-inc-to-enhance-regional-trade-and-logistics\/#breadcrumb\"},\"inLanguage\":\"es\",\"potentialAction\":[{\"@type\":\"ReadAction\",\"target\":[\"https:\/\/content.carib-export.com\/es\/news\/caribbean-export-signs-mou-with-pleion-group-inc-to-enhance-regional-trade-and-logistics\/\"]}]},{\"@type\":\"ImageObject\",\"inLanguage\":\"es\",\"@id\":\"https:\/\/content.carib-export.com\/es\/news\/caribbean-export-signs-mou-with-pleion-group-inc-to-enhance-regional-trade-and-logistics\/#primaryimage\",\"url\":\"https:\/\/content.carib-export.com\/wp-content\/uploads\/2024\/07\/New-website-featured-image-1500-x-1125-55-1.jpg\",\"contentUrl\":\"https:\/\/content.carib-export.com\/wp-content\/uploads\/2024\/07\/New-website-featured-image-1500-x-1125-55-1.jpg\",\"width\":1500,\"height\":1125},{\"@type\":\"BreadcrumbList\",\"@id\":\"https:\/\/content.carib-export.com\/es\/news\/caribbean-export-signs-mou-with-pleion-group-inc-to-enhance-regional-trade-and-logistics\/#breadcrumb\",\"itemListElement\":[{\"@type\":\"ListItem\",\"position\":1,\"name\":\"Casa\",\"item\":\"https:\/\/content.carib-export.com\/es\/home\/\"},{\"@type\":\"ListItem\",\"position\":2,\"name\":\"News\",\"item\":\"https:\/\/content.carib-export.com\/es\/news\/\"},{\"@type\":\"ListItem\",\"position\":3,\"name\":\"Caribbean Export firma un MOU con Pleion Group Inc. para mejorar el comercio y la log\u00edstica regionales\"}]},{\"@type\":\"WebSite\",\"@id\":\"https:\/\/content.carib-export.com\/es\/#website\",\"url\":\"https:\/\/content.carib-export.com\/es\/\",\"name\":\"Exportaci\u00f3n del Caribe\",\"description\":\"La \u00fanica agencia regional de promoci\u00f3n del comercio y las inversiones en el grupo de \u00c1frica, el Caribe y el Pac\u00edfico.\",\"publisher\":{\"@id\":\"https:\/\/content.carib-export.com\/es\/#organization\"},\"potentialAction\":[{\"@type\":\"SearchAction\",\"target\":{\"@type\":\"EntryPoint\",\"urlTemplate\":\"https:\/\/content.carib-export.com\/es\/?s={search_term_string}\"},\"query-input\":{\"@type\":\"PropertyValueSpecification\",\"valueRequired\":true,\"valueName\":\"search_term_string\"}}],\"inLanguage\":\"es\"},{\"@type\":\"Organization\",\"@id\":\"https:\/\/content.carib-export.com\/es\/#organization\",\"name\":\"Agencia de Desarrollo de Exportaciones del Caribe\",\"url\":\"https:\/\/content.carib-export.com\/es\/\",\"logo\":{\"@type\":\"ImageObject\",\"inLanguage\":\"es\",\"@id\":\"https:\/\/content.carib-export.com\/es\/#\/schema\/logo\/image\/\",\"url\":\"https:\/\/content.carib-export.com\/wp-content\/uploads\/2013\/03\/CE-Logo-2013.jpg\",\"contentUrl\":\"https:\/\/content.carib-export.com\/wp-content\/uploads\/2013\/03\/CE-Logo-2013.jpg\",\"width\":1024,\"height\":244,\"caption\":\"Agencia de Desarrollo de Exportaciones del Caribe\"},\"image\":{\"@id\":\"https:\/\/content.carib-export.com\/es\/#\/schema\/logo\/image\/\"},\"sameAs\":[\"https:\/\/www.facebook.com\/CaribbeanExport\",\"https:\/\/x.com\/CaribXport\",\"https:\/\/www.instagram.com\/caribbeanexport\",\"https:\/\/www.linkedin.com\/company\/caribbeanexport\",\"https:\/\/www.youtube.com\/user\/TheCaribbeanExport\"]}]}<\/script>\n<!-- \/ Yoast SEO plugin. -->","yoast_head_json":{"title":"Caribbean Export firma un MOU con Pleion Group Inc. para mejorar el comercio y la log\u00edstica regionales - nombre del Exportaci\u00f3n del Caribe","description":"El viernes 12 de junio, ambos socios firmaron un Memorando de Entendimiento en el Centro de Conferencias Arthur Chung de Guyana, en la \u00faltima jornada del Foro de Inversiones del Caribe 2024.","robots":{"index":"index","follow":"follow","max-snippet":"max-snippet:-1","max-image-preview":"max-image-preview:large","max-video-preview":"max-video-preview:-1"},"canonical":"https:\/\/content.carib-export.com\/es\/news\/caribbean-export-signs-mou-with-pleion-group-inc-to-enhance-regional-trade-and-logistics\/","og_locale":"es_ES","og_type":"article","og_title":"Caribbean Export firma un MOU con Pleion Group Inc. para mejorar el comercio y la log\u00edstica regionales","og_description":"El viernes 12 de junio, ambos socios firmaron un Memorando de Entendimiento en el Centro de Conferencias Arthur Chung de Guyana, en la \u00faltima jornada del Foro de Inversiones del Caribe 2024.","og_url":"https:\/\/content.carib-export.com\/es\/news\/caribbean-export-signs-mou-with-pleion-group-inc-to-enhance-regional-trade-and-logistics\/","og_site_name":"Exportaci\u00f3n del Caribe","article_publisher":"https:\/\/www.facebook.com\/CaribbeanExport","article_modified_time":"2024-07-18T18:00:00+00:00","og_image":[{"url":"https:\/\/content.carib-export.com\/wp-content\/uploads\/2024\/07\/New-website-featured-image-1500-x-1125-55-1-1024x768.jpg","type":"","width":"","height":""}],"twitter_card":"summary_large_image","twitter_title":"Caribbean Export firma un MOU con Pleion Group Inc. para mejorar el comercio y la log\u00edstica regionales","twitter_description":"El viernes 12 de junio, ambos socios firmaron un Memorando de Entendimiento en el Centro de Conferencias Arthur Chung de Guyana, en la \u00faltima jornada del Foro de Inversiones del Caribe 2024.","twitter_image":"https:\/\/content.carib-export.com\/wp-content\/uploads\/2024\/07\/New-website-featured-image-1500-x-1125-55-1-1024x768.jpg","twitter_site":"@CaribXport","twitter_misc":{"Tiempo de lectura":"2 minutos"},"schema":{"@context":"https:\/\/schema.org","@graph":[{"@type":"WebPage","@id":"https:\/\/content.carib-export.com\/es\/news\/caribbean-export-signs-mou-with-pleion-group-inc-to-enhance-regional-trade-and-logistics\/","url":"https:\/\/content.carib-export.com\/es\/news\/caribbean-export-signs-mou-with-pleion-group-inc-to-enhance-regional-trade-and-logistics\/","name":"Caribbean Export firma un MOU con Pleion Group Inc. para mejorar el comercio y la log\u00edstica regionales - nombre del Exportaci\u00f3n del Caribe","isPartOf":{"@id":"https:\/\/content.carib-export.com\/es\/#website"},"primaryImageOfPage":{"@id":"https:\/\/content.carib-export.com\/es\/news\/caribbean-export-signs-mou-with-pleion-group-inc-to-enhance-regional-trade-and-logistics\/#primaryimage"},"image":{"@id":"https:\/\/content.carib-export.com\/es\/news\/caribbean-export-signs-mou-with-pleion-group-inc-to-enhance-regional-trade-and-logistics\/#primaryimage"},"thumbnailUrl":"https:\/\/content.carib-export.com\/wp-content\/uploads\/2024\/07\/New-website-featured-image-1500-x-1125-55-1.jpg","datePublished":"2024-07-18T10:56:00+00:00","dateModified":"2024-07-18T18:00:00+00:00","description":"El viernes 12 de junio, ambos socios firmaron un Memorando de Entendimiento en el Centro de Conferencias Arthur Chung de Guyana, en la \u00faltima jornada del Foro de Inversiones del Caribe 2024.","breadcrumb":{"@id":"https:\/\/content.carib-export.com\/es\/news\/caribbean-export-signs-mou-with-pleion-group-inc-to-enhance-regional-trade-and-logistics\/#breadcrumb"},"inLanguage":"es","potentialAction":[{"@type":"ReadAction","target":["https:\/\/content.carib-export.com\/es\/news\/caribbean-export-signs-mou-with-pleion-group-inc-to-enhance-regional-trade-and-logistics\/"]}]},{"@type":"ImageObject","inLanguage":"es","@id":"https:\/\/content.carib-export.com\/es\/news\/caribbean-export-signs-mou-with-pleion-group-inc-to-enhance-regional-trade-and-logistics\/#primaryimage","url":"https:\/\/content.carib-export.com\/wp-content\/uploads\/2024\/07\/New-website-featured-image-1500-x-1125-55-1.jpg","contentUrl":"https:\/\/content.carib-export.com\/wp-content\/uploads\/2024\/07\/New-website-featured-image-1500-x-1125-55-1.jpg","width":1500,"height":1125},{"@type":"BreadcrumbList","@id":"https:\/\/content.carib-export.com\/es\/news\/caribbean-export-signs-mou-with-pleion-group-inc-to-enhance-regional-trade-and-logistics\/#breadcrumb","itemListElement":[{"@type":"ListItem","position":1,"name":"Casa","item":"https:\/\/content.carib-export.com\/es\/home\/"},{"@type":"ListItem","position":2,"name":"News","item":"https:\/\/content.carib-export.com\/es\/news\/"},{"@type":"ListItem","position":3,"name":"Caribbean Export firma un MOU con Pleion Group Inc. para mejorar el comercio y la log\u00edstica regionales"}]},{"@type":"WebSite","@id":"https:\/\/content.carib-export.com\/es\/#website","url":"https:\/\/content.carib-export.com\/es\/","name":"Exportaci\u00f3n del Caribe","description":"La \u00fanica agencia regional de promoci\u00f3n del comercio y las inversiones en el grupo de \u00c1frica, el Caribe y el Pac\u00edfico.","publisher":{"@id":"https:\/\/content.carib-export.com\/es\/#organization"},"potentialAction":[{"@type":"SearchAction","target":{"@type":"EntryPoint","urlTemplate":"https:\/\/content.carib-export.com\/es\/?s={search_term_string}"},"query-input":{"@type":"PropertyValueSpecification","valueRequired":true,"valueName":"search_term_string"}}],"inLanguage":"es"},{"@type":"Organization","@id":"https:\/\/content.carib-export.com\/es\/#organization","name":"Agencia de Desarrollo de Exportaciones del Caribe","url":"https:\/\/content.carib-export.com\/es\/","logo":{"@type":"ImageObject","inLanguage":"es","@id":"https:\/\/content.carib-export.com\/es\/#\/schema\/logo\/image\/","url":"https:\/\/content.carib-export.com\/wp-content\/uploads\/2013\/03\/CE-Logo-2013.jpg","contentUrl":"https:\/\/content.carib-export.com\/wp-content\/uploads\/2013\/03\/CE-Logo-2013.jpg","width":1024,"height":244,"caption":"Agencia de Desarrollo de Exportaciones del Caribe"},"image":{"@id":"https:\/\/content.carib-export.com\/es\/#\/schema\/logo\/image\/"},"sameAs":["https:\/\/www.facebook.com\/CaribbeanExport","https:\/\/x.com\/CaribXport","https:\/\/www.instagram.com\/caribbeanexport","https:\/\/www.linkedin.com\/company\/caribbeanexport","https:\/\/www.youtube.com\/user\/TheCaribbeanExport"]}]}},"_links":{"self":[{"href":"https:\/\/content.carib-export.com\/es\/wp-json\/wp\/v2\/news\/323490","targetHints":{"allow":["GET"]}}],"collection":[{"href":"https:\/\/content.carib-export.com\/es\/wp-json\/wp\/v2\/news"}],"about":[{"href":"https:\/\/content.carib-export.com\/es\/wp-json\/wp\/v2\/types\/news"}],"author":[{"embeddable":true,"href":"https:\/\/content.carib-export.com\/es\/wp-json\/wp\/v2\/users\/9"}],"version-history":[{"count":0,"href":"https:\/\/content.carib-export.com\/es\/wp-json\/wp\/v2\/news\/323490\/revisions"}],"wp:featuredmedia":[{"embeddable":true,"href":"https:\/\/content.carib-export.com\/es\/wp-json\/wp\/v2\/media\/323467"}],"wp:attachment":[{"href":"https:\/\/content.carib-export.com\/es\/wp-json\/wp\/v2\/media?parent=323490"}],"wp:term":[{"taxonomy":"post_tag","embeddable":true,"href":"https:\/\/content.carib-export.com\/es\/wp-json\/wp\/v2\/tags?post=323490"}],"curies":[{"name":"wp","href":"https:\/\/api.w.org\/{rel}","templated":true}]}}