{"id":325711,"date":"2024-11-13T15:55:06","date_gmt":"2024-11-13T19:55:06","guid":{"rendered":"https:\/\/content.carib-export.com\/news\/caribbean-export-appoints-wayne-elliott-as-manager-of-technical-programmes\/"},"modified":"2024-11-13T16:22:40","modified_gmt":"2024-11-13T20:22:40","slug":"caribbean-export-appoints-wayne-elliott-as-manager-of-technical-programmes","status":"publish","type":"news","link":"https:\/\/content.carib-export.com\/es\/news\/caribbean-export-appoints-wayne-elliott-as-manager-of-technical-programmes\/","title":{"rendered":"Caribbean Export nombra a Wayne Elliott Director de Programas T\u00e9cnicos"},"content":{"rendered":"\n<p>La Agencia de Desarrollo de las Exportaciones del Caribe se complace en anunciar que Wayne Elliott ha sido nombrado Director de Programas T\u00e9cnicos.<\/p>\n\n<p>Wayne Elliott es un profesional del desarrollo internacional con una probada experiencia en gesti\u00f3n de proyectos, an\u00e1lisis econ\u00f3mico e investigaci\u00f3n. Aporta una amplia experiencia en la gesti\u00f3n y ejecuci\u00f3n de iniciativas multilaterales de desarrollo, con una carrera dedicada a impulsar el desarrollo sostenible en todo el Caribe. El trabajo de Wayne se centra en la reducci\u00f3n del riesgo de la innovaci\u00f3n, la mejora del entorno empresarial regional y la integraci\u00f3n de las empresas privadas caribe\u00f1as en las cadenas de valor mundiales y las agrupaciones sectoriales.  <\/p>\n\n<p>Actualmente Director de Programas T\u00e9cnicos de Caribbean Export, Wayne dirige una cartera de iniciativas destinadas a fomentar el crecimiento econ\u00f3mico sostenible impulsando la competitividad de las empresas del Caribe. Su experiencia se extiende a la orientaci\u00f3n y participaci\u00f3n en proyectos impulsados por la investigaci\u00f3n que mejoran la competitividad regional, promueven el desarrollo del sector privado, sensibilizan sobre cuestiones relacionadas con el cambio clim\u00e1tico y refuerzan los ecosistemas de innovaci\u00f3n y emprendimiento en el Caribe. <\/p>\n\n<p>La capacidad anal\u00edtica y el enfoque estrat\u00e9gico de Wayne le han posicionado como un colaborador clave en iniciativas que impulsan la innovaci\u00f3n, la competitividad regional y el crecimiento integrador. Su compromiso con la mejora de las vidas a trav\u00e9s de soluciones colaborativas, impactantes y centradas en el ser humano es la esencia de su trabajo. <\/p>\n\n<p>Wayne, nacional de Barbados, es licenciado por la Universidad de las Indias Occidentales &#8211; Cave Hill, con cualificaciones acad\u00e9micas que incluyen un M\u00e1ster en Econom\u00eda Financiera y Empresarial &#8211; Distinci\u00f3n. Su formaci\u00f3n acad\u00e9mica, combinada con su amplia experiencia profesional, le hace excepcionalmente id\u00f3neo para dirigir los programas t\u00e9cnicos de Caribbean Export. <\/p>\n\n<p>Comentando su nombramiento, Wayne se\u00f1al\u00f3 que se embarca en este viaje con prop\u00f3sito, pasi\u00f3n y compromiso con la excelencia. Comparti\u00f3: \u00abUnirme a Caribbean Export como Director de Programas T\u00e9cnicos es un tremendo privilegio. Estoy deseando aprovechar nuestros puntos fuertes colectivos para fomentar la innovaci\u00f3n, mejorar la competitividad regional, promover el crecimiento sostenible y ofrecer soluciones centradas en el ser humano que tengan un impacto duradero.\u00bb  <\/p>\n\n<p>Puedes ponerte en contacto con Wayne Elliott en: <a href=\"mailto:welliott@carib-export.com\">welliott@carib-export.com<\/a><\/p>\n","protected":false},"excerpt":{"rendered":"<p>La Agencia de Desarrollo de las Exportaciones del Caribe se complace en anunciar que Wayne Elliott ha sido nombrado Director de Programas T\u00e9cnicos. Wayne Elliott es un profesional del desarrollo internacional con una probada experiencia en gesti\u00f3n de proyectos, an\u00e1lisis econ\u00f3mico e investigaci\u00f3n. Aporta una amplia experiencia en la gesti\u00f3n y ejecuci\u00f3n de iniciativas multilaterales [&hellip;]<\/p>\n","protected":false},"author":26,"featured_media":325718,"menu_order":0,"template":"","tags":[],"class_list":["post-325711","news","type-news","status-publish","has-post-thumbnail","hentry"],"acf":[],"yoast_head":"<!-- This site is optimized with the Yoast SEO plugin v27.1.1 - https:\/\/yoast.com\/product\/yoast-seo-wordpress\/ -->\n<title>Caribbean Export nombra a Wayne Elliott Director de Programas T\u00e9cnicos - nombre del Exportaci\u00f3n del Caribe<\/title>\n<meta name=\"robots\" content=\"index, follow, max-snippet:-1, max-image-preview:large, max-video-preview:-1\" \/>\n<link rel=\"canonical\" href=\"https:\/\/content.carib-export.com\/es\/news\/caribbean-export-appoints-wayne-elliott-as-manager-of-technical-programmes\/\" \/>\n<meta property=\"og:locale\" content=\"es_ES\" \/>\n<meta property=\"og:type\" content=\"article\" \/>\n<meta property=\"og:title\" content=\"Caribbean Export nombra a Wayne Elliott Director de Programas T\u00e9cnicos - nombre del Exportaci\u00f3n del Caribe\" \/>\n<meta property=\"og:description\" content=\"La Agencia de Desarrollo de las Exportaciones del Caribe se complace en anunciar que Wayne Elliott ha sido nombrado Director de Programas T\u00e9cnicos. Wayne Elliott es un profesional del desarrollo internacional con una probada experiencia en gesti\u00f3n de proyectos, an\u00e1lisis econ\u00f3mico e investigaci\u00f3n. Aporta una amplia experiencia en la gesti\u00f3n y ejecuci\u00f3n de iniciativas multilaterales [&hellip;]\" \/>\n<meta property=\"og:url\" content=\"https:\/\/content.carib-export.com\/es\/news\/caribbean-export-appoints-wayne-elliott-as-manager-of-technical-programmes\/\" \/>\n<meta property=\"og:site_name\" content=\"Exportaci\u00f3n del Caribe\" \/>\n<meta property=\"article:publisher\" content=\"https:\/\/www.facebook.com\/CaribbeanExport\" \/>\n<meta property=\"article:modified_time\" content=\"2024-11-13T20:22:40+00:00\" \/>\n<meta property=\"og:image\" content=\"https:\/\/content.carib-export.com\/wp-content\/uploads\/2024\/11\/Untitled-design-6.jpg\" \/>\n\t<meta property=\"og:image:width\" content=\"1500\" \/>\n\t<meta property=\"og:image:height\" content=\"1125\" \/>\n\t<meta property=\"og:image:type\" content=\"image\/jpeg\" \/>\n<meta name=\"twitter:card\" content=\"summary_large_image\" \/>\n<meta name=\"twitter:site\" content=\"@CaribXport\" \/>\n<meta name=\"twitter:label1\" content=\"Tiempo de lectura\" \/>\n\t<meta name=\"twitter:data1\" content=\"2 minutos\" \/>\n<script type=\"application\/ld+json\" class=\"yoast-schema-graph\">{\"@context\":\"https:\/\/schema.org\",\"@graph\":[{\"@type\":\"WebPage\",\"@id\":\"https:\/\/content.carib-export.com\/es\/news\/caribbean-export-appoints-wayne-elliott-as-manager-of-technical-programmes\/\",\"url\":\"https:\/\/content.carib-export.com\/es\/news\/caribbean-export-appoints-wayne-elliott-as-manager-of-technical-programmes\/\",\"name\":\"Caribbean Export nombra a Wayne Elliott Director de Programas T\u00e9cnicos - nombre del Exportaci\u00f3n del Caribe\",\"isPartOf\":{\"@id\":\"https:\/\/content.carib-export.com\/es\/#website\"},\"primaryImageOfPage\":{\"@id\":\"https:\/\/content.carib-export.com\/es\/news\/caribbean-export-appoints-wayne-elliott-as-manager-of-technical-programmes\/#primaryimage\"},\"image\":{\"@id\":\"https:\/\/content.carib-export.com\/es\/news\/caribbean-export-appoints-wayne-elliott-as-manager-of-technical-programmes\/#primaryimage\"},\"thumbnailUrl\":\"https:\/\/content.carib-export.com\/wp-content\/uploads\/2024\/11\/Untitled-design-6.jpg\",\"datePublished\":\"2024-11-13T19:55:06+00:00\",\"dateModified\":\"2024-11-13T20:22:40+00:00\",\"breadcrumb\":{\"@id\":\"https:\/\/content.carib-export.com\/es\/news\/caribbean-export-appoints-wayne-elliott-as-manager-of-technical-programmes\/#breadcrumb\"},\"inLanguage\":\"es\",\"potentialAction\":[{\"@type\":\"ReadAction\",\"target\":[\"https:\/\/content.carib-export.com\/es\/news\/caribbean-export-appoints-wayne-elliott-as-manager-of-technical-programmes\/\"]}]},{\"@type\":\"ImageObject\",\"inLanguage\":\"es\",\"@id\":\"https:\/\/content.carib-export.com\/es\/news\/caribbean-export-appoints-wayne-elliott-as-manager-of-technical-programmes\/#primaryimage\",\"url\":\"https:\/\/content.carib-export.com\/wp-content\/uploads\/2024\/11\/Untitled-design-6.jpg\",\"contentUrl\":\"https:\/\/content.carib-export.com\/wp-content\/uploads\/2024\/11\/Untitled-design-6.jpg\",\"width\":1500,\"height\":1125},{\"@type\":\"BreadcrumbList\",\"@id\":\"https:\/\/content.carib-export.com\/es\/news\/caribbean-export-appoints-wayne-elliott-as-manager-of-technical-programmes\/#breadcrumb\",\"itemListElement\":[{\"@type\":\"ListItem\",\"position\":1,\"name\":\"Casa\",\"item\":\"https:\/\/content.carib-export.com\/es\/home\/\"},{\"@type\":\"ListItem\",\"position\":2,\"name\":\"News\",\"item\":\"https:\/\/content.carib-export.com\/es\/news\/\"},{\"@type\":\"ListItem\",\"position\":3,\"name\":\"Caribbean Export nombra a Wayne Elliott Director de Programas T\u00e9cnicos\"}]},{\"@type\":\"WebSite\",\"@id\":\"https:\/\/content.carib-export.com\/es\/#website\",\"url\":\"https:\/\/content.carib-export.com\/es\/\",\"name\":\"Exportaci\u00f3n del Caribe\",\"description\":\"La \u00fanica agencia regional de promoci\u00f3n del comercio y las inversiones en el grupo de \u00c1frica, el Caribe y el Pac\u00edfico.\",\"publisher\":{\"@id\":\"https:\/\/content.carib-export.com\/es\/#organization\"},\"potentialAction\":[{\"@type\":\"SearchAction\",\"target\":{\"@type\":\"EntryPoint\",\"urlTemplate\":\"https:\/\/content.carib-export.com\/es\/?s={search_term_string}\"},\"query-input\":{\"@type\":\"PropertyValueSpecification\",\"valueRequired\":true,\"valueName\":\"search_term_string\"}}],\"inLanguage\":\"es\"},{\"@type\":\"Organization\",\"@id\":\"https:\/\/content.carib-export.com\/es\/#organization\",\"name\":\"Agencia de Desarrollo de Exportaciones del Caribe\",\"url\":\"https:\/\/content.carib-export.com\/es\/\",\"logo\":{\"@type\":\"ImageObject\",\"inLanguage\":\"es\",\"@id\":\"https:\/\/content.carib-export.com\/es\/#\/schema\/logo\/image\/\",\"url\":\"https:\/\/content.carib-export.com\/wp-content\/uploads\/2013\/03\/CE-Logo-2013.jpg\",\"contentUrl\":\"https:\/\/content.carib-export.com\/wp-content\/uploads\/2013\/03\/CE-Logo-2013.jpg\",\"width\":1024,\"height\":244,\"caption\":\"Agencia de Desarrollo de Exportaciones del Caribe\"},\"image\":{\"@id\":\"https:\/\/content.carib-export.com\/es\/#\/schema\/logo\/image\/\"},\"sameAs\":[\"https:\/\/www.facebook.com\/CaribbeanExport\",\"https:\/\/x.com\/CaribXport\",\"https:\/\/www.instagram.com\/caribbeanexport\",\"https:\/\/www.linkedin.com\/company\/caribbeanexport\",\"https:\/\/www.youtube.com\/user\/TheCaribbeanExport\"]}]}<\/script>\n<!-- \/ Yoast SEO plugin. -->","yoast_head_json":{"title":"Caribbean Export nombra a Wayne Elliott Director de Programas T\u00e9cnicos - nombre del Exportaci\u00f3n del Caribe","robots":{"index":"index","follow":"follow","max-snippet":"max-snippet:-1","max-image-preview":"max-image-preview:large","max-video-preview":"max-video-preview:-1"},"canonical":"https:\/\/content.carib-export.com\/es\/news\/caribbean-export-appoints-wayne-elliott-as-manager-of-technical-programmes\/","og_locale":"es_ES","og_type":"article","og_title":"Caribbean Export nombra a Wayne Elliott Director de Programas T\u00e9cnicos - nombre del Exportaci\u00f3n del Caribe","og_description":"La Agencia de Desarrollo de las Exportaciones del Caribe se complace en anunciar que Wayne Elliott ha sido nombrado Director de Programas T\u00e9cnicos. Wayne Elliott es un profesional del desarrollo internacional con una probada experiencia en gesti\u00f3n de proyectos, an\u00e1lisis econ\u00f3mico e investigaci\u00f3n. Aporta una amplia experiencia en la gesti\u00f3n y ejecuci\u00f3n de iniciativas multilaterales [&hellip;]","og_url":"https:\/\/content.carib-export.com\/es\/news\/caribbean-export-appoints-wayne-elliott-as-manager-of-technical-programmes\/","og_site_name":"Exportaci\u00f3n del Caribe","article_publisher":"https:\/\/www.facebook.com\/CaribbeanExport","article_modified_time":"2024-11-13T20:22:40+00:00","og_image":[{"width":1500,"height":1125,"url":"https:\/\/content.carib-export.com\/wp-content\/uploads\/2024\/11\/Untitled-design-6.jpg","type":"image\/jpeg"}],"twitter_card":"summary_large_image","twitter_site":"@CaribXport","twitter_misc":{"Tiempo de lectura":"2 minutos"},"schema":{"@context":"https:\/\/schema.org","@graph":[{"@type":"WebPage","@id":"https:\/\/content.carib-export.com\/es\/news\/caribbean-export-appoints-wayne-elliott-as-manager-of-technical-programmes\/","url":"https:\/\/content.carib-export.com\/es\/news\/caribbean-export-appoints-wayne-elliott-as-manager-of-technical-programmes\/","name":"Caribbean Export nombra a Wayne Elliott Director de Programas T\u00e9cnicos - nombre del Exportaci\u00f3n del Caribe","isPartOf":{"@id":"https:\/\/content.carib-export.com\/es\/#website"},"primaryImageOfPage":{"@id":"https:\/\/content.carib-export.com\/es\/news\/caribbean-export-appoints-wayne-elliott-as-manager-of-technical-programmes\/#primaryimage"},"image":{"@id":"https:\/\/content.carib-export.com\/es\/news\/caribbean-export-appoints-wayne-elliott-as-manager-of-technical-programmes\/#primaryimage"},"thumbnailUrl":"https:\/\/content.carib-export.com\/wp-content\/uploads\/2024\/11\/Untitled-design-6.jpg","datePublished":"2024-11-13T19:55:06+00:00","dateModified":"2024-11-13T20:22:40+00:00","breadcrumb":{"@id":"https:\/\/content.carib-export.com\/es\/news\/caribbean-export-appoints-wayne-elliott-as-manager-of-technical-programmes\/#breadcrumb"},"inLanguage":"es","potentialAction":[{"@type":"ReadAction","target":["https:\/\/content.carib-export.com\/es\/news\/caribbean-export-appoints-wayne-elliott-as-manager-of-technical-programmes\/"]}]},{"@type":"ImageObject","inLanguage":"es","@id":"https:\/\/content.carib-export.com\/es\/news\/caribbean-export-appoints-wayne-elliott-as-manager-of-technical-programmes\/#primaryimage","url":"https:\/\/content.carib-export.com\/wp-content\/uploads\/2024\/11\/Untitled-design-6.jpg","contentUrl":"https:\/\/content.carib-export.com\/wp-content\/uploads\/2024\/11\/Untitled-design-6.jpg","width":1500,"height":1125},{"@type":"BreadcrumbList","@id":"https:\/\/content.carib-export.com\/es\/news\/caribbean-export-appoints-wayne-elliott-as-manager-of-technical-programmes\/#breadcrumb","itemListElement":[{"@type":"ListItem","position":1,"name":"Casa","item":"https:\/\/content.carib-export.com\/es\/home\/"},{"@type":"ListItem","position":2,"name":"News","item":"https:\/\/content.carib-export.com\/es\/news\/"},{"@type":"ListItem","position":3,"name":"Caribbean Export nombra a Wayne Elliott Director de Programas T\u00e9cnicos"}]},{"@type":"WebSite","@id":"https:\/\/content.carib-export.com\/es\/#website","url":"https:\/\/content.carib-export.com\/es\/","name":"Exportaci\u00f3n del Caribe","description":"La \u00fanica agencia regional de promoci\u00f3n del comercio y las inversiones en el grupo de \u00c1frica, el Caribe y el Pac\u00edfico.","publisher":{"@id":"https:\/\/content.carib-export.com\/es\/#organization"},"potentialAction":[{"@type":"SearchAction","target":{"@type":"EntryPoint","urlTemplate":"https:\/\/content.carib-export.com\/es\/?s={search_term_string}"},"query-input":{"@type":"PropertyValueSpecification","valueRequired":true,"valueName":"search_term_string"}}],"inLanguage":"es"},{"@type":"Organization","@id":"https:\/\/content.carib-export.com\/es\/#organization","name":"Agencia de Desarrollo de Exportaciones del Caribe","url":"https:\/\/content.carib-export.com\/es\/","logo":{"@type":"ImageObject","inLanguage":"es","@id":"https:\/\/content.carib-export.com\/es\/#\/schema\/logo\/image\/","url":"https:\/\/content.carib-export.com\/wp-content\/uploads\/2013\/03\/CE-Logo-2013.jpg","contentUrl":"https:\/\/content.carib-export.com\/wp-content\/uploads\/2013\/03\/CE-Logo-2013.jpg","width":1024,"height":244,"caption":"Agencia de Desarrollo de Exportaciones del Caribe"},"image":{"@id":"https:\/\/content.carib-export.com\/es\/#\/schema\/logo\/image\/"},"sameAs":["https:\/\/www.facebook.com\/CaribbeanExport","https:\/\/x.com\/CaribXport","https:\/\/www.instagram.com\/caribbeanexport","https:\/\/www.linkedin.com\/company\/caribbeanexport","https:\/\/www.youtube.com\/user\/TheCaribbeanExport"]}]}},"_links":{"self":[{"href":"https:\/\/content.carib-export.com\/es\/wp-json\/wp\/v2\/news\/325711","targetHints":{"allow":["GET"]}}],"collection":[{"href":"https:\/\/content.carib-export.com\/es\/wp-json\/wp\/v2\/news"}],"about":[{"href":"https:\/\/content.carib-export.com\/es\/wp-json\/wp\/v2\/types\/news"}],"author":[{"embeddable":true,"href":"https:\/\/content.carib-export.com\/es\/wp-json\/wp\/v2\/users\/26"}],"version-history":[{"count":0,"href":"https:\/\/content.carib-export.com\/es\/wp-json\/wp\/v2\/news\/325711\/revisions"}],"wp:featuredmedia":[{"embeddable":true,"href":"https:\/\/content.carib-export.com\/es\/wp-json\/wp\/v2\/media\/325718"}],"wp:attachment":[{"href":"https:\/\/content.carib-export.com\/es\/wp-json\/wp\/v2\/media?parent=325711"}],"wp:term":[{"taxonomy":"post_tag","embeddable":true,"href":"https:\/\/content.carib-export.com\/es\/wp-json\/wp\/v2\/tags?post=325711"}],"curies":[{"name":"wp","href":"https:\/\/api.w.org\/{rel}","templated":true}]}}