{"id":376174,"date":"2025-02-25T17:10:00","date_gmt":"2025-02-25T21:10:00","guid":{"rendered":"https:\/\/demo.content.carib-export.com\/news\/minister-of-international-development-visits-native-caribbean-as-canada-expands-support-for-women-entrepreneurs\/"},"modified":"2025-03-02T07:13:46","modified_gmt":"2025-03-02T11:13:46","slug":"minister-of-international-development-visits-native-caribbean-as-canada-expands-support-for-women-entrepreneurs","status":"publish","type":"news","link":"https:\/\/content.carib-export.com\/es\/news\/minister-of-international-development-visits-native-caribbean-as-canada-expands-support-for-women-entrepreneurs\/","title":{"rendered":"La Ministra de Desarrollo Internacional visita el Caribe Nativo mientras Canad\u00e1 ampl\u00eda su apoyo a las mujeres empresarias"},"content":{"rendered":"\n<p>Hace cinco a\u00f1os, Tamara Gibson puso en marcha Native Caribbean, una empresa barbadense propiedad de mujeres que crea aromas y velas artesanales culturalmente relevantes. Apenas tres semanas despu\u00e9s de abrir, el COVID-19 golpe\u00f3 el negocio, pero en lugar de detenerlo, sigui\u00f3 creciendo. Hoy, su negocio se ha trasladado tres veces para adaptarse a la expansi\u00f3n, y con capacidad para verter 1.000 velas al d\u00eda, Native Caribbean sigue prosperando tanto en el mercado local como en el internacional.  <\/p>\n\n<p>El 21 de febrero, el Ministro de Desarrollo Internacional de Canad\u00e1, el Honorable Ahmed Hussen, visit\u00f3 Native Caribbean para comprobar de primera mano el impacto de los programas de desarrollo a la hora de impulsar el crecimiento empresarial, la innovaci\u00f3n y la capacitaci\u00f3n econ\u00f3mica. La visita, facilitada por la Agencia Caribe\u00f1a de Desarrollo de las Exportaciones (Caribbean Export), puso de relieve c\u00f3mo el apoyo espec\u00edfico a trav\u00e9s de asociaciones estrat\u00e9gicas entre organizaciones de apoyo empresarial como Export Barbados, entre otras, ha ayudado a empresas como Tamara&#8217;s a crecer, acceder a la financiaci\u00f3n y entrar en los mercados internacionales, un ejemplo de \u00e9xito que Canad\u00e1 espera reproducir en todo el Caribe a trav\u00e9s de un nuevo proyecto, que ser\u00e1 ejecutado por Caribbean Export.  <\/p>\n\n<p>\u00abEl riesgo no desaparece, pero puede gestionarse con el apoyo adecuado. Agencias como Caribbean Export y Export Barbados proporcionan un amortiguador, ayudando a las empresas a sortear los retos y aprovechar las oportunidades\u00bb, afirma Tamara. \u00abLa financiaci\u00f3n del desarrollo y la asistencia t\u00e9cnica son fundamentales. El apoyo de Caribbean Export nos proporcion\u00f3 nuestro primer plan de exportaci\u00f3n, algo que no podr\u00eda haber hecho sola. Este tipo de asistencia ayuda a las empresas a crecer de formas para las que no siempre tenemos capacidad, abriendo puertas a nuevos mercados y a una expansi\u00f3n sostenible\u00bb.<\/p>\n\n<p>La historia de \u00e9xito de Tamara se alinea con el compromiso m\u00e1s amplio de Canad\u00e1 de fomentar las oportunidades econ\u00f3micas de las empresas dirigidas por mujeres en la regi\u00f3n. Durante la visita de la Ministra, Exportaci\u00f3n Caribe\u00f1a y Asuntos Globales de Canad\u00e1 anunciaron el proyecto de 3,46 millones de d\u00f3lares canadienses Caribbean Women Entrepreneurs Generating Resilient and Inclusive Trade (GRIT). GRIT ayudar\u00e1 a las mujeres empresarias de Belice, Dominica, Granada, Jamaica, Santa Luc\u00eda y San Vicente y las Granadinas:  <\/p>\n\n<ul class=\"wp-block-list\">\n<li>Aumentar su productividad adoptando pr\u00e1cticas empresariales y tecnolog\u00eda ecol\u00f3gicas.<\/li>\n\n\n\n<li>Desarrollar las competencias necesarias para satisfacer las exigencias del mercado internacional, incluso en Canad\u00e1.<\/li>\n\n\n\n<li>Participa en misiones comerciales y obt\u00e9n informaci\u00f3n sobre nuevas oportunidades de mercado.<\/li>\n<\/ul>\n\n<p>El Dr. Damie Sinanan, Director Ejecutivo de Caribbean Export, acogi\u00f3 con satisfacci\u00f3n la continua inversi\u00f3n de Canad\u00e1 en las mujeres empresarias, declarando:<\/p>\n\n<p>\u00abAgradecemos el apoyo del gobierno canadiense a las mujeres empresarias del Caribe. Con este tipo de respaldo, las empresas dirigidas por mujeres tendr\u00e1n m\u00e1s oportunidades de crecer, aumentar su resiliencia y ampliar sus exportaciones, impulsando un impacto significativo en toda la regi\u00f3n\u00bb, declar\u00f3 la Dra. Damie Sinanan.<\/p>\n\n<p>La trayectoria de Tamara -desde una empresa emergente que navegaba por una pandemia mundial hasta un pr\u00f3spero negocio listo para la exportaci\u00f3n- es una prueba de lo que es posible cuando las mujeres empresarias reciben las herramientas que necesitan para triunfar. Con iniciativas como GRIT, m\u00e1s mujeres caribe\u00f1as podr\u00e1n seguir sus pasos, transformando sus empresas y sus comunidades. <\/p>\n\n<p><\/p>\n","protected":false},"excerpt":{"rendered":"<p>Hace cinco a\u00f1os, Tamara Gibson puso en marcha Native Caribbean, una empresa barbadense propiedad de mujeres que crea aromas y velas artesanales culturalmente relevantes. Apenas tres semanas despu\u00e9s de abrir, el COVID-19 golpe\u00f3 el negocio, pero en lugar de detenerlo, sigui\u00f3 creciendo. Hoy, su negocio se ha trasladado tres veces para adaptarse a la expansi\u00f3n, [&hellip;]<\/p>\n","protected":false},"author":9,"featured_media":376250,"menu_order":0,"template":"","tags":[],"class_list":["post-376174","news","type-news","status-publish","has-post-thumbnail","hentry"],"acf":[],"yoast_head":"<!-- This site is optimized with the Yoast SEO plugin v27.1.1 - https:\/\/yoast.com\/product\/yoast-seo-wordpress\/ -->\n<title>La Ministra de Desarrollo Internacional visita el Caribe Nativo mientras Canad\u00e1 ampl\u00eda su apoyo a las mujeres empresarias - nombre del Exportaci\u00f3n del Caribe<\/title>\n<meta name=\"description\" content=\"El viaje de Tamara es una prueba de lo que es posible cuando las mujeres empresarias reciben las herramientas que necesitan para triunfar.\" \/>\n<meta name=\"robots\" content=\"index, follow, max-snippet:-1, max-image-preview:large, max-video-preview:-1\" \/>\n<link rel=\"canonical\" href=\"https:\/\/content.carib-export.com\/es\/news\/minister-of-international-development-visits-native-caribbean-as-canada-expands-support-for-women-entrepreneurs\/\" \/>\n<meta property=\"og:locale\" content=\"es_ES\" \/>\n<meta property=\"og:type\" content=\"article\" \/>\n<meta property=\"og:title\" content=\"La Ministra de Desarrollo Internacional visita el Caribe Nativo mientras Canad\u00e1 ampl\u00eda su apoyo a las mujeres empresarias - nombre del Exportaci\u00f3n del Caribe\" \/>\n<meta property=\"og:description\" content=\"El viaje de Tamara es una prueba de lo que es posible cuando las mujeres empresarias reciben las herramientas que necesitan para triunfar.\" \/>\n<meta property=\"og:url\" content=\"https:\/\/content.carib-export.com\/es\/news\/minister-of-international-development-visits-native-caribbean-as-canada-expands-support-for-women-entrepreneurs\/\" \/>\n<meta property=\"og:site_name\" content=\"Exportaci\u00f3n del Caribe\" \/>\n<meta property=\"article:publisher\" content=\"https:\/\/www.facebook.com\/CaribbeanExport\" \/>\n<meta property=\"article:modified_time\" content=\"2025-03-02T11:13:46+00:00\" \/>\n<meta property=\"og:image\" content=\"https:\/\/content.carib-export.com\/wp-content\/uploads\/2025\/02\/Min-Hussen-and-Tamara-1024x768.png\" \/>\n\t<meta property=\"og:image:width\" content=\"1024\" \/>\n\t<meta property=\"og:image:height\" content=\"768\" \/>\n\t<meta property=\"og:image:type\" content=\"image\/png\" \/>\n<meta name=\"twitter:card\" content=\"summary_large_image\" \/>\n<meta name=\"twitter:site\" content=\"@CaribXport\" \/>\n<meta name=\"twitter:label1\" content=\"Tiempo de lectura\" \/>\n\t<meta name=\"twitter:data1\" content=\"3 minutos\" \/>\n<script type=\"application\/ld+json\" class=\"yoast-schema-graph\">{\"@context\":\"https:\/\/schema.org\",\"@graph\":[{\"@type\":\"WebPage\",\"@id\":\"https:\/\/content.carib-export.com\/es\/news\/minister-of-international-development-visits-native-caribbean-as-canada-expands-support-for-women-entrepreneurs\/\",\"url\":\"https:\/\/content.carib-export.com\/es\/news\/minister-of-international-development-visits-native-caribbean-as-canada-expands-support-for-women-entrepreneurs\/\",\"name\":\"La Ministra de Desarrollo Internacional visita el Caribe Nativo mientras Canad\u00e1 ampl\u00eda su apoyo a las mujeres empresarias - nombre del Exportaci\u00f3n del Caribe\",\"isPartOf\":{\"@id\":\"https:\/\/content.carib-export.com\/es\/#website\"},\"primaryImageOfPage\":{\"@id\":\"https:\/\/content.carib-export.com\/es\/news\/minister-of-international-development-visits-native-caribbean-as-canada-expands-support-for-women-entrepreneurs\/#primaryimage\"},\"image\":{\"@id\":\"https:\/\/content.carib-export.com\/es\/news\/minister-of-international-development-visits-native-caribbean-as-canada-expands-support-for-women-entrepreneurs\/#primaryimage\"},\"thumbnailUrl\":\"https:\/\/content.carib-export.com\/wp-content\/uploads\/2025\/02\/Min-Hussen-and-Tamara.png\",\"datePublished\":\"2025-02-25T21:10:00+00:00\",\"dateModified\":\"2025-03-02T11:13:46+00:00\",\"description\":\"El viaje de Tamara es una prueba de lo que es posible cuando las mujeres empresarias reciben las herramientas que necesitan para triunfar.\",\"breadcrumb\":{\"@id\":\"https:\/\/content.carib-export.com\/es\/news\/minister-of-international-development-visits-native-caribbean-as-canada-expands-support-for-women-entrepreneurs\/#breadcrumb\"},\"inLanguage\":\"es\",\"potentialAction\":[{\"@type\":\"ReadAction\",\"target\":[\"https:\/\/content.carib-export.com\/es\/news\/minister-of-international-development-visits-native-caribbean-as-canada-expands-support-for-women-entrepreneurs\/\"]}]},{\"@type\":\"ImageObject\",\"inLanguage\":\"es\",\"@id\":\"https:\/\/content.carib-export.com\/es\/news\/minister-of-international-development-visits-native-caribbean-as-canada-expands-support-for-women-entrepreneurs\/#primaryimage\",\"url\":\"https:\/\/content.carib-export.com\/wp-content\/uploads\/2025\/02\/Min-Hussen-and-Tamara.png\",\"contentUrl\":\"https:\/\/content.carib-export.com\/wp-content\/uploads\/2025\/02\/Min-Hussen-and-Tamara.png\",\"width\":1500,\"height\":1125},{\"@type\":\"BreadcrumbList\",\"@id\":\"https:\/\/content.carib-export.com\/es\/news\/minister-of-international-development-visits-native-caribbean-as-canada-expands-support-for-women-entrepreneurs\/#breadcrumb\",\"itemListElement\":[{\"@type\":\"ListItem\",\"position\":1,\"name\":\"Casa\",\"item\":\"https:\/\/content.carib-export.com\/es\/home\/\"},{\"@type\":\"ListItem\",\"position\":2,\"name\":\"News\",\"item\":\"https:\/\/content.carib-export.com\/es\/news\/\"},{\"@type\":\"ListItem\",\"position\":3,\"name\":\"La Ministra de Desarrollo Internacional visita el Caribe Nativo mientras Canad\u00e1 ampl\u00eda su apoyo a las mujeres empresarias\"}]},{\"@type\":\"WebSite\",\"@id\":\"https:\/\/content.carib-export.com\/es\/#website\",\"url\":\"https:\/\/content.carib-export.com\/es\/\",\"name\":\"Exportaci\u00f3n del Caribe\",\"description\":\"La \u00fanica agencia regional de promoci\u00f3n del comercio y las inversiones en el grupo de \u00c1frica, el Caribe y el Pac\u00edfico.\",\"publisher\":{\"@id\":\"https:\/\/content.carib-export.com\/es\/#organization\"},\"potentialAction\":[{\"@type\":\"SearchAction\",\"target\":{\"@type\":\"EntryPoint\",\"urlTemplate\":\"https:\/\/content.carib-export.com\/es\/?s={search_term_string}\"},\"query-input\":{\"@type\":\"PropertyValueSpecification\",\"valueRequired\":true,\"valueName\":\"search_term_string\"}}],\"inLanguage\":\"es\"},{\"@type\":\"Organization\",\"@id\":\"https:\/\/content.carib-export.com\/es\/#organization\",\"name\":\"Agencia de Desarrollo de Exportaciones del Caribe\",\"url\":\"https:\/\/content.carib-export.com\/es\/\",\"logo\":{\"@type\":\"ImageObject\",\"inLanguage\":\"es\",\"@id\":\"https:\/\/content.carib-export.com\/es\/#\/schema\/logo\/image\/\",\"url\":\"https:\/\/content.carib-export.com\/wp-content\/uploads\/2013\/03\/CE-Logo-2013.jpg\",\"contentUrl\":\"https:\/\/content.carib-export.com\/wp-content\/uploads\/2013\/03\/CE-Logo-2013.jpg\",\"width\":1024,\"height\":244,\"caption\":\"Agencia de Desarrollo de Exportaciones del Caribe\"},\"image\":{\"@id\":\"https:\/\/content.carib-export.com\/es\/#\/schema\/logo\/image\/\"},\"sameAs\":[\"https:\/\/www.facebook.com\/CaribbeanExport\",\"https:\/\/x.com\/CaribXport\",\"https:\/\/www.instagram.com\/caribbeanexport\",\"https:\/\/www.linkedin.com\/company\/caribbeanexport\",\"https:\/\/www.youtube.com\/user\/TheCaribbeanExport\"]}]}<\/script>\n<!-- \/ Yoast SEO plugin. -->","yoast_head_json":{"title":"La Ministra de Desarrollo Internacional visita el Caribe Nativo mientras Canad\u00e1 ampl\u00eda su apoyo a las mujeres empresarias - nombre del Exportaci\u00f3n del Caribe","description":"El viaje de Tamara es una prueba de lo que es posible cuando las mujeres empresarias reciben las herramientas que necesitan para triunfar.","robots":{"index":"index","follow":"follow","max-snippet":"max-snippet:-1","max-image-preview":"max-image-preview:large","max-video-preview":"max-video-preview:-1"},"canonical":"https:\/\/content.carib-export.com\/es\/news\/minister-of-international-development-visits-native-caribbean-as-canada-expands-support-for-women-entrepreneurs\/","og_locale":"es_ES","og_type":"article","og_title":"La Ministra de Desarrollo Internacional visita el Caribe Nativo mientras Canad\u00e1 ampl\u00eda su apoyo a las mujeres empresarias - nombre del Exportaci\u00f3n del Caribe","og_description":"El viaje de Tamara es una prueba de lo que es posible cuando las mujeres empresarias reciben las herramientas que necesitan para triunfar.","og_url":"https:\/\/content.carib-export.com\/es\/news\/minister-of-international-development-visits-native-caribbean-as-canada-expands-support-for-women-entrepreneurs\/","og_site_name":"Exportaci\u00f3n del Caribe","article_publisher":"https:\/\/www.facebook.com\/CaribbeanExport","article_modified_time":"2025-03-02T11:13:46+00:00","og_image":[{"width":1024,"height":768,"url":"https:\/\/content.carib-export.com\/wp-content\/uploads\/2025\/02\/Min-Hussen-and-Tamara-1024x768.png","type":"image\/png"}],"twitter_card":"summary_large_image","twitter_site":"@CaribXport","twitter_misc":{"Tiempo de lectura":"3 minutos"},"schema":{"@context":"https:\/\/schema.org","@graph":[{"@type":"WebPage","@id":"https:\/\/content.carib-export.com\/es\/news\/minister-of-international-development-visits-native-caribbean-as-canada-expands-support-for-women-entrepreneurs\/","url":"https:\/\/content.carib-export.com\/es\/news\/minister-of-international-development-visits-native-caribbean-as-canada-expands-support-for-women-entrepreneurs\/","name":"La Ministra de Desarrollo Internacional visita el Caribe Nativo mientras Canad\u00e1 ampl\u00eda su apoyo a las mujeres empresarias - nombre del Exportaci\u00f3n del Caribe","isPartOf":{"@id":"https:\/\/content.carib-export.com\/es\/#website"},"primaryImageOfPage":{"@id":"https:\/\/content.carib-export.com\/es\/news\/minister-of-international-development-visits-native-caribbean-as-canada-expands-support-for-women-entrepreneurs\/#primaryimage"},"image":{"@id":"https:\/\/content.carib-export.com\/es\/news\/minister-of-international-development-visits-native-caribbean-as-canada-expands-support-for-women-entrepreneurs\/#primaryimage"},"thumbnailUrl":"https:\/\/content.carib-export.com\/wp-content\/uploads\/2025\/02\/Min-Hussen-and-Tamara.png","datePublished":"2025-02-25T21:10:00+00:00","dateModified":"2025-03-02T11:13:46+00:00","description":"El viaje de Tamara es una prueba de lo que es posible cuando las mujeres empresarias reciben las herramientas que necesitan para triunfar.","breadcrumb":{"@id":"https:\/\/content.carib-export.com\/es\/news\/minister-of-international-development-visits-native-caribbean-as-canada-expands-support-for-women-entrepreneurs\/#breadcrumb"},"inLanguage":"es","potentialAction":[{"@type":"ReadAction","target":["https:\/\/content.carib-export.com\/es\/news\/minister-of-international-development-visits-native-caribbean-as-canada-expands-support-for-women-entrepreneurs\/"]}]},{"@type":"ImageObject","inLanguage":"es","@id":"https:\/\/content.carib-export.com\/es\/news\/minister-of-international-development-visits-native-caribbean-as-canada-expands-support-for-women-entrepreneurs\/#primaryimage","url":"https:\/\/content.carib-export.com\/wp-content\/uploads\/2025\/02\/Min-Hussen-and-Tamara.png","contentUrl":"https:\/\/content.carib-export.com\/wp-content\/uploads\/2025\/02\/Min-Hussen-and-Tamara.png","width":1500,"height":1125},{"@type":"BreadcrumbList","@id":"https:\/\/content.carib-export.com\/es\/news\/minister-of-international-development-visits-native-caribbean-as-canada-expands-support-for-women-entrepreneurs\/#breadcrumb","itemListElement":[{"@type":"ListItem","position":1,"name":"Casa","item":"https:\/\/content.carib-export.com\/es\/home\/"},{"@type":"ListItem","position":2,"name":"News","item":"https:\/\/content.carib-export.com\/es\/news\/"},{"@type":"ListItem","position":3,"name":"La Ministra de Desarrollo Internacional visita el Caribe Nativo mientras Canad\u00e1 ampl\u00eda su apoyo a las mujeres empresarias"}]},{"@type":"WebSite","@id":"https:\/\/content.carib-export.com\/es\/#website","url":"https:\/\/content.carib-export.com\/es\/","name":"Exportaci\u00f3n del Caribe","description":"La \u00fanica agencia regional de promoci\u00f3n del comercio y las inversiones en el grupo de \u00c1frica, el Caribe y el Pac\u00edfico.","publisher":{"@id":"https:\/\/content.carib-export.com\/es\/#organization"},"potentialAction":[{"@type":"SearchAction","target":{"@type":"EntryPoint","urlTemplate":"https:\/\/content.carib-export.com\/es\/?s={search_term_string}"},"query-input":{"@type":"PropertyValueSpecification","valueRequired":true,"valueName":"search_term_string"}}],"inLanguage":"es"},{"@type":"Organization","@id":"https:\/\/content.carib-export.com\/es\/#organization","name":"Agencia de Desarrollo de Exportaciones del Caribe","url":"https:\/\/content.carib-export.com\/es\/","logo":{"@type":"ImageObject","inLanguage":"es","@id":"https:\/\/content.carib-export.com\/es\/#\/schema\/logo\/image\/","url":"https:\/\/content.carib-export.com\/wp-content\/uploads\/2013\/03\/CE-Logo-2013.jpg","contentUrl":"https:\/\/content.carib-export.com\/wp-content\/uploads\/2013\/03\/CE-Logo-2013.jpg","width":1024,"height":244,"caption":"Agencia de Desarrollo de Exportaciones del Caribe"},"image":{"@id":"https:\/\/content.carib-export.com\/es\/#\/schema\/logo\/image\/"},"sameAs":["https:\/\/www.facebook.com\/CaribbeanExport","https:\/\/x.com\/CaribXport","https:\/\/www.instagram.com\/caribbeanexport","https:\/\/www.linkedin.com\/company\/caribbeanexport","https:\/\/www.youtube.com\/user\/TheCaribbeanExport"]}]}},"_links":{"self":[{"href":"https:\/\/content.carib-export.com\/es\/wp-json\/wp\/v2\/news\/376174","targetHints":{"allow":["GET"]}}],"collection":[{"href":"https:\/\/content.carib-export.com\/es\/wp-json\/wp\/v2\/news"}],"about":[{"href":"https:\/\/content.carib-export.com\/es\/wp-json\/wp\/v2\/types\/news"}],"author":[{"embeddable":true,"href":"https:\/\/content.carib-export.com\/es\/wp-json\/wp\/v2\/users\/9"}],"version-history":[{"count":0,"href":"https:\/\/content.carib-export.com\/es\/wp-json\/wp\/v2\/news\/376174\/revisions"}],"wp:featuredmedia":[{"embeddable":true,"href":"https:\/\/content.carib-export.com\/es\/wp-json\/wp\/v2\/media\/376250"}],"wp:attachment":[{"href":"https:\/\/content.carib-export.com\/es\/wp-json\/wp\/v2\/media?parent=376174"}],"wp:term":[{"taxonomy":"post_tag","embeddable":true,"href":"https:\/\/content.carib-export.com\/es\/wp-json\/wp\/v2\/tags?post=376174"}],"curies":[{"name":"wp","href":"https:\/\/api.w.org\/{rel}","templated":true}]}}