{"id":378353,"date":"2025-05-07T09:40:58","date_gmt":"2025-05-07T13:40:58","guid":{"rendered":"https:\/\/content.carib-export.com\/news\/montego-bay-to-host-landmark-caribbean-investment-forum-in-july-2025\/"},"modified":"2025-05-07T10:26:25","modified_gmt":"2025-05-07T14:26:25","slug":"montego-bay-to-host-landmark-caribbean-investment-forum-in-july-2025","status":"publish","type":"news","link":"https:\/\/content.carib-export.com\/es\/news\/montego-bay-to-host-landmark-caribbean-investment-forum-in-july-2025\/","title":{"rendered":"LA BAH\u00cdA DE MONTEGO ACOGER\u00c1 EN JULIO DE 2025 UN FORO HIST\u00d3RICO DE INVERSIONES EN EL CARIBE"},"content":{"rendered":"\n<p>El Caribe est\u00e1 listo para cambiar la conversaci\u00f3n. Durante d\u00e9cadas, la regi\u00f3n se ha definido por sus playas de postal, su vibrante cultura y su c\u00e1lida hospitalidad. Pero este mes de julio, Montego Bay acoger\u00e1 un acontecimiento transformador que pretende volver a presentar el Caribe al mundo como un destino de inversi\u00f3n cre\u00edble y competitivo.  <\/p>\n\n<p>En <a href=\"https:\/\/caribbeaninvestmentforum.com\/\" target=\"_blank\" rel=\"noreferrer noopener\"><strong>Foro de Inversi\u00f3n del Caribe (FIC) 2025<\/strong><\/a>lanzado oficialmente este mes en Kingston, se posiciona como la principal plataforma de la regi\u00f3n para conectar el capital internacional con oportunidades de alto potencial y listas para la inversi\u00f3n en todo el Caribe. El Foro se celebrar\u00e1 en Montego Bay del 29 al 31 de julio de 2025, bajo el lema \u00abSMART. VERDE. CONECTADO\u00bb. <\/p>\n\n<p>Organizada por la Agencia de Desarrollo de las Exportaciones del Caribe, en colaboraci\u00f3n con el gobierno de Jamaica, la Uni\u00f3n Europea y la Secretar\u00eda de la CARICOM, la CIF 2025 representa un pivote estrat\u00e9gico en la forma en que la regi\u00f3n se comercializa globalmente. Pone de relieve los activos naturales del Caribe y su potencial sin explotar en sectores vitales para el crecimiento sostenible. <\/p>\n\n<p>\u00abEl Caribe ha llegado a un momento crucial\u00bb, declar\u00f3 <strong>el Dr. Damie Sinanan, Director Ejecutivo de Caribbean Export<\/strong>, en el acto de presentaci\u00f3n. \u00abYa no podemos confiar \u00fanicamente en los sectores tradicionales para atraer inversiones. Estamos construyendo un ecosistema econ\u00f3mico ecol\u00f3gico, digital e inclusivo para garantizar una regi\u00f3n caribe\u00f1a resiliente. El FIC es el lugar donde estas ambiciones se unen a la acci\u00f3n. El Foro de Inversi\u00f3n del Caribe sigue siendo la principal plataforma que transforma el potencial caribe\u00f1o en rendimiento, y la regi\u00f3n del Caribe pasar\u00e1 del inter\u00e9s global al impacto de la inversi\u00f3n.\u00bb <\/p>\n\n<p><strong>El Honorable Senador Aubyn Hill, Ministro de Industria, Inversi\u00f3n y Comercio del Ministerio de Negocios de Jamaica<\/strong>, subray\u00f3 la importancia de que Jamaica acoja el Foro de este a\u00f1o:<br\/>\u00abJamaica se siente tremendamente honrada de acoger el Foro de Inversi\u00f3n del Caribe 2025 en colaboraci\u00f3n con Caribbean Export. El foro ofrece una plataforma din\u00e1mica para demostrar la disposici\u00f3n de Jamaica y de todo el Caribe a hacer negocios, aumentar las exportaciones, especialmente de servicios de alto valor, y atraer inversiones transformadoras que hagan crecer el PIB per c\u00e1pita, impulsen la productividad y aumenten la prosperidad. Como Gobierno, estamos orgullosos de encabezar la presentaci\u00f3n al mundo de un Caribe m\u00e1s verde, m\u00e1s inteligente y m\u00e1s conectado, abierto a las inversiones transformadoras.\u00bb<\/p>\n\n<p>Se espera que la CIF 2025 re\u00fana a m\u00e1s de 500 delegados, incluidos inversores internacionales, dirigentes gubernamentales, instituciones financieras de desarrollo, empresarios y representantes de la di\u00e1spora. Durante tres d\u00edas, los asistentes participar\u00e1n en sesiones de presentaci\u00f3n, debates pol\u00edticos, mesas redondas sectoriales y oportunidades para cerrar acuerdos. <\/p>\n\n<p>El foco de atenci\u00f3n del Foro de este a\u00f1o es a la vez oportuno y ambicioso. Entre los sectores de inversi\u00f3n clave se incluyen: <\/p>\n\n<ul class=\"wp-block-list\">\n<li> Agricultura sostenible: Reforzar la seguridad alimentaria y la innovaci\u00f3n agroindustrial<\/li>\n\n\n\n<li>Transici\u00f3n a la Econom\u00eda Verde: Impulsar la energ\u00eda renovable, la resiliencia clim\u00e1tica y la sostenibilidad<\/li>\n\n\n\n<li>Transformaci\u00f3n digital: Impulsando el futuro con fintech, IA y tecnolog\u00edas inteligentes<\/li>\n\n\n\n<li>Log\u00edstica y Transporte: Mejorar el comercio, la movilidad y las infraestructuras para la conectividad mundial<\/li>\n<\/ul>\n\n<p><br\/>Estos sectores se eligieron deliberadamente por su potencial para generar un crecimiento econ\u00f3mico integrador, reducir la pobreza y posicionar al Caribe como un actor serio en las cadenas de valor mundiales.<\/p>\n\n<p>En la inauguraci\u00f3n, <strong>Su Excelencia la Dra. Erja Askola, embajadora en Jamaica, Belice y Bahamas<\/strong>, reiter\u00f3 el compromiso de la UE:<\/p>\n\n<p>\u00bb Desde la energ\u00eda verde hasta la transformaci\u00f3n digital y la conectividad del transporte, la Uni\u00f3n Europea ve en el Caribe un socio estrat\u00e9gico para construir un futuro sostenible y mejor conectado. Juntos podemos impulsar la innovaci\u00f3n, atraer inversiones clim\u00e1ticamente inteligentes y capacitar a la pr\u00f3xima generaci\u00f3n de emprendedores de la regi\u00f3n. Por eso la UE est\u00e1 encantada de apoyar el Foro de Inversi\u00f3n del Caribe 2025, en el que pueden incubarse colaboraciones concretas.\u00bb<\/p>\n\n<p>El impacto previsto de la CIF 2025 va m\u00e1s all\u00e1 de Montego Bay. Los organizadores esperan que el acontecimiento catalice un cambio a m\u00e1s largo plazo en la forma en que el Caribe se posiciona en la narrativa de la inversi\u00f3n mundial. A medida que comienza la cuenta atr\u00e1s hasta julio, se hace un llamamiento a las partes interesadas de toda la regi\u00f3n y de la di\u00e1spora para que participen como socios en la construcci\u00f3n de una nueva econom\u00eda caribe\u00f1a.  <\/p>\n\n<p>Para m\u00e1s informaci\u00f3n sobre c\u00f3mo asistir o asociarte al FIC 2025, visita <a href=\"https:\/\/caribbeaninvestmentforum.com\/\" target=\"_blank\" rel=\"noreferrer noopener\">www.caribbeaninvestmentforum.com<\/a> o ponte en contacto con los organizadores en info@carib-export.com.<\/p>\n\n<figure class=\"wp-block-embed is-type-video is-provider-youtube wp-block-embed-youtube wp-embed-aspect-16-9 wp-has-aspect-ratio\"><div class=\"wp-block-embed__wrapper\">\n<iframe loading=\"lazy\" title=\"The Launch of the 2025 Caribbean Investment Forum\" width=\"640\" height=\"360\" src=\"https:\/\/www.youtube.com\/embed\/AGONE5QLIpY?feature=oembed\" frameborder=\"0\" allow=\"accelerometer; autoplay; clipboard-write; encrypted-media; gyroscope; picture-in-picture; web-share\" referrerpolicy=\"strict-origin-when-cross-origin\" allowfullscreen><\/iframe>\n<\/div><\/figure>\n","protected":false},"excerpt":{"rendered":"<p>El Caribe est\u00e1 listo para cambiar la conversaci\u00f3n. Durante d\u00e9cadas, la regi\u00f3n se ha definido por sus playas de postal, su vibrante cultura y su c\u00e1lida hospitalidad. Pero este mes de julio, Montego Bay acoger\u00e1 un acontecimiento transformador que pretende volver a presentar el Caribe al mundo como un destino de inversi\u00f3n cre\u00edble y competitivo. [&hellip;]<\/p>\n","protected":false},"author":9,"featured_media":378273,"menu_order":0,"template":"","tags":[],"class_list":["post-378353","news","type-news","status-publish","has-post-thumbnail","hentry"],"acf":[],"yoast_head":"<!-- This site is optimized with the Yoast SEO plugin v27.1.1 - https:\/\/yoast.com\/product\/yoast-seo-wordpress\/ -->\n<title>LA BAH\u00cdA DE MONTEGO ACOGER\u00c1 EN JULIO DE 2025 UN FORO HIST\u00d3RICO DE INVERSIONES EN EL CARIBE - nombre del Exportaci\u00f3n del Caribe<\/title>\n<meta name=\"description\" content=\"Descubre oportunidades de inversi\u00f3n en el Foro de Inversi\u00f3n del Caribe 2025, que se celebrar\u00e1 del 29 al 31 de julio en Montego Bay, donde el capital mundial se encuentra con el crecimiento INTELIGENTE, VERDE Y CONECTADO.\" \/>\n<meta name=\"robots\" content=\"index, follow, max-snippet:-1, max-image-preview:large, max-video-preview:-1\" \/>\n<link rel=\"canonical\" href=\"https:\/\/content.carib-export.com\/es\/news\/montego-bay-to-host-landmark-caribbean-investment-forum-in-july-2025\/\" \/>\n<meta property=\"og:locale\" content=\"es_ES\" \/>\n<meta property=\"og:type\" content=\"article\" \/>\n<meta property=\"og:title\" content=\"LA BAH\u00cdA DE MONTEGO ACOGER\u00c1 EN JULIO DE 2025 UN FORO HIST\u00d3RICO DE INVERSIONES EN EL CARIBE\" \/>\n<meta property=\"og:description\" content=\"Descubre oportunidades de inversi\u00f3n en el Foro de Inversi\u00f3n del Caribe 2025, que se celebrar\u00e1 del 29 al 31 de julio en Montego Bay, donde el capital mundial se encuentra con el crecimiento INTELIGENTE, VERDE Y CONECTADO.\" \/>\n<meta property=\"og:url\" content=\"https:\/\/content.carib-export.com\/es\/news\/montego-bay-to-host-landmark-caribbean-investment-forum-in-july-2025\/\" \/>\n<meta property=\"og:site_name\" content=\"Exportaci\u00f3n del Caribe\" \/>\n<meta property=\"article:publisher\" content=\"https:\/\/www.facebook.com\/CaribbeanExport\" \/>\n<meta property=\"article:modified_time\" content=\"2025-05-07T14:26:25+00:00\" \/>\n<meta property=\"og:image\" content=\"https:\/\/content.carib-export.com\/wp-content\/uploads\/2025\/05\/CIF-2025-launch-1024x768.png\" \/>\n<meta name=\"twitter:card\" content=\"summary_large_image\" \/>\n<meta name=\"twitter:title\" content=\"LA BAH\u00cdA DE MONTEGO ACOGER\u00c1 EN JULIO DE 2025 UN FORO HIST\u00d3RICO DE INVERSIONES EN EL CARIBE\" \/>\n<meta name=\"twitter:description\" content=\"Descubre oportunidades de inversi\u00f3n en el Foro de Inversi\u00f3n del Caribe 2025, que se celebrar\u00e1 del 29 al 31 de julio en Montego Bay, donde el capital mundial se encuentra con el crecimiento INTELIGENTE, VERDE Y CONECTADO.\" \/>\n<meta name=\"twitter:image\" content=\"https:\/\/content.carib-export.com\/wp-content\/uploads\/2025\/05\/CIF-2025-launch-1024x768.png\" \/>\n<meta name=\"twitter:site\" content=\"@CaribXport\" \/>\n<meta name=\"twitter:label1\" content=\"Tiempo de lectura\" \/>\n\t<meta name=\"twitter:data1\" content=\"4 minutos\" \/>\n<script type=\"application\/ld+json\" class=\"yoast-schema-graph\">{\"@context\":\"https:\/\/schema.org\",\"@graph\":[{\"@type\":\"WebPage\",\"@id\":\"https:\/\/content.carib-export.com\/es\/news\/montego-bay-to-host-landmark-caribbean-investment-forum-in-july-2025\/\",\"url\":\"https:\/\/content.carib-export.com\/es\/news\/montego-bay-to-host-landmark-caribbean-investment-forum-in-july-2025\/\",\"name\":\"LA BAH\u00cdA DE MONTEGO ACOGER\u00c1 EN JULIO DE 2025 UN FORO HIST\u00d3RICO DE INVERSIONES EN EL CARIBE - nombre del Exportaci\u00f3n del Caribe\",\"isPartOf\":{\"@id\":\"https:\/\/content.carib-export.com\/es\/#website\"},\"primaryImageOfPage\":{\"@id\":\"https:\/\/content.carib-export.com\/es\/news\/montego-bay-to-host-landmark-caribbean-investment-forum-in-july-2025\/#primaryimage\"},\"image\":{\"@id\":\"https:\/\/content.carib-export.com\/es\/news\/montego-bay-to-host-landmark-caribbean-investment-forum-in-july-2025\/#primaryimage\"},\"thumbnailUrl\":\"https:\/\/content.carib-export.com\/wp-content\/uploads\/2025\/05\/CIF-2025-launch.png\",\"datePublished\":\"2025-05-07T13:40:58+00:00\",\"dateModified\":\"2025-05-07T14:26:25+00:00\",\"description\":\"Descubre oportunidades de inversi\u00f3n en el Foro de Inversi\u00f3n del Caribe 2025, que se celebrar\u00e1 del 29 al 31 de julio en Montego Bay, donde el capital mundial se encuentra con el crecimiento INTELIGENTE, VERDE Y CONECTADO.\",\"breadcrumb\":{\"@id\":\"https:\/\/content.carib-export.com\/es\/news\/montego-bay-to-host-landmark-caribbean-investment-forum-in-july-2025\/#breadcrumb\"},\"inLanguage\":\"es\",\"potentialAction\":[{\"@type\":\"ReadAction\",\"target\":[\"https:\/\/content.carib-export.com\/es\/news\/montego-bay-to-host-landmark-caribbean-investment-forum-in-july-2025\/\"]}]},{\"@type\":\"ImageObject\",\"inLanguage\":\"es\",\"@id\":\"https:\/\/content.carib-export.com\/es\/news\/montego-bay-to-host-landmark-caribbean-investment-forum-in-july-2025\/#primaryimage\",\"url\":\"https:\/\/content.carib-export.com\/wp-content\/uploads\/2025\/05\/CIF-2025-launch.png\",\"contentUrl\":\"https:\/\/content.carib-export.com\/wp-content\/uploads\/2025\/05\/CIF-2025-launch.png\",\"width\":1500,\"height\":1125},{\"@type\":\"BreadcrumbList\",\"@id\":\"https:\/\/content.carib-export.com\/es\/news\/montego-bay-to-host-landmark-caribbean-investment-forum-in-july-2025\/#breadcrumb\",\"itemListElement\":[{\"@type\":\"ListItem\",\"position\":1,\"name\":\"Casa\",\"item\":\"https:\/\/content.carib-export.com\/es\/home\/\"},{\"@type\":\"ListItem\",\"position\":2,\"name\":\"News\",\"item\":\"https:\/\/content.carib-export.com\/es\/news\/\"},{\"@type\":\"ListItem\",\"position\":3,\"name\":\"LA BAH\u00cdA DE MONTEGO ACOGER\u00c1 EN JULIO DE 2025 UN FORO HIST\u00d3RICO DE INVERSIONES EN EL CARIBE\"}]},{\"@type\":\"WebSite\",\"@id\":\"https:\/\/content.carib-export.com\/es\/#website\",\"url\":\"https:\/\/content.carib-export.com\/es\/\",\"name\":\"Exportaci\u00f3n del Caribe\",\"description\":\"La \u00fanica agencia regional de promoci\u00f3n del comercio y las inversiones en el grupo de \u00c1frica, el Caribe y el Pac\u00edfico.\",\"publisher\":{\"@id\":\"https:\/\/content.carib-export.com\/es\/#organization\"},\"potentialAction\":[{\"@type\":\"SearchAction\",\"target\":{\"@type\":\"EntryPoint\",\"urlTemplate\":\"https:\/\/content.carib-export.com\/es\/?s={search_term_string}\"},\"query-input\":{\"@type\":\"PropertyValueSpecification\",\"valueRequired\":true,\"valueName\":\"search_term_string\"}}],\"inLanguage\":\"es\"},{\"@type\":\"Organization\",\"@id\":\"https:\/\/content.carib-export.com\/es\/#organization\",\"name\":\"Agencia de Desarrollo de Exportaciones del Caribe\",\"url\":\"https:\/\/content.carib-export.com\/es\/\",\"logo\":{\"@type\":\"ImageObject\",\"inLanguage\":\"es\",\"@id\":\"https:\/\/content.carib-export.com\/es\/#\/schema\/logo\/image\/\",\"url\":\"https:\/\/content.carib-export.com\/wp-content\/uploads\/2013\/03\/CE-Logo-2013.jpg\",\"contentUrl\":\"https:\/\/content.carib-export.com\/wp-content\/uploads\/2013\/03\/CE-Logo-2013.jpg\",\"width\":1024,\"height\":244,\"caption\":\"Agencia de Desarrollo de Exportaciones del Caribe\"},\"image\":{\"@id\":\"https:\/\/content.carib-export.com\/es\/#\/schema\/logo\/image\/\"},\"sameAs\":[\"https:\/\/www.facebook.com\/CaribbeanExport\",\"https:\/\/x.com\/CaribXport\",\"https:\/\/www.instagram.com\/caribbeanexport\",\"https:\/\/www.linkedin.com\/company\/caribbeanexport\",\"https:\/\/www.youtube.com\/user\/TheCaribbeanExport\"]}]}<\/script>\n<!-- \/ Yoast SEO plugin. -->","yoast_head_json":{"title":"LA BAH\u00cdA DE MONTEGO ACOGER\u00c1 EN JULIO DE 2025 UN FORO HIST\u00d3RICO DE INVERSIONES EN EL CARIBE - nombre del Exportaci\u00f3n del Caribe","description":"Descubre oportunidades de inversi\u00f3n en el Foro de Inversi\u00f3n del Caribe 2025, que se celebrar\u00e1 del 29 al 31 de julio en Montego Bay, donde el capital mundial se encuentra con el crecimiento INTELIGENTE, VERDE Y CONECTADO.","robots":{"index":"index","follow":"follow","max-snippet":"max-snippet:-1","max-image-preview":"max-image-preview:large","max-video-preview":"max-video-preview:-1"},"canonical":"https:\/\/content.carib-export.com\/es\/news\/montego-bay-to-host-landmark-caribbean-investment-forum-in-july-2025\/","og_locale":"es_ES","og_type":"article","og_title":"LA BAH\u00cdA DE MONTEGO ACOGER\u00c1 EN JULIO DE 2025 UN FORO HIST\u00d3RICO DE INVERSIONES EN EL CARIBE","og_description":"Descubre oportunidades de inversi\u00f3n en el Foro de Inversi\u00f3n del Caribe 2025, que se celebrar\u00e1 del 29 al 31 de julio en Montego Bay, donde el capital mundial se encuentra con el crecimiento INTELIGENTE, VERDE Y CONECTADO.","og_url":"https:\/\/content.carib-export.com\/es\/news\/montego-bay-to-host-landmark-caribbean-investment-forum-in-july-2025\/","og_site_name":"Exportaci\u00f3n del Caribe","article_publisher":"https:\/\/www.facebook.com\/CaribbeanExport","article_modified_time":"2025-05-07T14:26:25+00:00","og_image":[{"url":"https:\/\/content.carib-export.com\/wp-content\/uploads\/2025\/05\/CIF-2025-launch-1024x768.png","type":"","width":"","height":""}],"twitter_card":"summary_large_image","twitter_title":"LA BAH\u00cdA DE MONTEGO ACOGER\u00c1 EN JULIO DE 2025 UN FORO HIST\u00d3RICO DE INVERSIONES EN EL CARIBE","twitter_description":"Descubre oportunidades de inversi\u00f3n en el Foro de Inversi\u00f3n del Caribe 2025, que se celebrar\u00e1 del 29 al 31 de julio en Montego Bay, donde el capital mundial se encuentra con el crecimiento INTELIGENTE, VERDE Y CONECTADO.","twitter_image":"https:\/\/content.carib-export.com\/wp-content\/uploads\/2025\/05\/CIF-2025-launch-1024x768.png","twitter_site":"@CaribXport","twitter_misc":{"Tiempo de lectura":"4 minutos"},"schema":{"@context":"https:\/\/schema.org","@graph":[{"@type":"WebPage","@id":"https:\/\/content.carib-export.com\/es\/news\/montego-bay-to-host-landmark-caribbean-investment-forum-in-july-2025\/","url":"https:\/\/content.carib-export.com\/es\/news\/montego-bay-to-host-landmark-caribbean-investment-forum-in-july-2025\/","name":"LA BAH\u00cdA DE MONTEGO ACOGER\u00c1 EN JULIO DE 2025 UN FORO HIST\u00d3RICO DE INVERSIONES EN EL CARIBE - nombre del Exportaci\u00f3n del Caribe","isPartOf":{"@id":"https:\/\/content.carib-export.com\/es\/#website"},"primaryImageOfPage":{"@id":"https:\/\/content.carib-export.com\/es\/news\/montego-bay-to-host-landmark-caribbean-investment-forum-in-july-2025\/#primaryimage"},"image":{"@id":"https:\/\/content.carib-export.com\/es\/news\/montego-bay-to-host-landmark-caribbean-investment-forum-in-july-2025\/#primaryimage"},"thumbnailUrl":"https:\/\/content.carib-export.com\/wp-content\/uploads\/2025\/05\/CIF-2025-launch.png","datePublished":"2025-05-07T13:40:58+00:00","dateModified":"2025-05-07T14:26:25+00:00","description":"Descubre oportunidades de inversi\u00f3n en el Foro de Inversi\u00f3n del Caribe 2025, que se celebrar\u00e1 del 29 al 31 de julio en Montego Bay, donde el capital mundial se encuentra con el crecimiento INTELIGENTE, VERDE Y CONECTADO.","breadcrumb":{"@id":"https:\/\/content.carib-export.com\/es\/news\/montego-bay-to-host-landmark-caribbean-investment-forum-in-july-2025\/#breadcrumb"},"inLanguage":"es","potentialAction":[{"@type":"ReadAction","target":["https:\/\/content.carib-export.com\/es\/news\/montego-bay-to-host-landmark-caribbean-investment-forum-in-july-2025\/"]}]},{"@type":"ImageObject","inLanguage":"es","@id":"https:\/\/content.carib-export.com\/es\/news\/montego-bay-to-host-landmark-caribbean-investment-forum-in-july-2025\/#primaryimage","url":"https:\/\/content.carib-export.com\/wp-content\/uploads\/2025\/05\/CIF-2025-launch.png","contentUrl":"https:\/\/content.carib-export.com\/wp-content\/uploads\/2025\/05\/CIF-2025-launch.png","width":1500,"height":1125},{"@type":"BreadcrumbList","@id":"https:\/\/content.carib-export.com\/es\/news\/montego-bay-to-host-landmark-caribbean-investment-forum-in-july-2025\/#breadcrumb","itemListElement":[{"@type":"ListItem","position":1,"name":"Casa","item":"https:\/\/content.carib-export.com\/es\/home\/"},{"@type":"ListItem","position":2,"name":"News","item":"https:\/\/content.carib-export.com\/es\/news\/"},{"@type":"ListItem","position":3,"name":"LA BAH\u00cdA DE MONTEGO ACOGER\u00c1 EN JULIO DE 2025 UN FORO HIST\u00d3RICO DE INVERSIONES EN EL CARIBE"}]},{"@type":"WebSite","@id":"https:\/\/content.carib-export.com\/es\/#website","url":"https:\/\/content.carib-export.com\/es\/","name":"Exportaci\u00f3n del Caribe","description":"La \u00fanica agencia regional de promoci\u00f3n del comercio y las inversiones en el grupo de \u00c1frica, el Caribe y el Pac\u00edfico.","publisher":{"@id":"https:\/\/content.carib-export.com\/es\/#organization"},"potentialAction":[{"@type":"SearchAction","target":{"@type":"EntryPoint","urlTemplate":"https:\/\/content.carib-export.com\/es\/?s={search_term_string}"},"query-input":{"@type":"PropertyValueSpecification","valueRequired":true,"valueName":"search_term_string"}}],"inLanguage":"es"},{"@type":"Organization","@id":"https:\/\/content.carib-export.com\/es\/#organization","name":"Agencia de Desarrollo de Exportaciones del Caribe","url":"https:\/\/content.carib-export.com\/es\/","logo":{"@type":"ImageObject","inLanguage":"es","@id":"https:\/\/content.carib-export.com\/es\/#\/schema\/logo\/image\/","url":"https:\/\/content.carib-export.com\/wp-content\/uploads\/2013\/03\/CE-Logo-2013.jpg","contentUrl":"https:\/\/content.carib-export.com\/wp-content\/uploads\/2013\/03\/CE-Logo-2013.jpg","width":1024,"height":244,"caption":"Agencia de Desarrollo de Exportaciones del Caribe"},"image":{"@id":"https:\/\/content.carib-export.com\/es\/#\/schema\/logo\/image\/"},"sameAs":["https:\/\/www.facebook.com\/CaribbeanExport","https:\/\/x.com\/CaribXport","https:\/\/www.instagram.com\/caribbeanexport","https:\/\/www.linkedin.com\/company\/caribbeanexport","https:\/\/www.youtube.com\/user\/TheCaribbeanExport"]}]}},"_links":{"self":[{"href":"https:\/\/content.carib-export.com\/es\/wp-json\/wp\/v2\/news\/378353","targetHints":{"allow":["GET"]}}],"collection":[{"href":"https:\/\/content.carib-export.com\/es\/wp-json\/wp\/v2\/news"}],"about":[{"href":"https:\/\/content.carib-export.com\/es\/wp-json\/wp\/v2\/types\/news"}],"author":[{"embeddable":true,"href":"https:\/\/content.carib-export.com\/es\/wp-json\/wp\/v2\/users\/9"}],"version-history":[{"count":0,"href":"https:\/\/content.carib-export.com\/es\/wp-json\/wp\/v2\/news\/378353\/revisions"}],"wp:featuredmedia":[{"embeddable":true,"href":"https:\/\/content.carib-export.com\/es\/wp-json\/wp\/v2\/media\/378273"}],"wp:attachment":[{"href":"https:\/\/content.carib-export.com\/es\/wp-json\/wp\/v2\/media?parent=378353"}],"wp:term":[{"taxonomy":"post_tag","embeddable":true,"href":"https:\/\/content.carib-export.com\/es\/wp-json\/wp\/v2\/tags?post=378353"}],"curies":[{"name":"wp","href":"https:\/\/api.w.org\/{rel}","templated":true}]}}