{"id":378534,"date":"2025-05-19T13:04:57","date_gmt":"2025-05-19T17:04:57","guid":{"rendered":"https:\/\/content.carib-export.com\/news\/absolutely-caribbean-showcasing-functional-and-sustainable-nutrition-at-vitafoods-europe\/"},"modified":"2025-05-19T13:13:25","modified_gmt":"2025-05-19T17:13:25","slug":"absolutely-caribbean-showcasing-functional-and-sustainable-nutrition-at-vitafoods-europe","status":"publish","type":"news","link":"https:\/\/content.carib-export.com\/es\/news\/absolutely-caribbean-showcasing-functional-and-sustainable-nutrition-at-vitafoods-europe\/","title":{"rendered":"Absolutamente Caribe: Presentando la Nutrici\u00f3n Funcional y Sostenible en Vitafoods Europe"},"content":{"rendered":"\n<p>Desde los campos de cacao de Trinidad y Tobago y la Rep\u00fablica Dominicana hasta las vibrantes cocinas de Jamaica, la innovaci\u00f3n caribe\u00f1a en alimentos saludables est\u00e1 lista para causar impacto en la escena mundial. Del 20 al 22 de mayo, cuatro agroprocesadores de la regi\u00f3n aportar\u00e1n sabores atrevidos, ingredientes funcionales y destacar\u00e1n sus pr\u00e1cticas sostenibles en Vitafoods Europe 2025 de Barcelona, uno de los principales eventos mundiales de la industria de la salud y la nutrici\u00f3n. <\/p>\n\n<p>Apoyado por la Agencia Caribe\u00f1a de Desarrollo de las Exportaciones (Caribbean Export) y la Uni\u00f3n Europea bajo la marca Absolutamente Caribe, el evento proporciona una plataforma estrat\u00e9gica para que las empresas participantes se relacionen directamente con compradores europeos, entablen relaciones comerciales y obtengan valiosos conocimientos del mercado.<\/p>\n\n<p>Las empresas seleccionadas -Benlar Foods (Jamaica), Kahkow (Rep\u00fablica Dominicana), Kairi Chocolate Company Limited (Trinidad y Tobago) y Veusse Naturals Ltd (Trinidad y Tobago)- expondr\u00e1n una gama de productos que incluye salsas fermentadas tradicionalmente, una serie de infusiones de fruta con agua de coco, cacao de origen sostenible y tabletas de chocolate vegano, as\u00ed como quesos vegetales.<\/p>\n\n<p>\u00abLa participaci\u00f3n de estas cuatro excepcionales empresas caribe\u00f1as en Vitafoods Europe es un testimonio de la capacidad de innovaci\u00f3n de la regi\u00f3n y de su alineaci\u00f3n con las tendencias mundiales en materia de salud y bienestar\u00bb, declar\u00f3 Natasha Edwin-Walcott, Directora de Desarrollo y Promoci\u00f3n de las Exportaciones de Caribbean Export. \u00abAl apoyar a las empresas que est\u00e1n creando productos sostenibles y funcionales arraigados en la rica biodiversidad del Caribe, estamos abriendo nuevas puertas al comercio, la inversi\u00f3n y el crecimiento a largo plazo en los mercados internacionales.\u00bb<\/p>\n\n<p>Las preferencias de los consumidores europeos est\u00e1n cambiando hacia opciones alimentarias m\u00e1s sanas y naturales. Una encuesta de <a href=\"https:\/\/www.foodnavigator.com\/News\/Promotional-features\/Food-and-drink-consumer-trends-survey-2024-in-Europe\/\" target=\"_blank\" rel=\"noreferrer noopener\">FoodNavigator<\/a> de 2024 revel\u00f3 que el 60% de los consumidores intentan activamente comer sano, con una demanda creciente de productos naturales, ecol\u00f3gicos y de origen regional. Adem\u00e1s, un informe <a href=\"https:\/\/www.specialityfoodmagazine.com\/food-and-drink\/health-and-wellbeing-food-and-drink-trends\" target=\"_blank\" rel=\"noreferrer noopener\">de Speciality Food Magazine <\/a>revel\u00f3 que el 38% de los consumidores de entre 35 y 44 a\u00f1os compran alimentos funcionales semanalmente, siendo la salud digestiva y el apoyo inmunitario sus principales preocupaciones.  <\/p>\n\n<p>Las empresas caribe\u00f1as que exponen en Vitafoods Europe 2025 est\u00e1n bien posicionadas para satisfacer estas demandas en evoluci\u00f3n:<\/p>\n\n<ul class=\"wp-block-list\">\n<li><a href=\"https:\/\/www.benlarfoods.com\/\" target=\"_blank\" rel=\"noreferrer noopener\">Benlar<\/a> Foods ofrece salsas 100% jamaicanas, as\u00ed como una gama de agua de coco con infusi\u00f3n de fruta caribe\u00f1a, elaborada en unas instalaciones con certificaci\u00f3n ISO 14001.<\/li>\n\n\n\n<li><a href=\"https:\/\/kahkoweuropa.com\/\" target=\"_blank\" rel=\"noreferrer noopener\">Kahkow<\/a> y <a href=\"https:\/\/www.instagram.com\/kairichocolatett\/\" target=\"_blank\" rel=\"noreferrer noopener\">Kairi<\/a> presentan productos de cacao de primera calidad elaborados con m\u00e9todos de cultivo sostenibles, destacando el rico y aut\u00e9ntico sabor del Caribe. Las opciones veganas de Kairi, que incluyen garbanzos y pl\u00e1tano, son innovaciones que cautivar\u00e1n al p\u00fablico europeo. <\/li>\n\n\n\n<li><a href=\"https:\/\/www.instagram.com\/veussenaturals\/\" target=\"_blank\" rel=\"noreferrer noopener\">Veusse Naturals Ltd <\/a>desarrolla quesos vegetales ricos en nutrientes y aliolis enriquecidos con probi\u00f3ticos, incorporando plantas aut\u00f3ctonas del Caribe para apoyar la biodiversidad y una vida consciente de la salud.<\/li>\n<\/ul>\n\n<p>La participaci\u00f3n en Vitafoods Europe representa una oportunidad clave para que estas marcas ampl\u00eden su presencia en los mercados internacionales y contribuyan de forma significativa al di\u00e1logo mundial sobre salud, sostenibilidad e innovaci\u00f3n alimentaria.<\/p>\n","protected":false},"excerpt":{"rendered":"<p>Desde los campos de cacao de Trinidad y Tobago y la Rep\u00fablica Dominicana hasta las vibrantes cocinas de Jamaica, la innovaci\u00f3n caribe\u00f1a en alimentos saludables est\u00e1 lista para causar impacto en la escena mundial. Del 20 al 22 de mayo, cuatro agroprocesadores de la regi\u00f3n aportar\u00e1n sabores atrevidos, ingredientes funcionales y destacar\u00e1n sus pr\u00e1cticas sostenibles [&hellip;]<\/p>\n","protected":false},"author":9,"featured_media":378482,"menu_order":0,"template":"","tags":[],"class_list":["post-378534","news","type-news","status-publish","has-post-thumbnail","hentry"],"acf":[],"yoast_head":"<!-- This site is optimized with the Yoast SEO plugin v27.1.1 - https:\/\/yoast.com\/product\/yoast-seo-wordpress\/ -->\n<title>Absolutamente Caribe: Presentando la Nutrici\u00f3n Funcional y Sostenible en Vitafoods Europe - nombre del Exportaci\u00f3n del Caribe<\/title>\n<meta name=\"robots\" content=\"index, follow, max-snippet:-1, max-image-preview:large, max-video-preview:-1\" \/>\n<link rel=\"canonical\" href=\"https:\/\/content.carib-export.com\/es\/news\/absolutely-caribbean-showcasing-functional-and-sustainable-nutrition-at-vitafoods-europe\/\" \/>\n<meta property=\"og:locale\" content=\"es_ES\" \/>\n<meta property=\"og:type\" content=\"article\" \/>\n<meta property=\"og:title\" content=\"Absolutamente Caribe: Presentando la Nutrici\u00f3n Funcional y Sostenible en Vitafoods Europe - nombre del Exportaci\u00f3n del Caribe\" \/>\n<meta property=\"og:description\" content=\"Desde los campos de cacao de Trinidad y Tobago y la Rep\u00fablica Dominicana hasta las vibrantes cocinas de Jamaica, la innovaci\u00f3n caribe\u00f1a en alimentos saludables est\u00e1 lista para causar impacto en la escena mundial. Del 20 al 22 de mayo, cuatro agroprocesadores de la regi\u00f3n aportar\u00e1n sabores atrevidos, ingredientes funcionales y destacar\u00e1n sus pr\u00e1cticas sostenibles [&hellip;]\" \/>\n<meta property=\"og:url\" content=\"https:\/\/content.carib-export.com\/es\/news\/absolutely-caribbean-showcasing-functional-and-sustainable-nutrition-at-vitafoods-europe\/\" \/>\n<meta property=\"og:site_name\" content=\"Exportaci\u00f3n del Caribe\" \/>\n<meta property=\"article:publisher\" content=\"https:\/\/www.facebook.com\/CaribbeanExport\" \/>\n<meta property=\"article:modified_time\" content=\"2025-05-19T17:13:25+00:00\" \/>\n<meta property=\"og:image\" content=\"https:\/\/content.carib-export.com\/wp-content\/uploads\/2025\/05\/Absolutely-Caribbean-Press-Release--1024x768.png\" \/>\n\t<meta property=\"og:image:width\" content=\"1024\" \/>\n\t<meta property=\"og:image:height\" content=\"768\" \/>\n\t<meta property=\"og:image:type\" content=\"image\/png\" \/>\n<meta name=\"twitter:card\" content=\"summary_large_image\" \/>\n<meta name=\"twitter:site\" content=\"@CaribXport\" \/>\n<meta name=\"twitter:label1\" content=\"Tiempo de lectura\" \/>\n\t<meta name=\"twitter:data1\" content=\"3 minutos\" \/>\n<script type=\"application\/ld+json\" class=\"yoast-schema-graph\">{\"@context\":\"https:\/\/schema.org\",\"@graph\":[{\"@type\":\"WebPage\",\"@id\":\"https:\/\/content.carib-export.com\/es\/news\/absolutely-caribbean-showcasing-functional-and-sustainable-nutrition-at-vitafoods-europe\/\",\"url\":\"https:\/\/content.carib-export.com\/es\/news\/absolutely-caribbean-showcasing-functional-and-sustainable-nutrition-at-vitafoods-europe\/\",\"name\":\"Absolutamente Caribe: Presentando la Nutrici\u00f3n Funcional y Sostenible en Vitafoods Europe - nombre del Exportaci\u00f3n del Caribe\",\"isPartOf\":{\"@id\":\"https:\/\/content.carib-export.com\/es\/#website\"},\"primaryImageOfPage\":{\"@id\":\"https:\/\/content.carib-export.com\/es\/news\/absolutely-caribbean-showcasing-functional-and-sustainable-nutrition-at-vitafoods-europe\/#primaryimage\"},\"image\":{\"@id\":\"https:\/\/content.carib-export.com\/es\/news\/absolutely-caribbean-showcasing-functional-and-sustainable-nutrition-at-vitafoods-europe\/#primaryimage\"},\"thumbnailUrl\":\"https:\/\/content.carib-export.com\/wp-content\/uploads\/2025\/05\/Absolutely-Caribbean-Press-Release-.png\",\"datePublished\":\"2025-05-19T17:04:57+00:00\",\"dateModified\":\"2025-05-19T17:13:25+00:00\",\"breadcrumb\":{\"@id\":\"https:\/\/content.carib-export.com\/es\/news\/absolutely-caribbean-showcasing-functional-and-sustainable-nutrition-at-vitafoods-europe\/#breadcrumb\"},\"inLanguage\":\"es\",\"potentialAction\":[{\"@type\":\"ReadAction\",\"target\":[\"https:\/\/content.carib-export.com\/es\/news\/absolutely-caribbean-showcasing-functional-and-sustainable-nutrition-at-vitafoods-europe\/\"]}]},{\"@type\":\"ImageObject\",\"inLanguage\":\"es\",\"@id\":\"https:\/\/content.carib-export.com\/es\/news\/absolutely-caribbean-showcasing-functional-and-sustainable-nutrition-at-vitafoods-europe\/#primaryimage\",\"url\":\"https:\/\/content.carib-export.com\/wp-content\/uploads\/2025\/05\/Absolutely-Caribbean-Press-Release-.png\",\"contentUrl\":\"https:\/\/content.carib-export.com\/wp-content\/uploads\/2025\/05\/Absolutely-Caribbean-Press-Release-.png\",\"width\":1500,\"height\":1125},{\"@type\":\"BreadcrumbList\",\"@id\":\"https:\/\/content.carib-export.com\/es\/news\/absolutely-caribbean-showcasing-functional-and-sustainable-nutrition-at-vitafoods-europe\/#breadcrumb\",\"itemListElement\":[{\"@type\":\"ListItem\",\"position\":1,\"name\":\"Casa\",\"item\":\"https:\/\/content.carib-export.com\/es\/home\/\"},{\"@type\":\"ListItem\",\"position\":2,\"name\":\"News\",\"item\":\"https:\/\/content.carib-export.com\/es\/news\/\"},{\"@type\":\"ListItem\",\"position\":3,\"name\":\"Absolutamente Caribe: Presentando la Nutrici\u00f3n Funcional y Sostenible en Vitafoods Europe\"}]},{\"@type\":\"WebSite\",\"@id\":\"https:\/\/content.carib-export.com\/es\/#website\",\"url\":\"https:\/\/content.carib-export.com\/es\/\",\"name\":\"Exportaci\u00f3n del Caribe\",\"description\":\"La \u00fanica agencia regional de promoci\u00f3n del comercio y las inversiones en el grupo de \u00c1frica, el Caribe y el Pac\u00edfico.\",\"publisher\":{\"@id\":\"https:\/\/content.carib-export.com\/es\/#organization\"},\"potentialAction\":[{\"@type\":\"SearchAction\",\"target\":{\"@type\":\"EntryPoint\",\"urlTemplate\":\"https:\/\/content.carib-export.com\/es\/?s={search_term_string}\"},\"query-input\":{\"@type\":\"PropertyValueSpecification\",\"valueRequired\":true,\"valueName\":\"search_term_string\"}}],\"inLanguage\":\"es\"},{\"@type\":\"Organization\",\"@id\":\"https:\/\/content.carib-export.com\/es\/#organization\",\"name\":\"Agencia de Desarrollo de Exportaciones del Caribe\",\"url\":\"https:\/\/content.carib-export.com\/es\/\",\"logo\":{\"@type\":\"ImageObject\",\"inLanguage\":\"es\",\"@id\":\"https:\/\/content.carib-export.com\/es\/#\/schema\/logo\/image\/\",\"url\":\"https:\/\/content.carib-export.com\/wp-content\/uploads\/2013\/03\/CE-Logo-2013.jpg\",\"contentUrl\":\"https:\/\/content.carib-export.com\/wp-content\/uploads\/2013\/03\/CE-Logo-2013.jpg\",\"width\":1024,\"height\":244,\"caption\":\"Agencia de Desarrollo de Exportaciones del Caribe\"},\"image\":{\"@id\":\"https:\/\/content.carib-export.com\/es\/#\/schema\/logo\/image\/\"},\"sameAs\":[\"https:\/\/www.facebook.com\/CaribbeanExport\",\"https:\/\/x.com\/CaribXport\",\"https:\/\/www.instagram.com\/caribbeanexport\",\"https:\/\/www.linkedin.com\/company\/caribbeanexport\",\"https:\/\/www.youtube.com\/user\/TheCaribbeanExport\"]}]}<\/script>\n<!-- \/ Yoast SEO plugin. -->","yoast_head_json":{"title":"Absolutamente Caribe: Presentando la Nutrici\u00f3n Funcional y Sostenible en Vitafoods Europe - nombre del Exportaci\u00f3n del Caribe","robots":{"index":"index","follow":"follow","max-snippet":"max-snippet:-1","max-image-preview":"max-image-preview:large","max-video-preview":"max-video-preview:-1"},"canonical":"https:\/\/content.carib-export.com\/es\/news\/absolutely-caribbean-showcasing-functional-and-sustainable-nutrition-at-vitafoods-europe\/","og_locale":"es_ES","og_type":"article","og_title":"Absolutamente Caribe: Presentando la Nutrici\u00f3n Funcional y Sostenible en Vitafoods Europe - nombre del Exportaci\u00f3n del Caribe","og_description":"Desde los campos de cacao de Trinidad y Tobago y la Rep\u00fablica Dominicana hasta las vibrantes cocinas de Jamaica, la innovaci\u00f3n caribe\u00f1a en alimentos saludables est\u00e1 lista para causar impacto en la escena mundial. Del 20 al 22 de mayo, cuatro agroprocesadores de la regi\u00f3n aportar\u00e1n sabores atrevidos, ingredientes funcionales y destacar\u00e1n sus pr\u00e1cticas sostenibles [&hellip;]","og_url":"https:\/\/content.carib-export.com\/es\/news\/absolutely-caribbean-showcasing-functional-and-sustainable-nutrition-at-vitafoods-europe\/","og_site_name":"Exportaci\u00f3n del Caribe","article_publisher":"https:\/\/www.facebook.com\/CaribbeanExport","article_modified_time":"2025-05-19T17:13:25+00:00","og_image":[{"width":1024,"height":768,"url":"https:\/\/content.carib-export.com\/wp-content\/uploads\/2025\/05\/Absolutely-Caribbean-Press-Release--1024x768.png","type":"image\/png"}],"twitter_card":"summary_large_image","twitter_site":"@CaribXport","twitter_misc":{"Tiempo de lectura":"3 minutos"},"schema":{"@context":"https:\/\/schema.org","@graph":[{"@type":"WebPage","@id":"https:\/\/content.carib-export.com\/es\/news\/absolutely-caribbean-showcasing-functional-and-sustainable-nutrition-at-vitafoods-europe\/","url":"https:\/\/content.carib-export.com\/es\/news\/absolutely-caribbean-showcasing-functional-and-sustainable-nutrition-at-vitafoods-europe\/","name":"Absolutamente Caribe: Presentando la Nutrici\u00f3n Funcional y Sostenible en Vitafoods Europe - nombre del Exportaci\u00f3n del Caribe","isPartOf":{"@id":"https:\/\/content.carib-export.com\/es\/#website"},"primaryImageOfPage":{"@id":"https:\/\/content.carib-export.com\/es\/news\/absolutely-caribbean-showcasing-functional-and-sustainable-nutrition-at-vitafoods-europe\/#primaryimage"},"image":{"@id":"https:\/\/content.carib-export.com\/es\/news\/absolutely-caribbean-showcasing-functional-and-sustainable-nutrition-at-vitafoods-europe\/#primaryimage"},"thumbnailUrl":"https:\/\/content.carib-export.com\/wp-content\/uploads\/2025\/05\/Absolutely-Caribbean-Press-Release-.png","datePublished":"2025-05-19T17:04:57+00:00","dateModified":"2025-05-19T17:13:25+00:00","breadcrumb":{"@id":"https:\/\/content.carib-export.com\/es\/news\/absolutely-caribbean-showcasing-functional-and-sustainable-nutrition-at-vitafoods-europe\/#breadcrumb"},"inLanguage":"es","potentialAction":[{"@type":"ReadAction","target":["https:\/\/content.carib-export.com\/es\/news\/absolutely-caribbean-showcasing-functional-and-sustainable-nutrition-at-vitafoods-europe\/"]}]},{"@type":"ImageObject","inLanguage":"es","@id":"https:\/\/content.carib-export.com\/es\/news\/absolutely-caribbean-showcasing-functional-and-sustainable-nutrition-at-vitafoods-europe\/#primaryimage","url":"https:\/\/content.carib-export.com\/wp-content\/uploads\/2025\/05\/Absolutely-Caribbean-Press-Release-.png","contentUrl":"https:\/\/content.carib-export.com\/wp-content\/uploads\/2025\/05\/Absolutely-Caribbean-Press-Release-.png","width":1500,"height":1125},{"@type":"BreadcrumbList","@id":"https:\/\/content.carib-export.com\/es\/news\/absolutely-caribbean-showcasing-functional-and-sustainable-nutrition-at-vitafoods-europe\/#breadcrumb","itemListElement":[{"@type":"ListItem","position":1,"name":"Casa","item":"https:\/\/content.carib-export.com\/es\/home\/"},{"@type":"ListItem","position":2,"name":"News","item":"https:\/\/content.carib-export.com\/es\/news\/"},{"@type":"ListItem","position":3,"name":"Absolutamente Caribe: Presentando la Nutrici\u00f3n Funcional y Sostenible en Vitafoods Europe"}]},{"@type":"WebSite","@id":"https:\/\/content.carib-export.com\/es\/#website","url":"https:\/\/content.carib-export.com\/es\/","name":"Exportaci\u00f3n del Caribe","description":"La \u00fanica agencia regional de promoci\u00f3n del comercio y las inversiones en el grupo de \u00c1frica, el Caribe y el Pac\u00edfico.","publisher":{"@id":"https:\/\/content.carib-export.com\/es\/#organization"},"potentialAction":[{"@type":"SearchAction","target":{"@type":"EntryPoint","urlTemplate":"https:\/\/content.carib-export.com\/es\/?s={search_term_string}"},"query-input":{"@type":"PropertyValueSpecification","valueRequired":true,"valueName":"search_term_string"}}],"inLanguage":"es"},{"@type":"Organization","@id":"https:\/\/content.carib-export.com\/es\/#organization","name":"Agencia de Desarrollo de Exportaciones del Caribe","url":"https:\/\/content.carib-export.com\/es\/","logo":{"@type":"ImageObject","inLanguage":"es","@id":"https:\/\/content.carib-export.com\/es\/#\/schema\/logo\/image\/","url":"https:\/\/content.carib-export.com\/wp-content\/uploads\/2013\/03\/CE-Logo-2013.jpg","contentUrl":"https:\/\/content.carib-export.com\/wp-content\/uploads\/2013\/03\/CE-Logo-2013.jpg","width":1024,"height":244,"caption":"Agencia de Desarrollo de Exportaciones del Caribe"},"image":{"@id":"https:\/\/content.carib-export.com\/es\/#\/schema\/logo\/image\/"},"sameAs":["https:\/\/www.facebook.com\/CaribbeanExport","https:\/\/x.com\/CaribXport","https:\/\/www.instagram.com\/caribbeanexport","https:\/\/www.linkedin.com\/company\/caribbeanexport","https:\/\/www.youtube.com\/user\/TheCaribbeanExport"]}]}},"_links":{"self":[{"href":"https:\/\/content.carib-export.com\/es\/wp-json\/wp\/v2\/news\/378534","targetHints":{"allow":["GET"]}}],"collection":[{"href":"https:\/\/content.carib-export.com\/es\/wp-json\/wp\/v2\/news"}],"about":[{"href":"https:\/\/content.carib-export.com\/es\/wp-json\/wp\/v2\/types\/news"}],"author":[{"embeddable":true,"href":"https:\/\/content.carib-export.com\/es\/wp-json\/wp\/v2\/users\/9"}],"version-history":[{"count":0,"href":"https:\/\/content.carib-export.com\/es\/wp-json\/wp\/v2\/news\/378534\/revisions"}],"wp:featuredmedia":[{"embeddable":true,"href":"https:\/\/content.carib-export.com\/es\/wp-json\/wp\/v2\/media\/378482"}],"wp:attachment":[{"href":"https:\/\/content.carib-export.com\/es\/wp-json\/wp\/v2\/media?parent=378534"}],"wp:term":[{"taxonomy":"post_tag","embeddable":true,"href":"https:\/\/content.carib-export.com\/es\/wp-json\/wp\/v2\/tags?post=378534"}],"curies":[{"name":"wp","href":"https:\/\/api.w.org\/{rel}","templated":true}]}}