{"id":378870,"date":"2025-05-31T10:57:20","date_gmt":"2025-05-31T14:57:20","guid":{"rendered":"https:\/\/content.carib-export.com\/news\/savour-the-caribbean-absolutely-caribbean-featured-at-agroalimentaria-2025\/"},"modified":"2025-05-31T10:59:31","modified_gmt":"2025-05-31T14:59:31","slug":"savour-the-caribbean-absolutely-caribbean-featured-at-agroalimentaria-2025","status":"publish","type":"news","link":"https:\/\/content.carib-export.com\/es\/news\/savour-the-caribbean-absolutely-caribbean-featured-at-agroalimentaria-2025\/","title":{"rendered":"Saborea el Caribe: Absolutamente Caribe destacado en Agroalimentaria 2025"},"content":{"rendered":"\n<p>Desde los exuberantes paisajes de Dominica hasta las cocinas artesanales de Trinidad y Tobago, la innovaci\u00f3n y el sabor caribe\u00f1os ser\u00e1n los protagonistas de <strong>Agroalimentaria 2025<\/strong>, que tendr\u00e1 lugar del <strong>28 al 31 de mayo<\/strong> en el <strong>Dominican Fiesta Hotel &amp; Convention Center<\/strong> de <strong>Santo Domingo, Rep\u00fablica Dominicana<\/strong>.<\/p>\n\n<p><strong>Caribbean Export <\/strong>se enorgullece de acoger el <strong>Pabell\u00f3n \u201cAbsolutamente Caribe\u00f1o<\/strong>\u201d en <strong>los stands 35 D y 36 D<\/strong>, donde cuatro destacadas empresas de la regi\u00f3n muestran la riqueza, la creatividad y el potencial de exportaci\u00f3n de los productos alimentarios y bebidas caribe\u00f1os.<\/p>\n\n<p><strong>\ud83c\udf3f<\/strong><strong> <a href=\"https:\/\/www.drawteas.com\/\">Frying Pan Productions<\/a> &#8211; Dominica<\/strong><\/p>\n\n<p><strong>Frying Pan Productions<\/strong> ofrece una gama relajante y funcional de <strong>mezclas de t\u00e9 artesanales<\/strong>, con infusiones de <strong>jengibre<\/strong> y <strong>c\u00farcuma-jengibre<\/strong> de origen local. Arraigados en los f\u00e9rtiles paisajes y las tradiciones de bienestar de Dominica, sus productos promueven la salud, el equilibrio y la vida natural. <\/p>\n\n<p><strong>\u2615<\/strong><strong> <a href=\"https:\/\/www.cafe509.net\/\">Caf\u00e9 509<\/a> &#8211; Hait\u00ed<\/strong><\/p>\n\n<p>En <strong>el Caf\u00e9 509<\/strong>, el centro de atenci\u00f3n es <strong>el Caf\u00e9 Blue Mountain de Hait\u00ed<\/strong>, apreciado por su cuerpo suave, rico aroma y delicado perfil de sabor. Cultivado en las regiones de gran altitud de Hait\u00ed, este caf\u00e9 especial refleja la arraigada tradici\u00f3n cafetera del pa\u00eds. El Caf\u00e9 509 est\u00e1 comprometido con las pr\u00e1cticas agr\u00edcolas sostenibles y el abastecimiento \u00e9tico, ofreciendo un producto de primera calidad que capta la esencia del terru\u00f1o de Hait\u00ed.  <\/p>\n\n<p>\u201cEs nuestra primera vez en Agroalimentaria, y estamos incre\u00edblemente agradecidos a Caribbean Export por hacerlo posible\u201d, dijo <strong>Pierre Desharnais, Director General, Cofundador y Maestro Tostador<\/strong> de Caf\u00e9 509. \u201cSinceramente, no esper\u00e1bamos una respuesta tan abrumadora a nuestro producto. Volvemos a casa con grandes comentarios y, lo que es a\u00fan m\u00e1s importante, con grandes oportunidades de negocio.\u201d <\/p>\n\n<p><strong>\ud83c\udf6b<\/strong><strong> <a href=\"https:\/\/www.instagram.com\/chokolakay\/?locale=es_us&amp;hl=en\">Choko Lakay<\/a> &#8211; Hait\u00ed<\/strong><\/p>\n\n<p><strong>Choko Lakay<\/strong> muestra la versatilidad del cacao haitiano con su producci\u00f3n de <strong>cacao en polvo<\/strong>, <strong>manteca de cacao<\/strong> y <strong>t\u00e9 de cacao<\/strong>. Al transformar el cacao crudo en productos de alta calidad listos para la exportaci\u00f3n, la empresa apoya a los agricultores locales y defiende la agricultura sostenible, al tiempo que presenta a los mercados mundiales la riqueza del cacao haitiano. <\/p>\n\n<p><strong>\ud83c\udf36\ufe0f<\/strong><strong> <a href=\"https:\/\/www.instagram.com\/handmade_byjeanette\/\">Hecho a mano por Jeanette<\/a> &#8211; Trinidad y Tobago<\/strong><\/p>\n\n<p>Con un atrevido sabor isle\u00f1o, <strong>Handmade by Jeanette<\/strong> elabora una variada gama de <strong>salsas, salsas de pimienta, condimentos<\/strong> y <strong>alimentos saludables<\/strong>. Arraigada en las tradiciones culinarias caribe\u00f1as y elaborada con ingredientes sanos de origen local, la marca refleja su pasi\u00f3n por el bienestar, la autenticidad y un sabor excepcional. <\/p>\n\n<p>Adem\u00e1s de las exposiciones de productos, estas empresas participan en <strong>reuniones B2B espec\u00edficas con compradores internacionales<\/strong>, asisten a <strong>conferencias t\u00e9cnicas<\/strong> y toman parte en un <strong>evento gastron\u00f3mico comisariado<\/strong> que celebra la versatilidad y creatividad de los ingredientes caribe\u00f1os.<\/p>\n\n<p>Como uno de los principales eventos comerciales de la agroindustria del Caribe, <strong>Agroalimentaria<\/strong> atrae a compradores y distribuidores mundiales que buscan productos aut\u00e9nticos y de alta calidad. La oferta del Caribe, enraizada en el patrimonio, impulsada por la innovaci\u00f3n y moldeada por la sostenibilidad, est\u00e1 preparada para satisfacer esa demanda. <\/p>\n\n<p>El futuro de la comida y la bebida caribe\u00f1as es audaz, aut\u00e9ntico y listo para la exportaci\u00f3n, y est\u00e1 haciendo olas en la escena internacional.<\/p>\n","protected":false},"excerpt":{"rendered":"<p>Desde los exuberantes paisajes de Dominica hasta las cocinas artesanales de Trinidad y Tobago, la innovaci\u00f3n y el sabor caribe\u00f1os ser\u00e1n los protagonistas de Agroalimentaria 2025, que tendr\u00e1 lugar del 28 al 31 de mayo en el Dominican Fiesta Hotel &amp; Convention Center de Santo Domingo, Rep\u00fablica Dominicana. Caribbean Export se enorgullece de acoger el [&hellip;]<\/p>\n","protected":false},"author":26,"featured_media":378831,"menu_order":0,"template":"","tags":[],"class_list":["post-378870","news","type-news","status-publish","has-post-thumbnail","hentry"],"acf":[],"yoast_head":"<!-- This site is optimized with the Yoast SEO plugin v27.1.1 - https:\/\/yoast.com\/product\/yoast-seo-wordpress\/ -->\n<title>Saborea el Caribe: Absolutamente Caribe destacado en Agroalimentaria 2025 - nombre del Exportaci\u00f3n del Caribe<\/title>\n<meta name=\"robots\" content=\"index, follow, max-snippet:-1, max-image-preview:large, max-video-preview:-1\" \/>\n<link rel=\"canonical\" href=\"https:\/\/content.carib-export.com\/es\/news\/savour-the-caribbean-absolutely-caribbean-featured-at-agroalimentaria-2025\/\" \/>\n<meta property=\"og:locale\" content=\"es_ES\" \/>\n<meta property=\"og:type\" content=\"article\" \/>\n<meta property=\"og:title\" content=\"Saborea el Caribe: Absolutamente Caribe destacado en Agroalimentaria 2025 - nombre del Exportaci\u00f3n del Caribe\" \/>\n<meta property=\"og:description\" content=\"Desde los exuberantes paisajes de Dominica hasta las cocinas artesanales de Trinidad y Tobago, la innovaci\u00f3n y el sabor caribe\u00f1os ser\u00e1n los protagonistas de Agroalimentaria 2025, que tendr\u00e1 lugar del 28 al 31 de mayo en el Dominican Fiesta Hotel &amp; Convention Center de Santo Domingo, Rep\u00fablica Dominicana. Caribbean Export se enorgullece de acoger el [&hellip;]\" \/>\n<meta property=\"og:url\" content=\"https:\/\/content.carib-export.com\/es\/news\/savour-the-caribbean-absolutely-caribbean-featured-at-agroalimentaria-2025\/\" \/>\n<meta property=\"og:site_name\" content=\"Exportaci\u00f3n del Caribe\" \/>\n<meta property=\"article:publisher\" content=\"https:\/\/www.facebook.com\/CaribbeanExport\" \/>\n<meta property=\"article:modified_time\" content=\"2025-05-31T14:59:31+00:00\" \/>\n<meta property=\"og:image\" content=\"https:\/\/content.carib-export.com\/wp-content\/uploads\/2025\/05\/Untitled-design-6-1024x768.png\" \/>\n\t<meta property=\"og:image:width\" content=\"1024\" \/>\n\t<meta property=\"og:image:height\" content=\"768\" \/>\n\t<meta property=\"og:image:type\" content=\"image\/png\" \/>\n<meta name=\"twitter:card\" content=\"summary_large_image\" \/>\n<meta name=\"twitter:site\" content=\"@CaribXport\" \/>\n<meta name=\"twitter:label1\" content=\"Tiempo de lectura\" \/>\n\t<meta name=\"twitter:data1\" content=\"3 minutos\" \/>\n<script type=\"application\/ld+json\" class=\"yoast-schema-graph\">{\"@context\":\"https:\/\/schema.org\",\"@graph\":[{\"@type\":\"WebPage\",\"@id\":\"https:\/\/content.carib-export.com\/es\/news\/savour-the-caribbean-absolutely-caribbean-featured-at-agroalimentaria-2025\/\",\"url\":\"https:\/\/content.carib-export.com\/es\/news\/savour-the-caribbean-absolutely-caribbean-featured-at-agroalimentaria-2025\/\",\"name\":\"Saborea el Caribe: Absolutamente Caribe destacado en Agroalimentaria 2025 - nombre del Exportaci\u00f3n del Caribe\",\"isPartOf\":{\"@id\":\"https:\/\/content.carib-export.com\/es\/#website\"},\"primaryImageOfPage\":{\"@id\":\"https:\/\/content.carib-export.com\/es\/news\/savour-the-caribbean-absolutely-caribbean-featured-at-agroalimentaria-2025\/#primaryimage\"},\"image\":{\"@id\":\"https:\/\/content.carib-export.com\/es\/news\/savour-the-caribbean-absolutely-caribbean-featured-at-agroalimentaria-2025\/#primaryimage\"},\"thumbnailUrl\":\"https:\/\/content.carib-export.com\/wp-content\/uploads\/2025\/05\/Untitled-design-6.png\",\"datePublished\":\"2025-05-31T14:57:20+00:00\",\"dateModified\":\"2025-05-31T14:59:31+00:00\",\"breadcrumb\":{\"@id\":\"https:\/\/content.carib-export.com\/es\/news\/savour-the-caribbean-absolutely-caribbean-featured-at-agroalimentaria-2025\/#breadcrumb\"},\"inLanguage\":\"es\",\"potentialAction\":[{\"@type\":\"ReadAction\",\"target\":[\"https:\/\/content.carib-export.com\/es\/news\/savour-the-caribbean-absolutely-caribbean-featured-at-agroalimentaria-2025\/\"]}]},{\"@type\":\"ImageObject\",\"inLanguage\":\"es\",\"@id\":\"https:\/\/content.carib-export.com\/es\/news\/savour-the-caribbean-absolutely-caribbean-featured-at-agroalimentaria-2025\/#primaryimage\",\"url\":\"https:\/\/content.carib-export.com\/wp-content\/uploads\/2025\/05\/Untitled-design-6.png\",\"contentUrl\":\"https:\/\/content.carib-export.com\/wp-content\/uploads\/2025\/05\/Untitled-design-6.png\",\"width\":1500,\"height\":1125},{\"@type\":\"BreadcrumbList\",\"@id\":\"https:\/\/content.carib-export.com\/es\/news\/savour-the-caribbean-absolutely-caribbean-featured-at-agroalimentaria-2025\/#breadcrumb\",\"itemListElement\":[{\"@type\":\"ListItem\",\"position\":1,\"name\":\"Casa\",\"item\":\"https:\/\/content.carib-export.com\/es\/home\/\"},{\"@type\":\"ListItem\",\"position\":2,\"name\":\"News\",\"item\":\"https:\/\/content.carib-export.com\/es\/news\/\"},{\"@type\":\"ListItem\",\"position\":3,\"name\":\"Saborea el Caribe: Absolutamente Caribe destacado en Agroalimentaria 2025\"}]},{\"@type\":\"WebSite\",\"@id\":\"https:\/\/content.carib-export.com\/es\/#website\",\"url\":\"https:\/\/content.carib-export.com\/es\/\",\"name\":\"Exportaci\u00f3n del Caribe\",\"description\":\"La \u00fanica agencia regional de promoci\u00f3n del comercio y las inversiones en el grupo de \u00c1frica, el Caribe y el Pac\u00edfico.\",\"publisher\":{\"@id\":\"https:\/\/content.carib-export.com\/es\/#organization\"},\"potentialAction\":[{\"@type\":\"SearchAction\",\"target\":{\"@type\":\"EntryPoint\",\"urlTemplate\":\"https:\/\/content.carib-export.com\/es\/?s={search_term_string}\"},\"query-input\":{\"@type\":\"PropertyValueSpecification\",\"valueRequired\":true,\"valueName\":\"search_term_string\"}}],\"inLanguage\":\"es\"},{\"@type\":\"Organization\",\"@id\":\"https:\/\/content.carib-export.com\/es\/#organization\",\"name\":\"Agencia de Desarrollo de Exportaciones del Caribe\",\"url\":\"https:\/\/content.carib-export.com\/es\/\",\"logo\":{\"@type\":\"ImageObject\",\"inLanguage\":\"es\",\"@id\":\"https:\/\/content.carib-export.com\/es\/#\/schema\/logo\/image\/\",\"url\":\"https:\/\/content.carib-export.com\/wp-content\/uploads\/2013\/03\/CE-Logo-2013.jpg\",\"contentUrl\":\"https:\/\/content.carib-export.com\/wp-content\/uploads\/2013\/03\/CE-Logo-2013.jpg\",\"width\":1024,\"height\":244,\"caption\":\"Agencia de Desarrollo de Exportaciones del Caribe\"},\"image\":{\"@id\":\"https:\/\/content.carib-export.com\/es\/#\/schema\/logo\/image\/\"},\"sameAs\":[\"https:\/\/www.facebook.com\/CaribbeanExport\",\"https:\/\/x.com\/CaribXport\",\"https:\/\/www.instagram.com\/caribbeanexport\",\"https:\/\/www.linkedin.com\/company\/caribbeanexport\",\"https:\/\/www.youtube.com\/user\/TheCaribbeanExport\"]}]}<\/script>\n<!-- \/ Yoast SEO plugin. -->","yoast_head_json":{"title":"Saborea el Caribe: Absolutamente Caribe destacado en Agroalimentaria 2025 - nombre del Exportaci\u00f3n del Caribe","robots":{"index":"index","follow":"follow","max-snippet":"max-snippet:-1","max-image-preview":"max-image-preview:large","max-video-preview":"max-video-preview:-1"},"canonical":"https:\/\/content.carib-export.com\/es\/news\/savour-the-caribbean-absolutely-caribbean-featured-at-agroalimentaria-2025\/","og_locale":"es_ES","og_type":"article","og_title":"Saborea el Caribe: Absolutamente Caribe destacado en Agroalimentaria 2025 - nombre del Exportaci\u00f3n del Caribe","og_description":"Desde los exuberantes paisajes de Dominica hasta las cocinas artesanales de Trinidad y Tobago, la innovaci\u00f3n y el sabor caribe\u00f1os ser\u00e1n los protagonistas de Agroalimentaria 2025, que tendr\u00e1 lugar del 28 al 31 de mayo en el Dominican Fiesta Hotel &amp; Convention Center de Santo Domingo, Rep\u00fablica Dominicana. Caribbean Export se enorgullece de acoger el [&hellip;]","og_url":"https:\/\/content.carib-export.com\/es\/news\/savour-the-caribbean-absolutely-caribbean-featured-at-agroalimentaria-2025\/","og_site_name":"Exportaci\u00f3n del Caribe","article_publisher":"https:\/\/www.facebook.com\/CaribbeanExport","article_modified_time":"2025-05-31T14:59:31+00:00","og_image":[{"width":1024,"height":768,"url":"https:\/\/content.carib-export.com\/wp-content\/uploads\/2025\/05\/Untitled-design-6-1024x768.png","type":"image\/png"}],"twitter_card":"summary_large_image","twitter_site":"@CaribXport","twitter_misc":{"Tiempo de lectura":"3 minutos"},"schema":{"@context":"https:\/\/schema.org","@graph":[{"@type":"WebPage","@id":"https:\/\/content.carib-export.com\/es\/news\/savour-the-caribbean-absolutely-caribbean-featured-at-agroalimentaria-2025\/","url":"https:\/\/content.carib-export.com\/es\/news\/savour-the-caribbean-absolutely-caribbean-featured-at-agroalimentaria-2025\/","name":"Saborea el Caribe: Absolutamente Caribe destacado en Agroalimentaria 2025 - nombre del Exportaci\u00f3n del Caribe","isPartOf":{"@id":"https:\/\/content.carib-export.com\/es\/#website"},"primaryImageOfPage":{"@id":"https:\/\/content.carib-export.com\/es\/news\/savour-the-caribbean-absolutely-caribbean-featured-at-agroalimentaria-2025\/#primaryimage"},"image":{"@id":"https:\/\/content.carib-export.com\/es\/news\/savour-the-caribbean-absolutely-caribbean-featured-at-agroalimentaria-2025\/#primaryimage"},"thumbnailUrl":"https:\/\/content.carib-export.com\/wp-content\/uploads\/2025\/05\/Untitled-design-6.png","datePublished":"2025-05-31T14:57:20+00:00","dateModified":"2025-05-31T14:59:31+00:00","breadcrumb":{"@id":"https:\/\/content.carib-export.com\/es\/news\/savour-the-caribbean-absolutely-caribbean-featured-at-agroalimentaria-2025\/#breadcrumb"},"inLanguage":"es","potentialAction":[{"@type":"ReadAction","target":["https:\/\/content.carib-export.com\/es\/news\/savour-the-caribbean-absolutely-caribbean-featured-at-agroalimentaria-2025\/"]}]},{"@type":"ImageObject","inLanguage":"es","@id":"https:\/\/content.carib-export.com\/es\/news\/savour-the-caribbean-absolutely-caribbean-featured-at-agroalimentaria-2025\/#primaryimage","url":"https:\/\/content.carib-export.com\/wp-content\/uploads\/2025\/05\/Untitled-design-6.png","contentUrl":"https:\/\/content.carib-export.com\/wp-content\/uploads\/2025\/05\/Untitled-design-6.png","width":1500,"height":1125},{"@type":"BreadcrumbList","@id":"https:\/\/content.carib-export.com\/es\/news\/savour-the-caribbean-absolutely-caribbean-featured-at-agroalimentaria-2025\/#breadcrumb","itemListElement":[{"@type":"ListItem","position":1,"name":"Casa","item":"https:\/\/content.carib-export.com\/es\/home\/"},{"@type":"ListItem","position":2,"name":"News","item":"https:\/\/content.carib-export.com\/es\/news\/"},{"@type":"ListItem","position":3,"name":"Saborea el Caribe: Absolutamente Caribe destacado en Agroalimentaria 2025"}]},{"@type":"WebSite","@id":"https:\/\/content.carib-export.com\/es\/#website","url":"https:\/\/content.carib-export.com\/es\/","name":"Exportaci\u00f3n del Caribe","description":"La \u00fanica agencia regional de promoci\u00f3n del comercio y las inversiones en el grupo de \u00c1frica, el Caribe y el Pac\u00edfico.","publisher":{"@id":"https:\/\/content.carib-export.com\/es\/#organization"},"potentialAction":[{"@type":"SearchAction","target":{"@type":"EntryPoint","urlTemplate":"https:\/\/content.carib-export.com\/es\/?s={search_term_string}"},"query-input":{"@type":"PropertyValueSpecification","valueRequired":true,"valueName":"search_term_string"}}],"inLanguage":"es"},{"@type":"Organization","@id":"https:\/\/content.carib-export.com\/es\/#organization","name":"Agencia de Desarrollo de Exportaciones del Caribe","url":"https:\/\/content.carib-export.com\/es\/","logo":{"@type":"ImageObject","inLanguage":"es","@id":"https:\/\/content.carib-export.com\/es\/#\/schema\/logo\/image\/","url":"https:\/\/content.carib-export.com\/wp-content\/uploads\/2013\/03\/CE-Logo-2013.jpg","contentUrl":"https:\/\/content.carib-export.com\/wp-content\/uploads\/2013\/03\/CE-Logo-2013.jpg","width":1024,"height":244,"caption":"Agencia de Desarrollo de Exportaciones del Caribe"},"image":{"@id":"https:\/\/content.carib-export.com\/es\/#\/schema\/logo\/image\/"},"sameAs":["https:\/\/www.facebook.com\/CaribbeanExport","https:\/\/x.com\/CaribXport","https:\/\/www.instagram.com\/caribbeanexport","https:\/\/www.linkedin.com\/company\/caribbeanexport","https:\/\/www.youtube.com\/user\/TheCaribbeanExport"]}]}},"_links":{"self":[{"href":"https:\/\/content.carib-export.com\/es\/wp-json\/wp\/v2\/news\/378870","targetHints":{"allow":["GET"]}}],"collection":[{"href":"https:\/\/content.carib-export.com\/es\/wp-json\/wp\/v2\/news"}],"about":[{"href":"https:\/\/content.carib-export.com\/es\/wp-json\/wp\/v2\/types\/news"}],"author":[{"embeddable":true,"href":"https:\/\/content.carib-export.com\/es\/wp-json\/wp\/v2\/users\/26"}],"version-history":[{"count":0,"href":"https:\/\/content.carib-export.com\/es\/wp-json\/wp\/v2\/news\/378870\/revisions"}],"wp:featuredmedia":[{"embeddable":true,"href":"https:\/\/content.carib-export.com\/es\/wp-json\/wp\/v2\/media\/378831"}],"wp:attachment":[{"href":"https:\/\/content.carib-export.com\/es\/wp-json\/wp\/v2\/media?parent=378870"}],"wp:term":[{"taxonomy":"post_tag","embeddable":true,"href":"https:\/\/content.carib-export.com\/es\/wp-json\/wp\/v2\/tags?post=378870"}],"curies":[{"name":"wp","href":"https:\/\/api.w.org\/{rel}","templated":true}]}}