{"id":379641,"date":"2025-06-30T13:03:14","date_gmt":"2025-06-30T17:03:14","guid":{"rendered":"https:\/\/content.carib-export.com\/news\/european-union-deepens-strategic-partnership-at-the-caribbean-investment-forum-2025\/"},"modified":"2025-06-30T13:14:21","modified_gmt":"2025-06-30T17:14:21","slug":"european-union-deepens-strategic-partnership-at-the-caribbean-investment-forum-2025","status":"publish","type":"news","link":"https:\/\/content.carib-export.com\/es\/news\/european-union-deepens-strategic-partnership-at-the-caribbean-investment-forum-2025\/","title":{"rendered":"La Uni\u00f3n Europea profundiza su asociaci\u00f3n estrat\u00e9gica en el Foro de Inversi\u00f3n del Caribe 2025"},"content":{"rendered":"\n<p>Montego Bay ocupar\u00e1 un lugar central como centro de oportunidades e innovaci\u00f3n cuando el Foro de Inversi\u00f3n del Caribe (FIC) 2025 abra sus puertas del 29 al 31 de julio de 2025 en el Centro de Convenciones de Montego Bay.<\/p>\n\n<p>Bajo el lema \u00abINTELIGENTE. VERDE. CONECTADO\u00bb, el Foro reunir\u00e1 a una mezcla din\u00e1mica de inversores, empresarios, responsables pol\u00edticos y socios para el desarrollo con el fin de desbloquear nuevas oportunidades en sectores prioritarios como la transici\u00f3n a una econom\u00eda verde, la digitalizaci\u00f3n, la agricultura sostenible y la log\u00edstica.<\/p>\n\n<p>Entre los socios estrat\u00e9gicos que defienden esta agenda se encuentra la Uni\u00f3n Europea, cuya cooperaci\u00f3n al desarrollo e inversiones estrat\u00e9gicas apoyan desde hace tiempo el crecimiento del sector privado y el desarrollo sostenible en todo el Caribe.<\/p>\n\n<p>Bajo la bandera del Programa Global Gateway de la Uni\u00f3n Europea -su iniciativa emblem\u00e1tica para reforzar las asociaciones internacionales-, el Programa Regional de Desarrollo del Sector Privado III (RPSDP III) se erige como una de las iniciativas m\u00e1s recientes y significativas respaldadas por la UE en apoyo de la transformaci\u00f3n econ\u00f3mica del Caribe. La iniciativa, de cuatro a\u00f1os de duraci\u00f3n, pretende reforzar la competitividad y la resistencia del sector privado del Caribe de forma sostenible, abordando los retos cr\u00edticos y promoviendo el crecimiento econ\u00f3mico. <\/p>\n\n<p>La <strong>Dra. Erja Askola<\/strong>, Embajadora de la UE en Jamaica, Belice y Bahamas, declar\u00f3: \u00abLa Uni\u00f3n Europea se enorgullece de apoyar y colaborar con los socios regionales para movilizar la inversi\u00f3n en estas \u00e1reas cruciales para el crecimiento, el empleo y la competitividad global del Caribe. Espero que este foro haga avanzar las iniciativas transformadoras y las colaboraciones productivas m\u00e1s all\u00e1 de las fronteras..\u00bb<\/p>\n\n<p>Y a\u00f1adi\u00f3: \u00abEl Foro de Inversi\u00f3n del Caribe es m\u00e1s que un acontecimiento: es un catalizador para forjar asociaciones significativas, identificar proyectos viables y conectar la innovaci\u00f3n caribe\u00f1a con las oportunidades globales.\u00bb<\/p>\n\n<p>En el FIC 2025, la UE destacar\u00e1 sus \u00e1reas prioritarias de inversi\u00f3n, con especial atenci\u00f3n a la energ\u00eda verde, la transformaci\u00f3n digital, la agricultura sostenible y el desarrollo econ\u00f3mico integrador, pilares vitales para un Caribe resiliente y preparado para el futuro.<br\/>Los organizadores del FIC han subrayado el papel del Foro en la profundizaci\u00f3n de las asociaciones estrat\u00e9gicas y el avance de los objetivos de desarrollo compartidos entre el Caribe y las partes interesadas internacionales.<\/p>\n\n<p>El Director Ejecutivo de la Agencia Caribe\u00f1a de Desarrollo de las Exportaciones, <strong>Dr. Damie Sinanan<\/strong>, se\u00f1al\u00f3 que \u00abEl Foro de Inversi\u00f3n del Caribe es una poderosa plataforma para tender puentes entre el Caribe y la Uni\u00f3n Europea, fomentando el crecimiento mutuo y las asociaciones sostenibles. Estamos profundamente agradecidos por el continuo apoyo de la UE para desbloquear nuevas oportunidades de innovaci\u00f3n, comercio e inversi\u00f3n que capacitar\u00e1n a los empresarios caribe\u00f1os y reforzar\u00e1n nuestra resiliencia compartida.\u00bb<\/p>\n\n<p>La Agencia Caribe\u00f1a de Desarrollo de las Exportaciones, organizadora del FIC 2025, pretende aprovechar este impulso para forjar asociaciones innovadoras y generar recursos adicionales para apoyar el desarrollo del sector privado en todo el Caribe, fomentando su compromiso con el crecimiento sostenible y la prosperidad a largo plazo en la regi\u00f3n.<\/p>\n\n<p>El FIC 2025 acoge con satisfacci\u00f3n la participaci\u00f3n de inversores, empresarios y agentes del cambio, comprometidos con la configuraci\u00f3n de un futuro sostenible y pr\u00f3spero para la regi\u00f3n.<\/p>\n\n<p>Para m\u00e1s informaci\u00f3n sobre c\u00f3mo asistir o asociarte al FIC 2025, visita <a href=\"https:\/\/caribbeaninvestmentforum.com\/\">www.caribbeaninvestmentforum.com<\/a> o ponte en contacto con los organizadores en info@carib-export.com.<\/p>\n\n<p><\/p>\n","protected":false},"excerpt":{"rendered":"<p>Montego Bay ocupar\u00e1 un lugar central como centro de oportunidades e innovaci\u00f3n cuando el Foro de Inversi\u00f3n del Caribe (FIC) 2025 abra sus puertas del 29 al 31 de julio de 2025 en el Centro de Convenciones de Montego Bay. Bajo el lema \u00abINTELIGENTE. VERDE. CONECTADO\u00bb, el Foro reunir\u00e1 a una mezcla din\u00e1mica de inversores, [&hellip;]<\/p>\n","protected":false},"author":9,"featured_media":379625,"menu_order":0,"template":"","tags":[],"class_list":["post-379641","news","type-news","status-publish","has-post-thumbnail","hentry"],"acf":[],"yoast_head":"<!-- This site is optimized with the Yoast SEO plugin v27.1.1 - https:\/\/yoast.com\/product\/yoast-seo-wordpress\/ -->\n<title>La Uni\u00f3n Europea profundiza su asociaci\u00f3n estrat\u00e9gica en el Foro de Inversi\u00f3n del Caribe 2025 - nombre del Exportaci\u00f3n del Caribe<\/title>\n<meta name=\"description\" content=\"Entre los socios estrat\u00e9gicos de los FIC que defienden este programa se encuentra la Uni\u00f3n Europea, cuya cooperaci\u00f3n e inversiones estrat\u00e9gicas de larga data han apoyado sistem\u00e1ticamente el crecimiento del sector privado y el desarrollo sostenible en todo el Caribe.\" \/>\n<meta name=\"robots\" content=\"index, follow, max-snippet:-1, max-image-preview:large, max-video-preview:-1\" \/>\n<link rel=\"canonical\" href=\"https:\/\/content.carib-export.com\/es\/news\/european-union-deepens-strategic-partnership-at-the-caribbean-investment-forum-2025\/\" \/>\n<meta property=\"og:locale\" content=\"es_ES\" \/>\n<meta property=\"og:type\" content=\"article\" \/>\n<meta property=\"og:title\" content=\"La Uni\u00f3n Europea profundiza su asociaci\u00f3n estrat\u00e9gica en el Foro de Inversi\u00f3n del Caribe 2025\" \/>\n<meta property=\"og:description\" content=\"Entre los socios estrat\u00e9gicos de los FIC que defienden este programa se encuentra la Uni\u00f3n Europea, cuya cooperaci\u00f3n e inversiones estrat\u00e9gicas de larga data han apoyado sistem\u00e1ticamente el crecimiento del sector privado y el desarrollo sostenible en todo el Caribe.\" \/>\n<meta property=\"og:url\" content=\"https:\/\/content.carib-export.com\/es\/news\/european-union-deepens-strategic-partnership-at-the-caribbean-investment-forum-2025\/\" \/>\n<meta property=\"og:site_name\" content=\"Exportaci\u00f3n del Caribe\" \/>\n<meta property=\"article:publisher\" content=\"https:\/\/www.facebook.com\/CaribbeanExport\" \/>\n<meta property=\"article:modified_time\" content=\"2025-06-30T17:14:21+00:00\" \/>\n<meta property=\"og:image\" content=\"https:\/\/content.carib-export.com\/wp-content\/uploads\/2025\/06\/Damie-1024x768.png\" \/>\n<meta name=\"twitter:card\" content=\"summary_large_image\" \/>\n<meta name=\"twitter:title\" content=\"La Uni\u00f3n Europea profundiza su asociaci\u00f3n estrat\u00e9gica en el Foro de Inversi\u00f3n del Caribe 2025\" \/>\n<meta name=\"twitter:description\" content=\"Entre los socios estrat\u00e9gicos de los FIC que defienden este programa se encuentra la Uni\u00f3n Europea, cuya cooperaci\u00f3n e inversiones estrat\u00e9gicas de larga data han apoyado sistem\u00e1ticamente el crecimiento del sector privado y el desarrollo sostenible en todo el Caribe.\" \/>\n<meta name=\"twitter:image\" content=\"https:\/\/content.carib-export.com\/wp-content\/uploads\/2025\/06\/Damie-1024x768.png\" \/>\n<meta name=\"twitter:site\" content=\"@CaribXport\" \/>\n<meta name=\"twitter:label1\" content=\"Tiempo de lectura\" \/>\n\t<meta name=\"twitter:data1\" content=\"3 minutos\" \/>\n<script type=\"application\/ld+json\" class=\"yoast-schema-graph\">{\"@context\":\"https:\/\/schema.org\",\"@graph\":[{\"@type\":\"WebPage\",\"@id\":\"https:\/\/content.carib-export.com\/es\/news\/european-union-deepens-strategic-partnership-at-the-caribbean-investment-forum-2025\/\",\"url\":\"https:\/\/content.carib-export.com\/es\/news\/european-union-deepens-strategic-partnership-at-the-caribbean-investment-forum-2025\/\",\"name\":\"La Uni\u00f3n Europea profundiza su asociaci\u00f3n estrat\u00e9gica en el Foro de Inversi\u00f3n del Caribe 2025 - nombre del Exportaci\u00f3n del Caribe\",\"isPartOf\":{\"@id\":\"https:\/\/content.carib-export.com\/es\/#website\"},\"primaryImageOfPage\":{\"@id\":\"https:\/\/content.carib-export.com\/es\/news\/european-union-deepens-strategic-partnership-at-the-caribbean-investment-forum-2025\/#primaryimage\"},\"image\":{\"@id\":\"https:\/\/content.carib-export.com\/es\/news\/european-union-deepens-strategic-partnership-at-the-caribbean-investment-forum-2025\/#primaryimage\"},\"thumbnailUrl\":\"https:\/\/content.carib-export.com\/wp-content\/uploads\/2025\/06\/Damie.png\",\"datePublished\":\"2025-06-30T17:03:14+00:00\",\"dateModified\":\"2025-06-30T17:14:21+00:00\",\"description\":\"Entre los socios estrat\u00e9gicos de los FIC que defienden este programa se encuentra la Uni\u00f3n Europea, cuya cooperaci\u00f3n e inversiones estrat\u00e9gicas de larga data han apoyado sistem\u00e1ticamente el crecimiento del sector privado y el desarrollo sostenible en todo el Caribe.\",\"breadcrumb\":{\"@id\":\"https:\/\/content.carib-export.com\/es\/news\/european-union-deepens-strategic-partnership-at-the-caribbean-investment-forum-2025\/#breadcrumb\"},\"inLanguage\":\"es\",\"potentialAction\":[{\"@type\":\"ReadAction\",\"target\":[\"https:\/\/content.carib-export.com\/es\/news\/european-union-deepens-strategic-partnership-at-the-caribbean-investment-forum-2025\/\"]}]},{\"@type\":\"ImageObject\",\"inLanguage\":\"es\",\"@id\":\"https:\/\/content.carib-export.com\/es\/news\/european-union-deepens-strategic-partnership-at-the-caribbean-investment-forum-2025\/#primaryimage\",\"url\":\"https:\/\/content.carib-export.com\/wp-content\/uploads\/2025\/06\/Damie.png\",\"contentUrl\":\"https:\/\/content.carib-export.com\/wp-content\/uploads\/2025\/06\/Damie.png\",\"width\":1500,\"height\":1125},{\"@type\":\"BreadcrumbList\",\"@id\":\"https:\/\/content.carib-export.com\/es\/news\/european-union-deepens-strategic-partnership-at-the-caribbean-investment-forum-2025\/#breadcrumb\",\"itemListElement\":[{\"@type\":\"ListItem\",\"position\":1,\"name\":\"Casa\",\"item\":\"https:\/\/content.carib-export.com\/es\/home\/\"},{\"@type\":\"ListItem\",\"position\":2,\"name\":\"News\",\"item\":\"https:\/\/content.carib-export.com\/es\/news\/\"},{\"@type\":\"ListItem\",\"position\":3,\"name\":\"La Uni\u00f3n Europea profundiza su asociaci\u00f3n estrat\u00e9gica en el Foro de Inversi\u00f3n del Caribe 2025\"}]},{\"@type\":\"WebSite\",\"@id\":\"https:\/\/content.carib-export.com\/es\/#website\",\"url\":\"https:\/\/content.carib-export.com\/es\/\",\"name\":\"Exportaci\u00f3n del Caribe\",\"description\":\"La \u00fanica agencia regional de promoci\u00f3n del comercio y las inversiones en el grupo de \u00c1frica, el Caribe y el Pac\u00edfico.\",\"publisher\":{\"@id\":\"https:\/\/content.carib-export.com\/es\/#organization\"},\"potentialAction\":[{\"@type\":\"SearchAction\",\"target\":{\"@type\":\"EntryPoint\",\"urlTemplate\":\"https:\/\/content.carib-export.com\/es\/?s={search_term_string}\"},\"query-input\":{\"@type\":\"PropertyValueSpecification\",\"valueRequired\":true,\"valueName\":\"search_term_string\"}}],\"inLanguage\":\"es\"},{\"@type\":\"Organization\",\"@id\":\"https:\/\/content.carib-export.com\/es\/#organization\",\"name\":\"Agencia de Desarrollo de Exportaciones del Caribe\",\"url\":\"https:\/\/content.carib-export.com\/es\/\",\"logo\":{\"@type\":\"ImageObject\",\"inLanguage\":\"es\",\"@id\":\"https:\/\/content.carib-export.com\/es\/#\/schema\/logo\/image\/\",\"url\":\"https:\/\/content.carib-export.com\/wp-content\/uploads\/2013\/03\/CE-Logo-2013.jpg\",\"contentUrl\":\"https:\/\/content.carib-export.com\/wp-content\/uploads\/2013\/03\/CE-Logo-2013.jpg\",\"width\":1024,\"height\":244,\"caption\":\"Agencia de Desarrollo de Exportaciones del Caribe\"},\"image\":{\"@id\":\"https:\/\/content.carib-export.com\/es\/#\/schema\/logo\/image\/\"},\"sameAs\":[\"https:\/\/www.facebook.com\/CaribbeanExport\",\"https:\/\/x.com\/CaribXport\",\"https:\/\/www.instagram.com\/caribbeanexport\",\"https:\/\/www.linkedin.com\/company\/caribbeanexport\",\"https:\/\/www.youtube.com\/user\/TheCaribbeanExport\"]}]}<\/script>\n<!-- \/ Yoast SEO plugin. -->","yoast_head_json":{"title":"La Uni\u00f3n Europea profundiza su asociaci\u00f3n estrat\u00e9gica en el Foro de Inversi\u00f3n del Caribe 2025 - nombre del Exportaci\u00f3n del Caribe","description":"Entre los socios estrat\u00e9gicos de los FIC que defienden este programa se encuentra la Uni\u00f3n Europea, cuya cooperaci\u00f3n e inversiones estrat\u00e9gicas de larga data han apoyado sistem\u00e1ticamente el crecimiento del sector privado y el desarrollo sostenible en todo el Caribe.","robots":{"index":"index","follow":"follow","max-snippet":"max-snippet:-1","max-image-preview":"max-image-preview:large","max-video-preview":"max-video-preview:-1"},"canonical":"https:\/\/content.carib-export.com\/es\/news\/european-union-deepens-strategic-partnership-at-the-caribbean-investment-forum-2025\/","og_locale":"es_ES","og_type":"article","og_title":"La Uni\u00f3n Europea profundiza su asociaci\u00f3n estrat\u00e9gica en el Foro de Inversi\u00f3n del Caribe 2025","og_description":"Entre los socios estrat\u00e9gicos de los FIC que defienden este programa se encuentra la Uni\u00f3n Europea, cuya cooperaci\u00f3n e inversiones estrat\u00e9gicas de larga data han apoyado sistem\u00e1ticamente el crecimiento del sector privado y el desarrollo sostenible en todo el Caribe.","og_url":"https:\/\/content.carib-export.com\/es\/news\/european-union-deepens-strategic-partnership-at-the-caribbean-investment-forum-2025\/","og_site_name":"Exportaci\u00f3n del Caribe","article_publisher":"https:\/\/www.facebook.com\/CaribbeanExport","article_modified_time":"2025-06-30T17:14:21+00:00","og_image":[{"url":"https:\/\/content.carib-export.com\/wp-content\/uploads\/2025\/06\/Damie-1024x768.png","type":"","width":"","height":""}],"twitter_card":"summary_large_image","twitter_title":"La Uni\u00f3n Europea profundiza su asociaci\u00f3n estrat\u00e9gica en el Foro de Inversi\u00f3n del Caribe 2025","twitter_description":"Entre los socios estrat\u00e9gicos de los FIC que defienden este programa se encuentra la Uni\u00f3n Europea, cuya cooperaci\u00f3n e inversiones estrat\u00e9gicas de larga data han apoyado sistem\u00e1ticamente el crecimiento del sector privado y el desarrollo sostenible en todo el Caribe.","twitter_image":"https:\/\/content.carib-export.com\/wp-content\/uploads\/2025\/06\/Damie-1024x768.png","twitter_site":"@CaribXport","twitter_misc":{"Tiempo de lectura":"3 minutos"},"schema":{"@context":"https:\/\/schema.org","@graph":[{"@type":"WebPage","@id":"https:\/\/content.carib-export.com\/es\/news\/european-union-deepens-strategic-partnership-at-the-caribbean-investment-forum-2025\/","url":"https:\/\/content.carib-export.com\/es\/news\/european-union-deepens-strategic-partnership-at-the-caribbean-investment-forum-2025\/","name":"La Uni\u00f3n Europea profundiza su asociaci\u00f3n estrat\u00e9gica en el Foro de Inversi\u00f3n del Caribe 2025 - nombre del Exportaci\u00f3n del Caribe","isPartOf":{"@id":"https:\/\/content.carib-export.com\/es\/#website"},"primaryImageOfPage":{"@id":"https:\/\/content.carib-export.com\/es\/news\/european-union-deepens-strategic-partnership-at-the-caribbean-investment-forum-2025\/#primaryimage"},"image":{"@id":"https:\/\/content.carib-export.com\/es\/news\/european-union-deepens-strategic-partnership-at-the-caribbean-investment-forum-2025\/#primaryimage"},"thumbnailUrl":"https:\/\/content.carib-export.com\/wp-content\/uploads\/2025\/06\/Damie.png","datePublished":"2025-06-30T17:03:14+00:00","dateModified":"2025-06-30T17:14:21+00:00","description":"Entre los socios estrat\u00e9gicos de los FIC que defienden este programa se encuentra la Uni\u00f3n Europea, cuya cooperaci\u00f3n e inversiones estrat\u00e9gicas de larga data han apoyado sistem\u00e1ticamente el crecimiento del sector privado y el desarrollo sostenible en todo el Caribe.","breadcrumb":{"@id":"https:\/\/content.carib-export.com\/es\/news\/european-union-deepens-strategic-partnership-at-the-caribbean-investment-forum-2025\/#breadcrumb"},"inLanguage":"es","potentialAction":[{"@type":"ReadAction","target":["https:\/\/content.carib-export.com\/es\/news\/european-union-deepens-strategic-partnership-at-the-caribbean-investment-forum-2025\/"]}]},{"@type":"ImageObject","inLanguage":"es","@id":"https:\/\/content.carib-export.com\/es\/news\/european-union-deepens-strategic-partnership-at-the-caribbean-investment-forum-2025\/#primaryimage","url":"https:\/\/content.carib-export.com\/wp-content\/uploads\/2025\/06\/Damie.png","contentUrl":"https:\/\/content.carib-export.com\/wp-content\/uploads\/2025\/06\/Damie.png","width":1500,"height":1125},{"@type":"BreadcrumbList","@id":"https:\/\/content.carib-export.com\/es\/news\/european-union-deepens-strategic-partnership-at-the-caribbean-investment-forum-2025\/#breadcrumb","itemListElement":[{"@type":"ListItem","position":1,"name":"Casa","item":"https:\/\/content.carib-export.com\/es\/home\/"},{"@type":"ListItem","position":2,"name":"News","item":"https:\/\/content.carib-export.com\/es\/news\/"},{"@type":"ListItem","position":3,"name":"La Uni\u00f3n Europea profundiza su asociaci\u00f3n estrat\u00e9gica en el Foro de Inversi\u00f3n del Caribe 2025"}]},{"@type":"WebSite","@id":"https:\/\/content.carib-export.com\/es\/#website","url":"https:\/\/content.carib-export.com\/es\/","name":"Exportaci\u00f3n del Caribe","description":"La \u00fanica agencia regional de promoci\u00f3n del comercio y las inversiones en el grupo de \u00c1frica, el Caribe y el Pac\u00edfico.","publisher":{"@id":"https:\/\/content.carib-export.com\/es\/#organization"},"potentialAction":[{"@type":"SearchAction","target":{"@type":"EntryPoint","urlTemplate":"https:\/\/content.carib-export.com\/es\/?s={search_term_string}"},"query-input":{"@type":"PropertyValueSpecification","valueRequired":true,"valueName":"search_term_string"}}],"inLanguage":"es"},{"@type":"Organization","@id":"https:\/\/content.carib-export.com\/es\/#organization","name":"Agencia de Desarrollo de Exportaciones del Caribe","url":"https:\/\/content.carib-export.com\/es\/","logo":{"@type":"ImageObject","inLanguage":"es","@id":"https:\/\/content.carib-export.com\/es\/#\/schema\/logo\/image\/","url":"https:\/\/content.carib-export.com\/wp-content\/uploads\/2013\/03\/CE-Logo-2013.jpg","contentUrl":"https:\/\/content.carib-export.com\/wp-content\/uploads\/2013\/03\/CE-Logo-2013.jpg","width":1024,"height":244,"caption":"Agencia de Desarrollo de Exportaciones del Caribe"},"image":{"@id":"https:\/\/content.carib-export.com\/es\/#\/schema\/logo\/image\/"},"sameAs":["https:\/\/www.facebook.com\/CaribbeanExport","https:\/\/x.com\/CaribXport","https:\/\/www.instagram.com\/caribbeanexport","https:\/\/www.linkedin.com\/company\/caribbeanexport","https:\/\/www.youtube.com\/user\/TheCaribbeanExport"]}]}},"_links":{"self":[{"href":"https:\/\/content.carib-export.com\/es\/wp-json\/wp\/v2\/news\/379641","targetHints":{"allow":["GET"]}}],"collection":[{"href":"https:\/\/content.carib-export.com\/es\/wp-json\/wp\/v2\/news"}],"about":[{"href":"https:\/\/content.carib-export.com\/es\/wp-json\/wp\/v2\/types\/news"}],"author":[{"embeddable":true,"href":"https:\/\/content.carib-export.com\/es\/wp-json\/wp\/v2\/users\/9"}],"version-history":[{"count":0,"href":"https:\/\/content.carib-export.com\/es\/wp-json\/wp\/v2\/news\/379641\/revisions"}],"wp:featuredmedia":[{"embeddable":true,"href":"https:\/\/content.carib-export.com\/es\/wp-json\/wp\/v2\/media\/379625"}],"wp:attachment":[{"href":"https:\/\/content.carib-export.com\/es\/wp-json\/wp\/v2\/media?parent=379641"}],"wp:term":[{"taxonomy":"post_tag","embeddable":true,"href":"https:\/\/content.carib-export.com\/es\/wp-json\/wp\/v2\/tags?post=379641"}],"curies":[{"name":"wp","href":"https:\/\/api.w.org\/{rel}","templated":true}]}}