{"id":380356,"date":"2025-07-30T09:33:13","date_gmt":"2025-07-30T13:33:13","guid":{"rendered":"https:\/\/content.carib-export.com\/news\/caribbean-must-shift-from-consumption-to-production-says-caribbean-export-development-agency-head\/"},"modified":"2025-07-30T09:38:01","modified_gmt":"2025-07-30T13:38:01","slug":"caribbean-must-shift-from-consumption-to-production-says-caribbean-export-development-agency-head","status":"publish","type":"news","link":"https:\/\/content.carib-export.com\/es\/news\/caribbean-must-shift-from-consumption-to-production-says-caribbean-export-development-agency-head\/","title":{"rendered":"El Caribe debe pasar del consumo a la producci\u00f3n, afirma el director de la Agencia de Desarrollo de las Exportaciones del Caribe"},"content":{"rendered":"\n<p><strong>El Director Ejecutivo de la Agencia de Desarrollo de las Exportaciones del Caribe, Dr. Damie Sinanan, pide que la regi\u00f3n pase de ser una sociedad basada en el consumo a otra impulsada por la innovaci\u00f3n, la producci\u00f3n y la exportaci\u00f3n, advirtiendo de que la prosperidad a largo plazo de la regi\u00f3n depende de ello.<\/strong><\/p>\n\n<p>En su intervenci\u00f3n en la inauguraci\u00f3n del Foro de Inversi\u00f3n del Caribe 2025, celebrada el martes en el Centro de Convenciones de Montego Bay, en St. James, Sinanan ret\u00f3 a las partes interesadas de la regi\u00f3n a actuar con urgencia para reposicionar al Caribe como un actor competitivo a escala mundial.<\/p>\n\n<p>\u00abNo podemos construir econom\u00edas resilientes bas\u00e1ndonos \u00fanicamente en el consumo\u00bb, declar\u00f3 Sinanan.<\/p>\n\n<p>\u00abTenemos que superar el modo de supervivencia y pasar a la inversi\u00f3n estrat\u00e9gica en los sectores que har\u00e1n crecer nuestro PIB, crear\u00e1n empleo y asegurar\u00e1n nuestro futuro\u00bb.<\/p>\n\n<p>El foro, de tres d\u00edas de duraci\u00f3n, se celebra bajo el lema \u00abTransformar nuestro futuro: Catalizar la innovaci\u00f3n y la inversi\u00f3n\u00bb, re\u00fane a jefes de gobierno, l\u00edderes del sector privado y socios internacionales para debatir las oportunidades de inversi\u00f3n en tecnolog\u00eda, agricultura e industrias sostenibles.<\/p>\n\n<p>Sinanan subray\u00f3 que el Caribe no debe perderse el actual cambio mundial hacia la transformaci\u00f3n digital, la agricultura clim\u00e1ticamente inteligente y la energ\u00eda verde.<\/p>\n\n<p>\u00abSi nos tomamos en serio la seguridad alimentaria, la resiliencia clim\u00e1tica y la independencia energ\u00e9tica, debemos atraer el tipo de inversiones que aportan nuevas tecnolog\u00edas, abren nuevos mercados y fomentan la iniciativa empresarial local\u00bb, afirm\u00f3.<\/p>\n\n<p>Tambi\u00e9n inst\u00f3 a los pa\u00edses a eliminar las barreras burocr\u00e1ticas que frustran tanto a los inversores como a los innovadores.<\/p>\n\n<p>\u00abNo basta con tener visi\u00f3n. Necesitamos acci\u00f3n. Necesitamos las pol\u00edticas y la voluntad pol\u00edtica para hacer del Caribe un lugar donde los negocios sean f\u00e1ciles, escalables y sostenibles\u00bb, dijo Sinanan a los reunidos.<\/p>\n\n<p>El foro, organizado por la Agencia de Desarrollo de las Exportaciones del Caribe en colaboraci\u00f3n con el Gobierno de Jamaica y otros socios, ha atra\u00eddo la participaci\u00f3n de m\u00e1s de 500 delegados de 20 pa\u00edses.<\/p>\n\n<p>Por su parte, el Primer Ministro, Dr. Andrew Holness, afirm\u00f3 en su discurso que el futuro del Caribe debe configurarse mediante estrategias modernas que impulsen la resiliencia, la innovaci\u00f3n y la sostenibilidad.<\/p>\n\n<p>El Caribe del futuro es el que aprovecha la tecnolog\u00eda para impulsar la productividad, aprovecha la energ\u00eda limpia para impulsar el crecimiento, refuerza las infraestructuras para mejorar la competitividad y moderniza la agricultura para garantizar la seguridad alimentaria\u00bb, declar\u00f3 Holness en una presentaci\u00f3n de v\u00eddeo.<\/p>\n\n<p>\u00abEstos son los pilares fundamentales de una econom\u00eda resistente e integradora\u00bb, a\u00f1adi\u00f3.<\/p>\n\n<p>Holness describi\u00f3 el foro como algo m\u00e1s que una simple cita anual en el calendario de inversiones, calific\u00e1ndolo de clara demostraci\u00f3n de la determinaci\u00f3n de la regi\u00f3n de posicionarse como un centro econ\u00f3mico unido y competitivo a escala mundial.<\/p>\n\n<p>\u00abEs toda una declaraci\u00f3n de nuestra intenci\u00f3n colectiva de presentar el Caribe no como econom\u00edas insulares aisladas, sino como un espacio de inversi\u00f3n globalmente competitivo y sostenible en la encrucijada de las Am\u00e9ricas\u00bb.<\/p>\n\n<p>&#8211; Albert Ferguson<\/p>\n\n<p>Este art\u00edculo se public\u00f3 originalmente en el <a href=\"https:\/\/jamaica-gleaner.com\/article\/news\/20250729\/caribbean-must-shift-consumption-production-says-caribbean-export-development\">Jamaica Gleaner el 29 de julio de 2025<\/a>.<\/p>\n\n<p><\/p>\n","protected":false},"excerpt":{"rendered":"<p>El Director Ejecutivo de la Agencia de Desarrollo de las Exportaciones del Caribe, Dr. Damie Sinanan, pide que la regi\u00f3n pase de ser una sociedad basada en el consumo a otra impulsada por la innovaci\u00f3n, la producci\u00f3n y la exportaci\u00f3n, advirtiendo de que la prosperidad a largo plazo de la regi\u00f3n depende de ello. En [&hellip;]<\/p>\n","protected":false},"author":10,"featured_media":0,"menu_order":0,"template":"","tags":[],"class_list":["post-380356","news","type-news","status-publish","hentry"],"acf":[],"yoast_head":"<!-- This site is optimized with the Yoast SEO plugin v27.1.1 - https:\/\/yoast.com\/product\/yoast-seo-wordpress\/ -->\n<title>El Caribe debe pasar del consumo a la producci\u00f3n, afirma el director de la Agencia de Desarrollo de las Exportaciones del Caribe - nombre del Exportaci\u00f3n del Caribe<\/title>\n<meta name=\"robots\" content=\"index, follow, max-snippet:-1, max-image-preview:large, max-video-preview:-1\" \/>\n<link rel=\"canonical\" href=\"https:\/\/content.carib-export.com\/es\/news\/caribbean-must-shift-from-consumption-to-production-says-caribbean-export-development-agency-head\/\" \/>\n<meta property=\"og:locale\" content=\"es_ES\" \/>\n<meta property=\"og:type\" content=\"article\" \/>\n<meta property=\"og:title\" content=\"El Caribe debe pasar del consumo a la producci\u00f3n, afirma el director de la Agencia de Desarrollo de las Exportaciones del Caribe - nombre del Exportaci\u00f3n del Caribe\" \/>\n<meta property=\"og:description\" content=\"El Director Ejecutivo de la Agencia de Desarrollo de las Exportaciones del Caribe, Dr. Damie Sinanan, pide que la regi\u00f3n pase de ser una sociedad basada en el consumo a otra impulsada por la innovaci\u00f3n, la producci\u00f3n y la exportaci\u00f3n, advirtiendo de que la prosperidad a largo plazo de la regi\u00f3n depende de ello. En [&hellip;]\" \/>\n<meta property=\"og:url\" content=\"https:\/\/content.carib-export.com\/es\/news\/caribbean-must-shift-from-consumption-to-production-says-caribbean-export-development-agency-head\/\" \/>\n<meta property=\"og:site_name\" content=\"Exportaci\u00f3n del Caribe\" \/>\n<meta property=\"article:publisher\" content=\"https:\/\/www.facebook.com\/CaribbeanExport\" \/>\n<meta property=\"article:modified_time\" content=\"2025-07-30T13:38:01+00:00\" \/>\n<meta property=\"og:image\" content=\"https:\/\/content.carib-export.com\/wp-content\/uploads\/2019\/06\/CEDA-default-square.jpg\" \/>\n\t<meta property=\"og:image:width\" content=\"1000\" \/>\n\t<meta property=\"og:image:height\" content=\"1000\" \/>\n\t<meta property=\"og:image:type\" content=\"image\/jpeg\" \/>\n<meta name=\"twitter:card\" content=\"summary_large_image\" \/>\n<meta name=\"twitter:site\" content=\"@CaribXport\" \/>\n<meta name=\"twitter:label1\" content=\"Tiempo de lectura\" \/>\n\t<meta name=\"twitter:data1\" content=\"3 minutos\" \/>\n<script type=\"application\/ld+json\" class=\"yoast-schema-graph\">{\"@context\":\"https:\/\/schema.org\",\"@graph\":[{\"@type\":\"WebPage\",\"@id\":\"https:\/\/content.carib-export.com\/es\/news\/caribbean-must-shift-from-consumption-to-production-says-caribbean-export-development-agency-head\/\",\"url\":\"https:\/\/content.carib-export.com\/es\/news\/caribbean-must-shift-from-consumption-to-production-says-caribbean-export-development-agency-head\/\",\"name\":\"El Caribe debe pasar del consumo a la producci\u00f3n, afirma el director de la Agencia de Desarrollo de las Exportaciones del Caribe - nombre del Exportaci\u00f3n del Caribe\",\"isPartOf\":{\"@id\":\"https:\/\/content.carib-export.com\/es\/#website\"},\"datePublished\":\"2025-07-30T13:33:13+00:00\",\"dateModified\":\"2025-07-30T13:38:01+00:00\",\"breadcrumb\":{\"@id\":\"https:\/\/content.carib-export.com\/es\/news\/caribbean-must-shift-from-consumption-to-production-says-caribbean-export-development-agency-head\/#breadcrumb\"},\"inLanguage\":\"es\",\"potentialAction\":[{\"@type\":\"ReadAction\",\"target\":[\"https:\/\/content.carib-export.com\/es\/news\/caribbean-must-shift-from-consumption-to-production-says-caribbean-export-development-agency-head\/\"]}]},{\"@type\":\"BreadcrumbList\",\"@id\":\"https:\/\/content.carib-export.com\/es\/news\/caribbean-must-shift-from-consumption-to-production-says-caribbean-export-development-agency-head\/#breadcrumb\",\"itemListElement\":[{\"@type\":\"ListItem\",\"position\":1,\"name\":\"Casa\",\"item\":\"https:\/\/content.carib-export.com\/es\/home\/\"},{\"@type\":\"ListItem\",\"position\":2,\"name\":\"News\",\"item\":\"https:\/\/content.carib-export.com\/es\/news\/\"},{\"@type\":\"ListItem\",\"position\":3,\"name\":\"El Caribe debe pasar del consumo a la producci\u00f3n, afirma el director de la Agencia de Desarrollo de las Exportaciones del Caribe\"}]},{\"@type\":\"WebSite\",\"@id\":\"https:\/\/content.carib-export.com\/es\/#website\",\"url\":\"https:\/\/content.carib-export.com\/es\/\",\"name\":\"Exportaci\u00f3n del Caribe\",\"description\":\"La \u00fanica agencia regional de promoci\u00f3n del comercio y las inversiones en el grupo de \u00c1frica, el Caribe y el Pac\u00edfico.\",\"publisher\":{\"@id\":\"https:\/\/content.carib-export.com\/es\/#organization\"},\"potentialAction\":[{\"@type\":\"SearchAction\",\"target\":{\"@type\":\"EntryPoint\",\"urlTemplate\":\"https:\/\/content.carib-export.com\/es\/?s={search_term_string}\"},\"query-input\":{\"@type\":\"PropertyValueSpecification\",\"valueRequired\":true,\"valueName\":\"search_term_string\"}}],\"inLanguage\":\"es\"},{\"@type\":\"Organization\",\"@id\":\"https:\/\/content.carib-export.com\/es\/#organization\",\"name\":\"Agencia de Desarrollo de Exportaciones del Caribe\",\"url\":\"https:\/\/content.carib-export.com\/es\/\",\"logo\":{\"@type\":\"ImageObject\",\"inLanguage\":\"es\",\"@id\":\"https:\/\/content.carib-export.com\/es\/#\/schema\/logo\/image\/\",\"url\":\"https:\/\/content.carib-export.com\/wp-content\/uploads\/2013\/03\/CE-Logo-2013.jpg\",\"contentUrl\":\"https:\/\/content.carib-export.com\/wp-content\/uploads\/2013\/03\/CE-Logo-2013.jpg\",\"width\":1024,\"height\":244,\"caption\":\"Agencia de Desarrollo de Exportaciones del Caribe\"},\"image\":{\"@id\":\"https:\/\/content.carib-export.com\/es\/#\/schema\/logo\/image\/\"},\"sameAs\":[\"https:\/\/www.facebook.com\/CaribbeanExport\",\"https:\/\/x.com\/CaribXport\",\"https:\/\/www.instagram.com\/caribbeanexport\",\"https:\/\/www.linkedin.com\/company\/caribbeanexport\",\"https:\/\/www.youtube.com\/user\/TheCaribbeanExport\"]}]}<\/script>\n<!-- \/ Yoast SEO plugin. -->","yoast_head_json":{"title":"El Caribe debe pasar del consumo a la producci\u00f3n, afirma el director de la Agencia de Desarrollo de las Exportaciones del Caribe - nombre del Exportaci\u00f3n del Caribe","robots":{"index":"index","follow":"follow","max-snippet":"max-snippet:-1","max-image-preview":"max-image-preview:large","max-video-preview":"max-video-preview:-1"},"canonical":"https:\/\/content.carib-export.com\/es\/news\/caribbean-must-shift-from-consumption-to-production-says-caribbean-export-development-agency-head\/","og_locale":"es_ES","og_type":"article","og_title":"El Caribe debe pasar del consumo a la producci\u00f3n, afirma el director de la Agencia de Desarrollo de las Exportaciones del Caribe - nombre del Exportaci\u00f3n del Caribe","og_description":"El Director Ejecutivo de la Agencia de Desarrollo de las Exportaciones del Caribe, Dr. Damie Sinanan, pide que la regi\u00f3n pase de ser una sociedad basada en el consumo a otra impulsada por la innovaci\u00f3n, la producci\u00f3n y la exportaci\u00f3n, advirtiendo de que la prosperidad a largo plazo de la regi\u00f3n depende de ello. En [&hellip;]","og_url":"https:\/\/content.carib-export.com\/es\/news\/caribbean-must-shift-from-consumption-to-production-says-caribbean-export-development-agency-head\/","og_site_name":"Exportaci\u00f3n del Caribe","article_publisher":"https:\/\/www.facebook.com\/CaribbeanExport","article_modified_time":"2025-07-30T13:38:01+00:00","og_image":[{"width":1000,"height":1000,"url":"https:\/\/content.carib-export.com\/wp-content\/uploads\/2019\/06\/CEDA-default-square.jpg","type":"image\/jpeg"}],"twitter_card":"summary_large_image","twitter_site":"@CaribXport","twitter_misc":{"Tiempo de lectura":"3 minutos"},"schema":{"@context":"https:\/\/schema.org","@graph":[{"@type":"WebPage","@id":"https:\/\/content.carib-export.com\/es\/news\/caribbean-must-shift-from-consumption-to-production-says-caribbean-export-development-agency-head\/","url":"https:\/\/content.carib-export.com\/es\/news\/caribbean-must-shift-from-consumption-to-production-says-caribbean-export-development-agency-head\/","name":"El Caribe debe pasar del consumo a la producci\u00f3n, afirma el director de la Agencia de Desarrollo de las Exportaciones del Caribe - nombre del Exportaci\u00f3n del Caribe","isPartOf":{"@id":"https:\/\/content.carib-export.com\/es\/#website"},"datePublished":"2025-07-30T13:33:13+00:00","dateModified":"2025-07-30T13:38:01+00:00","breadcrumb":{"@id":"https:\/\/content.carib-export.com\/es\/news\/caribbean-must-shift-from-consumption-to-production-says-caribbean-export-development-agency-head\/#breadcrumb"},"inLanguage":"es","potentialAction":[{"@type":"ReadAction","target":["https:\/\/content.carib-export.com\/es\/news\/caribbean-must-shift-from-consumption-to-production-says-caribbean-export-development-agency-head\/"]}]},{"@type":"BreadcrumbList","@id":"https:\/\/content.carib-export.com\/es\/news\/caribbean-must-shift-from-consumption-to-production-says-caribbean-export-development-agency-head\/#breadcrumb","itemListElement":[{"@type":"ListItem","position":1,"name":"Casa","item":"https:\/\/content.carib-export.com\/es\/home\/"},{"@type":"ListItem","position":2,"name":"News","item":"https:\/\/content.carib-export.com\/es\/news\/"},{"@type":"ListItem","position":3,"name":"El Caribe debe pasar del consumo a la producci\u00f3n, afirma el director de la Agencia de Desarrollo de las Exportaciones del Caribe"}]},{"@type":"WebSite","@id":"https:\/\/content.carib-export.com\/es\/#website","url":"https:\/\/content.carib-export.com\/es\/","name":"Exportaci\u00f3n del Caribe","description":"La \u00fanica agencia regional de promoci\u00f3n del comercio y las inversiones en el grupo de \u00c1frica, el Caribe y el Pac\u00edfico.","publisher":{"@id":"https:\/\/content.carib-export.com\/es\/#organization"},"potentialAction":[{"@type":"SearchAction","target":{"@type":"EntryPoint","urlTemplate":"https:\/\/content.carib-export.com\/es\/?s={search_term_string}"},"query-input":{"@type":"PropertyValueSpecification","valueRequired":true,"valueName":"search_term_string"}}],"inLanguage":"es"},{"@type":"Organization","@id":"https:\/\/content.carib-export.com\/es\/#organization","name":"Agencia de Desarrollo de Exportaciones del Caribe","url":"https:\/\/content.carib-export.com\/es\/","logo":{"@type":"ImageObject","inLanguage":"es","@id":"https:\/\/content.carib-export.com\/es\/#\/schema\/logo\/image\/","url":"https:\/\/content.carib-export.com\/wp-content\/uploads\/2013\/03\/CE-Logo-2013.jpg","contentUrl":"https:\/\/content.carib-export.com\/wp-content\/uploads\/2013\/03\/CE-Logo-2013.jpg","width":1024,"height":244,"caption":"Agencia de Desarrollo de Exportaciones del Caribe"},"image":{"@id":"https:\/\/content.carib-export.com\/es\/#\/schema\/logo\/image\/"},"sameAs":["https:\/\/www.facebook.com\/CaribbeanExport","https:\/\/x.com\/CaribXport","https:\/\/www.instagram.com\/caribbeanexport","https:\/\/www.linkedin.com\/company\/caribbeanexport","https:\/\/www.youtube.com\/user\/TheCaribbeanExport"]}]}},"_links":{"self":[{"href":"https:\/\/content.carib-export.com\/es\/wp-json\/wp\/v2\/news\/380356","targetHints":{"allow":["GET"]}}],"collection":[{"href":"https:\/\/content.carib-export.com\/es\/wp-json\/wp\/v2\/news"}],"about":[{"href":"https:\/\/content.carib-export.com\/es\/wp-json\/wp\/v2\/types\/news"}],"author":[{"embeddable":true,"href":"https:\/\/content.carib-export.com\/es\/wp-json\/wp\/v2\/users\/10"}],"version-history":[{"count":0,"href":"https:\/\/content.carib-export.com\/es\/wp-json\/wp\/v2\/news\/380356\/revisions"}],"wp:attachment":[{"href":"https:\/\/content.carib-export.com\/es\/wp-json\/wp\/v2\/media?parent=380356"}],"wp:term":[{"taxonomy":"post_tag","embeddable":true,"href":"https:\/\/content.carib-export.com\/es\/wp-json\/wp\/v2\/tags?post=380356"}],"curies":[{"name":"wp","href":"https:\/\/api.w.org\/{rel}","templated":true}]}}