{"id":380433,"date":"2025-07-30T12:57:13","date_gmt":"2025-07-30T16:57:13","guid":{"rendered":"https:\/\/content.carib-export.com\/news\/caribbean-investment-forum-2025-opens-with-visionary-call-for-sustainable-growth-and-regional-competitiveness\/"},"modified":"2025-07-30T15:14:44","modified_gmt":"2025-07-30T19:14:44","slug":"caribbean-investment-forum-2025-opens-with-visionary-call-for-sustainable-growth-and-regional-competitiveness","status":"publish","type":"news","link":"https:\/\/content.carib-export.com\/es\/news\/caribbean-investment-forum-2025-opens-with-visionary-call-for-sustainable-growth-and-regional-competitiveness\/","title":{"rendered":"El Foro de Inversi\u00f3n del Caribe 2025 se inaugura con un llamamiento visionario al crecimiento sostenible y la competitividad regional"},"content":{"rendered":"\n<p>El IV <a href=\"https:\/\/caribbeaninvestmentforum.com\/\">Foro de Inversi\u00f3n del Caribe (FIC<\/a> ) se inaugur\u00f3 anoche en Montego Bay, reuniendo a jefes de gobierno, inversores internacionales y socios de desarrollo para acelerar el crecimiento sostenible y la transformaci\u00f3n regional.<\/p>\n\n<p>Organizada por la Agencia de Desarrollo de las Exportaciones del Caribe en colaboraci\u00f3n con el Ministerio de Industria, Inversi\u00f3n y Comercio de Jamaica, JAMPRO, la Uni\u00f3n Europea (UE) y la Secretar\u00eda de la CARICOM, la CIF 2025 se celebra bajo el lema <em>\u00abInteligente. Verde. Conectado. Acelerar la inversi\u00f3n. Impulsar la innovaci\u00f3n\u00bb.<\/em><\/p>\n\n<p>En su discurso de apertura, el Dr. Damie Sinanan, Director Ejecutivo de Caribbean Export, destac\u00f3 la evoluci\u00f3n del foro como principal plataforma de inversi\u00f3n del Caribe desde su creaci\u00f3n en 2022. Se\u00f1al\u00f3 que el FIC ha conectado con \u00e9xito a inversores de m\u00e1s de 50 pa\u00edses y ha presentado casi 60 proyectos financiables por valor de m\u00e1s de 350 millones de USD. \u00bb <em>Los FIC son un catalizador para convertir la visi\u00f3n en oportunidad, impulsando la inversi\u00f3n, creando asociaciones y desbloqueando el potencial transformador en todo el Caribe\u00bb,<\/em> declar\u00f3 el Dr. Sinanan. <\/p>\n\n<p>Destac\u00f3 adem\u00e1s los cuatro pilares estrat\u00e9gicos que gu\u00edan los FIC 2025 -Transici\u00f3n a la Econom\u00eda Verde, Transformaci\u00f3n Digital e Innovaci\u00f3n, Agricultura Sostenible y Seguridad Alimentaria, y Log\u00edstica y Transporte- describi\u00e9ndolos como <em>\u00absectores con potencial transformador para el desarrollo econ\u00f3mico y la resiliencia en el Caribe\u00bb.<\/em> El Dr. Sinanan inst\u00f3 a las partes interesadas a movilizar asociaciones que puedan <em>\u00abconstruir las infraestructuras necesarias para la transici\u00f3n a las energ\u00edas renovables, cerrar la brecha digital, impulsar la seguridad alimentaria y crear redes log\u00edsticas eficientes.\u00bb<\/em><\/p>\n\n<p>Shullette Cox, Presidenta de JAMPRO, declar\u00f3: <em>\u00abJamaica est\u00e1 abierta a los negocios y preparada para las asociaciones\u00bb.<\/em> Tambi\u00e9n destac\u00f3 la importancia de la integraci\u00f3n regional y de hablar con una sola voz a la comunidad inversora mundial, se\u00f1alando que la CIF proporciona una s\u00f3lida plataforma para avanzar en una estrategia de inversi\u00f3n centrada en el Caribe.<\/p>\n\n<p>Su Excelencia la Dra. Erja Askola, Embajadora de la UE en Jamaica, Belice y Bahamas, reafirm\u00f3 la larga asociaci\u00f3n de la UE con el Caribe, se\u00f1alando que la UE es tanto un <em>\u00abfuerte socio comercial y de inversiones\u00bb<\/em> como un <em>\u00abdestino para las exportaciones y el comercio caribe\u00f1os\u00bb.<\/em> Hizo hincapi\u00e9 en el mercado sin aranceles ni cuotas de la UE, de 450 millones de consumidores en 27 pa\u00edses, y en su papel como segundo destino de las exportaciones caribe\u00f1as. Destacando iniciativas como el Acelerador Digital de la UE y el apoyo a las infraestructuras clim\u00e1ticamente inteligentes para las MIPYME, la Embajadora Askola declar\u00f3: <em>\u00abA trav\u00e9s del Portal Global, pretendemos movilizar la financiaci\u00f3n de las inversiones y construir un Caribe resistente y sostenible que prospere gracias a verdaderas asociaciones\u00bb.<\/em> <\/p>\n\n<p>El Honorable Senador Aubyn Hill, Ministro de Industria, Inversi\u00f3n y Comercio de Jamaica, subray\u00f3 la ambici\u00f3n del pa\u00eds de ser <em>\u00abel destino de inversi\u00f3n m\u00e1s atractivo de la regi\u00f3n\u00bb,<\/em> destacando la importancia de posibilitar inversiones de alto valor, impulsar el comercio regional y fomentar una cooperaci\u00f3n m\u00e1s estrecha. <\/p>\n\n<p>En su discurso de apertura <em>\u00abInvertir en el futuro: Una visi\u00f3n para el crecimiento y la competitividad del Caribe\u00bb,<\/em> el Honorable Fayval Williams, Ministro de Finanzas y Funci\u00f3n P\u00fablica de Jamaica, destac\u00f3 el papel transformador de las asociaciones p\u00fablico-privadas: <em>\u00abLos estados peque\u00f1os pueden cumplir visiones audaces de crecimiento e innovaci\u00f3n, pero esto no es tarea de los gobiernos en solitario. Requiere una profunda colaboraci\u00f3n con el sector privado y los socios de desarrollo para construir una econom\u00eda caribe\u00f1a verdaderamente preparada para el futuro.\u00bb<\/em> <\/p>\n\n<p>Durante los dos pr\u00f3ximos d\u00edas, los FIC acoger\u00e1n exposiciones de inversiones en sectores espec\u00edficos y di\u00e1logos de alto nivel centrados en cuatro pilares estrat\u00e9gicos: Transici\u00f3n hacia una Econom\u00eda Verde, Transformaci\u00f3n Digital e Innovaci\u00f3n, Agricultura Sostenible y Seguridad Alimentaria, y Log\u00edstica y Transporte. Se presentar\u00e1n a inversores de m\u00e1s de 40 pa\u00edses m\u00e1s de 80 millones de USD en proyectos listos para la inversi\u00f3n. <\/p>\n\n<p>\u00ab<em>El FIC es m\u00e1s que un acontecimiento: es la plataforma en la que las ideas transformadoras se encuentran con el capital y las asociaciones, dando forma al futuro del Caribe para las generaciones venideras\u00bb,<\/em> concluy\u00f3 el Dr. Sinanan.<\/p>\n\n<p>El FIC 2025 es posible gracias al apoyo de socios estrat\u00e9gicos y patrocinadores, como el Banco de la Rep\u00fablica, el Banco Interamericano de Desarrollo (BID) y la Autoridad de la Zona Econ\u00f3mica Especial de Jamaica.<\/p>\n\n<p>Para m\u00e1s informaci\u00f3n y actualizaciones del evento, visita <a href=\"http:\/\/www.caribbeaninvestmentforum.com\"><strong>www.caribbeaninvestmentforum.com<\/strong><\/a><\/p>\n","protected":false},"excerpt":{"rendered":"<p>El IV Foro de Inversi\u00f3n del Caribe (FIC ) se inaugur\u00f3 anoche en Montego Bay, reuniendo a jefes de gobierno, inversores internacionales y socios de desarrollo para acelerar el crecimiento sostenible y la transformaci\u00f3n regional. Organizada por la Agencia de Desarrollo de las Exportaciones del Caribe en colaboraci\u00f3n con el Ministerio de Industria, Inversi\u00f3n y [&hellip;]<\/p>\n","protected":false},"author":10,"featured_media":0,"menu_order":0,"template":"","tags":[],"class_list":["post-380433","news","type-news","status-publish","hentry"],"acf":[],"yoast_head":"<!-- This site is optimized with the Yoast SEO plugin v27.1.1 - https:\/\/yoast.com\/product\/yoast-seo-wordpress\/ -->\n<title>El Foro de Inversi\u00f3n del Caribe 2025 se inaugura con un llamamiento visionario al crecimiento sostenible y la competitividad regional - nombre del Exportaci\u00f3n del Caribe<\/title>\n<meta name=\"robots\" content=\"index, follow, max-snippet:-1, max-image-preview:large, max-video-preview:-1\" \/>\n<link rel=\"canonical\" href=\"https:\/\/content.carib-export.com\/es\/news\/caribbean-investment-forum-2025-opens-with-visionary-call-for-sustainable-growth-and-regional-competitiveness\/\" \/>\n<meta property=\"og:locale\" content=\"es_ES\" \/>\n<meta property=\"og:type\" content=\"article\" \/>\n<meta property=\"og:title\" content=\"El Foro de Inversi\u00f3n del Caribe 2025 se inaugura con un llamamiento visionario al crecimiento sostenible y la competitividad regional - nombre del Exportaci\u00f3n del Caribe\" \/>\n<meta property=\"og:description\" content=\"El IV Foro de Inversi\u00f3n del Caribe (FIC ) se inaugur\u00f3 anoche en Montego Bay, reuniendo a jefes de gobierno, inversores internacionales y socios de desarrollo para acelerar el crecimiento sostenible y la transformaci\u00f3n regional. Organizada por la Agencia de Desarrollo de las Exportaciones del Caribe en colaboraci\u00f3n con el Ministerio de Industria, Inversi\u00f3n y [&hellip;]\" \/>\n<meta property=\"og:url\" content=\"https:\/\/content.carib-export.com\/es\/news\/caribbean-investment-forum-2025-opens-with-visionary-call-for-sustainable-growth-and-regional-competitiveness\/\" \/>\n<meta property=\"og:site_name\" content=\"Exportaci\u00f3n del Caribe\" \/>\n<meta property=\"article:publisher\" content=\"https:\/\/www.facebook.com\/CaribbeanExport\" \/>\n<meta property=\"article:modified_time\" content=\"2025-07-30T19:14:44+00:00\" \/>\n<meta property=\"og:image\" content=\"https:\/\/content.carib-export.com\/wp-content\/uploads\/2019\/06\/CEDA-default-square.jpg\" \/>\n\t<meta property=\"og:image:width\" content=\"1000\" \/>\n\t<meta property=\"og:image:height\" content=\"1000\" \/>\n\t<meta property=\"og:image:type\" content=\"image\/jpeg\" \/>\n<meta name=\"twitter:card\" content=\"summary_large_image\" \/>\n<meta name=\"twitter:site\" content=\"@CaribXport\" \/>\n<meta name=\"twitter:label1\" content=\"Tiempo de lectura\" \/>\n\t<meta name=\"twitter:data1\" content=\"4 minutos\" \/>\n<script type=\"application\/ld+json\" class=\"yoast-schema-graph\">{\"@context\":\"https:\/\/schema.org\",\"@graph\":[{\"@type\":\"WebPage\",\"@id\":\"https:\/\/content.carib-export.com\/es\/news\/caribbean-investment-forum-2025-opens-with-visionary-call-for-sustainable-growth-and-regional-competitiveness\/\",\"url\":\"https:\/\/content.carib-export.com\/es\/news\/caribbean-investment-forum-2025-opens-with-visionary-call-for-sustainable-growth-and-regional-competitiveness\/\",\"name\":\"El Foro de Inversi\u00f3n del Caribe 2025 se inaugura con un llamamiento visionario al crecimiento sostenible y la competitividad regional - nombre del Exportaci\u00f3n del Caribe\",\"isPartOf\":{\"@id\":\"https:\/\/content.carib-export.com\/es\/#website\"},\"datePublished\":\"2025-07-30T16:57:13+00:00\",\"dateModified\":\"2025-07-30T19:14:44+00:00\",\"breadcrumb\":{\"@id\":\"https:\/\/content.carib-export.com\/es\/news\/caribbean-investment-forum-2025-opens-with-visionary-call-for-sustainable-growth-and-regional-competitiveness\/#breadcrumb\"},\"inLanguage\":\"es\",\"potentialAction\":[{\"@type\":\"ReadAction\",\"target\":[\"https:\/\/content.carib-export.com\/es\/news\/caribbean-investment-forum-2025-opens-with-visionary-call-for-sustainable-growth-and-regional-competitiveness\/\"]}]},{\"@type\":\"BreadcrumbList\",\"@id\":\"https:\/\/content.carib-export.com\/es\/news\/caribbean-investment-forum-2025-opens-with-visionary-call-for-sustainable-growth-and-regional-competitiveness\/#breadcrumb\",\"itemListElement\":[{\"@type\":\"ListItem\",\"position\":1,\"name\":\"Casa\",\"item\":\"https:\/\/content.carib-export.com\/es\/home\/\"},{\"@type\":\"ListItem\",\"position\":2,\"name\":\"News\",\"item\":\"https:\/\/content.carib-export.com\/es\/news\/\"},{\"@type\":\"ListItem\",\"position\":3,\"name\":\"El Foro de Inversi\u00f3n del Caribe 2025 se inaugura con un llamamiento visionario al crecimiento sostenible y la competitividad regional\"}]},{\"@type\":\"WebSite\",\"@id\":\"https:\/\/content.carib-export.com\/es\/#website\",\"url\":\"https:\/\/content.carib-export.com\/es\/\",\"name\":\"Exportaci\u00f3n del Caribe\",\"description\":\"La \u00fanica agencia regional de promoci\u00f3n del comercio y las inversiones en el grupo de \u00c1frica, el Caribe y el Pac\u00edfico.\",\"publisher\":{\"@id\":\"https:\/\/content.carib-export.com\/es\/#organization\"},\"potentialAction\":[{\"@type\":\"SearchAction\",\"target\":{\"@type\":\"EntryPoint\",\"urlTemplate\":\"https:\/\/content.carib-export.com\/es\/?s={search_term_string}\"},\"query-input\":{\"@type\":\"PropertyValueSpecification\",\"valueRequired\":true,\"valueName\":\"search_term_string\"}}],\"inLanguage\":\"es\"},{\"@type\":\"Organization\",\"@id\":\"https:\/\/content.carib-export.com\/es\/#organization\",\"name\":\"Agencia de Desarrollo de Exportaciones del Caribe\",\"url\":\"https:\/\/content.carib-export.com\/es\/\",\"logo\":{\"@type\":\"ImageObject\",\"inLanguage\":\"es\",\"@id\":\"https:\/\/content.carib-export.com\/es\/#\/schema\/logo\/image\/\",\"url\":\"https:\/\/content.carib-export.com\/wp-content\/uploads\/2013\/03\/CE-Logo-2013.jpg\",\"contentUrl\":\"https:\/\/content.carib-export.com\/wp-content\/uploads\/2013\/03\/CE-Logo-2013.jpg\",\"width\":1024,\"height\":244,\"caption\":\"Agencia de Desarrollo de Exportaciones del Caribe\"},\"image\":{\"@id\":\"https:\/\/content.carib-export.com\/es\/#\/schema\/logo\/image\/\"},\"sameAs\":[\"https:\/\/www.facebook.com\/CaribbeanExport\",\"https:\/\/x.com\/CaribXport\",\"https:\/\/www.instagram.com\/caribbeanexport\",\"https:\/\/www.linkedin.com\/company\/caribbeanexport\",\"https:\/\/www.youtube.com\/user\/TheCaribbeanExport\"]}]}<\/script>\n<!-- \/ Yoast SEO plugin. -->","yoast_head_json":{"title":"El Foro de Inversi\u00f3n del Caribe 2025 se inaugura con un llamamiento visionario al crecimiento sostenible y la competitividad regional - nombre del Exportaci\u00f3n del Caribe","robots":{"index":"index","follow":"follow","max-snippet":"max-snippet:-1","max-image-preview":"max-image-preview:large","max-video-preview":"max-video-preview:-1"},"canonical":"https:\/\/content.carib-export.com\/es\/news\/caribbean-investment-forum-2025-opens-with-visionary-call-for-sustainable-growth-and-regional-competitiveness\/","og_locale":"es_ES","og_type":"article","og_title":"El Foro de Inversi\u00f3n del Caribe 2025 se inaugura con un llamamiento visionario al crecimiento sostenible y la competitividad regional - nombre del Exportaci\u00f3n del Caribe","og_description":"El IV Foro de Inversi\u00f3n del Caribe (FIC ) se inaugur\u00f3 anoche en Montego Bay, reuniendo a jefes de gobierno, inversores internacionales y socios de desarrollo para acelerar el crecimiento sostenible y la transformaci\u00f3n regional. Organizada por la Agencia de Desarrollo de las Exportaciones del Caribe en colaboraci\u00f3n con el Ministerio de Industria, Inversi\u00f3n y [&hellip;]","og_url":"https:\/\/content.carib-export.com\/es\/news\/caribbean-investment-forum-2025-opens-with-visionary-call-for-sustainable-growth-and-regional-competitiveness\/","og_site_name":"Exportaci\u00f3n del Caribe","article_publisher":"https:\/\/www.facebook.com\/CaribbeanExport","article_modified_time":"2025-07-30T19:14:44+00:00","og_image":[{"width":1000,"height":1000,"url":"https:\/\/content.carib-export.com\/wp-content\/uploads\/2019\/06\/CEDA-default-square.jpg","type":"image\/jpeg"}],"twitter_card":"summary_large_image","twitter_site":"@CaribXport","twitter_misc":{"Tiempo de lectura":"4 minutos"},"schema":{"@context":"https:\/\/schema.org","@graph":[{"@type":"WebPage","@id":"https:\/\/content.carib-export.com\/es\/news\/caribbean-investment-forum-2025-opens-with-visionary-call-for-sustainable-growth-and-regional-competitiveness\/","url":"https:\/\/content.carib-export.com\/es\/news\/caribbean-investment-forum-2025-opens-with-visionary-call-for-sustainable-growth-and-regional-competitiveness\/","name":"El Foro de Inversi\u00f3n del Caribe 2025 se inaugura con un llamamiento visionario al crecimiento sostenible y la competitividad regional - nombre del Exportaci\u00f3n del Caribe","isPartOf":{"@id":"https:\/\/content.carib-export.com\/es\/#website"},"datePublished":"2025-07-30T16:57:13+00:00","dateModified":"2025-07-30T19:14:44+00:00","breadcrumb":{"@id":"https:\/\/content.carib-export.com\/es\/news\/caribbean-investment-forum-2025-opens-with-visionary-call-for-sustainable-growth-and-regional-competitiveness\/#breadcrumb"},"inLanguage":"es","potentialAction":[{"@type":"ReadAction","target":["https:\/\/content.carib-export.com\/es\/news\/caribbean-investment-forum-2025-opens-with-visionary-call-for-sustainable-growth-and-regional-competitiveness\/"]}]},{"@type":"BreadcrumbList","@id":"https:\/\/content.carib-export.com\/es\/news\/caribbean-investment-forum-2025-opens-with-visionary-call-for-sustainable-growth-and-regional-competitiveness\/#breadcrumb","itemListElement":[{"@type":"ListItem","position":1,"name":"Casa","item":"https:\/\/content.carib-export.com\/es\/home\/"},{"@type":"ListItem","position":2,"name":"News","item":"https:\/\/content.carib-export.com\/es\/news\/"},{"@type":"ListItem","position":3,"name":"El Foro de Inversi\u00f3n del Caribe 2025 se inaugura con un llamamiento visionario al crecimiento sostenible y la competitividad regional"}]},{"@type":"WebSite","@id":"https:\/\/content.carib-export.com\/es\/#website","url":"https:\/\/content.carib-export.com\/es\/","name":"Exportaci\u00f3n del Caribe","description":"La \u00fanica agencia regional de promoci\u00f3n del comercio y las inversiones en el grupo de \u00c1frica, el Caribe y el Pac\u00edfico.","publisher":{"@id":"https:\/\/content.carib-export.com\/es\/#organization"},"potentialAction":[{"@type":"SearchAction","target":{"@type":"EntryPoint","urlTemplate":"https:\/\/content.carib-export.com\/es\/?s={search_term_string}"},"query-input":{"@type":"PropertyValueSpecification","valueRequired":true,"valueName":"search_term_string"}}],"inLanguage":"es"},{"@type":"Organization","@id":"https:\/\/content.carib-export.com\/es\/#organization","name":"Agencia de Desarrollo de Exportaciones del Caribe","url":"https:\/\/content.carib-export.com\/es\/","logo":{"@type":"ImageObject","inLanguage":"es","@id":"https:\/\/content.carib-export.com\/es\/#\/schema\/logo\/image\/","url":"https:\/\/content.carib-export.com\/wp-content\/uploads\/2013\/03\/CE-Logo-2013.jpg","contentUrl":"https:\/\/content.carib-export.com\/wp-content\/uploads\/2013\/03\/CE-Logo-2013.jpg","width":1024,"height":244,"caption":"Agencia de Desarrollo de Exportaciones del Caribe"},"image":{"@id":"https:\/\/content.carib-export.com\/es\/#\/schema\/logo\/image\/"},"sameAs":["https:\/\/www.facebook.com\/CaribbeanExport","https:\/\/x.com\/CaribXport","https:\/\/www.instagram.com\/caribbeanexport","https:\/\/www.linkedin.com\/company\/caribbeanexport","https:\/\/www.youtube.com\/user\/TheCaribbeanExport"]}]}},"_links":{"self":[{"href":"https:\/\/content.carib-export.com\/es\/wp-json\/wp\/v2\/news\/380433","targetHints":{"allow":["GET"]}}],"collection":[{"href":"https:\/\/content.carib-export.com\/es\/wp-json\/wp\/v2\/news"}],"about":[{"href":"https:\/\/content.carib-export.com\/es\/wp-json\/wp\/v2\/types\/news"}],"author":[{"embeddable":true,"href":"https:\/\/content.carib-export.com\/es\/wp-json\/wp\/v2\/users\/10"}],"version-history":[{"count":0,"href":"https:\/\/content.carib-export.com\/es\/wp-json\/wp\/v2\/news\/380433\/revisions"}],"wp:attachment":[{"href":"https:\/\/content.carib-export.com\/es\/wp-json\/wp\/v2\/media?parent=380433"}],"wp:term":[{"taxonomy":"post_tag","embeddable":true,"href":"https:\/\/content.carib-export.com\/es\/wp-json\/wp\/v2\/tags?post=380433"}],"curies":[{"name":"wp","href":"https:\/\/api.w.org\/{rel}","templated":true}]}}