{"id":380479,"date":"2025-07-31T20:15:16","date_gmt":"2025-08-01T00:15:16","guid":{"rendered":"https:\/\/content.carib-export.com\/news\/caribbean-investment-forum-2025-concludes-with-strong-momentum-for-regional-growth-and-announces-2026-host\/"},"modified":"2025-07-31T20:18:16","modified_gmt":"2025-08-01T00:18:16","slug":"caribbean-investment-forum-2025-concludes-with-strong-momentum-for-regional-growth-and-announces-2026-host","status":"publish","type":"news","link":"https:\/\/content.carib-export.com\/es\/news\/caribbean-investment-forum-2025-concludes-with-strong-momentum-for-regional-growth-and-announces-2026-host\/","title":{"rendered":"El Foro de Inversi\u00f3n del Caribe 2025 concluye con un fuerte impulso para el crecimiento regional y anuncia la sede de 2026"},"content":{"rendered":"\n<p>El <a href=\"https:\/\/caribbeaninvestmentforum.com\/\">Foro de Inversi\u00f3n del Caribe (FIC<\/a> ) 2025 se ha clausurado hoy tras dos d\u00edas transformadores en Montego Bay (Jamaica), cumpliendo su misi\u00f3n de posicionar al Caribe como una regi\u00f3n audaz, resistente y en la que se puede invertir, rica en oportunidades e innovaci\u00f3n.<\/p>\n\n<p>El foro reuni\u00f3 a m\u00e1s de 450 participantes de 39 pa\u00edses -incluidos inversores, empresarios, dirigentes gubernamentales y socios de desarrollo- para explorar v\u00edas de crecimiento econ\u00f3mico sostenible.<\/p>\n\n<p>Las palabras de clausura corrieron a cargo del Sr. Leo Naut, Director Ejecutivo Adjunto de la Agencia de Desarrollo de las Exportaciones del Caribe, y de la Sra. Shullette Cox, Presidenta de JAMPRO. Ambos destacaron que el foro no s\u00f3lo cumpli\u00f3 las expectativas, sino que las super\u00f3, creando conexiones significativas y resultados tangibles para la regi\u00f3n. <\/p>\n\n<p>\u00abDesde los proyectos financiables hasta la innovaci\u00f3n de las empresas emergentes, el FIC 2025 ha demostrado que, cuando trabajamos juntos, creamos oportunidades reales de crecimiento y resiliencia en todo el Caribe\u00bb, afirm\u00f3 el Sr. Naut.<\/p>\n\n<p>Haci\u00e9ndose eco de este sentimiento, la Sra. Cox subray\u00f3 el compromiso de Jamaica de liderar las iniciativas regionales de inversi\u00f3n:<br\/>\u00abMisi\u00f3n cumplida\u00bb, dijo. \u00abHemos mostrado el Caribe no s\u00f3lo como destinos hermosos, sino como una regi\u00f3n unificada, innovadora e invertible. Esta semana hemos suscitado ideas, forjado asociaciones y asegurado la confianza de los inversores. Ahora, el trabajo contin\u00faa: convertir el potencial en planes, y los planes en asociaciones que tengan un impacto real para nuestras empresas y nuestra gente.\u00bb <\/p>\n\n<p>En el foro se celebraron intensos debates sobre sectores clave, como la agroindustria, la transformaci\u00f3n digital, la log\u00edstica y la econom\u00eda verde, y se presentaron doce proyectos listos para la inversi\u00f3n, valorados en m\u00e1s de 80 millones de d\u00f3lares. El Sprint de Inversi\u00f3n inaugural mostr\u00f3 el talento empresarial de la regi\u00f3n, mientras que la ponente principal, Pamela Coke-Hamilton, ofreci\u00f3 un poderoso plan para la resiliencia comercial. <\/p>\n\n<p>En un anuncio realizado durante la ceremonia de clausura, la Dra. Lynette Holder, Presidenta del Consejo de Administraci\u00f3n de Caribbean Export, revel\u00f3 que Barbados acoger\u00e1 el pr\u00f3ximo <a href=\"https:\/\/youtu.be\/Ctit9cRK_JI\">Foro de Inversi\u00f3n del Caribe en 2026.<\/a><\/p>\n\n<p>\u00abBarbados es un pr\u00f3spero centro de innovaci\u00f3n, sostenibilidad y crecimiento empresarial\u00bb, declar\u00f3 el Dr. Holder. \u00abEstamos deseando darte la bienvenida en 2026 para vivir una experiencia inolvidable en la que se conecten las ideas, crezcan las asociaciones y se forje el futuro de la inversi\u00f3n en el Caribe\u00bb. <\/p>\n\n<p>Caribbean Export y JAMPRO expresaron su gratitud a todos los socios, patrocinadores y al Gobierno de Jamaica -en particular al Ministerio de Industria, Inversi\u00f3n y Comercio- por su excepcional apoyo y hospitalidad.<\/p>\n\n<p>Con un impulso renovado y Barbados preparada para acoger la edici\u00f3n de 2026, la CIF contin\u00faa su misi\u00f3n de atraer inversiones mundiales e impulsar un crecimiento econ\u00f3mico transformador en todo el Caribe.<\/p>\n\n<figure class=\"wp-block-embed is-type-video is-provider-youtube wp-block-embed-youtube wp-embed-aspect-16-9 wp-has-aspect-ratio\"><div class=\"wp-block-embed__wrapper\">\n<iframe loading=\"lazy\" title=\"Caribbean Investment Forum 2026 - Barbados\" width=\"640\" height=\"360\" src=\"https:\/\/www.youtube.com\/embed\/Ctit9cRK_JI?feature=oembed\" frameborder=\"0\" allow=\"accelerometer; autoplay; clipboard-write; encrypted-media; gyroscope; picture-in-picture; web-share\" referrerpolicy=\"strict-origin-when-cross-origin\" allowfullscreen><\/iframe>\n<\/div><\/figure>\n\n<p>Para m\u00e1s informaci\u00f3n y actualizaciones del evento, visita <a href=\"http:\/\/www.caribbeaninvestmentforum.com\"><strong>www.caribbeaninvestmentforum.com<\/strong><\/a><\/p>\n","protected":false},"excerpt":{"rendered":"<p>El Foro de Inversi\u00f3n del Caribe (FIC ) 2025 se ha clausurado hoy tras dos d\u00edas transformadores en Montego Bay (Jamaica), cumpliendo su misi\u00f3n de posicionar al Caribe como una regi\u00f3n audaz, resistente y en la que se puede invertir, rica en oportunidades e innovaci\u00f3n. El foro reuni\u00f3 a m\u00e1s de 450 participantes de 39 [&hellip;]<\/p>\n","protected":false},"author":10,"featured_media":0,"menu_order":0,"template":"","tags":[],"class_list":["post-380479","news","type-news","status-publish","hentry"],"acf":[],"yoast_head":"<!-- This site is optimized with the Yoast SEO plugin v27.1.1 - https:\/\/yoast.com\/product\/yoast-seo-wordpress\/ -->\n<title>El Foro de Inversi\u00f3n del Caribe 2025 concluye con un fuerte impulso para el crecimiento regional y anuncia la sede de 2026 - nombre del Exportaci\u00f3n del Caribe<\/title>\n<meta name=\"robots\" content=\"index, follow, max-snippet:-1, max-image-preview:large, max-video-preview:-1\" \/>\n<link rel=\"canonical\" href=\"https:\/\/content.carib-export.com\/es\/news\/caribbean-investment-forum-2025-concludes-with-strong-momentum-for-regional-growth-and-announces-2026-host\/\" \/>\n<meta property=\"og:locale\" content=\"es_ES\" \/>\n<meta property=\"og:type\" content=\"article\" \/>\n<meta property=\"og:title\" content=\"El Foro de Inversi\u00f3n del Caribe 2025 concluye con un fuerte impulso para el crecimiento regional y anuncia la sede de 2026 - nombre del Exportaci\u00f3n del Caribe\" \/>\n<meta property=\"og:description\" content=\"El Foro de Inversi\u00f3n del Caribe (FIC ) 2025 se ha clausurado hoy tras dos d\u00edas transformadores en Montego Bay (Jamaica), cumpliendo su misi\u00f3n de posicionar al Caribe como una regi\u00f3n audaz, resistente y en la que se puede invertir, rica en oportunidades e innovaci\u00f3n. El foro reuni\u00f3 a m\u00e1s de 450 participantes de 39 [&hellip;]\" \/>\n<meta property=\"og:url\" content=\"https:\/\/content.carib-export.com\/es\/news\/caribbean-investment-forum-2025-concludes-with-strong-momentum-for-regional-growth-and-announces-2026-host\/\" \/>\n<meta property=\"og:site_name\" content=\"Exportaci\u00f3n del Caribe\" \/>\n<meta property=\"article:publisher\" content=\"https:\/\/www.facebook.com\/CaribbeanExport\" \/>\n<meta property=\"article:modified_time\" content=\"2025-08-01T00:18:16+00:00\" \/>\n<meta property=\"og:image\" content=\"https:\/\/content.carib-export.com\/wp-content\/uploads\/2019\/06\/CEDA-default-square.jpg\" \/>\n\t<meta property=\"og:image:width\" content=\"1000\" \/>\n\t<meta property=\"og:image:height\" content=\"1000\" \/>\n\t<meta property=\"og:image:type\" content=\"image\/jpeg\" \/>\n<meta name=\"twitter:card\" content=\"summary_large_image\" \/>\n<meta name=\"twitter:site\" content=\"@CaribXport\" \/>\n<meta name=\"twitter:label1\" content=\"Tiempo de lectura\" \/>\n\t<meta name=\"twitter:data1\" content=\"3 minutos\" \/>\n<script type=\"application\/ld+json\" class=\"yoast-schema-graph\">{\"@context\":\"https:\/\/schema.org\",\"@graph\":[{\"@type\":\"WebPage\",\"@id\":\"https:\/\/content.carib-export.com\/es\/news\/caribbean-investment-forum-2025-concludes-with-strong-momentum-for-regional-growth-and-announces-2026-host\/\",\"url\":\"https:\/\/content.carib-export.com\/es\/news\/caribbean-investment-forum-2025-concludes-with-strong-momentum-for-regional-growth-and-announces-2026-host\/\",\"name\":\"El Foro de Inversi\u00f3n del Caribe 2025 concluye con un fuerte impulso para el crecimiento regional y anuncia la sede de 2026 - nombre del Exportaci\u00f3n del Caribe\",\"isPartOf\":{\"@id\":\"https:\/\/content.carib-export.com\/es\/#website\"},\"datePublished\":\"2025-08-01T00:15:16+00:00\",\"dateModified\":\"2025-08-01T00:18:16+00:00\",\"breadcrumb\":{\"@id\":\"https:\/\/content.carib-export.com\/es\/news\/caribbean-investment-forum-2025-concludes-with-strong-momentum-for-regional-growth-and-announces-2026-host\/#breadcrumb\"},\"inLanguage\":\"es\",\"potentialAction\":[{\"@type\":\"ReadAction\",\"target\":[\"https:\/\/content.carib-export.com\/es\/news\/caribbean-investment-forum-2025-concludes-with-strong-momentum-for-regional-growth-and-announces-2026-host\/\"]}]},{\"@type\":\"BreadcrumbList\",\"@id\":\"https:\/\/content.carib-export.com\/es\/news\/caribbean-investment-forum-2025-concludes-with-strong-momentum-for-regional-growth-and-announces-2026-host\/#breadcrumb\",\"itemListElement\":[{\"@type\":\"ListItem\",\"position\":1,\"name\":\"Casa\",\"item\":\"https:\/\/content.carib-export.com\/es\/home\/\"},{\"@type\":\"ListItem\",\"position\":2,\"name\":\"News\",\"item\":\"https:\/\/content.carib-export.com\/es\/news\/\"},{\"@type\":\"ListItem\",\"position\":3,\"name\":\"El Foro de Inversi\u00f3n del Caribe 2025 concluye con un fuerte impulso para el crecimiento regional y anuncia la sede de 2026\"}]},{\"@type\":\"WebSite\",\"@id\":\"https:\/\/content.carib-export.com\/es\/#website\",\"url\":\"https:\/\/content.carib-export.com\/es\/\",\"name\":\"Exportaci\u00f3n del Caribe\",\"description\":\"La \u00fanica agencia regional de promoci\u00f3n del comercio y las inversiones en el grupo de \u00c1frica, el Caribe y el Pac\u00edfico.\",\"publisher\":{\"@id\":\"https:\/\/content.carib-export.com\/es\/#organization\"},\"potentialAction\":[{\"@type\":\"SearchAction\",\"target\":{\"@type\":\"EntryPoint\",\"urlTemplate\":\"https:\/\/content.carib-export.com\/es\/?s={search_term_string}\"},\"query-input\":{\"@type\":\"PropertyValueSpecification\",\"valueRequired\":true,\"valueName\":\"search_term_string\"}}],\"inLanguage\":\"es\"},{\"@type\":\"Organization\",\"@id\":\"https:\/\/content.carib-export.com\/es\/#organization\",\"name\":\"Agencia de Desarrollo de Exportaciones del Caribe\",\"url\":\"https:\/\/content.carib-export.com\/es\/\",\"logo\":{\"@type\":\"ImageObject\",\"inLanguage\":\"es\",\"@id\":\"https:\/\/content.carib-export.com\/es\/#\/schema\/logo\/image\/\",\"url\":\"https:\/\/content.carib-export.com\/wp-content\/uploads\/2013\/03\/CE-Logo-2013.jpg\",\"contentUrl\":\"https:\/\/content.carib-export.com\/wp-content\/uploads\/2013\/03\/CE-Logo-2013.jpg\",\"width\":1024,\"height\":244,\"caption\":\"Agencia de Desarrollo de Exportaciones del Caribe\"},\"image\":{\"@id\":\"https:\/\/content.carib-export.com\/es\/#\/schema\/logo\/image\/\"},\"sameAs\":[\"https:\/\/www.facebook.com\/CaribbeanExport\",\"https:\/\/x.com\/CaribXport\",\"https:\/\/www.instagram.com\/caribbeanexport\",\"https:\/\/www.linkedin.com\/company\/caribbeanexport\",\"https:\/\/www.youtube.com\/user\/TheCaribbeanExport\"]}]}<\/script>\n<!-- \/ Yoast SEO plugin. -->","yoast_head_json":{"title":"El Foro de Inversi\u00f3n del Caribe 2025 concluye con un fuerte impulso para el crecimiento regional y anuncia la sede de 2026 - nombre del Exportaci\u00f3n del Caribe","robots":{"index":"index","follow":"follow","max-snippet":"max-snippet:-1","max-image-preview":"max-image-preview:large","max-video-preview":"max-video-preview:-1"},"canonical":"https:\/\/content.carib-export.com\/es\/news\/caribbean-investment-forum-2025-concludes-with-strong-momentum-for-regional-growth-and-announces-2026-host\/","og_locale":"es_ES","og_type":"article","og_title":"El Foro de Inversi\u00f3n del Caribe 2025 concluye con un fuerte impulso para el crecimiento regional y anuncia la sede de 2026 - nombre del Exportaci\u00f3n del Caribe","og_description":"El Foro de Inversi\u00f3n del Caribe (FIC ) 2025 se ha clausurado hoy tras dos d\u00edas transformadores en Montego Bay (Jamaica), cumpliendo su misi\u00f3n de posicionar al Caribe como una regi\u00f3n audaz, resistente y en la que se puede invertir, rica en oportunidades e innovaci\u00f3n. El foro reuni\u00f3 a m\u00e1s de 450 participantes de 39 [&hellip;]","og_url":"https:\/\/content.carib-export.com\/es\/news\/caribbean-investment-forum-2025-concludes-with-strong-momentum-for-regional-growth-and-announces-2026-host\/","og_site_name":"Exportaci\u00f3n del Caribe","article_publisher":"https:\/\/www.facebook.com\/CaribbeanExport","article_modified_time":"2025-08-01T00:18:16+00:00","og_image":[{"width":1000,"height":1000,"url":"https:\/\/content.carib-export.com\/wp-content\/uploads\/2019\/06\/CEDA-default-square.jpg","type":"image\/jpeg"}],"twitter_card":"summary_large_image","twitter_site":"@CaribXport","twitter_misc":{"Tiempo de lectura":"3 minutos"},"schema":{"@context":"https:\/\/schema.org","@graph":[{"@type":"WebPage","@id":"https:\/\/content.carib-export.com\/es\/news\/caribbean-investment-forum-2025-concludes-with-strong-momentum-for-regional-growth-and-announces-2026-host\/","url":"https:\/\/content.carib-export.com\/es\/news\/caribbean-investment-forum-2025-concludes-with-strong-momentum-for-regional-growth-and-announces-2026-host\/","name":"El Foro de Inversi\u00f3n del Caribe 2025 concluye con un fuerte impulso para el crecimiento regional y anuncia la sede de 2026 - nombre del Exportaci\u00f3n del Caribe","isPartOf":{"@id":"https:\/\/content.carib-export.com\/es\/#website"},"datePublished":"2025-08-01T00:15:16+00:00","dateModified":"2025-08-01T00:18:16+00:00","breadcrumb":{"@id":"https:\/\/content.carib-export.com\/es\/news\/caribbean-investment-forum-2025-concludes-with-strong-momentum-for-regional-growth-and-announces-2026-host\/#breadcrumb"},"inLanguage":"es","potentialAction":[{"@type":"ReadAction","target":["https:\/\/content.carib-export.com\/es\/news\/caribbean-investment-forum-2025-concludes-with-strong-momentum-for-regional-growth-and-announces-2026-host\/"]}]},{"@type":"BreadcrumbList","@id":"https:\/\/content.carib-export.com\/es\/news\/caribbean-investment-forum-2025-concludes-with-strong-momentum-for-regional-growth-and-announces-2026-host\/#breadcrumb","itemListElement":[{"@type":"ListItem","position":1,"name":"Casa","item":"https:\/\/content.carib-export.com\/es\/home\/"},{"@type":"ListItem","position":2,"name":"News","item":"https:\/\/content.carib-export.com\/es\/news\/"},{"@type":"ListItem","position":3,"name":"El Foro de Inversi\u00f3n del Caribe 2025 concluye con un fuerte impulso para el crecimiento regional y anuncia la sede de 2026"}]},{"@type":"WebSite","@id":"https:\/\/content.carib-export.com\/es\/#website","url":"https:\/\/content.carib-export.com\/es\/","name":"Exportaci\u00f3n del Caribe","description":"La \u00fanica agencia regional de promoci\u00f3n del comercio y las inversiones en el grupo de \u00c1frica, el Caribe y el Pac\u00edfico.","publisher":{"@id":"https:\/\/content.carib-export.com\/es\/#organization"},"potentialAction":[{"@type":"SearchAction","target":{"@type":"EntryPoint","urlTemplate":"https:\/\/content.carib-export.com\/es\/?s={search_term_string}"},"query-input":{"@type":"PropertyValueSpecification","valueRequired":true,"valueName":"search_term_string"}}],"inLanguage":"es"},{"@type":"Organization","@id":"https:\/\/content.carib-export.com\/es\/#organization","name":"Agencia de Desarrollo de Exportaciones del Caribe","url":"https:\/\/content.carib-export.com\/es\/","logo":{"@type":"ImageObject","inLanguage":"es","@id":"https:\/\/content.carib-export.com\/es\/#\/schema\/logo\/image\/","url":"https:\/\/content.carib-export.com\/wp-content\/uploads\/2013\/03\/CE-Logo-2013.jpg","contentUrl":"https:\/\/content.carib-export.com\/wp-content\/uploads\/2013\/03\/CE-Logo-2013.jpg","width":1024,"height":244,"caption":"Agencia de Desarrollo de Exportaciones del Caribe"},"image":{"@id":"https:\/\/content.carib-export.com\/es\/#\/schema\/logo\/image\/"},"sameAs":["https:\/\/www.facebook.com\/CaribbeanExport","https:\/\/x.com\/CaribXport","https:\/\/www.instagram.com\/caribbeanexport","https:\/\/www.linkedin.com\/company\/caribbeanexport","https:\/\/www.youtube.com\/user\/TheCaribbeanExport"]}]}},"_links":{"self":[{"href":"https:\/\/content.carib-export.com\/es\/wp-json\/wp\/v2\/news\/380479","targetHints":{"allow":["GET"]}}],"collection":[{"href":"https:\/\/content.carib-export.com\/es\/wp-json\/wp\/v2\/news"}],"about":[{"href":"https:\/\/content.carib-export.com\/es\/wp-json\/wp\/v2\/types\/news"}],"author":[{"embeddable":true,"href":"https:\/\/content.carib-export.com\/es\/wp-json\/wp\/v2\/users\/10"}],"version-history":[{"count":0,"href":"https:\/\/content.carib-export.com\/es\/wp-json\/wp\/v2\/news\/380479\/revisions"}],"wp:attachment":[{"href":"https:\/\/content.carib-export.com\/es\/wp-json\/wp\/v2\/media?parent=380479"}],"wp:term":[{"taxonomy":"post_tag","embeddable":true,"href":"https:\/\/content.carib-export.com\/es\/wp-json\/wp\/v2\/tags?post=380479"}],"curies":[{"name":"wp","href":"https:\/\/api.w.org\/{rel}","templated":true}]}}