{"id":264643,"date":"2020-10-20T12:42:55","date_gmt":"2020-10-20T16:42:55","guid":{"rendered":"https:\/\/content.carib-export.com\/meet-the-designer-rhaj-paul\/"},"modified":"2022-06-13T00:05:04","modified_gmt":"2022-06-13T04:05:04","slug":"meet-the-designer-rhaj-paul","status":"publish","type":"post","link":"https:\/\/content.carib-export.com\/es\/blog\/meet-the-designer-rhaj-paul\/","title":{"rendered":"Conoce al dise\u00f1ador: Rhaj Paul"},"content":{"rendered":"<div id=\"bsf_rt_marker\"><\/div>\n<h2 class=\"wp-block-heading\">Rhaj Paul &#8211; The Tailor &amp; Designer<\/h2>\n\n\n<div class=\"wp-block-image\">\n<figure class=\"alignleft size-large is-resized\"><img loading=\"lazy\" decoding=\"async\" src=\"https:\/\/content.carib-export.com\/wp-content\/uploads\/2020\/10\/THE-NAKED-TAILOR-1C-683x1024.jpg\" alt=\"\" class=\"wp-image-252631\" width=\"342\" height=\"512\" srcset=\"https:\/\/content.carib-export.com\/wp-content\/uploads\/2020\/10\/THE-NAKED-TAILOR-1C-683x1024.jpg 683w, https:\/\/content.carib-export.com\/wp-content\/uploads\/2020\/10\/THE-NAKED-TAILOR-1C-100x150.jpg 100w, https:\/\/content.carib-export.com\/wp-content\/uploads\/2020\/10\/THE-NAKED-TAILOR-1C-67x100.jpg 67w, https:\/\/content.carib-export.com\/wp-content\/uploads\/2020\/10\/THE-NAKED-TAILOR-1C-768x1152.jpg 768w, https:\/\/content.carib-export.com\/wp-content\/uploads\/2020\/10\/THE-NAKED-TAILOR-1C-1024x1536.jpg 1024w, https:\/\/content.carib-export.com\/wp-content\/uploads\/2020\/10\/THE-NAKED-TAILOR-1C-1365x2048.jpg 1365w, https:\/\/content.carib-export.com\/wp-content\/uploads\/2020\/10\/THE-NAKED-TAILOR-1C-scaled.jpg 1707w\" sizes=\"auto, (max-width: 342px) 100vw, 342px\" \/><\/figure>\n<\/div>\n\n\n<p>Barbadian tailor and designer, Rhaj Paul is widely known on the island for his signature style and tailored outfits that incorporate distinctive features.<\/p>\n\n\n\n<p>As a designer, Rhaj has also experienced success with his striking t-shirt designs that feature clean typography, with inspirational themes or Bajan colloquialisms.<\/p>\n\n\n\n<p>Quality, precision, and originality go into each creation by Rhaj and the demand for his work has grown consistently over the years. His designs have also trended on social media, with regional influencers proudly wearing their Rhaj Paul t-shirt designs.<\/p>\n\n\n\n<p>More recently, Rhaj has shown the agility of his skill in response to COVID-19 and has added tailored masks to his catalogue of designs.<\/p>\n\n\n\n<h2 class=\"wp-block-heading\">Quality Conscious Style<\/h2>\n\n\n<div class=\"wp-block-image\">\n<figure class=\"alignright size-large\"><img loading=\"lazy\" decoding=\"async\" width=\"320\" height=\"213\" src=\"https:\/\/content.carib-export.com\/wp-content\/uploads\/2020\/10\/IMG_0226.jpeg\" alt=\"\" class=\"wp-image-252645\" srcset=\"https:\/\/content.carib-export.com\/wp-content\/uploads\/2020\/10\/IMG_0226.jpeg 320w, https:\/\/content.carib-export.com\/wp-content\/uploads\/2020\/10\/IMG_0226-150x100.jpeg 150w\" sizes=\"auto, (max-width: 320px) 100vw, 320px\" \/><\/figure>\n<\/div>\n\n\n<p>Rhaj\u00e2\u20ac\u2122s love of style and originality is apparent in his work and whilst he describes his personal style as \u00e2\u20ac\u0153Street Chic\u00e2\u20ac\u009d, he has a clear vision of his ideal customer and ensures the craftsmanship that goes into his creations are designed specifically for this target audience, whom he describes as \u00e2\u20ac\u0153A quality conscious gentleman with a keen sense of style.\u00e2\u20ac\u009d<\/p>\n\n\n\n<h2 class=\"wp-block-heading\">An International Vision<\/h2>\n\n\n<div class=\"wp-block-image\">\n<figure class=\"alignleft size-large is-resized\"><img decoding=\"async\" src=\"https:\/\/content.carib-export.com\/wp-content\/uploads\/2020\/10\/IMG-20190829-WA0032.jpeg\" alt=\"\" class=\"wp-image-252639\" height=\"400\" srcset=\"https:\/\/content.carib-export.com\/wp-content\/uploads\/2020\/10\/IMG-20190829-WA0032.jpeg 1200w, https:\/\/content.carib-export.com\/wp-content\/uploads\/2020\/10\/IMG-20190829-WA0032-113x150.jpeg 113w, https:\/\/content.carib-export.com\/wp-content\/uploads\/2020\/10\/IMG-20190829-WA0032-75x100.jpeg 75w\" sizes=\"(max-width: 1200px) 100vw, 1200px\" \/><\/figure>\n<\/div>\n\n\n<p>As a designer based in the Caribbean, Rhaj is confident in the region\u00e2\u20ac\u2122s ability to make a global impact.<\/p>\n\n\n\n<p>\u00e2\u20ac\u0153The Caribbean fashion industry has a lot to give the world. We bring a unique perspective on fashion and execution, and I am pleased to be a part of that dynamic.\u00e2\u20ac\u009d<\/p>\n\n\n\n<p>His goal for his own work is to have an international presence. Specifically, in Senegal, France and the United Kingdom.<\/p>\n\n\n\n<h2 class=\"wp-block-heading\">A Ministry of Style<\/h2>\n\n\n<div class=\"wp-block-image\">\n<figure class=\"alignright size-large is-resized\"><img loading=\"lazy\" decoding=\"async\" src=\"https:\/\/content.carib-export.com\/wp-content\/uploads\/2020\/10\/brand-evolve-flamingo-jeans-and-measuring-tape--1024x1024.jpg\" alt=\"\" class=\"wp-image-252636\" width=\"400\" height=\"400\" srcset=\"https:\/\/content.carib-export.com\/wp-content\/uploads\/2020\/10\/brand-evolve-flamingo-jeans-and-measuring-tape--1024x1024.jpg 1024w, https:\/\/content.carib-export.com\/wp-content\/uploads\/2020\/10\/brand-evolve-flamingo-jeans-and-measuring-tape--150x150.jpg 150w, https:\/\/content.carib-export.com\/wp-content\/uploads\/2020\/10\/brand-evolve-flamingo-jeans-and-measuring-tape--100x100.jpg 100w, https:\/\/content.carib-export.com\/wp-content\/uploads\/2020\/10\/brand-evolve-flamingo-jeans-and-measuring-tape--768x768.jpg 768w, https:\/\/content.carib-export.com\/wp-content\/uploads\/2020\/10\/brand-evolve-flamingo-jeans-and-measuring-tape--70x70.jpg 70w, https:\/\/content.carib-export.com\/wp-content\/uploads\/2020\/10\/brand-evolve-flamingo-jeans-and-measuring-tape-.jpg 1080w\" sizes=\"auto, (max-width: 400px) 100vw, 400px\" \/><figcaption>Brand Evolve Flamingo jeans<\/figcaption><\/figure>\n<\/div>\n\n\n<p>Rhaj\u00e2\u20ac\u2122s passion for bringing his ideas to life is a key motivator for the designer. The skill, quality and originality that goes into each piece has created a solid foundation for Rhaj and attracted a style-conscious clientele.<\/p>\n\n\n\n<p>With his impressive portfolio and growing popularity over the years, he has proven his work has filled a niche for those who are not afraid to stand out and make a statement with their style.<\/p>\n","protected":false},"excerpt":{"rendered":"<p>Rhaj Paul &#8211; The Tailor &amp; Designer Barbadian tailor and designer, Rhaj Paul is widely known on the island for his signature style and tailored outfits that incorporate distinctive features. As a designer, Rhaj has also experienced success with his striking t-shirt designs that feature clean typography, with inspirational themes or Bajan colloquialisms. Quality, precision, [&hellip;]<\/p>\n","protected":false},"author":9,"featured_media":252657,"comment_status":"closed","ping_status":"closed","sticky":false,"template":"","format":"standard","meta":{"_acf_changed":false,"inline_featured_image":false,"footnotes":""},"categories":[4516],"tags":[],"class_list":["post-264643","post","type-post","status-publish","format-standard","has-post-thumbnail","hentry","category-blog"],"acf":[],"yoast_head":"<!-- This site is optimized with the Yoast SEO plugin v27.1.1 - https:\/\/yoast.com\/product\/yoast-seo-wordpress\/ -->\n<title>Conoce al dise\u00f1ador: Rhaj Paul - nombre del Exportaci\u00f3n del Caribe<\/title>\n<meta name=\"robots\" content=\"index, follow, max-snippet:-1, max-image-preview:large, max-video-preview:-1\" \/>\n<link rel=\"canonical\" href=\"https:\/\/content.carib-export.com\/es\/blog\/meet-the-designer-rhaj-paul\/\" \/>\n<meta property=\"og:locale\" content=\"es_ES\" \/>\n<meta property=\"og:type\" content=\"article\" \/>\n<meta property=\"og:title\" content=\"Conoce al dise\u00f1ador: Rhaj Paul - nombre del Exportaci\u00f3n del Caribe\" \/>\n<meta property=\"og:description\" content=\"Rhaj Paul &#8211; The Tailor &amp; Designer Barbadian tailor and designer, Rhaj Paul is widely known on the island for his signature style and tailored outfits that incorporate distinctive features. As a designer, Rhaj has also experienced success with his striking t-shirt designs that feature clean typography, with inspirational themes or Bajan colloquialisms. Quality, precision, [&hellip;]\" \/>\n<meta property=\"og:url\" content=\"https:\/\/content.carib-export.com\/es\/blog\/meet-the-designer-rhaj-paul\/\" \/>\n<meta property=\"og:site_name\" content=\"Exportaci\u00f3n del Caribe\" \/>\n<meta property=\"article:publisher\" content=\"https:\/\/www.facebook.com\/CaribbeanExport\" \/>\n<meta property=\"article:published_time\" content=\"2020-10-20T16:42:55+00:00\" \/>\n<meta property=\"article:modified_time\" content=\"2022-06-13T04:05:04+00:00\" \/>\n<meta property=\"og:image\" content=\"https:\/\/content.carib-export.com\/wp-content\/uploads\/2020\/10\/Featured-Images-Website-16.png\" \/>\n\t<meta property=\"og:image:width\" content=\"800\" \/>\n\t<meta property=\"og:image:height\" content=\"800\" \/>\n\t<meta property=\"og:image:type\" content=\"image\/png\" \/>\n<meta name=\"author\" content=\"Deidre Brathwaite\" \/>\n<meta name=\"twitter:card\" content=\"summary_large_image\" \/>\n<meta name=\"twitter:creator\" content=\"@https:\/\/twitter.com\/DkBInteractive\" \/>\n<meta name=\"twitter:site\" content=\"@CaribXport\" \/>\n<meta name=\"twitter:label1\" content=\"Escrito por\" \/>\n\t<meta name=\"twitter:data1\" content=\"Deidre Brathwaite\" \/>\n\t<meta name=\"twitter:label2\" content=\"Tiempo de lectura\" \/>\n\t<meta name=\"twitter:data2\" content=\"2 minutos\" \/>\n<script type=\"application\/ld+json\" class=\"yoast-schema-graph\">{\"@context\":\"https:\/\/schema.org\",\"@graph\":[{\"@type\":\"Article\",\"@id\":\"https:\/\/content.carib-export.com\/es\/blog\/meet-the-designer-rhaj-paul\/#article\",\"isPartOf\":{\"@id\":\"https:\/\/content.carib-export.com\/es\/blog\/meet-the-designer-rhaj-paul\/\"},\"author\":{\"name\":\"Deidre Brathwaite\",\"@id\":\"https:\/\/content.carib-export.com\/es\/#\/schema\/person\/52e67161560047831f389d6f37260884\"},\"headline\":\"Conoce al dise\u00f1ador: Rhaj Paul\",\"datePublished\":\"2020-10-20T16:42:55+00:00\",\"dateModified\":\"2022-06-13T04:05:04+00:00\",\"mainEntityOfPage\":{\"@id\":\"https:\/\/content.carib-export.com\/es\/blog\/meet-the-designer-rhaj-paul\/\"},\"wordCount\":342,\"publisher\":{\"@id\":\"https:\/\/content.carib-export.com\/es\/#organization\"},\"image\":{\"@id\":\"https:\/\/content.carib-export.com\/es\/blog\/meet-the-designer-rhaj-paul\/#primaryimage\"},\"thumbnailUrl\":\"https:\/\/content.carib-export.com\/wp-content\/uploads\/2020\/10\/Featured-Images-Website-16.png\",\"articleSection\":[\"Blog\"],\"inLanguage\":\"es\"},{\"@type\":\"WebPage\",\"@id\":\"https:\/\/content.carib-export.com\/es\/blog\/meet-the-designer-rhaj-paul\/\",\"url\":\"https:\/\/content.carib-export.com\/es\/blog\/meet-the-designer-rhaj-paul\/\",\"name\":\"Conoce al dise\u00f1ador: Rhaj Paul - nombre del Exportaci\u00f3n del Caribe\",\"isPartOf\":{\"@id\":\"https:\/\/content.carib-export.com\/es\/#website\"},\"primaryImageOfPage\":{\"@id\":\"https:\/\/content.carib-export.com\/es\/blog\/meet-the-designer-rhaj-paul\/#primaryimage\"},\"image\":{\"@id\":\"https:\/\/content.carib-export.com\/es\/blog\/meet-the-designer-rhaj-paul\/#primaryimage\"},\"thumbnailUrl\":\"https:\/\/content.carib-export.com\/wp-content\/uploads\/2020\/10\/Featured-Images-Website-16.png\",\"datePublished\":\"2020-10-20T16:42:55+00:00\",\"dateModified\":\"2022-06-13T04:05:04+00:00\",\"breadcrumb\":{\"@id\":\"https:\/\/content.carib-export.com\/es\/blog\/meet-the-designer-rhaj-paul\/#breadcrumb\"},\"inLanguage\":\"es\",\"potentialAction\":[{\"@type\":\"ReadAction\",\"target\":[\"https:\/\/content.carib-export.com\/es\/blog\/meet-the-designer-rhaj-paul\/\"]}]},{\"@type\":\"ImageObject\",\"inLanguage\":\"es\",\"@id\":\"https:\/\/content.carib-export.com\/es\/blog\/meet-the-designer-rhaj-paul\/#primaryimage\",\"url\":\"https:\/\/content.carib-export.com\/wp-content\/uploads\/2020\/10\/Featured-Images-Website-16.png\",\"contentUrl\":\"https:\/\/content.carib-export.com\/wp-content\/uploads\/2020\/10\/Featured-Images-Website-16.png\",\"width\":800,\"height\":800},{\"@type\":\"BreadcrumbList\",\"@id\":\"https:\/\/content.carib-export.com\/es\/blog\/meet-the-designer-rhaj-paul\/#breadcrumb\",\"itemListElement\":[{\"@type\":\"ListItem\",\"position\":1,\"name\":\"Casa\",\"item\":\"https:\/\/content.carib-export.com\/es\/home\/\"},{\"@type\":\"ListItem\",\"position\":2,\"name\":\"Blog\",\"item\":\"https:\/\/content.carib-export.com\/es\/blog\/\"},{\"@type\":\"ListItem\",\"position\":3,\"name\":\"Conoce al dise\u00f1ador: Rhaj Paul\"}]},{\"@type\":\"WebSite\",\"@id\":\"https:\/\/content.carib-export.com\/es\/#website\",\"url\":\"https:\/\/content.carib-export.com\/es\/\",\"name\":\"Exportaci\u00f3n del Caribe\",\"description\":\"La \u00fanica agencia regional de promoci\u00f3n del comercio y las inversiones en el grupo de \u00c1frica, el Caribe y el Pac\u00edfico.\",\"publisher\":{\"@id\":\"https:\/\/content.carib-export.com\/es\/#organization\"},\"potentialAction\":[{\"@type\":\"SearchAction\",\"target\":{\"@type\":\"EntryPoint\",\"urlTemplate\":\"https:\/\/content.carib-export.com\/es\/?s={search_term_string}\"},\"query-input\":{\"@type\":\"PropertyValueSpecification\",\"valueRequired\":true,\"valueName\":\"search_term_string\"}}],\"inLanguage\":\"es\"},{\"@type\":\"Organization\",\"@id\":\"https:\/\/content.carib-export.com\/es\/#organization\",\"name\":\"Agencia de Desarrollo de Exportaciones del Caribe\",\"url\":\"https:\/\/content.carib-export.com\/es\/\",\"logo\":{\"@type\":\"ImageObject\",\"inLanguage\":\"es\",\"@id\":\"https:\/\/content.carib-export.com\/es\/#\/schema\/logo\/image\/\",\"url\":\"https:\/\/content.carib-export.com\/wp-content\/uploads\/2013\/03\/CE-Logo-2013.jpg\",\"contentUrl\":\"https:\/\/content.carib-export.com\/wp-content\/uploads\/2013\/03\/CE-Logo-2013.jpg\",\"width\":1024,\"height\":244,\"caption\":\"Agencia de Desarrollo de Exportaciones del Caribe\"},\"image\":{\"@id\":\"https:\/\/content.carib-export.com\/es\/#\/schema\/logo\/image\/\"},\"sameAs\":[\"https:\/\/www.facebook.com\/CaribbeanExport\",\"https:\/\/x.com\/CaribXport\",\"https:\/\/www.instagram.com\/caribbeanexport\",\"https:\/\/www.linkedin.com\/company\/caribbeanexport\",\"https:\/\/www.youtube.com\/user\/TheCaribbeanExport\"]},{\"@type\":\"Person\",\"@id\":\"https:\/\/content.carib-export.com\/es\/#\/schema\/person\/52e67161560047831f389d6f37260884\",\"name\":\"Deidre Brathwaite\",\"image\":{\"@type\":\"ImageObject\",\"inLanguage\":\"es\",\"@id\":\"https:\/\/content.carib-export.com\/es\/#\/schema\/person\/image\/\",\"url\":\"https:\/\/content.carib-export.com\/wp-content\/uploads\/2025\/03\/cropped-Deidre-Brathwaite-Digital-and-Social-Media-Officer-2-96x96.png\",\"contentUrl\":\"https:\/\/content.carib-export.com\/wp-content\/uploads\/2025\/03\/cropped-Deidre-Brathwaite-Digital-and-Social-Media-Officer-2-96x96.png\",\"caption\":\"Deidre Brathwaite\"},\"description\":\"Deidre is the Digital and Social Media Officer at Caribbean Export Development Agency. She currently manages the Agency\u2019s digital presence. She is a foodie and loves to travel.\",\"sameAs\":[\"https:\/\/www.instagram.com\/deidrebrathwaite\/\",\"https:\/\/www.linkedin.com\/in\/deidrebrathwaite\/\",\"https:\/\/x.com\/https:\/\/twitter.com\/DkBInteractive\"],\"url\":\"https:\/\/content.carib-export.com\/es\/author\/deidreb\/\"}]}<\/script>\n<!-- \/ Yoast SEO plugin. -->","yoast_head_json":{"title":"Conoce al dise\u00f1ador: Rhaj Paul - nombre del Exportaci\u00f3n del Caribe","robots":{"index":"index","follow":"follow","max-snippet":"max-snippet:-1","max-image-preview":"max-image-preview:large","max-video-preview":"max-video-preview:-1"},"canonical":"https:\/\/content.carib-export.com\/es\/blog\/meet-the-designer-rhaj-paul\/","og_locale":"es_ES","og_type":"article","og_title":"Conoce al dise\u00f1ador: Rhaj Paul - nombre del Exportaci\u00f3n del Caribe","og_description":"Rhaj Paul &#8211; The Tailor &amp; Designer Barbadian tailor and designer, Rhaj Paul is widely known on the island for his signature style and tailored outfits that incorporate distinctive features. As a designer, Rhaj has also experienced success with his striking t-shirt designs that feature clean typography, with inspirational themes or Bajan colloquialisms. Quality, precision, [&hellip;]","og_url":"https:\/\/content.carib-export.com\/es\/blog\/meet-the-designer-rhaj-paul\/","og_site_name":"Exportaci\u00f3n del Caribe","article_publisher":"https:\/\/www.facebook.com\/CaribbeanExport","article_published_time":"2020-10-20T16:42:55+00:00","article_modified_time":"2022-06-13T04:05:04+00:00","og_image":[{"width":800,"height":800,"url":"https:\/\/content.carib-export.com\/wp-content\/uploads\/2020\/10\/Featured-Images-Website-16.png","type":"image\/png"}],"author":"Deidre Brathwaite","twitter_card":"summary_large_image","twitter_creator":"@https:\/\/twitter.com\/DkBInteractive","twitter_site":"@CaribXport","twitter_misc":{"Escrito por":"Deidre Brathwaite","Tiempo de lectura":"2 minutos"},"schema":{"@context":"https:\/\/schema.org","@graph":[{"@type":"Article","@id":"https:\/\/content.carib-export.com\/es\/blog\/meet-the-designer-rhaj-paul\/#article","isPartOf":{"@id":"https:\/\/content.carib-export.com\/es\/blog\/meet-the-designer-rhaj-paul\/"},"author":{"name":"Deidre Brathwaite","@id":"https:\/\/content.carib-export.com\/es\/#\/schema\/person\/52e67161560047831f389d6f37260884"},"headline":"Conoce al dise\u00f1ador: Rhaj Paul","datePublished":"2020-10-20T16:42:55+00:00","dateModified":"2022-06-13T04:05:04+00:00","mainEntityOfPage":{"@id":"https:\/\/content.carib-export.com\/es\/blog\/meet-the-designer-rhaj-paul\/"},"wordCount":342,"publisher":{"@id":"https:\/\/content.carib-export.com\/es\/#organization"},"image":{"@id":"https:\/\/content.carib-export.com\/es\/blog\/meet-the-designer-rhaj-paul\/#primaryimage"},"thumbnailUrl":"https:\/\/content.carib-export.com\/wp-content\/uploads\/2020\/10\/Featured-Images-Website-16.png","articleSection":["Blog"],"inLanguage":"es"},{"@type":"WebPage","@id":"https:\/\/content.carib-export.com\/es\/blog\/meet-the-designer-rhaj-paul\/","url":"https:\/\/content.carib-export.com\/es\/blog\/meet-the-designer-rhaj-paul\/","name":"Conoce al dise\u00f1ador: Rhaj Paul - nombre del Exportaci\u00f3n del Caribe","isPartOf":{"@id":"https:\/\/content.carib-export.com\/es\/#website"},"primaryImageOfPage":{"@id":"https:\/\/content.carib-export.com\/es\/blog\/meet-the-designer-rhaj-paul\/#primaryimage"},"image":{"@id":"https:\/\/content.carib-export.com\/es\/blog\/meet-the-designer-rhaj-paul\/#primaryimage"},"thumbnailUrl":"https:\/\/content.carib-export.com\/wp-content\/uploads\/2020\/10\/Featured-Images-Website-16.png","datePublished":"2020-10-20T16:42:55+00:00","dateModified":"2022-06-13T04:05:04+00:00","breadcrumb":{"@id":"https:\/\/content.carib-export.com\/es\/blog\/meet-the-designer-rhaj-paul\/#breadcrumb"},"inLanguage":"es","potentialAction":[{"@type":"ReadAction","target":["https:\/\/content.carib-export.com\/es\/blog\/meet-the-designer-rhaj-paul\/"]}]},{"@type":"ImageObject","inLanguage":"es","@id":"https:\/\/content.carib-export.com\/es\/blog\/meet-the-designer-rhaj-paul\/#primaryimage","url":"https:\/\/content.carib-export.com\/wp-content\/uploads\/2020\/10\/Featured-Images-Website-16.png","contentUrl":"https:\/\/content.carib-export.com\/wp-content\/uploads\/2020\/10\/Featured-Images-Website-16.png","width":800,"height":800},{"@type":"BreadcrumbList","@id":"https:\/\/content.carib-export.com\/es\/blog\/meet-the-designer-rhaj-paul\/#breadcrumb","itemListElement":[{"@type":"ListItem","position":1,"name":"Casa","item":"https:\/\/content.carib-export.com\/es\/home\/"},{"@type":"ListItem","position":2,"name":"Blog","item":"https:\/\/content.carib-export.com\/es\/blog\/"},{"@type":"ListItem","position":3,"name":"Conoce al dise\u00f1ador: Rhaj Paul"}]},{"@type":"WebSite","@id":"https:\/\/content.carib-export.com\/es\/#website","url":"https:\/\/content.carib-export.com\/es\/","name":"Exportaci\u00f3n del Caribe","description":"La \u00fanica agencia regional de promoci\u00f3n del comercio y las inversiones en el grupo de \u00c1frica, el Caribe y el Pac\u00edfico.","publisher":{"@id":"https:\/\/content.carib-export.com\/es\/#organization"},"potentialAction":[{"@type":"SearchAction","target":{"@type":"EntryPoint","urlTemplate":"https:\/\/content.carib-export.com\/es\/?s={search_term_string}"},"query-input":{"@type":"PropertyValueSpecification","valueRequired":true,"valueName":"search_term_string"}}],"inLanguage":"es"},{"@type":"Organization","@id":"https:\/\/content.carib-export.com\/es\/#organization","name":"Agencia de Desarrollo de Exportaciones del Caribe","url":"https:\/\/content.carib-export.com\/es\/","logo":{"@type":"ImageObject","inLanguage":"es","@id":"https:\/\/content.carib-export.com\/es\/#\/schema\/logo\/image\/","url":"https:\/\/content.carib-export.com\/wp-content\/uploads\/2013\/03\/CE-Logo-2013.jpg","contentUrl":"https:\/\/content.carib-export.com\/wp-content\/uploads\/2013\/03\/CE-Logo-2013.jpg","width":1024,"height":244,"caption":"Agencia de Desarrollo de Exportaciones del Caribe"},"image":{"@id":"https:\/\/content.carib-export.com\/es\/#\/schema\/logo\/image\/"},"sameAs":["https:\/\/www.facebook.com\/CaribbeanExport","https:\/\/x.com\/CaribXport","https:\/\/www.instagram.com\/caribbeanexport","https:\/\/www.linkedin.com\/company\/caribbeanexport","https:\/\/www.youtube.com\/user\/TheCaribbeanExport"]},{"@type":"Person","@id":"https:\/\/content.carib-export.com\/es\/#\/schema\/person\/52e67161560047831f389d6f37260884","name":"Deidre Brathwaite","image":{"@type":"ImageObject","inLanguage":"es","@id":"https:\/\/content.carib-export.com\/es\/#\/schema\/person\/image\/","url":"https:\/\/content.carib-export.com\/wp-content\/uploads\/2025\/03\/cropped-Deidre-Brathwaite-Digital-and-Social-Media-Officer-2-96x96.png","contentUrl":"https:\/\/content.carib-export.com\/wp-content\/uploads\/2025\/03\/cropped-Deidre-Brathwaite-Digital-and-Social-Media-Officer-2-96x96.png","caption":"Deidre Brathwaite"},"description":"Deidre is the Digital and Social Media Officer at Caribbean Export Development Agency. She currently manages the Agency\u2019s digital presence. She is a foodie and loves to travel.","sameAs":["https:\/\/www.instagram.com\/deidrebrathwaite\/","https:\/\/www.linkedin.com\/in\/deidrebrathwaite\/","https:\/\/x.com\/https:\/\/twitter.com\/DkBInteractive"],"url":"https:\/\/content.carib-export.com\/es\/author\/deidreb\/"}]}},"_links":{"self":[{"href":"https:\/\/content.carib-export.com\/es\/wp-json\/wp\/v2\/posts\/264643","targetHints":{"allow":["GET"]}}],"collection":[{"href":"https:\/\/content.carib-export.com\/es\/wp-json\/wp\/v2\/posts"}],"about":[{"href":"https:\/\/content.carib-export.com\/es\/wp-json\/wp\/v2\/types\/post"}],"author":[{"embeddable":true,"href":"https:\/\/content.carib-export.com\/es\/wp-json\/wp\/v2\/users\/9"}],"replies":[{"embeddable":true,"href":"https:\/\/content.carib-export.com\/es\/wp-json\/wp\/v2\/comments?post=264643"}],"version-history":[{"count":0,"href":"https:\/\/content.carib-export.com\/es\/wp-json\/wp\/v2\/posts\/264643\/revisions"}],"wp:featuredmedia":[{"embeddable":true,"href":"https:\/\/content.carib-export.com\/es\/wp-json\/wp\/v2\/media\/252657"}],"wp:attachment":[{"href":"https:\/\/content.carib-export.com\/es\/wp-json\/wp\/v2\/media?parent=264643"}],"wp:term":[{"taxonomy":"category","embeddable":true,"href":"https:\/\/content.carib-export.com\/es\/wp-json\/wp\/v2\/categories?post=264643"},{"taxonomy":"post_tag","embeddable":true,"href":"https:\/\/content.carib-export.com\/es\/wp-json\/wp\/v2\/tags?post=264643"}],"curies":[{"name":"wp","href":"https:\/\/api.w.org\/{rel}","templated":true}]}}