{"id":288696,"date":"2022-06-21T11:53:29","date_gmt":"2022-06-21T15:53:29","guid":{"rendered":"https:\/\/content.carib-export.com\/greening-the-economy-the-path-to-sustainable-caribbean-private-sector-development\/"},"modified":"2022-12-01T10:55:38","modified_gmt":"2022-12-01T14:55:38","slug":"greening-the-economy-the-path-to-sustainable-caribbean-private-sector-development","status":"publish","type":"post","link":"https:\/\/content.carib-export.com\/es\/blog\/greening-the-economy-the-path-to-sustainable-caribbean-private-sector-development\/","title":{"rendered":"Ecologizar la econom\u00eda: el camino hacia el desarrollo sostenible del sector privado caribe\u00f1o"},"content":{"rendered":"<div id=\"bsf_rt_marker\"><\/div>\n<p>Un enfoque inclusivo de la econom\u00eda verde ofrecer\u00e1 multitud de oportunidades para que las econom\u00edas caribe\u00f1as logren un desarrollo sostenible.<\/p>\n\n<p>Para ello, las oportunidades en la econom\u00eda verde ser\u00e1n un \u00e1rea de gran desarrollo en la que se centrar\u00e1 la colaboraci\u00f3n entre la Agencia de Desarrollo de las Exportaciones del Caribe (Caribbean Export) y la Deutsche Gesellschaft f\u00fcr Internationale Zusammenarbeit (GIZ) GmbH en los pr\u00f3ximos 3-5 a\u00f1os.<\/p>\n\n<p>La importancia del sector ecol\u00f3gico fue el tema central de los debates durante una reuni\u00f3n h\u00edbrida entre la GIZ y Caribbean Export en la sede de la Agencia el 15 de junio de 2022. La reuni\u00f3n pretend\u00eda explorar sinergias y discutir futuras colaboraciones en el desarrollo del sector privado y en proyectos globales.<\/p>\n\n<figure class=\"wp-block-embed is-type-video is-provider-youtube wp-block-embed-youtube wp-embed-aspect-16-9 wp-has-aspect-ratio\"><div class=\"wp-block-embed__wrapper\">\n<iframe loading=\"lazy\" title=\"GIZ in the Caribbean\" width=\"640\" height=\"360\" src=\"https:\/\/www.youtube.com\/embed\/qnpFScI8gnQ?feature=oembed\" frameborder=\"0\" allow=\"accelerometer; autoplay; clipboard-write; encrypted-media; gyroscope; picture-in-picture; web-share\" referrerpolicy=\"strict-origin-when-cross-origin\" allowfullscreen><\/iframe>\n<\/div><\/figure>\n\n<p>Durante los debates, la Sra. Blickwede, Directora Regional de la GIZ para el Caribe, reiter\u00f3 la importancia del Acuerdo de Asociaci\u00f3n Econ\u00f3mica (AAE) entre el CARIFORUM y la UE \u00abcomo una magn\u00edfica base para fomentar el desarrollo del sector privado, ampliar y aumentar las oportunidades de mercado y crear empleo para el sector privado\u00bb. La Sra. Blickwede continu\u00f3 expresando su satisfacci\u00f3n por los numerosos resultados positivos creados gracias a la naturaleza centrada de la colaboraci\u00f3n entre Caribbean Export y GIZ.<\/p>\n\n<p>Caribbean Export y GIZ han estado trabajando juntos durante m\u00e1s de una d\u00e9cada, y el Sr. Maharaj elogi\u00f3 la larga y fruct\u00edfera asociaci\u00f3n que ha incluido varias iniciativas exitosas, espec\u00edficamente el Foro de Negocios en 2019, que busc\u00f3 desarrollar asociaciones internacionales para los exportadores del Caribe en sectores clave de agroprocesamiento, productos naturales e industrias creativas.<\/p>\n\n<p><a href=\"https:\/\/content.carib-export.com\/es\/about\/partnerships\/giz\/\" target=\"_blank\" rel=\"noreferrer noopener\">La GIZ<\/a> es la agencia de desarrollo alemana de propiedad gubernamental y trabaja en m\u00e1s de 120 pa\u00edses.<\/p>\n","protected":false},"excerpt":{"rendered":"<p>Un enfoque inclusivo de la econom\u00eda verde ofrecer\u00e1 multitud de oportunidades para que las econom\u00edas caribe\u00f1as logren un desarrollo sostenible. Para ello, las oportunidades en la econom\u00eda verde ser\u00e1n un \u00e1rea de gran desarrollo en la que se centrar\u00e1 la colaboraci\u00f3n entre la Agencia de Desarrollo de las Exportaciones del Caribe (Caribbean Export) y la [&hellip;]<\/p>\n","protected":false},"author":9,"featured_media":0,"comment_status":"closed","ping_status":"closed","sticky":false,"template":"","format":"standard","meta":{"_acf_changed":false,"inline_featured_image":false,"footnotes":""},"categories":[4516],"tags":[],"class_list":["post-288696","post","type-post","status-publish","format-standard","hentry","category-blog"],"acf":[],"yoast_head":"<!-- This site is optimized with the Yoast SEO plugin v27.1.1 - https:\/\/yoast.com\/product\/yoast-seo-wordpress\/ -->\n<title>Ecologizar la econom\u00eda: el camino hacia el desarrollo sostenible del sector privado caribe\u00f1o - nombre del Exportaci\u00f3n del Caribe<\/title>\n<meta name=\"robots\" content=\"index, follow, max-snippet:-1, max-image-preview:large, max-video-preview:-1\" \/>\n<link rel=\"canonical\" href=\"https:\/\/content.carib-export.com\/es\/blog\/greening-the-economy-the-path-to-sustainable-caribbean-private-sector-development\/\" \/>\n<meta property=\"og:locale\" content=\"es_ES\" \/>\n<meta property=\"og:type\" content=\"article\" \/>\n<meta property=\"og:title\" content=\"Ecologizar la econom\u00eda: el camino hacia el desarrollo sostenible del sector privado caribe\u00f1o - nombre del Exportaci\u00f3n del Caribe\" \/>\n<meta property=\"og:description\" content=\"Un enfoque inclusivo de la econom\u00eda verde ofrecer\u00e1 multitud de oportunidades para que las econom\u00edas caribe\u00f1as logren un desarrollo sostenible. Para ello, las oportunidades en la econom\u00eda verde ser\u00e1n un \u00e1rea de gran desarrollo en la que se centrar\u00e1 la colaboraci\u00f3n entre la Agencia de Desarrollo de las Exportaciones del Caribe (Caribbean Export) y la [&hellip;]\" \/>\n<meta property=\"og:url\" content=\"https:\/\/content.carib-export.com\/es\/blog\/greening-the-economy-the-path-to-sustainable-caribbean-private-sector-development\/\" \/>\n<meta property=\"og:site_name\" content=\"Exportaci\u00f3n del Caribe\" \/>\n<meta property=\"article:publisher\" content=\"https:\/\/www.facebook.com\/CaribbeanExport\" \/>\n<meta property=\"article:published_time\" content=\"2022-06-21T15:53:29+00:00\" \/>\n<meta property=\"article:modified_time\" content=\"2022-12-01T14:55:38+00:00\" \/>\n<meta property=\"og:image\" content=\"https:\/\/content.carib-export.com\/wp-content\/uploads\/2022\/06\/Featured-Images-Website-3.png\" \/>\n\t<meta property=\"og:image:width\" content=\"800\" \/>\n\t<meta property=\"og:image:height\" content=\"800\" \/>\n\t<meta property=\"og:image:type\" content=\"image\/png\" \/>\n<meta name=\"author\" content=\"Deidre Brathwaite\" \/>\n<meta name=\"twitter:card\" content=\"summary_large_image\" \/>\n<meta name=\"twitter:creator\" content=\"@https:\/\/twitter.com\/DkBInteractive\" \/>\n<meta name=\"twitter:site\" content=\"@CaribXport\" \/>\n<meta name=\"twitter:label1\" content=\"Escrito por\" \/>\n\t<meta name=\"twitter:data1\" content=\"Deidre Brathwaite\" \/>\n\t<meta name=\"twitter:label2\" content=\"Tiempo de lectura\" \/>\n\t<meta name=\"twitter:data2\" content=\"2 minutos\" \/>\n<script type=\"application\/ld+json\" class=\"yoast-schema-graph\">{\"@context\":\"https:\/\/schema.org\",\"@graph\":[{\"@type\":\"Article\",\"@id\":\"https:\/\/content.carib-export.com\/es\/blog\/greening-the-economy-the-path-to-sustainable-caribbean-private-sector-development\/#article\",\"isPartOf\":{\"@id\":\"https:\/\/content.carib-export.com\/es\/blog\/greening-the-economy-the-path-to-sustainable-caribbean-private-sector-development\/\"},\"author\":{\"name\":\"Deidre Brathwaite\",\"@id\":\"https:\/\/content.carib-export.com\/es\/#\/schema\/person\/52e67161560047831f389d6f37260884\"},\"headline\":\"Ecologizar la econom\u00eda: el camino hacia el desarrollo sostenible del sector privado caribe\u00f1o\",\"datePublished\":\"2022-06-21T15:53:29+00:00\",\"dateModified\":\"2022-12-01T14:55:38+00:00\",\"mainEntityOfPage\":{\"@id\":\"https:\/\/content.carib-export.com\/es\/blog\/greening-the-economy-the-path-to-sustainable-caribbean-private-sector-development\/\"},\"wordCount\":316,\"publisher\":{\"@id\":\"https:\/\/content.carib-export.com\/es\/#organization\"},\"articleSection\":[\"Blog\"],\"inLanguage\":\"es\"},{\"@type\":\"WebPage\",\"@id\":\"https:\/\/content.carib-export.com\/es\/blog\/greening-the-economy-the-path-to-sustainable-caribbean-private-sector-development\/\",\"url\":\"https:\/\/content.carib-export.com\/es\/blog\/greening-the-economy-the-path-to-sustainable-caribbean-private-sector-development\/\",\"name\":\"Ecologizar la econom\u00eda: el camino hacia el desarrollo sostenible del sector privado caribe\u00f1o - nombre del Exportaci\u00f3n del Caribe\",\"isPartOf\":{\"@id\":\"https:\/\/content.carib-export.com\/es\/#website\"},\"datePublished\":\"2022-06-21T15:53:29+00:00\",\"dateModified\":\"2022-12-01T14:55:38+00:00\",\"breadcrumb\":{\"@id\":\"https:\/\/content.carib-export.com\/es\/blog\/greening-the-economy-the-path-to-sustainable-caribbean-private-sector-development\/#breadcrumb\"},\"inLanguage\":\"es\",\"potentialAction\":[{\"@type\":\"ReadAction\",\"target\":[\"https:\/\/content.carib-export.com\/es\/blog\/greening-the-economy-the-path-to-sustainable-caribbean-private-sector-development\/\"]}]},{\"@type\":\"BreadcrumbList\",\"@id\":\"https:\/\/content.carib-export.com\/es\/blog\/greening-the-economy-the-path-to-sustainable-caribbean-private-sector-development\/#breadcrumb\",\"itemListElement\":[{\"@type\":\"ListItem\",\"position\":1,\"name\":\"Casa\",\"item\":\"https:\/\/content.carib-export.com\/es\/home\/\"},{\"@type\":\"ListItem\",\"position\":2,\"name\":\"Blog\",\"item\":\"https:\/\/content.carib-export.com\/es\/blog\/\"},{\"@type\":\"ListItem\",\"position\":3,\"name\":\"Ecologizar la econom\u00eda: el camino hacia el desarrollo sostenible del sector privado caribe\u00f1o\"}]},{\"@type\":\"WebSite\",\"@id\":\"https:\/\/content.carib-export.com\/es\/#website\",\"url\":\"https:\/\/content.carib-export.com\/es\/\",\"name\":\"Exportaci\u00f3n del Caribe\",\"description\":\"La \u00fanica agencia regional de promoci\u00f3n del comercio y las inversiones en el grupo de \u00c1frica, el Caribe y el Pac\u00edfico.\",\"publisher\":{\"@id\":\"https:\/\/content.carib-export.com\/es\/#organization\"},\"potentialAction\":[{\"@type\":\"SearchAction\",\"target\":{\"@type\":\"EntryPoint\",\"urlTemplate\":\"https:\/\/content.carib-export.com\/es\/?s={search_term_string}\"},\"query-input\":{\"@type\":\"PropertyValueSpecification\",\"valueRequired\":true,\"valueName\":\"search_term_string\"}}],\"inLanguage\":\"es\"},{\"@type\":\"Organization\",\"@id\":\"https:\/\/content.carib-export.com\/es\/#organization\",\"name\":\"Agencia de Desarrollo de Exportaciones del Caribe\",\"url\":\"https:\/\/content.carib-export.com\/es\/\",\"logo\":{\"@type\":\"ImageObject\",\"inLanguage\":\"es\",\"@id\":\"https:\/\/content.carib-export.com\/es\/#\/schema\/logo\/image\/\",\"url\":\"https:\/\/content.carib-export.com\/wp-content\/uploads\/2013\/03\/CE-Logo-2013.jpg\",\"contentUrl\":\"https:\/\/content.carib-export.com\/wp-content\/uploads\/2013\/03\/CE-Logo-2013.jpg\",\"width\":1024,\"height\":244,\"caption\":\"Agencia de Desarrollo de Exportaciones del Caribe\"},\"image\":{\"@id\":\"https:\/\/content.carib-export.com\/es\/#\/schema\/logo\/image\/\"},\"sameAs\":[\"https:\/\/www.facebook.com\/CaribbeanExport\",\"https:\/\/x.com\/CaribXport\",\"https:\/\/www.instagram.com\/caribbeanexport\",\"https:\/\/www.linkedin.com\/company\/caribbeanexport\",\"https:\/\/www.youtube.com\/user\/TheCaribbeanExport\"]},{\"@type\":\"Person\",\"@id\":\"https:\/\/content.carib-export.com\/es\/#\/schema\/person\/52e67161560047831f389d6f37260884\",\"name\":\"Deidre Brathwaite\",\"image\":{\"@type\":\"ImageObject\",\"inLanguage\":\"es\",\"@id\":\"https:\/\/content.carib-export.com\/es\/#\/schema\/person\/image\/\",\"url\":\"https:\/\/content.carib-export.com\/wp-content\/uploads\/2025\/03\/cropped-Deidre-Brathwaite-Digital-and-Social-Media-Officer-2-96x96.png\",\"contentUrl\":\"https:\/\/content.carib-export.com\/wp-content\/uploads\/2025\/03\/cropped-Deidre-Brathwaite-Digital-and-Social-Media-Officer-2-96x96.png\",\"caption\":\"Deidre Brathwaite\"},\"description\":\"Deidre is the Digital and Social Media Officer at Caribbean Export Development Agency. She currently manages the Agency\u2019s digital presence. She is a foodie and loves to travel.\",\"sameAs\":[\"https:\/\/www.instagram.com\/deidrebrathwaite\/\",\"https:\/\/www.linkedin.com\/in\/deidrebrathwaite\/\",\"https:\/\/x.com\/https:\/\/twitter.com\/DkBInteractive\"],\"url\":\"https:\/\/content.carib-export.com\/es\/author\/deidreb\/\"}]}<\/script>\n<!-- \/ Yoast SEO plugin. -->","yoast_head_json":{"title":"Ecologizar la econom\u00eda: el camino hacia el desarrollo sostenible del sector privado caribe\u00f1o - nombre del Exportaci\u00f3n del Caribe","robots":{"index":"index","follow":"follow","max-snippet":"max-snippet:-1","max-image-preview":"max-image-preview:large","max-video-preview":"max-video-preview:-1"},"canonical":"https:\/\/content.carib-export.com\/es\/blog\/greening-the-economy-the-path-to-sustainable-caribbean-private-sector-development\/","og_locale":"es_ES","og_type":"article","og_title":"Ecologizar la econom\u00eda: el camino hacia el desarrollo sostenible del sector privado caribe\u00f1o - nombre del Exportaci\u00f3n del Caribe","og_description":"Un enfoque inclusivo de la econom\u00eda verde ofrecer\u00e1 multitud de oportunidades para que las econom\u00edas caribe\u00f1as logren un desarrollo sostenible. Para ello, las oportunidades en la econom\u00eda verde ser\u00e1n un \u00e1rea de gran desarrollo en la que se centrar\u00e1 la colaboraci\u00f3n entre la Agencia de Desarrollo de las Exportaciones del Caribe (Caribbean Export) y la [&hellip;]","og_url":"https:\/\/content.carib-export.com\/es\/blog\/greening-the-economy-the-path-to-sustainable-caribbean-private-sector-development\/","og_site_name":"Exportaci\u00f3n del Caribe","article_publisher":"https:\/\/www.facebook.com\/CaribbeanExport","article_published_time":"2022-06-21T15:53:29+00:00","article_modified_time":"2022-12-01T14:55:38+00:00","og_image":[{"width":800,"height":800,"url":"https:\/\/content.carib-export.com\/wp-content\/uploads\/2022\/06\/Featured-Images-Website-3.png","type":"image\/png"}],"author":"Deidre Brathwaite","twitter_card":"summary_large_image","twitter_creator":"@https:\/\/twitter.com\/DkBInteractive","twitter_site":"@CaribXport","twitter_misc":{"Escrito por":"Deidre Brathwaite","Tiempo de lectura":"2 minutos"},"schema":{"@context":"https:\/\/schema.org","@graph":[{"@type":"Article","@id":"https:\/\/content.carib-export.com\/es\/blog\/greening-the-economy-the-path-to-sustainable-caribbean-private-sector-development\/#article","isPartOf":{"@id":"https:\/\/content.carib-export.com\/es\/blog\/greening-the-economy-the-path-to-sustainable-caribbean-private-sector-development\/"},"author":{"name":"Deidre Brathwaite","@id":"https:\/\/content.carib-export.com\/es\/#\/schema\/person\/52e67161560047831f389d6f37260884"},"headline":"Ecologizar la econom\u00eda: el camino hacia el desarrollo sostenible del sector privado caribe\u00f1o","datePublished":"2022-06-21T15:53:29+00:00","dateModified":"2022-12-01T14:55:38+00:00","mainEntityOfPage":{"@id":"https:\/\/content.carib-export.com\/es\/blog\/greening-the-economy-the-path-to-sustainable-caribbean-private-sector-development\/"},"wordCount":316,"publisher":{"@id":"https:\/\/content.carib-export.com\/es\/#organization"},"articleSection":["Blog"],"inLanguage":"es"},{"@type":"WebPage","@id":"https:\/\/content.carib-export.com\/es\/blog\/greening-the-economy-the-path-to-sustainable-caribbean-private-sector-development\/","url":"https:\/\/content.carib-export.com\/es\/blog\/greening-the-economy-the-path-to-sustainable-caribbean-private-sector-development\/","name":"Ecologizar la econom\u00eda: el camino hacia el desarrollo sostenible del sector privado caribe\u00f1o - nombre del Exportaci\u00f3n del Caribe","isPartOf":{"@id":"https:\/\/content.carib-export.com\/es\/#website"},"datePublished":"2022-06-21T15:53:29+00:00","dateModified":"2022-12-01T14:55:38+00:00","breadcrumb":{"@id":"https:\/\/content.carib-export.com\/es\/blog\/greening-the-economy-the-path-to-sustainable-caribbean-private-sector-development\/#breadcrumb"},"inLanguage":"es","potentialAction":[{"@type":"ReadAction","target":["https:\/\/content.carib-export.com\/es\/blog\/greening-the-economy-the-path-to-sustainable-caribbean-private-sector-development\/"]}]},{"@type":"BreadcrumbList","@id":"https:\/\/content.carib-export.com\/es\/blog\/greening-the-economy-the-path-to-sustainable-caribbean-private-sector-development\/#breadcrumb","itemListElement":[{"@type":"ListItem","position":1,"name":"Casa","item":"https:\/\/content.carib-export.com\/es\/home\/"},{"@type":"ListItem","position":2,"name":"Blog","item":"https:\/\/content.carib-export.com\/es\/blog\/"},{"@type":"ListItem","position":3,"name":"Ecologizar la econom\u00eda: el camino hacia el desarrollo sostenible del sector privado caribe\u00f1o"}]},{"@type":"WebSite","@id":"https:\/\/content.carib-export.com\/es\/#website","url":"https:\/\/content.carib-export.com\/es\/","name":"Exportaci\u00f3n del Caribe","description":"La \u00fanica agencia regional de promoci\u00f3n del comercio y las inversiones en el grupo de \u00c1frica, el Caribe y el Pac\u00edfico.","publisher":{"@id":"https:\/\/content.carib-export.com\/es\/#organization"},"potentialAction":[{"@type":"SearchAction","target":{"@type":"EntryPoint","urlTemplate":"https:\/\/content.carib-export.com\/es\/?s={search_term_string}"},"query-input":{"@type":"PropertyValueSpecification","valueRequired":true,"valueName":"search_term_string"}}],"inLanguage":"es"},{"@type":"Organization","@id":"https:\/\/content.carib-export.com\/es\/#organization","name":"Agencia de Desarrollo de Exportaciones del Caribe","url":"https:\/\/content.carib-export.com\/es\/","logo":{"@type":"ImageObject","inLanguage":"es","@id":"https:\/\/content.carib-export.com\/es\/#\/schema\/logo\/image\/","url":"https:\/\/content.carib-export.com\/wp-content\/uploads\/2013\/03\/CE-Logo-2013.jpg","contentUrl":"https:\/\/content.carib-export.com\/wp-content\/uploads\/2013\/03\/CE-Logo-2013.jpg","width":1024,"height":244,"caption":"Agencia de Desarrollo de Exportaciones del Caribe"},"image":{"@id":"https:\/\/content.carib-export.com\/es\/#\/schema\/logo\/image\/"},"sameAs":["https:\/\/www.facebook.com\/CaribbeanExport","https:\/\/x.com\/CaribXport","https:\/\/www.instagram.com\/caribbeanexport","https:\/\/www.linkedin.com\/company\/caribbeanexport","https:\/\/www.youtube.com\/user\/TheCaribbeanExport"]},{"@type":"Person","@id":"https:\/\/content.carib-export.com\/es\/#\/schema\/person\/52e67161560047831f389d6f37260884","name":"Deidre Brathwaite","image":{"@type":"ImageObject","inLanguage":"es","@id":"https:\/\/content.carib-export.com\/es\/#\/schema\/person\/image\/","url":"https:\/\/content.carib-export.com\/wp-content\/uploads\/2025\/03\/cropped-Deidre-Brathwaite-Digital-and-Social-Media-Officer-2-96x96.png","contentUrl":"https:\/\/content.carib-export.com\/wp-content\/uploads\/2025\/03\/cropped-Deidre-Brathwaite-Digital-and-Social-Media-Officer-2-96x96.png","caption":"Deidre Brathwaite"},"description":"Deidre is the Digital and Social Media Officer at Caribbean Export Development Agency. She currently manages the Agency\u2019s digital presence. She is a foodie and loves to travel.","sameAs":["https:\/\/www.instagram.com\/deidrebrathwaite\/","https:\/\/www.linkedin.com\/in\/deidrebrathwaite\/","https:\/\/x.com\/https:\/\/twitter.com\/DkBInteractive"],"url":"https:\/\/content.carib-export.com\/es\/author\/deidreb\/"}]}},"_links":{"self":[{"href":"https:\/\/content.carib-export.com\/es\/wp-json\/wp\/v2\/posts\/288696","targetHints":{"allow":["GET"]}}],"collection":[{"href":"https:\/\/content.carib-export.com\/es\/wp-json\/wp\/v2\/posts"}],"about":[{"href":"https:\/\/content.carib-export.com\/es\/wp-json\/wp\/v2\/types\/post"}],"author":[{"embeddable":true,"href":"https:\/\/content.carib-export.com\/es\/wp-json\/wp\/v2\/users\/9"}],"replies":[{"embeddable":true,"href":"https:\/\/content.carib-export.com\/es\/wp-json\/wp\/v2\/comments?post=288696"}],"version-history":[{"count":0,"href":"https:\/\/content.carib-export.com\/es\/wp-json\/wp\/v2\/posts\/288696\/revisions"}],"wp:attachment":[{"href":"https:\/\/content.carib-export.com\/es\/wp-json\/wp\/v2\/media?parent=288696"}],"wp:term":[{"taxonomy":"category","embeddable":true,"href":"https:\/\/content.carib-export.com\/es\/wp-json\/wp\/v2\/categories?post=288696"},{"taxonomy":"post_tag","embeddable":true,"href":"https:\/\/content.carib-export.com\/es\/wp-json\/wp\/v2\/tags?post=288696"}],"curies":[{"name":"wp","href":"https:\/\/api.w.org\/{rel}","templated":true}]}}