{"id":293715,"date":"2022-07-20T09:20:00","date_gmt":"2022-07-20T13:20:00","guid":{"rendered":"https:\/\/content.carib-export.com\/bridging-the-gap-for-micro-small-and-medium-enterprises-msmes-in-saint-lucia\/"},"modified":"2022-08-11T23:12:58","modified_gmt":"2022-08-12T03:12:58","slug":"bridging-the-gap-for-micro-small-and-medium-enterprises-msmes-in-saint-lucia","status":"publish","type":"post","link":"https:\/\/content.carib-export.com\/es\/blog\/bridging-the-gap-for-micro-small-and-medium-enterprises-msmes-in-saint-lucia\/","title":{"rendered":"Reducir la brecha para las micro, peque\u00f1as y medianas empresas (MIPYMES) en Santa Luc\u00eda"},"content":{"rendered":"<div id=\"bsf_rt_marker\"><\/div>\n<p>El equipo de la Agencia de Desarrollo de las Exportaciones del Caribe se reuni\u00f3 con la Ministra de Comercio, Manufactura, Desarrollo Empresarial, Cooperativas y Asuntos del Consumidor de Santa Luc\u00eda, la Honorable Emma Hippolyte, y las partes interesadas de las organizaciones de apoyo a las empresas el 14 de julio de 2022. Los debates en profundidad giraron en torno a la ejecuci\u00f3n de iniciativas de creaci\u00f3n de capacidades y asistencia t\u00e9cnica que Caribbean Export podr\u00eda ofrecer de inmediato para satisfacer las necesidades espec\u00edficas y urgentes de las MIPYME de Santa Luc\u00eda.<\/p>\n\n<p>La ministra Hippolyte tambi\u00e9n declar\u00f3 su inter\u00e9s en trabajar estrechamente con Caribbean Export para identificar los programas de creaci\u00f3n de capacidades para ayudar a las empresas con potencial de exportaci\u00f3n, en particular en el sector de la transformaci\u00f3n de productos agr\u00edcolas, a colmar las lagunas, prepar\u00e1ndolas para la exportaci\u00f3n.<\/p>\n\n<p>El equipo recomend\u00f3 varias formas innovadoras de abordar los retos que experimentan las empresas para cumplir las normas y los requisitos reglamentarios para la exportaci\u00f3n.<\/p>\n\n<p>El ministro Hippolyte acogi\u00f3 con satisfacci\u00f3n las recomendaciones y expres\u00f3 su agradecimiento por el apoyo prestado a los sectores prioritarios del pa\u00eds, y Allyson Francis, especialista en servicios de Caribbean Export, reiter\u00f3 el compromiso de la Agencia con el desarrollo del sector privado de Santa Luc\u00eda.<\/p>\n\n<p>El equipo, dirigido por <a href=\"https:\/\/twitter.com\/AF_Caribxport\" target=\"_blank\" rel=\"noreferrer noopener\">Allyson Francis<\/a>, especialista en servicios, inclu\u00eda a <a href=\"https:\/\/twitter.com\/NW_Caribxport\" target=\"_blank\" rel=\"noreferrer noopener\">Natasha Edwin-Walcott<\/a>, asesora principal de competitividad y promoci\u00f3n de las exportaciones; <a href=\"https:\/\/twitter.com\/MS_CaribXport\" target=\"_blank\" rel=\"noreferrer noopener\">Mikaela Stoute<\/a>, oficial de investigaci\u00f3n de inteligencia de mercado; <a target=\"_blank\" href=\"https:\/\/twitter.com\/mtbaptiste\" rel=\"noreferrer noopener\">Marvin Baptiste,<\/a>consultor; <a target=\"_blank\" href=\"https:\/\/twitter.com\/TC_caribxport\" rel=\"noreferrer noopener\">Tonya Cummins,<\/a>asesora de programas de subvenciones, y <a target=\"_blank\" href=\"https:\/\/twitter.com\/DkBInteractive\" rel=\"noreferrer noopener\">Deidre Brathwaite,<\/a>oficial de medios digitales y sociales.<\/p>\n\n<p>La misi\u00f3n Caribbean Export-Saint Lucia tuvo lugar del 11 al 14 de julio de 2022.<\/p>\n","protected":false},"excerpt":{"rendered":"<p>El equipo de la Agencia de Desarrollo de las Exportaciones del Caribe se reuni\u00f3 con la Ministra de Comercio, Manufactura, Desarrollo Empresarial, Cooperativas y Asuntos del Consumidor de Santa Luc\u00eda, la Honorable Emma Hippolyte, y las partes interesadas de las organizaciones de apoyo a las empresas el 14 de julio de 2022. Los debates en [&hellip;]<\/p>\n","protected":false},"author":9,"featured_media":289925,"comment_status":"closed","ping_status":"closed","sticky":false,"template":"","format":"standard","meta":{"_acf_changed":false,"inline_featured_image":false,"footnotes":""},"categories":[1],"tags":[21457,21454],"class_list":["post-293715","post","type-post","status-publish","format-standard","has-post-thumbnail","hentry","category-blog","tag-mipymes","tag-santa-lucia"],"acf":[],"yoast_head":"<!-- This site is optimized with the Yoast SEO plugin v27.1.1 - https:\/\/yoast.com\/product\/yoast-seo-wordpress\/ -->\n<title>Reducir la brecha para las micro, peque\u00f1as y medianas empresas (MIPYMES) en Santa Luc\u00eda - nombre del Exportaci\u00f3n del Caribe<\/title>\n<meta name=\"description\" content=\"El equipo de la Agencia de Desarrollo de las Exportaciones del Caribe se reuni\u00f3 con la Ministra de Comercio, Manufactura, Desarrollo Empresarial, Cooperativas y Asuntos del Consumidor de Santa Luc\u00eda, la Honorable Emma Hippolyte, y las partes interesadas de las organizaciones de apoyo a las empresas el 14 de julio de 2022.\" \/>\n<meta name=\"robots\" content=\"index, follow, max-snippet:-1, max-image-preview:large, max-video-preview:-1\" \/>\n<link rel=\"canonical\" href=\"https:\/\/content.carib-export.com\/es\/blog\/bridging-the-gap-for-micro-small-and-medium-enterprises-msmes-in-saint-lucia\/\" \/>\n<meta property=\"og:locale\" content=\"es_ES\" \/>\n<meta property=\"og:type\" content=\"article\" \/>\n<meta property=\"og:title\" content=\"Reducir la brecha para las micro, peque\u00f1as y medianas empresas (MIPYMES) en Santa Luc\u00eda - nombre del Exportaci\u00f3n del Caribe\" \/>\n<meta property=\"og:description\" content=\"El equipo de la Agencia de Desarrollo de las Exportaciones del Caribe se reuni\u00f3 con la Ministra de Comercio, Manufactura, Desarrollo Empresarial, Cooperativas y Asuntos del Consumidor de Santa Luc\u00eda, la Honorable Emma Hippolyte, y las partes interesadas de las organizaciones de apoyo a las empresas el 14 de julio de 2022.\" \/>\n<meta property=\"og:url\" content=\"https:\/\/content.carib-export.com\/es\/blog\/bridging-the-gap-for-micro-small-and-medium-enterprises-msmes-in-saint-lucia\/\" \/>\n<meta property=\"og:site_name\" content=\"Exportaci\u00f3n del Caribe\" \/>\n<meta property=\"article:publisher\" content=\"https:\/\/www.facebook.com\/CaribbeanExport\" \/>\n<meta property=\"article:published_time\" content=\"2022-07-20T13:20:00+00:00\" \/>\n<meta property=\"article:modified_time\" content=\"2022-08-12T03:12:58+00:00\" \/>\n<meta property=\"og:image\" content=\"https:\/\/content.carib-export.com\/wp-content\/uploads\/2022\/07\/Untitled-design-3.png\" \/>\n\t<meta property=\"og:image:width\" content=\"1000\" \/>\n\t<meta property=\"og:image:height\" content=\"750\" \/>\n\t<meta property=\"og:image:type\" content=\"image\/png\" \/>\n<meta name=\"author\" content=\"Deidre Brathwaite\" \/>\n<meta name=\"twitter:card\" content=\"summary_large_image\" \/>\n<meta name=\"twitter:creator\" content=\"@https:\/\/twitter.com\/DkBInteractive\" \/>\n<meta name=\"twitter:site\" content=\"@CaribXport\" \/>\n<meta name=\"twitter:label1\" content=\"Escrito por\" \/>\n\t<meta name=\"twitter:data1\" content=\"Deidre Brathwaite\" \/>\n\t<meta name=\"twitter:label2\" content=\"Tiempo de lectura\" \/>\n\t<meta name=\"twitter:data2\" content=\"1 minuto\" \/>\n<script type=\"application\/ld+json\" class=\"yoast-schema-graph\">{\"@context\":\"https:\/\/schema.org\",\"@graph\":[{\"@type\":\"Article\",\"@id\":\"https:\/\/content.carib-export.com\/es\/blog\/bridging-the-gap-for-micro-small-and-medium-enterprises-msmes-in-saint-lucia\/#article\",\"isPartOf\":{\"@id\":\"https:\/\/content.carib-export.com\/es\/blog\/bridging-the-gap-for-micro-small-and-medium-enterprises-msmes-in-saint-lucia\/\"},\"author\":{\"name\":\"Deidre Brathwaite\",\"@id\":\"https:\/\/content.carib-export.com\/es\/#\/schema\/person\/52e67161560047831f389d6f37260884\"},\"headline\":\"Reducir la brecha para las micro, peque\u00f1as y medianas empresas (MIPYMES) en Santa Luc\u00eda\",\"datePublished\":\"2022-07-20T13:20:00+00:00\",\"dateModified\":\"2022-08-12T03:12:58+00:00\",\"mainEntityOfPage\":{\"@id\":\"https:\/\/content.carib-export.com\/es\/blog\/bridging-the-gap-for-micro-small-and-medium-enterprises-msmes-in-saint-lucia\/\"},\"wordCount\":310,\"publisher\":{\"@id\":\"https:\/\/content.carib-export.com\/es\/#organization\"},\"image\":{\"@id\":\"https:\/\/content.carib-export.com\/es\/blog\/bridging-the-gap-for-micro-small-and-medium-enterprises-msmes-in-saint-lucia\/#primaryimage\"},\"thumbnailUrl\":\"https:\/\/content.carib-export.com\/wp-content\/uploads\/2022\/07\/Untitled-design-3.png\",\"keywords\":[\"MIPYMES\",\"Santa Luc\u00eda\"],\"articleSection\":[\"Blog\"],\"inLanguage\":\"es\"},{\"@type\":\"WebPage\",\"@id\":\"https:\/\/content.carib-export.com\/es\/blog\/bridging-the-gap-for-micro-small-and-medium-enterprises-msmes-in-saint-lucia\/\",\"url\":\"https:\/\/content.carib-export.com\/es\/blog\/bridging-the-gap-for-micro-small-and-medium-enterprises-msmes-in-saint-lucia\/\",\"name\":\"Reducir la brecha para las micro, peque\u00f1as y medianas empresas (MIPYMES) en Santa Luc\u00eda - nombre del Exportaci\u00f3n del Caribe\",\"isPartOf\":{\"@id\":\"https:\/\/content.carib-export.com\/es\/#website\"},\"primaryImageOfPage\":{\"@id\":\"https:\/\/content.carib-export.com\/es\/blog\/bridging-the-gap-for-micro-small-and-medium-enterprises-msmes-in-saint-lucia\/#primaryimage\"},\"image\":{\"@id\":\"https:\/\/content.carib-export.com\/es\/blog\/bridging-the-gap-for-micro-small-and-medium-enterprises-msmes-in-saint-lucia\/#primaryimage\"},\"thumbnailUrl\":\"https:\/\/content.carib-export.com\/wp-content\/uploads\/2022\/07\/Untitled-design-3.png\",\"datePublished\":\"2022-07-20T13:20:00+00:00\",\"dateModified\":\"2022-08-12T03:12:58+00:00\",\"description\":\"El equipo de la Agencia de Desarrollo de las Exportaciones del Caribe se reuni\u00f3 con la Ministra de Comercio, Manufactura, Desarrollo Empresarial, Cooperativas y Asuntos del Consumidor de Santa Luc\u00eda, la Honorable Emma Hippolyte, y las partes interesadas de las organizaciones de apoyo a las empresas el 14 de julio de 2022.\",\"breadcrumb\":{\"@id\":\"https:\/\/content.carib-export.com\/es\/blog\/bridging-the-gap-for-micro-small-and-medium-enterprises-msmes-in-saint-lucia\/#breadcrumb\"},\"inLanguage\":\"es\",\"potentialAction\":[{\"@type\":\"ReadAction\",\"target\":[\"https:\/\/content.carib-export.com\/es\/blog\/bridging-the-gap-for-micro-small-and-medium-enterprises-msmes-in-saint-lucia\/\"]}]},{\"@type\":\"ImageObject\",\"inLanguage\":\"es\",\"@id\":\"https:\/\/content.carib-export.com\/es\/blog\/bridging-the-gap-for-micro-small-and-medium-enterprises-msmes-in-saint-lucia\/#primaryimage\",\"url\":\"https:\/\/content.carib-export.com\/wp-content\/uploads\/2022\/07\/Untitled-design-3.png\",\"contentUrl\":\"https:\/\/content.carib-export.com\/wp-content\/uploads\/2022\/07\/Untitled-design-3.png\",\"width\":1000,\"height\":750},{\"@type\":\"BreadcrumbList\",\"@id\":\"https:\/\/content.carib-export.com\/es\/blog\/bridging-the-gap-for-micro-small-and-medium-enterprises-msmes-in-saint-lucia\/#breadcrumb\",\"itemListElement\":[{\"@type\":\"ListItem\",\"position\":1,\"name\":\"Casa\",\"item\":\"https:\/\/content.carib-export.com\/es\/home\/\"},{\"@type\":\"ListItem\",\"position\":2,\"name\":\"Blog\",\"item\":\"https:\/\/content.carib-export.com\/es\/blog\/\"},{\"@type\":\"ListItem\",\"position\":3,\"name\":\"Reducir la brecha para las micro, peque\u00f1as y medianas empresas (MIPYMES) en Santa Luc\u00eda\"}]},{\"@type\":\"WebSite\",\"@id\":\"https:\/\/content.carib-export.com\/es\/#website\",\"url\":\"https:\/\/content.carib-export.com\/es\/\",\"name\":\"Exportaci\u00f3n del Caribe\",\"description\":\"La \u00fanica agencia regional de promoci\u00f3n del comercio y las inversiones en el grupo de \u00c1frica, el Caribe y el Pac\u00edfico.\",\"publisher\":{\"@id\":\"https:\/\/content.carib-export.com\/es\/#organization\"},\"potentialAction\":[{\"@type\":\"SearchAction\",\"target\":{\"@type\":\"EntryPoint\",\"urlTemplate\":\"https:\/\/content.carib-export.com\/es\/?s={search_term_string}\"},\"query-input\":{\"@type\":\"PropertyValueSpecification\",\"valueRequired\":true,\"valueName\":\"search_term_string\"}}],\"inLanguage\":\"es\"},{\"@type\":\"Organization\",\"@id\":\"https:\/\/content.carib-export.com\/es\/#organization\",\"name\":\"Agencia de Desarrollo de Exportaciones del Caribe\",\"url\":\"https:\/\/content.carib-export.com\/es\/\",\"logo\":{\"@type\":\"ImageObject\",\"inLanguage\":\"es\",\"@id\":\"https:\/\/content.carib-export.com\/es\/#\/schema\/logo\/image\/\",\"url\":\"https:\/\/content.carib-export.com\/wp-content\/uploads\/2013\/03\/CE-Logo-2013.jpg\",\"contentUrl\":\"https:\/\/content.carib-export.com\/wp-content\/uploads\/2013\/03\/CE-Logo-2013.jpg\",\"width\":1024,\"height\":244,\"caption\":\"Agencia de Desarrollo de Exportaciones del Caribe\"},\"image\":{\"@id\":\"https:\/\/content.carib-export.com\/es\/#\/schema\/logo\/image\/\"},\"sameAs\":[\"https:\/\/www.facebook.com\/CaribbeanExport\",\"https:\/\/x.com\/CaribXport\",\"https:\/\/www.instagram.com\/caribbeanexport\",\"https:\/\/www.linkedin.com\/company\/caribbeanexport\",\"https:\/\/www.youtube.com\/user\/TheCaribbeanExport\"]},{\"@type\":\"Person\",\"@id\":\"https:\/\/content.carib-export.com\/es\/#\/schema\/person\/52e67161560047831f389d6f37260884\",\"name\":\"Deidre Brathwaite\",\"image\":{\"@type\":\"ImageObject\",\"inLanguage\":\"es\",\"@id\":\"https:\/\/content.carib-export.com\/es\/#\/schema\/person\/image\/\",\"url\":\"https:\/\/content.carib-export.com\/wp-content\/uploads\/2025\/03\/cropped-Deidre-Brathwaite-Digital-and-Social-Media-Officer-2-96x96.png\",\"contentUrl\":\"https:\/\/content.carib-export.com\/wp-content\/uploads\/2025\/03\/cropped-Deidre-Brathwaite-Digital-and-Social-Media-Officer-2-96x96.png\",\"caption\":\"Deidre Brathwaite\"},\"description\":\"Deidre is the Digital and Social Media Officer at Caribbean Export Development Agency. She currently manages the Agency\u2019s digital presence. She is a foodie and loves to travel.\",\"sameAs\":[\"https:\/\/www.instagram.com\/deidrebrathwaite\/\",\"https:\/\/www.linkedin.com\/in\/deidrebrathwaite\/\",\"https:\/\/x.com\/https:\/\/twitter.com\/DkBInteractive\"],\"url\":\"https:\/\/content.carib-export.com\/es\/author\/deidreb\/\"}]}<\/script>\n<!-- \/ Yoast SEO plugin. -->","yoast_head_json":{"title":"Reducir la brecha para las micro, peque\u00f1as y medianas empresas (MIPYMES) en Santa Luc\u00eda - nombre del Exportaci\u00f3n del Caribe","description":"El equipo de la Agencia de Desarrollo de las Exportaciones del Caribe se reuni\u00f3 con la Ministra de Comercio, Manufactura, Desarrollo Empresarial, Cooperativas y Asuntos del Consumidor de Santa Luc\u00eda, la Honorable Emma Hippolyte, y las partes interesadas de las organizaciones de apoyo a las empresas el 14 de julio de 2022.","robots":{"index":"index","follow":"follow","max-snippet":"max-snippet:-1","max-image-preview":"max-image-preview:large","max-video-preview":"max-video-preview:-1"},"canonical":"https:\/\/content.carib-export.com\/es\/blog\/bridging-the-gap-for-micro-small-and-medium-enterprises-msmes-in-saint-lucia\/","og_locale":"es_ES","og_type":"article","og_title":"Reducir la brecha para las micro, peque\u00f1as y medianas empresas (MIPYMES) en Santa Luc\u00eda - nombre del Exportaci\u00f3n del Caribe","og_description":"El equipo de la Agencia de Desarrollo de las Exportaciones del Caribe se reuni\u00f3 con la Ministra de Comercio, Manufactura, Desarrollo Empresarial, Cooperativas y Asuntos del Consumidor de Santa Luc\u00eda, la Honorable Emma Hippolyte, y las partes interesadas de las organizaciones de apoyo a las empresas el 14 de julio de 2022.","og_url":"https:\/\/content.carib-export.com\/es\/blog\/bridging-the-gap-for-micro-small-and-medium-enterprises-msmes-in-saint-lucia\/","og_site_name":"Exportaci\u00f3n del Caribe","article_publisher":"https:\/\/www.facebook.com\/CaribbeanExport","article_published_time":"2022-07-20T13:20:00+00:00","article_modified_time":"2022-08-12T03:12:58+00:00","og_image":[{"width":1000,"height":750,"url":"https:\/\/content.carib-export.com\/wp-content\/uploads\/2022\/07\/Untitled-design-3.png","type":"image\/png"}],"author":"Deidre Brathwaite","twitter_card":"summary_large_image","twitter_creator":"@https:\/\/twitter.com\/DkBInteractive","twitter_site":"@CaribXport","twitter_misc":{"Escrito por":"Deidre Brathwaite","Tiempo de lectura":"1 minuto"},"schema":{"@context":"https:\/\/schema.org","@graph":[{"@type":"Article","@id":"https:\/\/content.carib-export.com\/es\/blog\/bridging-the-gap-for-micro-small-and-medium-enterprises-msmes-in-saint-lucia\/#article","isPartOf":{"@id":"https:\/\/content.carib-export.com\/es\/blog\/bridging-the-gap-for-micro-small-and-medium-enterprises-msmes-in-saint-lucia\/"},"author":{"name":"Deidre Brathwaite","@id":"https:\/\/content.carib-export.com\/es\/#\/schema\/person\/52e67161560047831f389d6f37260884"},"headline":"Reducir la brecha para las micro, peque\u00f1as y medianas empresas (MIPYMES) en Santa Luc\u00eda","datePublished":"2022-07-20T13:20:00+00:00","dateModified":"2022-08-12T03:12:58+00:00","mainEntityOfPage":{"@id":"https:\/\/content.carib-export.com\/es\/blog\/bridging-the-gap-for-micro-small-and-medium-enterprises-msmes-in-saint-lucia\/"},"wordCount":310,"publisher":{"@id":"https:\/\/content.carib-export.com\/es\/#organization"},"image":{"@id":"https:\/\/content.carib-export.com\/es\/blog\/bridging-the-gap-for-micro-small-and-medium-enterprises-msmes-in-saint-lucia\/#primaryimage"},"thumbnailUrl":"https:\/\/content.carib-export.com\/wp-content\/uploads\/2022\/07\/Untitled-design-3.png","keywords":["MIPYMES","Santa Luc\u00eda"],"articleSection":["Blog"],"inLanguage":"es"},{"@type":"WebPage","@id":"https:\/\/content.carib-export.com\/es\/blog\/bridging-the-gap-for-micro-small-and-medium-enterprises-msmes-in-saint-lucia\/","url":"https:\/\/content.carib-export.com\/es\/blog\/bridging-the-gap-for-micro-small-and-medium-enterprises-msmes-in-saint-lucia\/","name":"Reducir la brecha para las micro, peque\u00f1as y medianas empresas (MIPYMES) en Santa Luc\u00eda - nombre del Exportaci\u00f3n del Caribe","isPartOf":{"@id":"https:\/\/content.carib-export.com\/es\/#website"},"primaryImageOfPage":{"@id":"https:\/\/content.carib-export.com\/es\/blog\/bridging-the-gap-for-micro-small-and-medium-enterprises-msmes-in-saint-lucia\/#primaryimage"},"image":{"@id":"https:\/\/content.carib-export.com\/es\/blog\/bridging-the-gap-for-micro-small-and-medium-enterprises-msmes-in-saint-lucia\/#primaryimage"},"thumbnailUrl":"https:\/\/content.carib-export.com\/wp-content\/uploads\/2022\/07\/Untitled-design-3.png","datePublished":"2022-07-20T13:20:00+00:00","dateModified":"2022-08-12T03:12:58+00:00","description":"El equipo de la Agencia de Desarrollo de las Exportaciones del Caribe se reuni\u00f3 con la Ministra de Comercio, Manufactura, Desarrollo Empresarial, Cooperativas y Asuntos del Consumidor de Santa Luc\u00eda, la Honorable Emma Hippolyte, y las partes interesadas de las organizaciones de apoyo a las empresas el 14 de julio de 2022.","breadcrumb":{"@id":"https:\/\/content.carib-export.com\/es\/blog\/bridging-the-gap-for-micro-small-and-medium-enterprises-msmes-in-saint-lucia\/#breadcrumb"},"inLanguage":"es","potentialAction":[{"@type":"ReadAction","target":["https:\/\/content.carib-export.com\/es\/blog\/bridging-the-gap-for-micro-small-and-medium-enterprises-msmes-in-saint-lucia\/"]}]},{"@type":"ImageObject","inLanguage":"es","@id":"https:\/\/content.carib-export.com\/es\/blog\/bridging-the-gap-for-micro-small-and-medium-enterprises-msmes-in-saint-lucia\/#primaryimage","url":"https:\/\/content.carib-export.com\/wp-content\/uploads\/2022\/07\/Untitled-design-3.png","contentUrl":"https:\/\/content.carib-export.com\/wp-content\/uploads\/2022\/07\/Untitled-design-3.png","width":1000,"height":750},{"@type":"BreadcrumbList","@id":"https:\/\/content.carib-export.com\/es\/blog\/bridging-the-gap-for-micro-small-and-medium-enterprises-msmes-in-saint-lucia\/#breadcrumb","itemListElement":[{"@type":"ListItem","position":1,"name":"Casa","item":"https:\/\/content.carib-export.com\/es\/home\/"},{"@type":"ListItem","position":2,"name":"Blog","item":"https:\/\/content.carib-export.com\/es\/blog\/"},{"@type":"ListItem","position":3,"name":"Reducir la brecha para las micro, peque\u00f1as y medianas empresas (MIPYMES) en Santa Luc\u00eda"}]},{"@type":"WebSite","@id":"https:\/\/content.carib-export.com\/es\/#website","url":"https:\/\/content.carib-export.com\/es\/","name":"Exportaci\u00f3n del Caribe","description":"La \u00fanica agencia regional de promoci\u00f3n del comercio y las inversiones en el grupo de \u00c1frica, el Caribe y el Pac\u00edfico.","publisher":{"@id":"https:\/\/content.carib-export.com\/es\/#organization"},"potentialAction":[{"@type":"SearchAction","target":{"@type":"EntryPoint","urlTemplate":"https:\/\/content.carib-export.com\/es\/?s={search_term_string}"},"query-input":{"@type":"PropertyValueSpecification","valueRequired":true,"valueName":"search_term_string"}}],"inLanguage":"es"},{"@type":"Organization","@id":"https:\/\/content.carib-export.com\/es\/#organization","name":"Agencia de Desarrollo de Exportaciones del Caribe","url":"https:\/\/content.carib-export.com\/es\/","logo":{"@type":"ImageObject","inLanguage":"es","@id":"https:\/\/content.carib-export.com\/es\/#\/schema\/logo\/image\/","url":"https:\/\/content.carib-export.com\/wp-content\/uploads\/2013\/03\/CE-Logo-2013.jpg","contentUrl":"https:\/\/content.carib-export.com\/wp-content\/uploads\/2013\/03\/CE-Logo-2013.jpg","width":1024,"height":244,"caption":"Agencia de Desarrollo de Exportaciones del Caribe"},"image":{"@id":"https:\/\/content.carib-export.com\/es\/#\/schema\/logo\/image\/"},"sameAs":["https:\/\/www.facebook.com\/CaribbeanExport","https:\/\/x.com\/CaribXport","https:\/\/www.instagram.com\/caribbeanexport","https:\/\/www.linkedin.com\/company\/caribbeanexport","https:\/\/www.youtube.com\/user\/TheCaribbeanExport"]},{"@type":"Person","@id":"https:\/\/content.carib-export.com\/es\/#\/schema\/person\/52e67161560047831f389d6f37260884","name":"Deidre Brathwaite","image":{"@type":"ImageObject","inLanguage":"es","@id":"https:\/\/content.carib-export.com\/es\/#\/schema\/person\/image\/","url":"https:\/\/content.carib-export.com\/wp-content\/uploads\/2025\/03\/cropped-Deidre-Brathwaite-Digital-and-Social-Media-Officer-2-96x96.png","contentUrl":"https:\/\/content.carib-export.com\/wp-content\/uploads\/2025\/03\/cropped-Deidre-Brathwaite-Digital-and-Social-Media-Officer-2-96x96.png","caption":"Deidre Brathwaite"},"description":"Deidre is the Digital and Social Media Officer at Caribbean Export Development Agency. She currently manages the Agency\u2019s digital presence. She is a foodie and loves to travel.","sameAs":["https:\/\/www.instagram.com\/deidrebrathwaite\/","https:\/\/www.linkedin.com\/in\/deidrebrathwaite\/","https:\/\/x.com\/https:\/\/twitter.com\/DkBInteractive"],"url":"https:\/\/content.carib-export.com\/es\/author\/deidreb\/"}]}},"_links":{"self":[{"href":"https:\/\/content.carib-export.com\/es\/wp-json\/wp\/v2\/posts\/293715","targetHints":{"allow":["GET"]}}],"collection":[{"href":"https:\/\/content.carib-export.com\/es\/wp-json\/wp\/v2\/posts"}],"about":[{"href":"https:\/\/content.carib-export.com\/es\/wp-json\/wp\/v2\/types\/post"}],"author":[{"embeddable":true,"href":"https:\/\/content.carib-export.com\/es\/wp-json\/wp\/v2\/users\/9"}],"replies":[{"embeddable":true,"href":"https:\/\/content.carib-export.com\/es\/wp-json\/wp\/v2\/comments?post=293715"}],"version-history":[{"count":0,"href":"https:\/\/content.carib-export.com\/es\/wp-json\/wp\/v2\/posts\/293715\/revisions"}],"wp:featuredmedia":[{"embeddable":true,"href":"https:\/\/content.carib-export.com\/es\/wp-json\/wp\/v2\/media\/289925"}],"wp:attachment":[{"href":"https:\/\/content.carib-export.com\/es\/wp-json\/wp\/v2\/media?parent=293715"}],"wp:term":[{"taxonomy":"category","embeddable":true,"href":"https:\/\/content.carib-export.com\/es\/wp-json\/wp\/v2\/categories?post=293715"},{"taxonomy":"post_tag","embeddable":true,"href":"https:\/\/content.carib-export.com\/es\/wp-json\/wp\/v2\/tags?post=293715"}],"curies":[{"name":"wp","href":"https:\/\/api.w.org\/{rel}","templated":true}]}}