{"id":303141,"date":"2022-10-07T14:21:09","date_gmt":"2022-10-07T18:21:09","guid":{"rendered":"https:\/\/content.carib-export.com\/caribbean-food-brands-ready-to-bring-the-flavour-to-sial-paris-2022\/"},"modified":"2022-10-07T14:26:21","modified_gmt":"2022-10-07T18:26:21","slug":"caribbean-food-brands-ready-to-bring-the-flavour-to-sial-paris-2022","status":"publish","type":"post","link":"https:\/\/content.carib-export.com\/es\/blog\/caribbean-food-brands-ready-to-bring-the-flavour-to-sial-paris-2022\/","title":{"rendered":"Las marcas de alimentos del Caribe est\u00e1n listas para llevar el sabor a SIAL Par\u00eds 2022"},"content":{"rendered":"<div id=\"bsf_rt_marker\"><\/div>\n<p>Los caribe\u00f1os tienen un don inconfundible para infundir especias, calor y sabor en cada ocasi\u00f3n, y nuestra cocina isle\u00f1a no es una excepci\u00f3n.<\/p>\n\n<p>Puede que la salsa picante sea nuestro condimento \u00abde cabecera\u00bb, pero muchos productores de la regi\u00f3n tambi\u00e9n han empezado a introducir una gran variedad de ingredientes tropicales en otros tipos de salsas, aderezos, condimentos y adobos.<\/p>\n\n<p>Cinco marcas l\u00edderes de alimentos caribe\u00f1os est\u00e1n entusiasmados por compartir lo que tienen que ofrecer en el competitivo mercado de las salsas y condimentos en la mayor feria de alimentos del mundo, &#8216;SIAL Par\u00eds 2022&#8217;.<\/p>\n\n<p>Naledo Belize Ltd, Sishado de Surinam, Vincyfresh Ltd, Flauriel de San Crist\u00f3bal y Nieves, y Superb Blend de Barbados, exponen en este gran evento del 15 al 19 de octubre con el apoyo de la Agencia de Desarrollo de las Exportaciones del Caribe y la Uni\u00f3n Europea.<\/p>\n\n<p>SIAL Par\u00eds 2022 re\u00fane a miles de productores, importadores, compradores y minoristas para crear redes y conectarse. Esta prestigiosa plataforma ofrecer\u00e1 a estos agroprocesadores caribe\u00f1os la oportunidad ideal de mostrar c\u00f3mo sus productos pueden satisfacer el creciente inter\u00e9s del p\u00fablico por los sabores de inspiraci\u00f3n caribe\u00f1a, al tiempo que marcan la casilla de la vida saludable.<\/p>\n\n<p>Seg\u00fan Statista, el mercado mundial de salsas y condimentos tiene actualmente un valor de <a href=\"https:\/\/www.statista.com\/outlook\/cmo\/food\/sauces-spices\/worldwide\" target=\"_blank\" rel=\"noreferrer noopener\"> 227.900 millones de d\u00f3lares (EE.UU.<\/a> ) y se espera que crezca anualmente un 5,78% entre 2022 y 2027. Un factor clave de este crecimiento es el deseo de los consumidores de tener alimentos m\u00e1s sabrosos y nutritivos.<\/p>\n\n<p><strong>Naledo Belice<\/strong> se encuentra en una posici\u00f3n privilegiada para aprovechar la trayectoria ascendente de las salsas y condimentos naturales, ya que es el primer productor mundial de c\u00farcuma silvestre de ra\u00edz entera.<\/p>\n\n<p>El producto estrella de la empresa, \u00abTruly Tumeric\u00bb, ha ganado innumerables premios, junto con la admiraci\u00f3n y el reconocimiento por sus <a href=\"https:\/\/www.ncbi.nlm.nih.gov\/books\/NBK92752\/\" target=\"_blank\" rel=\"noreferrer noopener\">probados beneficios para la salud<\/a>, junto con la versatilidad del producto que realza cualquier comida.<\/p>\n\n<p>Naledo est\u00e1 dirigida por el equipo de madre e hija Umeeda y Nareena Switlo. Comenzaron el negocio en 2016 y se han centrado en mantener su l\u00ednea de productos lo m\u00e1s simple posible, con la lista de contenidos que contiene s\u00f3lo c\u00farcuma de ra\u00edz entera, aceite de coco prensado en fr\u00edo, jugo de lim\u00f3n fresco y sal marina. La versi\u00f3n con pimienta negra incorpora pimienta que se cultiva en los bosques de Belice.<\/p>\n\n<p>Adem\u00e1s, Naledo se gestiona como una empresa social que trabaja directamente con m\u00e1s de 300 peque\u00f1os cultivadores con sede en Toledo (Belice) para garantizar que se les paga un precio justo. La empresa es tambi\u00e9n una Corporaci\u00f3n B certificada, lo que significa que ha cumplido estrictas normas sociales y medioambientales en relaci\u00f3n con el rendimiento, la responsabilidad y la transparencia.<\/p>\n\n<p>La pasta \u00abTruly Turmeric\u00bb de Naledo se vende actualmente en m\u00e1s de 1.000 tiendas de Canad\u00e1, Am\u00e9rica, Reino Unido y Europa, as\u00ed como por Internet, y atrae a seguidores de todo el mundo que disfrutan de su profundo sabor.<\/p>\n\n<p>En Surinam, la salsa <strong>Sishado <\/strong>es un nombre conocido por su calidad y sabor constantes.<\/p>\n\n<p>Producida por la empresa familiar Gom Food Industries NV, Sishado fue creada en 1996 por Yvonne y Kenneth van Gom, madre e hijo, que basaron su salsa en la receta casera de Yvonne y comenzaron a embotellar el producto en un peque\u00f1o cobertizo.<\/p>\n\n<p>Sishado no tard\u00f3 en hacerse popular entre familiares, amigos y conocidos, y luego se present\u00f3 al p\u00fablico surinam\u00e9s en 1997.<\/p>\n\n<p>Gom Food Industries se expandi\u00f3 r\u00e1pidamente en el mercado local antes de exportar a los Pa\u00edses Bajos, Aruba y Curazao. Sishado tambi\u00e9n empez\u00f3 a exportar a Guyana en 2011, a Antiqua en 2014 y a Guyana Francesa en 2016, y tiene planes de introducirse en m\u00e1s mercados caribe\u00f1os y europeos.<\/p>\n\n<p>Las salsas y adobos de Sishado se presentan en ocho variedades diferentes. No tienen gluten, son aptos para vegetarianos y no contienen edulcorantes artificiales.<\/p>\n\n<p><strong>Vincyfresh Ltd<\/strong> (filial de Winfresh Limited) se enorgullece de ofrecer productos aut\u00e9nticos y de alta calidad \u00abllenos de la rica historia de las Islas de Barlovento\u00bb.<\/p>\n\n<p>Dirigida por la empresaria vicentina Shelly-Ann Fraser, Vincyfresh produce salsas, adobos y jaleas de peque\u00f1o tama\u00f1o elaborados con ingredientes familiares de la isla, como el chile jalape\u00f1o, el mango, el jengibre y la fruta de la pasi\u00f3n.<\/p>\n\n<p>La marca trabaja con agricultores de toda la regi\u00f3n para transformar sus productos en condimentos que den a cada plato un toque de color y sabor caribe\u00f1o. La gama Vincyfresh va especialmente bien con galletas, patatas fritas y palitos de pan.<\/p>\n\n<p>La marca de alimentos <strong>Flauriel<\/strong> tambi\u00e9n estar\u00e1 presente en SIAL Par\u00eds 2022. Producida por la empresaria kittiana Anastasha Elliott, Flauriel es una marca vegana y ecol\u00f3gica que incluye ketchup, mermeladas, jaleas y aderezos para ensaladas.<\/p>\n\n<p>Todos los productos son elaborados met\u00f3dicamente por un equipo de mujeres que utilizan t\u00e9cnicas tradicionales de extracci\u00f3n e infusi\u00f3n que se han transmitido de generaci\u00f3n en generaci\u00f3n.<\/p>\n\n<p>La lista de ingredientes es f\u00e1cil de entender y presenta varias frutas y superalimentos como el coco, la acedera, la guan\u00e1bana, la guayaba, el hibisco y el mango.<\/p>\n\n<p>Jay Enterprise Inc es una empresa familiar con sede en Barbados que ofrece una amplia variedad de condimentos tradicionales y gourmet, salsas, condimentos h\u00famedos y secos, y adobos, bajo la marca <strong>Superb Blend<\/strong>.<\/p>\n\n<p>La gama Superb Blend se basa en una rica herencia de recetas caribe\u00f1as que han sido transmitidas a trav\u00e9s de cinco generaciones por la querida matriarca de la familia, la abuela Marjorie.<\/p>\n\n<p>Todos los productos Superb Blend, que incluyen el chutney de mango picante, el relish de cebolla picante y la salsa Carambola \u00e1cida, se elaboran pensando en el consumidor consciente de su salud y, por tanto, contienen menos az\u00facar que otros alimentos similares.<\/p>\n\n<p>La Superb Blend ofrece a los clientes \u00abautenticidad y comodidad\u00bb, as\u00ed como un toque de nostalgia, ya que los sabores le transportan a la cocina de la abuela, donde la comida se serv\u00eda con amor y siempre sab\u00eda bien.<\/p>\n","protected":false},"excerpt":{"rendered":"<p>Los caribe\u00f1os tienen un don inconfundible para infundir especias, calor y sabor en cada ocasi\u00f3n, y nuestra cocina isle\u00f1a no es una excepci\u00f3n. Puede que la salsa picante sea nuestro condimento \u00abde cabecera\u00bb, pero muchos productores de la regi\u00f3n tambi\u00e9n han empezado a introducir una gran variedad de ingredientes tropicales en otros tipos de salsas, [&hellip;]<\/p>\n","protected":false},"author":3,"featured_media":303094,"comment_status":"closed","ping_status":"closed","sticky":false,"template":"","format":"standard","meta":{"_acf_changed":false,"inline_featured_image":false,"footnotes":""},"categories":[4516],"tags":[],"class_list":["post-303141","post","type-post","status-publish","format-standard","has-post-thumbnail","hentry","category-blog"],"acf":[],"yoast_head":"<!-- This site is optimized with the Yoast SEO plugin v27.1.1 - https:\/\/yoast.com\/product\/yoast-seo-wordpress\/ -->\n<title>Las marcas de alimentos del Caribe est\u00e1n listas para llevar el sabor a SIAL Par\u00eds 2022 - nombre del Exportaci\u00f3n del Caribe<\/title>\n<meta name=\"description\" content=\"Cinco marcas l\u00edderes de la alimentaci\u00f3n caribe\u00f1a est\u00e1n entusiasmadas por compartir lo que ofrecen en el competitivo mercado de las salsas y los condimentos.\" \/>\n<meta name=\"robots\" content=\"index, follow, max-snippet:-1, max-image-preview:large, max-video-preview:-1\" \/>\n<link rel=\"canonical\" href=\"https:\/\/content.carib-export.com\/es\/blog\/caribbean-food-brands-ready-to-bring-the-flavour-to-sial-paris-2022\/\" \/>\n<meta property=\"og:locale\" content=\"es_ES\" \/>\n<meta property=\"og:type\" content=\"article\" \/>\n<meta property=\"og:title\" content=\"Las marcas de alimentos del Caribe est\u00e1n listas para llevar el sabor a SIAL Par\u00eds 2022 - nombre del Exportaci\u00f3n del Caribe\" \/>\n<meta property=\"og:description\" content=\"Cinco marcas l\u00edderes de la alimentaci\u00f3n caribe\u00f1a est\u00e1n entusiasmadas por compartir lo que ofrecen en el competitivo mercado de las salsas y los condimentos.\" \/>\n<meta property=\"og:url\" content=\"https:\/\/content.carib-export.com\/es\/blog\/caribbean-food-brands-ready-to-bring-the-flavour-to-sial-paris-2022\/\" \/>\n<meta property=\"og:site_name\" content=\"Exportaci\u00f3n del Caribe\" \/>\n<meta property=\"article:publisher\" content=\"https:\/\/www.facebook.com\/CaribbeanExport\" \/>\n<meta property=\"article:author\" content=\"https:\/\/www.facebook.com\/CaribbeanExport\" \/>\n<meta property=\"article:published_time\" content=\"2022-10-07T18:21:09+00:00\" \/>\n<meta property=\"article:modified_time\" content=\"2022-10-07T18:26:21+00:00\" \/>\n<meta property=\"og:image\" content=\"https:\/\/content.carib-export.com\/wp-content\/uploads\/2022\/10\/New-website-featured-image-1500-x-1125-6-1024x768.png\" \/>\n<meta name=\"author\" content=\"Caribbean Export\" \/>\n<meta name=\"twitter:card\" content=\"summary_large_image\" \/>\n<meta name=\"twitter:image\" content=\"https:\/\/content.carib-export.com\/wp-content\/uploads\/2022\/10\/New-website-featured-image-1500-x-1125-6-1024x768.png\" \/>\n<meta name=\"twitter:creator\" content=\"@CaribXport\" \/>\n<meta name=\"twitter:site\" content=\"@CaribXport\" \/>\n<meta name=\"twitter:label1\" content=\"Escrito por\" \/>\n\t<meta name=\"twitter:data1\" content=\"Caribbean Export\" \/>\n\t<meta name=\"twitter:label2\" content=\"Tiempo de lectura\" \/>\n\t<meta name=\"twitter:data2\" content=\"5 minutos\" \/>\n<script type=\"application\/ld+json\" class=\"yoast-schema-graph\">{\"@context\":\"https:\/\/schema.org\",\"@graph\":[{\"@type\":\"Article\",\"@id\":\"https:\/\/content.carib-export.com\/es\/blog\/caribbean-food-brands-ready-to-bring-the-flavour-to-sial-paris-2022\/#article\",\"isPartOf\":{\"@id\":\"https:\/\/content.carib-export.com\/es\/blog\/caribbean-food-brands-ready-to-bring-the-flavour-to-sial-paris-2022\/\"},\"author\":{\"name\":\"Caribbean Export\",\"@id\":\"https:\/\/content.carib-export.com\/es\/#\/schema\/person\/63f73e994fff6abf0f7c512d0be1ee1a\"},\"headline\":\"Las marcas de alimentos del Caribe est\u00e1n listas para llevar el sabor a SIAL Par\u00eds 2022\",\"datePublished\":\"2022-10-07T18:21:09+00:00\",\"dateModified\":\"2022-10-07T18:26:21+00:00\",\"mainEntityOfPage\":{\"@id\":\"https:\/\/content.carib-export.com\/es\/blog\/caribbean-food-brands-ready-to-bring-the-flavour-to-sial-paris-2022\/\"},\"wordCount\":1056,\"publisher\":{\"@id\":\"https:\/\/content.carib-export.com\/es\/#organization\"},\"image\":{\"@id\":\"https:\/\/content.carib-export.com\/es\/blog\/caribbean-food-brands-ready-to-bring-the-flavour-to-sial-paris-2022\/#primaryimage\"},\"thumbnailUrl\":\"https:\/\/content.carib-export.com\/wp-content\/uploads\/2022\/10\/New-website-featured-image-1500-x-1125-6.png\",\"articleSection\":[\"Blog\"],\"inLanguage\":\"es\"},{\"@type\":\"WebPage\",\"@id\":\"https:\/\/content.carib-export.com\/es\/blog\/caribbean-food-brands-ready-to-bring-the-flavour-to-sial-paris-2022\/\",\"url\":\"https:\/\/content.carib-export.com\/es\/blog\/caribbean-food-brands-ready-to-bring-the-flavour-to-sial-paris-2022\/\",\"name\":\"Las marcas de alimentos del Caribe est\u00e1n listas para llevar el sabor a SIAL Par\u00eds 2022 - nombre del Exportaci\u00f3n del Caribe\",\"isPartOf\":{\"@id\":\"https:\/\/content.carib-export.com\/es\/#website\"},\"primaryImageOfPage\":{\"@id\":\"https:\/\/content.carib-export.com\/es\/blog\/caribbean-food-brands-ready-to-bring-the-flavour-to-sial-paris-2022\/#primaryimage\"},\"image\":{\"@id\":\"https:\/\/content.carib-export.com\/es\/blog\/caribbean-food-brands-ready-to-bring-the-flavour-to-sial-paris-2022\/#primaryimage\"},\"thumbnailUrl\":\"https:\/\/content.carib-export.com\/wp-content\/uploads\/2022\/10\/New-website-featured-image-1500-x-1125-6.png\",\"datePublished\":\"2022-10-07T18:21:09+00:00\",\"dateModified\":\"2022-10-07T18:26:21+00:00\",\"description\":\"Cinco marcas l\u00edderes de la alimentaci\u00f3n caribe\u00f1a est\u00e1n entusiasmadas por compartir lo que ofrecen en el competitivo mercado de las salsas y los condimentos.\",\"breadcrumb\":{\"@id\":\"https:\/\/content.carib-export.com\/es\/blog\/caribbean-food-brands-ready-to-bring-the-flavour-to-sial-paris-2022\/#breadcrumb\"},\"inLanguage\":\"es\",\"potentialAction\":[{\"@type\":\"ReadAction\",\"target\":[\"https:\/\/content.carib-export.com\/es\/blog\/caribbean-food-brands-ready-to-bring-the-flavour-to-sial-paris-2022\/\"]}]},{\"@type\":\"ImageObject\",\"inLanguage\":\"es\",\"@id\":\"https:\/\/content.carib-export.com\/es\/blog\/caribbean-food-brands-ready-to-bring-the-flavour-to-sial-paris-2022\/#primaryimage\",\"url\":\"https:\/\/content.carib-export.com\/wp-content\/uploads\/2022\/10\/New-website-featured-image-1500-x-1125-6.png\",\"contentUrl\":\"https:\/\/content.carib-export.com\/wp-content\/uploads\/2022\/10\/New-website-featured-image-1500-x-1125-6.png\",\"width\":1500,\"height\":1125},{\"@type\":\"BreadcrumbList\",\"@id\":\"https:\/\/content.carib-export.com\/es\/blog\/caribbean-food-brands-ready-to-bring-the-flavour-to-sial-paris-2022\/#breadcrumb\",\"itemListElement\":[{\"@type\":\"ListItem\",\"position\":1,\"name\":\"Casa\",\"item\":\"https:\/\/content.carib-export.com\/es\/home\/\"},{\"@type\":\"ListItem\",\"position\":2,\"name\":\"Blog\",\"item\":\"https:\/\/content.carib-export.com\/es\/blog\/\"},{\"@type\":\"ListItem\",\"position\":3,\"name\":\"Las marcas de alimentos del Caribe est\u00e1n listas para llevar el sabor a SIAL Par\u00eds 2022\"}]},{\"@type\":\"WebSite\",\"@id\":\"https:\/\/content.carib-export.com\/es\/#website\",\"url\":\"https:\/\/content.carib-export.com\/es\/\",\"name\":\"Exportaci\u00f3n del Caribe\",\"description\":\"La \u00fanica agencia regional de promoci\u00f3n del comercio y las inversiones en el grupo de \u00c1frica, el Caribe y el Pac\u00edfico.\",\"publisher\":{\"@id\":\"https:\/\/content.carib-export.com\/es\/#organization\"},\"potentialAction\":[{\"@type\":\"SearchAction\",\"target\":{\"@type\":\"EntryPoint\",\"urlTemplate\":\"https:\/\/content.carib-export.com\/es\/?s={search_term_string}\"},\"query-input\":{\"@type\":\"PropertyValueSpecification\",\"valueRequired\":true,\"valueName\":\"search_term_string\"}}],\"inLanguage\":\"es\"},{\"@type\":\"Organization\",\"@id\":\"https:\/\/content.carib-export.com\/es\/#organization\",\"name\":\"Agencia de Desarrollo de Exportaciones del Caribe\",\"url\":\"https:\/\/content.carib-export.com\/es\/\",\"logo\":{\"@type\":\"ImageObject\",\"inLanguage\":\"es\",\"@id\":\"https:\/\/content.carib-export.com\/es\/#\/schema\/logo\/image\/\",\"url\":\"https:\/\/content.carib-export.com\/wp-content\/uploads\/2013\/03\/CE-Logo-2013.jpg\",\"contentUrl\":\"https:\/\/content.carib-export.com\/wp-content\/uploads\/2013\/03\/CE-Logo-2013.jpg\",\"width\":1024,\"height\":244,\"caption\":\"Agencia de Desarrollo de Exportaciones del Caribe\"},\"image\":{\"@id\":\"https:\/\/content.carib-export.com\/es\/#\/schema\/logo\/image\/\"},\"sameAs\":[\"https:\/\/www.facebook.com\/CaribbeanExport\",\"https:\/\/x.com\/CaribXport\",\"https:\/\/www.instagram.com\/caribbeanexport\",\"https:\/\/www.linkedin.com\/company\/caribbeanexport\",\"https:\/\/www.youtube.com\/user\/TheCaribbeanExport\"]},{\"@type\":\"Person\",\"@id\":\"https:\/\/content.carib-export.com\/es\/#\/schema\/person\/63f73e994fff6abf0f7c512d0be1ee1a\",\"name\":\"Caribbean Export\",\"image\":{\"@type\":\"ImageObject\",\"inLanguage\":\"es\",\"@id\":\"https:\/\/content.carib-export.com\/es\/#\/schema\/person\/image\/\",\"url\":\"https:\/\/secure.gravatar.com\/avatar\/ad516503a11cd5ca435acc9bb6523536?s=96\",\"contentUrl\":\"https:\/\/secure.gravatar.com\/avatar\/ad516503a11cd5ca435acc9bb6523536?s=96\",\"caption\":\"Caribbean Export\"},\"description\":\"Building business, transforming lives for a resilient Caribbean.\",\"sameAs\":[\"https:\/\/www.facebook.com\/CaribbeanExport\",\"https:\/\/www.instagram.com\/caribbeanexport\/\",\"linkedin.com\/company\/caribbeanexport\/\",\"https:\/\/x.com\/CaribXport\",\"https:\/\/www.youtube.com\/user\/TheCaribbeanExport\/videos\"],\"url\":\"https:\/\/content.carib-export.com\/es\/author\/demo\/\"}]}<\/script>\n<!-- \/ Yoast SEO plugin. -->","yoast_head_json":{"title":"Las marcas de alimentos del Caribe est\u00e1n listas para llevar el sabor a SIAL Par\u00eds 2022 - nombre del Exportaci\u00f3n del Caribe","description":"Cinco marcas l\u00edderes de la alimentaci\u00f3n caribe\u00f1a est\u00e1n entusiasmadas por compartir lo que ofrecen en el competitivo mercado de las salsas y los condimentos.","robots":{"index":"index","follow":"follow","max-snippet":"max-snippet:-1","max-image-preview":"max-image-preview:large","max-video-preview":"max-video-preview:-1"},"canonical":"https:\/\/content.carib-export.com\/es\/blog\/caribbean-food-brands-ready-to-bring-the-flavour-to-sial-paris-2022\/","og_locale":"es_ES","og_type":"article","og_title":"Las marcas de alimentos del Caribe est\u00e1n listas para llevar el sabor a SIAL Par\u00eds 2022 - nombre del Exportaci\u00f3n del Caribe","og_description":"Cinco marcas l\u00edderes de la alimentaci\u00f3n caribe\u00f1a est\u00e1n entusiasmadas por compartir lo que ofrecen en el competitivo mercado de las salsas y los condimentos.","og_url":"https:\/\/content.carib-export.com\/es\/blog\/caribbean-food-brands-ready-to-bring-the-flavour-to-sial-paris-2022\/","og_site_name":"Exportaci\u00f3n del Caribe","article_publisher":"https:\/\/www.facebook.com\/CaribbeanExport","article_author":"https:\/\/www.facebook.com\/CaribbeanExport","article_published_time":"2022-10-07T18:21:09+00:00","article_modified_time":"2022-10-07T18:26:21+00:00","og_image":[{"url":"https:\/\/content.carib-export.com\/wp-content\/uploads\/2022\/10\/New-website-featured-image-1500-x-1125-6-1024x768.png","type":"","width":"","height":""}],"author":"Caribbean Export","twitter_card":"summary_large_image","twitter_image":"https:\/\/content.carib-export.com\/wp-content\/uploads\/2022\/10\/New-website-featured-image-1500-x-1125-6-1024x768.png","twitter_creator":"@CaribXport","twitter_site":"@CaribXport","twitter_misc":{"Escrito por":"Caribbean Export","Tiempo de lectura":"5 minutos"},"schema":{"@context":"https:\/\/schema.org","@graph":[{"@type":"Article","@id":"https:\/\/content.carib-export.com\/es\/blog\/caribbean-food-brands-ready-to-bring-the-flavour-to-sial-paris-2022\/#article","isPartOf":{"@id":"https:\/\/content.carib-export.com\/es\/blog\/caribbean-food-brands-ready-to-bring-the-flavour-to-sial-paris-2022\/"},"author":{"name":"Caribbean Export","@id":"https:\/\/content.carib-export.com\/es\/#\/schema\/person\/63f73e994fff6abf0f7c512d0be1ee1a"},"headline":"Las marcas de alimentos del Caribe est\u00e1n listas para llevar el sabor a SIAL Par\u00eds 2022","datePublished":"2022-10-07T18:21:09+00:00","dateModified":"2022-10-07T18:26:21+00:00","mainEntityOfPage":{"@id":"https:\/\/content.carib-export.com\/es\/blog\/caribbean-food-brands-ready-to-bring-the-flavour-to-sial-paris-2022\/"},"wordCount":1056,"publisher":{"@id":"https:\/\/content.carib-export.com\/es\/#organization"},"image":{"@id":"https:\/\/content.carib-export.com\/es\/blog\/caribbean-food-brands-ready-to-bring-the-flavour-to-sial-paris-2022\/#primaryimage"},"thumbnailUrl":"https:\/\/content.carib-export.com\/wp-content\/uploads\/2022\/10\/New-website-featured-image-1500-x-1125-6.png","articleSection":["Blog"],"inLanguage":"es"},{"@type":"WebPage","@id":"https:\/\/content.carib-export.com\/es\/blog\/caribbean-food-brands-ready-to-bring-the-flavour-to-sial-paris-2022\/","url":"https:\/\/content.carib-export.com\/es\/blog\/caribbean-food-brands-ready-to-bring-the-flavour-to-sial-paris-2022\/","name":"Las marcas de alimentos del Caribe est\u00e1n listas para llevar el sabor a SIAL Par\u00eds 2022 - nombre del Exportaci\u00f3n del Caribe","isPartOf":{"@id":"https:\/\/content.carib-export.com\/es\/#website"},"primaryImageOfPage":{"@id":"https:\/\/content.carib-export.com\/es\/blog\/caribbean-food-brands-ready-to-bring-the-flavour-to-sial-paris-2022\/#primaryimage"},"image":{"@id":"https:\/\/content.carib-export.com\/es\/blog\/caribbean-food-brands-ready-to-bring-the-flavour-to-sial-paris-2022\/#primaryimage"},"thumbnailUrl":"https:\/\/content.carib-export.com\/wp-content\/uploads\/2022\/10\/New-website-featured-image-1500-x-1125-6.png","datePublished":"2022-10-07T18:21:09+00:00","dateModified":"2022-10-07T18:26:21+00:00","description":"Cinco marcas l\u00edderes de la alimentaci\u00f3n caribe\u00f1a est\u00e1n entusiasmadas por compartir lo que ofrecen en el competitivo mercado de las salsas y los condimentos.","breadcrumb":{"@id":"https:\/\/content.carib-export.com\/es\/blog\/caribbean-food-brands-ready-to-bring-the-flavour-to-sial-paris-2022\/#breadcrumb"},"inLanguage":"es","potentialAction":[{"@type":"ReadAction","target":["https:\/\/content.carib-export.com\/es\/blog\/caribbean-food-brands-ready-to-bring-the-flavour-to-sial-paris-2022\/"]}]},{"@type":"ImageObject","inLanguage":"es","@id":"https:\/\/content.carib-export.com\/es\/blog\/caribbean-food-brands-ready-to-bring-the-flavour-to-sial-paris-2022\/#primaryimage","url":"https:\/\/content.carib-export.com\/wp-content\/uploads\/2022\/10\/New-website-featured-image-1500-x-1125-6.png","contentUrl":"https:\/\/content.carib-export.com\/wp-content\/uploads\/2022\/10\/New-website-featured-image-1500-x-1125-6.png","width":1500,"height":1125},{"@type":"BreadcrumbList","@id":"https:\/\/content.carib-export.com\/es\/blog\/caribbean-food-brands-ready-to-bring-the-flavour-to-sial-paris-2022\/#breadcrumb","itemListElement":[{"@type":"ListItem","position":1,"name":"Casa","item":"https:\/\/content.carib-export.com\/es\/home\/"},{"@type":"ListItem","position":2,"name":"Blog","item":"https:\/\/content.carib-export.com\/es\/blog\/"},{"@type":"ListItem","position":3,"name":"Las marcas de alimentos del Caribe est\u00e1n listas para llevar el sabor a SIAL Par\u00eds 2022"}]},{"@type":"WebSite","@id":"https:\/\/content.carib-export.com\/es\/#website","url":"https:\/\/content.carib-export.com\/es\/","name":"Exportaci\u00f3n del Caribe","description":"La \u00fanica agencia regional de promoci\u00f3n del comercio y las inversiones en el grupo de \u00c1frica, el Caribe y el Pac\u00edfico.","publisher":{"@id":"https:\/\/content.carib-export.com\/es\/#organization"},"potentialAction":[{"@type":"SearchAction","target":{"@type":"EntryPoint","urlTemplate":"https:\/\/content.carib-export.com\/es\/?s={search_term_string}"},"query-input":{"@type":"PropertyValueSpecification","valueRequired":true,"valueName":"search_term_string"}}],"inLanguage":"es"},{"@type":"Organization","@id":"https:\/\/content.carib-export.com\/es\/#organization","name":"Agencia de Desarrollo de Exportaciones del Caribe","url":"https:\/\/content.carib-export.com\/es\/","logo":{"@type":"ImageObject","inLanguage":"es","@id":"https:\/\/content.carib-export.com\/es\/#\/schema\/logo\/image\/","url":"https:\/\/content.carib-export.com\/wp-content\/uploads\/2013\/03\/CE-Logo-2013.jpg","contentUrl":"https:\/\/content.carib-export.com\/wp-content\/uploads\/2013\/03\/CE-Logo-2013.jpg","width":1024,"height":244,"caption":"Agencia de Desarrollo de Exportaciones del Caribe"},"image":{"@id":"https:\/\/content.carib-export.com\/es\/#\/schema\/logo\/image\/"},"sameAs":["https:\/\/www.facebook.com\/CaribbeanExport","https:\/\/x.com\/CaribXport","https:\/\/www.instagram.com\/caribbeanexport","https:\/\/www.linkedin.com\/company\/caribbeanexport","https:\/\/www.youtube.com\/user\/TheCaribbeanExport"]},{"@type":"Person","@id":"https:\/\/content.carib-export.com\/es\/#\/schema\/person\/63f73e994fff6abf0f7c512d0be1ee1a","name":"Caribbean Export","image":{"@type":"ImageObject","inLanguage":"es","@id":"https:\/\/content.carib-export.com\/es\/#\/schema\/person\/image\/","url":"https:\/\/secure.gravatar.com\/avatar\/ad516503a11cd5ca435acc9bb6523536?s=96","contentUrl":"https:\/\/secure.gravatar.com\/avatar\/ad516503a11cd5ca435acc9bb6523536?s=96","caption":"Caribbean Export"},"description":"Building business, transforming lives for a resilient Caribbean.","sameAs":["https:\/\/www.facebook.com\/CaribbeanExport","https:\/\/www.instagram.com\/caribbeanexport\/","linkedin.com\/company\/caribbeanexport\/","https:\/\/x.com\/CaribXport","https:\/\/www.youtube.com\/user\/TheCaribbeanExport\/videos"],"url":"https:\/\/content.carib-export.com\/es\/author\/demo\/"}]}},"_links":{"self":[{"href":"https:\/\/content.carib-export.com\/es\/wp-json\/wp\/v2\/posts\/303141","targetHints":{"allow":["GET"]}}],"collection":[{"href":"https:\/\/content.carib-export.com\/es\/wp-json\/wp\/v2\/posts"}],"about":[{"href":"https:\/\/content.carib-export.com\/es\/wp-json\/wp\/v2\/types\/post"}],"author":[{"embeddable":true,"href":"https:\/\/content.carib-export.com\/es\/wp-json\/wp\/v2\/users\/3"}],"replies":[{"embeddable":true,"href":"https:\/\/content.carib-export.com\/es\/wp-json\/wp\/v2\/comments?post=303141"}],"version-history":[{"count":0,"href":"https:\/\/content.carib-export.com\/es\/wp-json\/wp\/v2\/posts\/303141\/revisions"}],"wp:featuredmedia":[{"embeddable":true,"href":"https:\/\/content.carib-export.com\/es\/wp-json\/wp\/v2\/media\/303094"}],"wp:attachment":[{"href":"https:\/\/content.carib-export.com\/es\/wp-json\/wp\/v2\/media?parent=303141"}],"wp:term":[{"taxonomy":"category","embeddable":true,"href":"https:\/\/content.carib-export.com\/es\/wp-json\/wp\/v2\/categories?post=303141"},{"taxonomy":"post_tag","embeddable":true,"href":"https:\/\/content.carib-export.com\/es\/wp-json\/wp\/v2\/tags?post=303141"}],"curies":[{"name":"wp","href":"https:\/\/api.w.org\/{rel}","templated":true}]}}