{"id":307248,"date":"2023-02-02T13:42:33","date_gmt":"2023-02-02T17:42:33","guid":{"rendered":"https:\/\/content.carib-export.com\/virtual-e-commerce-accelerator-programme-gets-underway\/"},"modified":"2023-02-02T14:05:28","modified_gmt":"2023-02-02T18:05:28","slug":"virtual-e-commerce-accelerator-programme-gets-underway","status":"publish","type":"post","link":"https:\/\/content.carib-export.com\/es\/blog\/virtual-e-commerce-accelerator-programme-gets-underway\/","title":{"rendered":"Arranca el programa virtual de aceleraci\u00f3n del comercio electr\u00f3nico"},"content":{"rendered":"<div id=\"bsf_rt_marker\"><\/div>\n<p>Treinta organizaciones de apoyo a las empresas (BSO) y 150 empresas de toda la regi\u00f3n participar\u00e1n en una iniciativa conjunta de formaci\u00f3n en l\u00ednea de 5 meses de duraci\u00f3n para apoyar la adopci\u00f3n del comercio electr\u00f3nico como parte de sus estrategias y operaciones empresariales. El apoyo t\u00e9cnico prestado en el marco del Programa Virtual de Aceleraci\u00f3n del Comercio Electr\u00f3nico (VEAP) ha comenzado hoy, jueves 2 de febrero de 2023.<\/p>\n\n<p>Dos especialistas caribe\u00f1os en transformaci\u00f3n digital, Gilbert Williams y Leighton Campbell, facilitan la formaci\u00f3n y el asesoramiento. Estos formadores magistrales se reunieron con representantes de BSO de 13 Estados miembros durante cinco semanas para prepararles con los contenidos b\u00e1sicos y la estrategia que permitir\u00e1 a cada uno de ellos trabajar con al menos 5 empresas durante el resto del programa. Los BSO colaborar\u00e1n con los formadores principales para guiar a las empresas en la adopci\u00f3n con \u00e9xito del comercio electr\u00f3nico, lo que se traducir\u00e1 en un aumento de las ventas y un mayor alcance del mercado.<\/p>\n\n<p>\u00abEl VEAP forma parte del programa m\u00e1s amplio de transformaci\u00f3n digital de las empresas de Caribbean Export. Los elementos clave del dise\u00f1o del programa incluyen la creaci\u00f3n de capacidad de las BSO para ofrecer iniciativas de adopci\u00f3n del comercio electr\u00f3nico a sus clientes durante y despu\u00e9s de la vida del proyecto. Estoy seguro de que hemos desarrollado una metodolog\u00eda \u00fanica y adecuada para lograr este resultado\u00bb. &#8211; declar\u00f3 Phillip Jackson, Director del Programa y Asesor de Innovaci\u00f3n y Negocios Digitales.<\/p>\n\n<p>El VEAP es una Cooperaci\u00f3n T\u00e9cnica (CT) de 18 meses de duraci\u00f3n que cuenta con el apoyo de una subvenci\u00f3n de la Agencia Francesa de Desarrollo a trav\u00e9s de Expertise France, la agencia francesa de cooperaci\u00f3n t\u00e9cnica internacional, y cuya ejecuci\u00f3n corre a cargo de la Agencia Caribe\u00f1a de Desarrollo de las Exportaciones. <\/p>\n\n<p>La formaci\u00f3n actual ir\u00e1 seguida de una segunda entrega del programa que incorporar\u00e1 las lecciones aprendidas de la primera iteraci\u00f3n. La segunda fase se dirigir\u00e1 a un nuevo grupo de empresas.<\/p>\n\n<p>Si desea m\u00e1s informaci\u00f3n o participar, p\u00f3ngase en contacto con Phillip Jackson: <strong>pjackson[at]carib-export.com<\/strong><\/p>\n","protected":false},"excerpt":{"rendered":"<p>Treinta organizaciones de apoyo a las empresas (BSO) y 150 empresas de toda la regi\u00f3n participar\u00e1n en una iniciativa conjunta de formaci\u00f3n en l\u00ednea de 5 meses de duraci\u00f3n para apoyar la adopci\u00f3n del comercio electr\u00f3nico como parte de sus estrategias y operaciones empresariales. El apoyo t\u00e9cnico prestado en el marco del Programa Virtual de [&hellip;]<\/p>\n","protected":false},"author":16,"featured_media":307254,"comment_status":"closed","ping_status":"closed","sticky":false,"template":"","format":"standard","meta":{"_acf_changed":false,"inline_featured_image":false,"footnotes":""},"categories":[4516],"tags":[],"class_list":["post-307248","post","type-post","status-publish","format-standard","has-post-thumbnail","hentry","category-blog"],"acf":[],"yoast_head":"<!-- This site is optimized with the Yoast SEO plugin v27.1.1 - https:\/\/yoast.com\/product\/yoast-seo-wordpress\/ -->\n<title>Arranca el programa virtual de aceleraci\u00f3n del comercio electr\u00f3nico - nombre del Exportaci\u00f3n del Caribe<\/title>\n<meta name=\"description\" content=\"Treinta organizaciones de apoyo a las empresas y 150 empresas de toda la regi\u00f3n participar\u00e1n en una iniciativa conjunta de formaci\u00f3n en l\u00ednea de 5 meses de duraci\u00f3n.\" \/>\n<meta name=\"robots\" content=\"index, follow, max-snippet:-1, max-image-preview:large, max-video-preview:-1\" \/>\n<link rel=\"canonical\" href=\"https:\/\/content.carib-export.com\/es\/blog\/virtual-e-commerce-accelerator-programme-gets-underway\/\" \/>\n<meta property=\"og:locale\" content=\"es_ES\" \/>\n<meta property=\"og:type\" content=\"article\" \/>\n<meta property=\"og:title\" content=\"Arranca el programa acelerador de comercio electr\u00f3nico virtual\" \/>\n<meta property=\"og:description\" content=\"Treinta organizaciones de apoyo a las empresas y 150 empresas de toda la regi\u00f3n participar\u00e1n en una iniciativa conjunta de formaci\u00f3n en l\u00ednea de 5 meses de duraci\u00f3n.\" \/>\n<meta property=\"og:url\" content=\"https:\/\/content.carib-export.com\/es\/blog\/virtual-e-commerce-accelerator-programme-gets-underway\/\" \/>\n<meta property=\"og:site_name\" content=\"Exportaci\u00f3n del Caribe\" \/>\n<meta property=\"article:publisher\" content=\"https:\/\/www.facebook.com\/CaribbeanExport\" \/>\n<meta property=\"article:published_time\" content=\"2023-02-02T17:42:33+00:00\" \/>\n<meta property=\"article:modified_time\" content=\"2023-02-02T18:05:28+00:00\" \/>\n<meta property=\"og:image\" content=\"https:\/\/content.carib-export.com\/wp-content\/uploads\/2023\/02\/New-website-featured-image-1500-x-1125-19-1024x768.png\" \/>\n<meta name=\"author\" content=\"marketing team\" \/>\n<meta name=\"twitter:card\" content=\"summary_large_image\" \/>\n<meta name=\"twitter:title\" content=\"Arranca el programa acelerador de comercio electr\u00f3nico virtual\" \/>\n<meta name=\"twitter:description\" content=\"Treinta organizaciones de apoyo a las empresas y 150 empresas de toda la regi\u00f3n participar\u00e1n en una iniciativa conjunta de formaci\u00f3n en l\u00ednea de 5 meses de duraci\u00f3n.\" \/>\n<meta name=\"twitter:image\" content=\"https:\/\/content.carib-export.com\/wp-content\/uploads\/2023\/02\/New-website-featured-image-1500-x-1125-19-1024x768.png\" \/>\n<meta name=\"twitter:creator\" content=\"@CaribXport\" \/>\n<meta name=\"twitter:site\" content=\"@CaribXport\" \/>\n<meta name=\"twitter:label1\" content=\"Escrito por\" \/>\n\t<meta name=\"twitter:data1\" content=\"marketing team\" \/>\n\t<meta name=\"twitter:label2\" content=\"Tiempo de lectura\" \/>\n\t<meta name=\"twitter:data2\" content=\"2 minutos\" \/>\n<script type=\"application\/ld+json\" class=\"yoast-schema-graph\">{\"@context\":\"https:\/\/schema.org\",\"@graph\":[{\"@type\":\"Article\",\"@id\":\"https:\/\/content.carib-export.com\/es\/blog\/virtual-e-commerce-accelerator-programme-gets-underway\/#article\",\"isPartOf\":{\"@id\":\"https:\/\/content.carib-export.com\/es\/blog\/virtual-e-commerce-accelerator-programme-gets-underway\/\"},\"author\":{\"name\":\"marketing team\",\"@id\":\"https:\/\/content.carib-export.com\/es\/#\/schema\/person\/690d67729ee7f8ec5fcbc5cb3f853981\"},\"headline\":\"Arranca el programa virtual de aceleraci\u00f3n del comercio electr\u00f3nico\",\"datePublished\":\"2023-02-02T17:42:33+00:00\",\"dateModified\":\"2023-02-02T18:05:28+00:00\",\"mainEntityOfPage\":{\"@id\":\"https:\/\/content.carib-export.com\/es\/blog\/virtual-e-commerce-accelerator-programme-gets-underway\/\"},\"wordCount\":389,\"publisher\":{\"@id\":\"https:\/\/content.carib-export.com\/es\/#organization\"},\"image\":{\"@id\":\"https:\/\/content.carib-export.com\/es\/blog\/virtual-e-commerce-accelerator-programme-gets-underway\/#primaryimage\"},\"thumbnailUrl\":\"https:\/\/content.carib-export.com\/wp-content\/uploads\/2023\/02\/VEAP-BSO-Business-Training-Image.png\",\"articleSection\":[\"Blog\"],\"inLanguage\":\"es\"},{\"@type\":\"WebPage\",\"@id\":\"https:\/\/content.carib-export.com\/es\/blog\/virtual-e-commerce-accelerator-programme-gets-underway\/\",\"url\":\"https:\/\/content.carib-export.com\/es\/blog\/virtual-e-commerce-accelerator-programme-gets-underway\/\",\"name\":\"Arranca el programa virtual de aceleraci\u00f3n del comercio electr\u00f3nico - nombre del Exportaci\u00f3n del Caribe\",\"isPartOf\":{\"@id\":\"https:\/\/content.carib-export.com\/es\/#website\"},\"primaryImageOfPage\":{\"@id\":\"https:\/\/content.carib-export.com\/es\/blog\/virtual-e-commerce-accelerator-programme-gets-underway\/#primaryimage\"},\"image\":{\"@id\":\"https:\/\/content.carib-export.com\/es\/blog\/virtual-e-commerce-accelerator-programme-gets-underway\/#primaryimage\"},\"thumbnailUrl\":\"https:\/\/content.carib-export.com\/wp-content\/uploads\/2023\/02\/VEAP-BSO-Business-Training-Image.png\",\"datePublished\":\"2023-02-02T17:42:33+00:00\",\"dateModified\":\"2023-02-02T18:05:28+00:00\",\"description\":\"Treinta organizaciones de apoyo a las empresas y 150 empresas de toda la regi\u00f3n participar\u00e1n en una iniciativa conjunta de formaci\u00f3n en l\u00ednea de 5 meses de duraci\u00f3n.\",\"breadcrumb\":{\"@id\":\"https:\/\/content.carib-export.com\/es\/blog\/virtual-e-commerce-accelerator-programme-gets-underway\/#breadcrumb\"},\"inLanguage\":\"es\",\"potentialAction\":[{\"@type\":\"ReadAction\",\"target\":[\"https:\/\/content.carib-export.com\/es\/blog\/virtual-e-commerce-accelerator-programme-gets-underway\/\"]}]},{\"@type\":\"ImageObject\",\"inLanguage\":\"es\",\"@id\":\"https:\/\/content.carib-export.com\/es\/blog\/virtual-e-commerce-accelerator-programme-gets-underway\/#primaryimage\",\"url\":\"https:\/\/content.carib-export.com\/wp-content\/uploads\/2023\/02\/VEAP-BSO-Business-Training-Image.png\",\"contentUrl\":\"https:\/\/content.carib-export.com\/wp-content\/uploads\/2023\/02\/VEAP-BSO-Business-Training-Image.png\",\"width\":1500,\"height\":1125},{\"@type\":\"BreadcrumbList\",\"@id\":\"https:\/\/content.carib-export.com\/es\/blog\/virtual-e-commerce-accelerator-programme-gets-underway\/#breadcrumb\",\"itemListElement\":[{\"@type\":\"ListItem\",\"position\":1,\"name\":\"Casa\",\"item\":\"https:\/\/content.carib-export.com\/es\/home\/\"},{\"@type\":\"ListItem\",\"position\":2,\"name\":\"Blog\",\"item\":\"https:\/\/content.carib-export.com\/es\/blog\/\"},{\"@type\":\"ListItem\",\"position\":3,\"name\":\"Arranca el programa virtual de aceleraci\u00f3n del comercio electr\u00f3nico\"}]},{\"@type\":\"WebSite\",\"@id\":\"https:\/\/content.carib-export.com\/es\/#website\",\"url\":\"https:\/\/content.carib-export.com\/es\/\",\"name\":\"Exportaci\u00f3n del Caribe\",\"description\":\"La \u00fanica agencia regional de promoci\u00f3n del comercio y las inversiones en el grupo de \u00c1frica, el Caribe y el Pac\u00edfico.\",\"publisher\":{\"@id\":\"https:\/\/content.carib-export.com\/es\/#organization\"},\"potentialAction\":[{\"@type\":\"SearchAction\",\"target\":{\"@type\":\"EntryPoint\",\"urlTemplate\":\"https:\/\/content.carib-export.com\/es\/?s={search_term_string}\"},\"query-input\":{\"@type\":\"PropertyValueSpecification\",\"valueRequired\":true,\"valueName\":\"search_term_string\"}}],\"inLanguage\":\"es\"},{\"@type\":\"Organization\",\"@id\":\"https:\/\/content.carib-export.com\/es\/#organization\",\"name\":\"Agencia de Desarrollo de Exportaciones del Caribe\",\"url\":\"https:\/\/content.carib-export.com\/es\/\",\"logo\":{\"@type\":\"ImageObject\",\"inLanguage\":\"es\",\"@id\":\"https:\/\/content.carib-export.com\/es\/#\/schema\/logo\/image\/\",\"url\":\"https:\/\/content.carib-export.com\/wp-content\/uploads\/2013\/03\/CE-Logo-2013.jpg\",\"contentUrl\":\"https:\/\/content.carib-export.com\/wp-content\/uploads\/2013\/03\/CE-Logo-2013.jpg\",\"width\":1024,\"height\":244,\"caption\":\"Agencia de Desarrollo de Exportaciones del Caribe\"},\"image\":{\"@id\":\"https:\/\/content.carib-export.com\/es\/#\/schema\/logo\/image\/\"},\"sameAs\":[\"https:\/\/www.facebook.com\/CaribbeanExport\",\"https:\/\/x.com\/CaribXport\",\"https:\/\/www.instagram.com\/caribbeanexport\",\"https:\/\/www.linkedin.com\/company\/caribbeanexport\",\"https:\/\/www.youtube.com\/user\/TheCaribbeanExport\"]},{\"@type\":\"Person\",\"@id\":\"https:\/\/content.carib-export.com\/es\/#\/schema\/person\/690d67729ee7f8ec5fcbc5cb3f853981\",\"name\":\"marketing team\",\"image\":{\"@type\":\"ImageObject\",\"inLanguage\":\"es\",\"@id\":\"https:\/\/content.carib-export.com\/es\/#\/schema\/person\/image\/\",\"url\":\"https:\/\/secure.gravatar.com\/avatar\/ad516503a11cd5ca435acc9bb6523536?s=96\",\"contentUrl\":\"https:\/\/secure.gravatar.com\/avatar\/ad516503a11cd5ca435acc9bb6523536?s=96\",\"caption\":\"marketing team\"},\"url\":\"https:\/\/content.carib-export.com\/es\/author\/test\/\"}]}<\/script>\n<!-- \/ Yoast SEO plugin. -->","yoast_head_json":{"title":"Arranca el programa virtual de aceleraci\u00f3n del comercio electr\u00f3nico - nombre del Exportaci\u00f3n del Caribe","description":"Treinta organizaciones de apoyo a las empresas y 150 empresas de toda la regi\u00f3n participar\u00e1n en una iniciativa conjunta de formaci\u00f3n en l\u00ednea de 5 meses de duraci\u00f3n.","robots":{"index":"index","follow":"follow","max-snippet":"max-snippet:-1","max-image-preview":"max-image-preview:large","max-video-preview":"max-video-preview:-1"},"canonical":"https:\/\/content.carib-export.com\/es\/blog\/virtual-e-commerce-accelerator-programme-gets-underway\/","og_locale":"es_ES","og_type":"article","og_title":"Arranca el programa acelerador de comercio electr\u00f3nico virtual","og_description":"Treinta organizaciones de apoyo a las empresas y 150 empresas de toda la regi\u00f3n participar\u00e1n en una iniciativa conjunta de formaci\u00f3n en l\u00ednea de 5 meses de duraci\u00f3n.","og_url":"https:\/\/content.carib-export.com\/es\/blog\/virtual-e-commerce-accelerator-programme-gets-underway\/","og_site_name":"Exportaci\u00f3n del Caribe","article_publisher":"https:\/\/www.facebook.com\/CaribbeanExport","article_published_time":"2023-02-02T17:42:33+00:00","article_modified_time":"2023-02-02T18:05:28+00:00","og_image":[{"url":"https:\/\/content.carib-export.com\/wp-content\/uploads\/2023\/02\/New-website-featured-image-1500-x-1125-19-1024x768.png","type":"","width":"","height":""}],"author":"marketing team","twitter_card":"summary_large_image","twitter_title":"Arranca el programa acelerador de comercio electr\u00f3nico virtual","twitter_description":"Treinta organizaciones de apoyo a las empresas y 150 empresas de toda la regi\u00f3n participar\u00e1n en una iniciativa conjunta de formaci\u00f3n en l\u00ednea de 5 meses de duraci\u00f3n.","twitter_image":"https:\/\/content.carib-export.com\/wp-content\/uploads\/2023\/02\/New-website-featured-image-1500-x-1125-19-1024x768.png","twitter_creator":"@CaribXport","twitter_site":"@CaribXport","twitter_misc":{"Escrito por":"marketing team","Tiempo de lectura":"2 minutos"},"schema":{"@context":"https:\/\/schema.org","@graph":[{"@type":"Article","@id":"https:\/\/content.carib-export.com\/es\/blog\/virtual-e-commerce-accelerator-programme-gets-underway\/#article","isPartOf":{"@id":"https:\/\/content.carib-export.com\/es\/blog\/virtual-e-commerce-accelerator-programme-gets-underway\/"},"author":{"name":"marketing team","@id":"https:\/\/content.carib-export.com\/es\/#\/schema\/person\/690d67729ee7f8ec5fcbc5cb3f853981"},"headline":"Arranca el programa virtual de aceleraci\u00f3n del comercio electr\u00f3nico","datePublished":"2023-02-02T17:42:33+00:00","dateModified":"2023-02-02T18:05:28+00:00","mainEntityOfPage":{"@id":"https:\/\/content.carib-export.com\/es\/blog\/virtual-e-commerce-accelerator-programme-gets-underway\/"},"wordCount":389,"publisher":{"@id":"https:\/\/content.carib-export.com\/es\/#organization"},"image":{"@id":"https:\/\/content.carib-export.com\/es\/blog\/virtual-e-commerce-accelerator-programme-gets-underway\/#primaryimage"},"thumbnailUrl":"https:\/\/content.carib-export.com\/wp-content\/uploads\/2023\/02\/VEAP-BSO-Business-Training-Image.png","articleSection":["Blog"],"inLanguage":"es"},{"@type":"WebPage","@id":"https:\/\/content.carib-export.com\/es\/blog\/virtual-e-commerce-accelerator-programme-gets-underway\/","url":"https:\/\/content.carib-export.com\/es\/blog\/virtual-e-commerce-accelerator-programme-gets-underway\/","name":"Arranca el programa virtual de aceleraci\u00f3n del comercio electr\u00f3nico - nombre del Exportaci\u00f3n del Caribe","isPartOf":{"@id":"https:\/\/content.carib-export.com\/es\/#website"},"primaryImageOfPage":{"@id":"https:\/\/content.carib-export.com\/es\/blog\/virtual-e-commerce-accelerator-programme-gets-underway\/#primaryimage"},"image":{"@id":"https:\/\/content.carib-export.com\/es\/blog\/virtual-e-commerce-accelerator-programme-gets-underway\/#primaryimage"},"thumbnailUrl":"https:\/\/content.carib-export.com\/wp-content\/uploads\/2023\/02\/VEAP-BSO-Business-Training-Image.png","datePublished":"2023-02-02T17:42:33+00:00","dateModified":"2023-02-02T18:05:28+00:00","description":"Treinta organizaciones de apoyo a las empresas y 150 empresas de toda la regi\u00f3n participar\u00e1n en una iniciativa conjunta de formaci\u00f3n en l\u00ednea de 5 meses de duraci\u00f3n.","breadcrumb":{"@id":"https:\/\/content.carib-export.com\/es\/blog\/virtual-e-commerce-accelerator-programme-gets-underway\/#breadcrumb"},"inLanguage":"es","potentialAction":[{"@type":"ReadAction","target":["https:\/\/content.carib-export.com\/es\/blog\/virtual-e-commerce-accelerator-programme-gets-underway\/"]}]},{"@type":"ImageObject","inLanguage":"es","@id":"https:\/\/content.carib-export.com\/es\/blog\/virtual-e-commerce-accelerator-programme-gets-underway\/#primaryimage","url":"https:\/\/content.carib-export.com\/wp-content\/uploads\/2023\/02\/VEAP-BSO-Business-Training-Image.png","contentUrl":"https:\/\/content.carib-export.com\/wp-content\/uploads\/2023\/02\/VEAP-BSO-Business-Training-Image.png","width":1500,"height":1125},{"@type":"BreadcrumbList","@id":"https:\/\/content.carib-export.com\/es\/blog\/virtual-e-commerce-accelerator-programme-gets-underway\/#breadcrumb","itemListElement":[{"@type":"ListItem","position":1,"name":"Casa","item":"https:\/\/content.carib-export.com\/es\/home\/"},{"@type":"ListItem","position":2,"name":"Blog","item":"https:\/\/content.carib-export.com\/es\/blog\/"},{"@type":"ListItem","position":3,"name":"Arranca el programa virtual de aceleraci\u00f3n del comercio electr\u00f3nico"}]},{"@type":"WebSite","@id":"https:\/\/content.carib-export.com\/es\/#website","url":"https:\/\/content.carib-export.com\/es\/","name":"Exportaci\u00f3n del Caribe","description":"La \u00fanica agencia regional de promoci\u00f3n del comercio y las inversiones en el grupo de \u00c1frica, el Caribe y el Pac\u00edfico.","publisher":{"@id":"https:\/\/content.carib-export.com\/es\/#organization"},"potentialAction":[{"@type":"SearchAction","target":{"@type":"EntryPoint","urlTemplate":"https:\/\/content.carib-export.com\/es\/?s={search_term_string}"},"query-input":{"@type":"PropertyValueSpecification","valueRequired":true,"valueName":"search_term_string"}}],"inLanguage":"es"},{"@type":"Organization","@id":"https:\/\/content.carib-export.com\/es\/#organization","name":"Agencia de Desarrollo de Exportaciones del Caribe","url":"https:\/\/content.carib-export.com\/es\/","logo":{"@type":"ImageObject","inLanguage":"es","@id":"https:\/\/content.carib-export.com\/es\/#\/schema\/logo\/image\/","url":"https:\/\/content.carib-export.com\/wp-content\/uploads\/2013\/03\/CE-Logo-2013.jpg","contentUrl":"https:\/\/content.carib-export.com\/wp-content\/uploads\/2013\/03\/CE-Logo-2013.jpg","width":1024,"height":244,"caption":"Agencia de Desarrollo de Exportaciones del Caribe"},"image":{"@id":"https:\/\/content.carib-export.com\/es\/#\/schema\/logo\/image\/"},"sameAs":["https:\/\/www.facebook.com\/CaribbeanExport","https:\/\/x.com\/CaribXport","https:\/\/www.instagram.com\/caribbeanexport","https:\/\/www.linkedin.com\/company\/caribbeanexport","https:\/\/www.youtube.com\/user\/TheCaribbeanExport"]},{"@type":"Person","@id":"https:\/\/content.carib-export.com\/es\/#\/schema\/person\/690d67729ee7f8ec5fcbc5cb3f853981","name":"marketing team","image":{"@type":"ImageObject","inLanguage":"es","@id":"https:\/\/content.carib-export.com\/es\/#\/schema\/person\/image\/","url":"https:\/\/secure.gravatar.com\/avatar\/ad516503a11cd5ca435acc9bb6523536?s=96","contentUrl":"https:\/\/secure.gravatar.com\/avatar\/ad516503a11cd5ca435acc9bb6523536?s=96","caption":"marketing team"},"url":"https:\/\/content.carib-export.com\/es\/author\/test\/"}]}},"_links":{"self":[{"href":"https:\/\/content.carib-export.com\/es\/wp-json\/wp\/v2\/posts\/307248","targetHints":{"allow":["GET"]}}],"collection":[{"href":"https:\/\/content.carib-export.com\/es\/wp-json\/wp\/v2\/posts"}],"about":[{"href":"https:\/\/content.carib-export.com\/es\/wp-json\/wp\/v2\/types\/post"}],"author":[{"embeddable":true,"href":"https:\/\/content.carib-export.com\/es\/wp-json\/wp\/v2\/users\/16"}],"replies":[{"embeddable":true,"href":"https:\/\/content.carib-export.com\/es\/wp-json\/wp\/v2\/comments?post=307248"}],"version-history":[{"count":0,"href":"https:\/\/content.carib-export.com\/es\/wp-json\/wp\/v2\/posts\/307248\/revisions"}],"wp:featuredmedia":[{"embeddable":true,"href":"https:\/\/content.carib-export.com\/es\/wp-json\/wp\/v2\/media\/307254"}],"wp:attachment":[{"href":"https:\/\/content.carib-export.com\/es\/wp-json\/wp\/v2\/media?parent=307248"}],"wp:term":[{"taxonomy":"category","embeddable":true,"href":"https:\/\/content.carib-export.com\/es\/wp-json\/wp\/v2\/categories?post=307248"},{"taxonomy":"post_tag","embeddable":true,"href":"https:\/\/content.carib-export.com\/es\/wp-json\/wp\/v2\/tags?post=307248"}],"curies":[{"name":"wp","href":"https:\/\/api.w.org\/{rel}","templated":true}]}}