{"id":319353,"date":"2024-03-12T09:36:18","date_gmt":"2024-03-12T13:36:18","guid":{"rendered":"https:\/\/content.carib-export.com\/there-is-an-energy-around-guyana\/"},"modified":"2024-03-13T12:34:23","modified_gmt":"2024-03-13T16:34:23","slug":"there-is-an-energy-around-guyana","status":"publish","type":"post","link":"https:\/\/content.carib-export.com\/es\/blog\/there-is-an-energy-around-guyana\/","title":{"rendered":"Hay una energ\u00eda en torno a Guyana"},"content":{"rendered":"<div id=\"bsf_rt_marker\"><\/div>\n<p>Un equipo de alto nivel de Caribbean Export estuvo en Guyana del 4 al 9 de marzo de 2024 para reunirse con el Gobierno anfitri\u00f3n y los organismos relacionados con el fin de planificar el Foro de Inversiones del Caribe (FIC 2024) previsto para los d\u00edas 10 a 12 de julio de 2024 en el Centro de Conferencias Arthur Chung.<\/p>\n\n<p>Caribbean Export, en colaboraci\u00f3n con la Uni\u00f3n Europea y la Secretar\u00eda de la CARICOM, acoger\u00e1 la 3\u00aa edici\u00f3n de esta hist\u00f3rica iniciativa bajo el patrocinio de Su Excelencia, el Dr. Mohamed Irfaan Ali, Presidente de la Rep\u00fablica Cooperativa de Guyana. El Presidente Ali, que no es ajeno a la Agencia tras haber sido el distinguido orador principal del Foro de Inversi\u00f3n del Caribe 2022 celebrado en Dubai (EAU), vuelve a situar a Guyana, as\u00ed como al resto del Caribe, en esta iniciativa de transformaci\u00f3n de la regi\u00f3n.<\/p>\n\n<p>Guyana ha consolidado su posici\u00f3n como la econom\u00eda de m\u00e1s r\u00e1pido crecimiento del mundo en 2024 impulsada por el auge del petr\u00f3leo, registrando una producci\u00f3n nacional del 62% en 2022, y una expansi\u00f3n del 27,2% y 34,2% en 2023 y 2024 respectivamente.<a href=\"https:\/\/www.spglobal.com\/marketintelligence\/en\/mi\/research-analysis\/the-worlds-fastest-growing-economy.html#:~:text=Guyana%20registered%20the%20world's%20highest,fastest%2Dgrowing%20economy%20in%202024\" target=\"_blank\" rel=\"noreferrer noopener\"><sup data-fn=\"bde9668c-38fd-4ff6-83e3-9a433747de33\" class=\"fn\"><\/sup><\/a><a href=\"#bde9668c-38fd-4ff6-83e3-9a433747de33\" id=\"bde9668c-38fd-4ff6-83e3-9a433747de33-link\">1<\/a>. Adem\u00e1s, el panorama econ\u00f3mico del pa\u00eds ha cambiado, ya que los servicios de apoyo al sector del petr\u00f3leo y el gas han pasado del 0,2% del PIB en 2015 al 57,3% en 2022, desplazando al sector agr\u00edcola como pilar econ\u00f3mico del pa\u00eds.<\/p>\n\n<p>A pesar de esta fortuna, el pa\u00eds sigue comprometido con su lugar como granero del Caribe y con su promesa de seguridad alimentaria de aumentar la producci\u00f3n agr\u00edcola de alimentos como el arroz, la soja y otros productos. Las inversiones en la modernizaci\u00f3n de la industria agr\u00edcola son clave, incluida la agricultura inteligente y sostenible y las innovaciones en sus megagranjas para aprovechar la masa continental de Guyana. Como dijo con una analog\u00eda un colega de Go-Invest, la agencia nacional de promoci\u00f3n de inversiones de Guyana, \u00abtoda la CARICOM cabe en Guyana\u00bb. Adem\u00e1s, est\u00e1n en marcha varios grandes proyectos de infraestructuras, desde redes de ampliaci\u00f3n de carreteras en Georgetown hasta enlaces por carretera destinados a conectar con los pa\u00edses vecinos, Surinam y Brasil. Por ello, no es de extra\u00f1ar que en la reci\u00e9n concluida reuni\u00f3n de Jefes de Gobierno de la CARICOM, celebrada hace apenas dos semanas bajo la presidencia del Presidente Ali, se recibiera a Su Excelencia Luiz Inacio Lula Da Silva, Presidente de Brasil. Esto indica el compromiso de reforzar la cooperaci\u00f3n Sur-Sur entre las partes.<\/p>\n\n<p>Adem\u00e1s, cualquiera que haya viajado recientemente a Guyana comprender\u00e1 las dificultades para encontrar alojamiento de calidad a precios razonables. Sin embargo, esta situaci\u00f3n est\u00e1 a punto de cambiar, con la incorporaci\u00f3n de cerca de 1.000 habitaciones a la oferta de alojamiento de aqu\u00ed a 2025. Hoteles de marcas internacionales como Hyatt Place, Four Point Sheraton, AC Marriott y Marriott Courtyard Hotel a\u00f1adir\u00e1n Guyana a su huella global y aumentar\u00e1n la propuesta de valor del pa\u00eds.<sup data-fn=\"a27161a2-11d5-4556-86d4-2bcdaec6e55c\" class=\"fn\"><a href=\"#a27161a2-11d5-4556-86d4-2bcdaec6e55c\" id=\"a27161a2-11d5-4556-86d4-2bcdaec6e55c-link\">2<\/a><\/sup><\/p>\n\n<p>Otros sectores preparados para la inversi\u00f3n son las TIC y la innovaci\u00f3n, aportaciones fundamentales para mejorar el panorama digital del pa\u00eds y hacerlo competitivo internacionalmente y aprovechar todos los avances que vayan surgiendo. Adem\u00e1s, como m\u00e1s del 80% de Guyana est\u00e1 cubierto de bosques<a href=\"https:\/\/guyanainvest.gov.gy\/wp-content\/uploads\/2020\/11\/G-iNVEST-Brochure-President-Ali-Speech-on-Guyana-Investment-Opportunties.pdf\" target=\"_blank\" rel=\"noreferrer noopener\"><sup data-fn=\"99b511a8-0807-4e52-942c-1521a848914a\" class=\"fn\"><\/sup><\/a><a href=\"#99b511a8-0807-4e52-942c-1521a848914a\" id=\"99b511a8-0807-4e52-942c-1521a848914a-link\">3<\/a>, esto es un buen augurio para los servicios ecol\u00f3gicos y la producci\u00f3n verde. Por consiguiente, aunque Guyana experimentar\u00e1 una producci\u00f3n r\u00e9cord de petr\u00f3leo en los pr\u00f3ximos a\u00f1os, las inversiones en las fases previas y posteriores ser\u00e1n transversales, lo que catapultar\u00e1 el rendimiento econ\u00f3mico. Con menos de un mill\u00f3n de habitantes, la mano de obra local es insuficiente para satisfacer la creciente demanda. Por lo tanto, los ciudadanos caribe\u00f1os, y de hecho otros, se dirigir\u00e1n a Guyana para aprovechar la creciente actividad econ\u00f3mica, una inversi\u00f3n ir\u00f3nica como la presenciada a mediados y finales del siglo XX, cuando los guyaneses se marcharon a la di\u00e1spora.<\/p>\n\n<p>Bas\u00e1ndose en lo anterior, Caribbean Export conf\u00eda en su decisi\u00f3n de acoger este foro con tres temas destacados para la inversi\u00f3n: la agricultura sostenible, la digitalizaci\u00f3n de los negocios y la transici\u00f3n hacia la energ\u00eda verde. El acontecimiento est\u00e1 llamado a suceder a las iteraciones de 2022 y 2023, celebradas en Trinidad y Tobago y Bahamas respectivamente, con 500 delegados empresariales en cada una de ellas, y la participaci\u00f3n mundial de m\u00e1s de 40 pa\u00edses. Entre ellos figuran inversores e instituciones financieras, altos ejecutivos de conglomerados regionales e internacionales y socios regionales e internacionales.<\/p>\n\n<p>Ser\u00eda negligente no se\u00f1alar las s\u00f3lidas asociaciones que Caribbean Export ha mantenido a lo largo de los a\u00f1os en su labor de apoyo al sector privado del Caribe. Nuestra tasa de ejecuci\u00f3n del 92% alcanzada en 2023 para el 11\u00ba Programa de Desarrollo del Sector Privado Regional del Fondo Europeo de Desarrollo, que finaliz\u00f3 en septiembre de 2023, es una prueba del liderazgo de la Agencia en este \u00e1mbito, y las reuniones de alto nivel celebradas a lo largo de la semana son un testimonio de la fortaleza de nuestra colaboraci\u00f3n.<\/p>\n\n<p>Gracias al Jefe de la Delegaci\u00f3n de la UE en Guyana, Embajador Van Nes, al Subsecretario General de Integraci\u00f3n Econ\u00f3mica, Innovaci\u00f3n y Desarrollo de CARICOM, Joseph Cox, a la Representante del BID en Guyana, Lorena Solorzano-Salazar, as\u00ed como a la direcci\u00f3n de varios organismos del sector privado, como la C\u00e1mara de Comercio e Industria de Georgetown, la Asociaci\u00f3n de Manufacturas y Servicios de Guyana y la C\u00e1mara de Comercio UE-Guyana. El equipo tambi\u00e9n se reuni\u00f3 con altos representantes de la Oficina del Presidente, el Ministerio de Turismo, Industria y Comercio y Go-Invest. Estos socios fueron informados de la labor de la Agencia y de la puesta en marcha del CIF2024.<\/p>\n\n<p>La CIF2024 mostrar\u00e1 lo mejor de Guyana con la ceremonia inaugural, el mi\u00e9rcoles 10 de julio, en la que S.E. Irfaan Ali pronunciar\u00e1 su discurso de apertura, seguido de una velada cultural y una recepci\u00f3n para establecer contactos. Los dos d\u00edas siguientes incluir\u00e1n sesiones plenarias por la ma\u00f1ana con presentaciones de proyectos listos para la pala en las tres \u00e1reas, as\u00ed como la aldea de la inversi\u00f3n y la exposici\u00f3n con demostraciones de productos, reuniones de negocios y presentaciones por pa\u00edses de las Agencias de Promoci\u00f3n de Inversiones del Caribe por la tarde.<br\/>De hecho, en Guyana se respira un hervidero y la energ\u00eda es palpable. Esperamos verle entonces.<\/p>\n","protected":false},"excerpt":{"rendered":"<p>Un equipo de alto nivel de Caribbean Export estuvo en Guyana del 4 al 9 de marzo de 2024 para reunirse con el Gobierno anfitri\u00f3n y los organismos relacionados con el fin de planificar el Foro de Inversiones del Caribe (FIC 2024) previsto para los d\u00edas 10 a 12 de julio de 2024 en el [&hellip;]<\/p>\n","protected":false},"author":25,"featured_media":319321,"comment_status":"closed","ping_status":"closed","sticky":false,"template":"","format":"standard","meta":{"_acf_changed":false,"inline_featured_image":false,"footnotes":""},"categories":[4516],"tags":[],"class_list":["post-319353","post","type-post","status-publish","format-standard","has-post-thumbnail","hentry","category-blog"],"acf":[],"yoast_head":"<!-- This site is optimized with the Yoast SEO plugin v27.1.1 - https:\/\/yoast.com\/product\/yoast-seo-wordpress\/ -->\n<title>Hay una energ\u00eda en torno a Guyana - nombre del Exportaci\u00f3n del Caribe<\/title>\n<meta name=\"description\" content=\"Un equipo de alto nivel de Caribbean Export estuvo en Guyana del 4 al 9 de marzo de 2024 para reunirse con el Gobierno anfitri\u00f3n y los organismos relacionados con el fin de planificar el Foro de Inversiones del Caribe (FIC 2024) previsto para los d\u00edas 10 a 12 de julio de 2024 en el Centro de Conferencias Arthur Chung.\" \/>\n<meta name=\"robots\" content=\"index, follow, max-snippet:-1, max-image-preview:large, max-video-preview:-1\" \/>\n<link rel=\"canonical\" href=\"https:\/\/content.carib-export.com\/es\/blog\/there-is-an-energy-around-guyana\/\" \/>\n<meta property=\"og:locale\" content=\"es_ES\" \/>\n<meta property=\"og:type\" content=\"article\" \/>\n<meta property=\"og:title\" content=\"\u00a1Hay una energ\u00eda alrededor de Guyana!\" \/>\n<meta property=\"og:description\" content=\"Un equipo de alto nivel de Caribbean Export estuvo en Guyana del 4 al 9 de marzo de 2024 para reunirse con el Gobierno anfitri\u00f3n y los organismos relacionados con el fin de planificar el Foro de Inversiones del Caribe (FIC 2024) previsto para los d\u00edas 10 a 12 de julio de 2024 en el Centro de Conferencias Arthur Chung.\" \/>\n<meta property=\"og:url\" content=\"https:\/\/content.carib-export.com\/es\/blog\/there-is-an-energy-around-guyana\/\" \/>\n<meta property=\"og:site_name\" content=\"Exportaci\u00f3n del Caribe\" \/>\n<meta property=\"article:publisher\" content=\"https:\/\/www.facebook.com\/CaribbeanExport\" \/>\n<meta property=\"article:published_time\" content=\"2024-03-12T13:36:18+00:00\" \/>\n<meta property=\"article:modified_time\" content=\"2024-03-13T16:34:23+00:00\" \/>\n<meta property=\"og:image\" content=\"https:\/\/content.carib-export.com\/wp-content\/uploads\/2024\/03\/GIOh7PrWMAAMp3_-1024x509.jpg\" \/>\n<meta name=\"author\" content=\"Natasha Walcott\" \/>\n<meta name=\"twitter:card\" content=\"summary_large_image\" \/>\n<meta name=\"twitter:title\" content=\"\u00a1Hay una energ\u00eda alrededor de Guyana!\" \/>\n<meta name=\"twitter:description\" content=\"Un equipo de alto nivel de Caribbean Export estuvo en Guyana del 4 al 9 de marzo de 2024 para reunirse con el Gobierno anfitri\u00f3n y los organismos relacionados con el fin de planificar el Foro de Inversiones del Caribe (FIC 2024) previsto para los d\u00edas 10 a 12 de julio de 2024 en el Centro de Conferencias Arthur Chung.\" \/>\n<meta name=\"twitter:image\" content=\"https:\/\/content.carib-export.com\/wp-content\/uploads\/2024\/03\/GIOh7PrWMAAMp3_-1024x509.jpg\" \/>\n<meta name=\"twitter:creator\" content=\"@CaribXport\" \/>\n<meta name=\"twitter:site\" content=\"@CaribXport\" \/>\n<meta name=\"twitter:label1\" content=\"Escrito por\" \/>\n\t<meta name=\"twitter:data1\" content=\"Natasha Walcott\" \/>\n\t<meta name=\"twitter:label2\" content=\"Tiempo de lectura\" \/>\n\t<meta name=\"twitter:data2\" content=\"6 minutos\" \/>\n<script type=\"application\/ld+json\" class=\"yoast-schema-graph\">{\"@context\":\"https:\/\/schema.org\",\"@graph\":[{\"@type\":\"Article\",\"@id\":\"https:\/\/content.carib-export.com\/es\/blog\/there-is-an-energy-around-guyana\/#article\",\"isPartOf\":{\"@id\":\"https:\/\/content.carib-export.com\/es\/blog\/there-is-an-energy-around-guyana\/\"},\"author\":{\"name\":\"Natasha Walcott\",\"@id\":\"https:\/\/content.carib-export.com\/es\/#\/schema\/person\/80c0719332afceb06ff10e3d42490974\"},\"headline\":\"Hay una energ\u00eda en torno a Guyana\",\"datePublished\":\"2024-03-12T13:36:18+00:00\",\"dateModified\":\"2024-03-13T16:34:23+00:00\",\"mainEntityOfPage\":{\"@id\":\"https:\/\/content.carib-export.com\/es\/blog\/there-is-an-energy-around-guyana\/\"},\"wordCount\":1115,\"publisher\":{\"@id\":\"https:\/\/content.carib-export.com\/es\/#organization\"},\"image\":{\"@id\":\"https:\/\/content.carib-export.com\/es\/blog\/there-is-an-energy-around-guyana\/#primaryimage\"},\"thumbnailUrl\":\"https:\/\/content.carib-export.com\/wp-content\/uploads\/2024\/03\/New-website-featured-image-1500-x-1125-48.png\",\"articleSection\":[\"Blog\"],\"inLanguage\":\"es\"},{\"@type\":\"WebPage\",\"@id\":\"https:\/\/content.carib-export.com\/es\/blog\/there-is-an-energy-around-guyana\/\",\"url\":\"https:\/\/content.carib-export.com\/es\/blog\/there-is-an-energy-around-guyana\/\",\"name\":\"Hay una energ\u00eda en torno a Guyana - nombre del Exportaci\u00f3n del Caribe\",\"isPartOf\":{\"@id\":\"https:\/\/content.carib-export.com\/es\/#website\"},\"primaryImageOfPage\":{\"@id\":\"https:\/\/content.carib-export.com\/es\/blog\/there-is-an-energy-around-guyana\/#primaryimage\"},\"image\":{\"@id\":\"https:\/\/content.carib-export.com\/es\/blog\/there-is-an-energy-around-guyana\/#primaryimage\"},\"thumbnailUrl\":\"https:\/\/content.carib-export.com\/wp-content\/uploads\/2024\/03\/New-website-featured-image-1500-x-1125-48.png\",\"datePublished\":\"2024-03-12T13:36:18+00:00\",\"dateModified\":\"2024-03-13T16:34:23+00:00\",\"description\":\"Un equipo de alto nivel de Caribbean Export estuvo en Guyana del 4 al 9 de marzo de 2024 para reunirse con el Gobierno anfitri\u00f3n y los organismos relacionados con el fin de planificar el Foro de Inversiones del Caribe (FIC 2024) previsto para los d\u00edas 10 a 12 de julio de 2024 en el Centro de Conferencias Arthur Chung.\",\"breadcrumb\":{\"@id\":\"https:\/\/content.carib-export.com\/es\/blog\/there-is-an-energy-around-guyana\/#breadcrumb\"},\"inLanguage\":\"es\",\"potentialAction\":[{\"@type\":\"ReadAction\",\"target\":[\"https:\/\/content.carib-export.com\/es\/blog\/there-is-an-energy-around-guyana\/\"]}]},{\"@type\":\"ImageObject\",\"inLanguage\":\"es\",\"@id\":\"https:\/\/content.carib-export.com\/es\/blog\/there-is-an-energy-around-guyana\/#primaryimage\",\"url\":\"https:\/\/content.carib-export.com\/wp-content\/uploads\/2024\/03\/New-website-featured-image-1500-x-1125-48.png\",\"contentUrl\":\"https:\/\/content.carib-export.com\/wp-content\/uploads\/2024\/03\/New-website-featured-image-1500-x-1125-48.png\",\"width\":1500,\"height\":1125},{\"@type\":\"BreadcrumbList\",\"@id\":\"https:\/\/content.carib-export.com\/es\/blog\/there-is-an-energy-around-guyana\/#breadcrumb\",\"itemListElement\":[{\"@type\":\"ListItem\",\"position\":1,\"name\":\"Casa\",\"item\":\"https:\/\/content.carib-export.com\/es\/home\/\"},{\"@type\":\"ListItem\",\"position\":2,\"name\":\"Blog\",\"item\":\"https:\/\/content.carib-export.com\/es\/blog\/\"},{\"@type\":\"ListItem\",\"position\":3,\"name\":\"Hay una energ\u00eda en torno a Guyana\"}]},{\"@type\":\"WebSite\",\"@id\":\"https:\/\/content.carib-export.com\/es\/#website\",\"url\":\"https:\/\/content.carib-export.com\/es\/\",\"name\":\"Exportaci\u00f3n del Caribe\",\"description\":\"La \u00fanica agencia regional de promoci\u00f3n del comercio y las inversiones en el grupo de \u00c1frica, el Caribe y el Pac\u00edfico.\",\"publisher\":{\"@id\":\"https:\/\/content.carib-export.com\/es\/#organization\"},\"potentialAction\":[{\"@type\":\"SearchAction\",\"target\":{\"@type\":\"EntryPoint\",\"urlTemplate\":\"https:\/\/content.carib-export.com\/es\/?s={search_term_string}\"},\"query-input\":{\"@type\":\"PropertyValueSpecification\",\"valueRequired\":true,\"valueName\":\"search_term_string\"}}],\"inLanguage\":\"es\"},{\"@type\":\"Organization\",\"@id\":\"https:\/\/content.carib-export.com\/es\/#organization\",\"name\":\"Agencia de Desarrollo de Exportaciones del Caribe\",\"url\":\"https:\/\/content.carib-export.com\/es\/\",\"logo\":{\"@type\":\"ImageObject\",\"inLanguage\":\"es\",\"@id\":\"https:\/\/content.carib-export.com\/es\/#\/schema\/logo\/image\/\",\"url\":\"https:\/\/content.carib-export.com\/wp-content\/uploads\/2013\/03\/CE-Logo-2013.jpg\",\"contentUrl\":\"https:\/\/content.carib-export.com\/wp-content\/uploads\/2013\/03\/CE-Logo-2013.jpg\",\"width\":1024,\"height\":244,\"caption\":\"Agencia de Desarrollo de Exportaciones del Caribe\"},\"image\":{\"@id\":\"https:\/\/content.carib-export.com\/es\/#\/schema\/logo\/image\/\"},\"sameAs\":[\"https:\/\/www.facebook.com\/CaribbeanExport\",\"https:\/\/x.com\/CaribXport\",\"https:\/\/www.instagram.com\/caribbeanexport\",\"https:\/\/www.linkedin.com\/company\/caribbeanexport\",\"https:\/\/www.youtube.com\/user\/TheCaribbeanExport\"]},{\"@type\":\"Person\",\"@id\":\"https:\/\/content.carib-export.com\/es\/#\/schema\/person\/80c0719332afceb06ff10e3d42490974\",\"name\":\"Natasha Walcott\",\"image\":{\"@type\":\"ImageObject\",\"inLanguage\":\"es\",\"@id\":\"https:\/\/content.carib-export.com\/es\/#\/schema\/person\/image\/\",\"url\":\"https:\/\/content.carib-export.com\/wp-content\/uploads\/2025\/03\/Natasha-Edwin-Walcott_Lead-Export-Development-Promotion-96x96.png\",\"contentUrl\":\"https:\/\/content.carib-export.com\/wp-content\/uploads\/2025\/03\/Natasha-Edwin-Walcott_Lead-Export-Development-Promotion-96x96.png\",\"caption\":\"Natasha Walcott\"},\"description\":\"Natasha Walcott is the Senior Advisor- Competitiveness and Export Promotion at the Caribbean Export Development Agency.\",\"url\":\"https:\/\/content.carib-export.com\/es\/author\/cep-team\/\"}]}<\/script>\n<!-- \/ Yoast SEO plugin. -->","yoast_head_json":{"title":"Hay una energ\u00eda en torno a Guyana - nombre del Exportaci\u00f3n del Caribe","description":"Un equipo de alto nivel de Caribbean Export estuvo en Guyana del 4 al 9 de marzo de 2024 para reunirse con el Gobierno anfitri\u00f3n y los organismos relacionados con el fin de planificar el Foro de Inversiones del Caribe (FIC 2024) previsto para los d\u00edas 10 a 12 de julio de 2024 en el Centro de Conferencias Arthur Chung.","robots":{"index":"index","follow":"follow","max-snippet":"max-snippet:-1","max-image-preview":"max-image-preview:large","max-video-preview":"max-video-preview:-1"},"canonical":"https:\/\/content.carib-export.com\/es\/blog\/there-is-an-energy-around-guyana\/","og_locale":"es_ES","og_type":"article","og_title":"\u00a1Hay una energ\u00eda alrededor de Guyana!","og_description":"Un equipo de alto nivel de Caribbean Export estuvo en Guyana del 4 al 9 de marzo de 2024 para reunirse con el Gobierno anfitri\u00f3n y los organismos relacionados con el fin de planificar el Foro de Inversiones del Caribe (FIC 2024) previsto para los d\u00edas 10 a 12 de julio de 2024 en el Centro de Conferencias Arthur Chung.","og_url":"https:\/\/content.carib-export.com\/es\/blog\/there-is-an-energy-around-guyana\/","og_site_name":"Exportaci\u00f3n del Caribe","article_publisher":"https:\/\/www.facebook.com\/CaribbeanExport","article_published_time":"2024-03-12T13:36:18+00:00","article_modified_time":"2024-03-13T16:34:23+00:00","og_image":[{"url":"https:\/\/content.carib-export.com\/wp-content\/uploads\/2024\/03\/GIOh7PrWMAAMp3_-1024x509.jpg","type":"","width":"","height":""}],"author":"Natasha Walcott","twitter_card":"summary_large_image","twitter_title":"\u00a1Hay una energ\u00eda alrededor de Guyana!","twitter_description":"Un equipo de alto nivel de Caribbean Export estuvo en Guyana del 4 al 9 de marzo de 2024 para reunirse con el Gobierno anfitri\u00f3n y los organismos relacionados con el fin de planificar el Foro de Inversiones del Caribe (FIC 2024) previsto para los d\u00edas 10 a 12 de julio de 2024 en el Centro de Conferencias Arthur Chung.","twitter_image":"https:\/\/content.carib-export.com\/wp-content\/uploads\/2024\/03\/GIOh7PrWMAAMp3_-1024x509.jpg","twitter_creator":"@CaribXport","twitter_site":"@CaribXport","twitter_misc":{"Escrito por":"Natasha Walcott","Tiempo de lectura":"6 minutos"},"schema":{"@context":"https:\/\/schema.org","@graph":[{"@type":"Article","@id":"https:\/\/content.carib-export.com\/es\/blog\/there-is-an-energy-around-guyana\/#article","isPartOf":{"@id":"https:\/\/content.carib-export.com\/es\/blog\/there-is-an-energy-around-guyana\/"},"author":{"name":"Natasha Walcott","@id":"https:\/\/content.carib-export.com\/es\/#\/schema\/person\/80c0719332afceb06ff10e3d42490974"},"headline":"Hay una energ\u00eda en torno a Guyana","datePublished":"2024-03-12T13:36:18+00:00","dateModified":"2024-03-13T16:34:23+00:00","mainEntityOfPage":{"@id":"https:\/\/content.carib-export.com\/es\/blog\/there-is-an-energy-around-guyana\/"},"wordCount":1115,"publisher":{"@id":"https:\/\/content.carib-export.com\/es\/#organization"},"image":{"@id":"https:\/\/content.carib-export.com\/es\/blog\/there-is-an-energy-around-guyana\/#primaryimage"},"thumbnailUrl":"https:\/\/content.carib-export.com\/wp-content\/uploads\/2024\/03\/New-website-featured-image-1500-x-1125-48.png","articleSection":["Blog"],"inLanguage":"es"},{"@type":"WebPage","@id":"https:\/\/content.carib-export.com\/es\/blog\/there-is-an-energy-around-guyana\/","url":"https:\/\/content.carib-export.com\/es\/blog\/there-is-an-energy-around-guyana\/","name":"Hay una energ\u00eda en torno a Guyana - nombre del Exportaci\u00f3n del Caribe","isPartOf":{"@id":"https:\/\/content.carib-export.com\/es\/#website"},"primaryImageOfPage":{"@id":"https:\/\/content.carib-export.com\/es\/blog\/there-is-an-energy-around-guyana\/#primaryimage"},"image":{"@id":"https:\/\/content.carib-export.com\/es\/blog\/there-is-an-energy-around-guyana\/#primaryimage"},"thumbnailUrl":"https:\/\/content.carib-export.com\/wp-content\/uploads\/2024\/03\/New-website-featured-image-1500-x-1125-48.png","datePublished":"2024-03-12T13:36:18+00:00","dateModified":"2024-03-13T16:34:23+00:00","description":"Un equipo de alto nivel de Caribbean Export estuvo en Guyana del 4 al 9 de marzo de 2024 para reunirse con el Gobierno anfitri\u00f3n y los organismos relacionados con el fin de planificar el Foro de Inversiones del Caribe (FIC 2024) previsto para los d\u00edas 10 a 12 de julio de 2024 en el Centro de Conferencias Arthur Chung.","breadcrumb":{"@id":"https:\/\/content.carib-export.com\/es\/blog\/there-is-an-energy-around-guyana\/#breadcrumb"},"inLanguage":"es","potentialAction":[{"@type":"ReadAction","target":["https:\/\/content.carib-export.com\/es\/blog\/there-is-an-energy-around-guyana\/"]}]},{"@type":"ImageObject","inLanguage":"es","@id":"https:\/\/content.carib-export.com\/es\/blog\/there-is-an-energy-around-guyana\/#primaryimage","url":"https:\/\/content.carib-export.com\/wp-content\/uploads\/2024\/03\/New-website-featured-image-1500-x-1125-48.png","contentUrl":"https:\/\/content.carib-export.com\/wp-content\/uploads\/2024\/03\/New-website-featured-image-1500-x-1125-48.png","width":1500,"height":1125},{"@type":"BreadcrumbList","@id":"https:\/\/content.carib-export.com\/es\/blog\/there-is-an-energy-around-guyana\/#breadcrumb","itemListElement":[{"@type":"ListItem","position":1,"name":"Casa","item":"https:\/\/content.carib-export.com\/es\/home\/"},{"@type":"ListItem","position":2,"name":"Blog","item":"https:\/\/content.carib-export.com\/es\/blog\/"},{"@type":"ListItem","position":3,"name":"Hay una energ\u00eda en torno a Guyana"}]},{"@type":"WebSite","@id":"https:\/\/content.carib-export.com\/es\/#website","url":"https:\/\/content.carib-export.com\/es\/","name":"Exportaci\u00f3n del Caribe","description":"La \u00fanica agencia regional de promoci\u00f3n del comercio y las inversiones en el grupo de \u00c1frica, el Caribe y el Pac\u00edfico.","publisher":{"@id":"https:\/\/content.carib-export.com\/es\/#organization"},"potentialAction":[{"@type":"SearchAction","target":{"@type":"EntryPoint","urlTemplate":"https:\/\/content.carib-export.com\/es\/?s={search_term_string}"},"query-input":{"@type":"PropertyValueSpecification","valueRequired":true,"valueName":"search_term_string"}}],"inLanguage":"es"},{"@type":"Organization","@id":"https:\/\/content.carib-export.com\/es\/#organization","name":"Agencia de Desarrollo de Exportaciones del Caribe","url":"https:\/\/content.carib-export.com\/es\/","logo":{"@type":"ImageObject","inLanguage":"es","@id":"https:\/\/content.carib-export.com\/es\/#\/schema\/logo\/image\/","url":"https:\/\/content.carib-export.com\/wp-content\/uploads\/2013\/03\/CE-Logo-2013.jpg","contentUrl":"https:\/\/content.carib-export.com\/wp-content\/uploads\/2013\/03\/CE-Logo-2013.jpg","width":1024,"height":244,"caption":"Agencia de Desarrollo de Exportaciones del Caribe"},"image":{"@id":"https:\/\/content.carib-export.com\/es\/#\/schema\/logo\/image\/"},"sameAs":["https:\/\/www.facebook.com\/CaribbeanExport","https:\/\/x.com\/CaribXport","https:\/\/www.instagram.com\/caribbeanexport","https:\/\/www.linkedin.com\/company\/caribbeanexport","https:\/\/www.youtube.com\/user\/TheCaribbeanExport"]},{"@type":"Person","@id":"https:\/\/content.carib-export.com\/es\/#\/schema\/person\/80c0719332afceb06ff10e3d42490974","name":"Natasha Walcott","image":{"@type":"ImageObject","inLanguage":"es","@id":"https:\/\/content.carib-export.com\/es\/#\/schema\/person\/image\/","url":"https:\/\/content.carib-export.com\/wp-content\/uploads\/2025\/03\/Natasha-Edwin-Walcott_Lead-Export-Development-Promotion-96x96.png","contentUrl":"https:\/\/content.carib-export.com\/wp-content\/uploads\/2025\/03\/Natasha-Edwin-Walcott_Lead-Export-Development-Promotion-96x96.png","caption":"Natasha Walcott"},"description":"Natasha Walcott is the Senior Advisor- Competitiveness and Export Promotion at the Caribbean Export Development Agency.","url":"https:\/\/content.carib-export.com\/es\/author\/cep-team\/"}]}},"_links":{"self":[{"href":"https:\/\/content.carib-export.com\/es\/wp-json\/wp\/v2\/posts\/319353","targetHints":{"allow":["GET"]}}],"collection":[{"href":"https:\/\/content.carib-export.com\/es\/wp-json\/wp\/v2\/posts"}],"about":[{"href":"https:\/\/content.carib-export.com\/es\/wp-json\/wp\/v2\/types\/post"}],"author":[{"embeddable":true,"href":"https:\/\/content.carib-export.com\/es\/wp-json\/wp\/v2\/users\/25"}],"replies":[{"embeddable":true,"href":"https:\/\/content.carib-export.com\/es\/wp-json\/wp\/v2\/comments?post=319353"}],"version-history":[{"count":0,"href":"https:\/\/content.carib-export.com\/es\/wp-json\/wp\/v2\/posts\/319353\/revisions"}],"wp:featuredmedia":[{"embeddable":true,"href":"https:\/\/content.carib-export.com\/es\/wp-json\/wp\/v2\/media\/319321"}],"wp:attachment":[{"href":"https:\/\/content.carib-export.com\/es\/wp-json\/wp\/v2\/media?parent=319353"}],"wp:term":[{"taxonomy":"category","embeddable":true,"href":"https:\/\/content.carib-export.com\/es\/wp-json\/wp\/v2\/categories?post=319353"},{"taxonomy":"post_tag","embeddable":true,"href":"https:\/\/content.carib-export.com\/es\/wp-json\/wp\/v2\/tags?post=319353"}],"curies":[{"name":"wp","href":"https:\/\/api.w.org\/{rel}","templated":true}]}}