{"id":325473,"date":"2024-11-05T17:13:08","date_gmt":"2024-11-05T21:13:08","guid":{"rendered":"https:\/\/content.carib-export.com\/digital-connectors-connecting-dominican-startups-with-international-corporations-through-eu-funded-program\/"},"modified":"2024-11-05T17:18:39","modified_gmt":"2024-11-05T21:18:39","slug":"digital-connectors-connecting-dominican-startups-with-international-corporations-through-eu-funded-program","status":"publish","type":"post","link":"https:\/\/content.carib-export.com\/es\/blog\/digital-connectors-connecting-dominican-startups-with-international-corporations-through-eu-funded-program\/","title":{"rendered":"Conectores Digitales: Conectando startups dominicanas con corporaciones internacionales a trav\u00e9s de un programa financiado por la UE"},"content":{"rendered":"<div id=\"bsf_rt_marker\"><\/div>\n<p>La Agencia Caribe\u00f1a de Desarrollo de las Exportaciones, en colaboraci\u00f3n con la Delegaci\u00f3n de la Uni\u00f3n Europea en Rep\u00fablica Dominicana, el Ministerio de Econom\u00eda, Planificaci\u00f3n y Desarrollo (MEPyD) y el Ministerio de Industria, Comercio y Mipymes (MICM), organiz\u00f3 el taller \u00abOportunidades de Negocio en Europa y Am\u00e9rica Latina\u00bb. Este evento sirvi\u00f3 de plataforma \u00fanica para que startups y empresas tecnol\u00f3gicas de la Rep\u00fablica Dominicana establecieran v\u00ednculos de producto con corporaciones de Europa y Am\u00e9rica Latina, explorando posibilidades de alianzas estrat\u00e9gicas orientadas a la innovaci\u00f3n y el crecimiento en el mercado internacional. <\/p>\n\n<p>El taller forma parte de la iniciativa Conectores Digitales, incluida en el programa <a href=\"https:\/\/eulacdigitalaccelerator.com\/\">Acelerador Digital UE-ALC <\/a>financiado por la Uni\u00f3n Europea como parte de su Instrumento de Vecindad, Desarrollo y Cooperaci\u00f3n Internacional (NDICI-Global Gateway). Con m\u00e1s de 170 corporaciones y 900 startups de Europa, Am\u00e9rica Latina y el Caribe conectadas en una red de cooperaci\u00f3n, este programa busca impulsar la transformaci\u00f3n digital y fomentar colaboraciones estrat\u00e9gicas para aportar soluciones a los retos tecnol\u00f3gicos de las empresas privadas de todo el mundo. <\/p>\n\n<p><strong>Palabras de Apertura<\/strong> Durante la inauguraci\u00f3n del evento, las autoridades destacaron la importancia de la colaboraci\u00f3n internacional para el crecimiento del sector tecnol\u00f3gico en la Rep\u00fablica Dominicana. Destacaron que eventos como este taller contribuyen al posicionamiento global de las empresas tecnol\u00f3gicas dominicanas y fortalecen sus capacidades para afrontar retos en el mercado internacional. <\/p>\n\n<p>\u00abA trav\u00e9s de Conectores Digitales, nos comprometemos a apoyar a la Rep\u00fablica Dominicana y a toda la regi\u00f3n en la construcci\u00f3n de un ecosistema de innovaci\u00f3n con nuevas oportunidades para el crecimiento y la internacionalizaci\u00f3n de las empresas locales\u00bb, declar\u00f3 Melv\u00edn As\u00edn, Jefe de Cooperaci\u00f3n de la Delegaci\u00f3n de la Uni\u00f3n Europea en la Rep\u00fablica Dominicana.<\/p>\n\n<p>\u00abEn los \u00faltimos a\u00f1os, el pa\u00eds ha experimentado una importante transformaci\u00f3n digital. La proliferaci\u00f3n de la conectividad, el acceso a dispositivos inteligentes y la implantaci\u00f3n de tecnolog\u00edas emergentes han marcado la transici\u00f3n hacia una sociedad m\u00e1s digital. Nuestro gobierno ha apostado fuertemente por la transformaci\u00f3n digital, convirti\u00e9ndola en una prioridad en el Plan Plurianual del Sector P\u00fablico\u00bb, coment\u00f3 Olaya Dotel, Viceministra de Cooperaci\u00f3n Internacional del Ministerio de Econom\u00eda, Planificaci\u00f3n y Desarrollo (MEPyD).<\/p>\n\n<p>\u00abLa colaboraci\u00f3n con corporaciones europeas y latinoamericanas es una oportunidad invaluable para que nuestras startups crezcan y enfrenten nuevos retos\u00bb, destac\u00f3 Fantino Polanco, Viceministro de Desarrollo Industrial del Ministerio de Industria, Comercio y Mipymes.<\/p>\n\n<p>\u00abEn Caribbean Export estamos comprometidos con el impulso de la transformaci\u00f3n digital a nivel regional y con el potencial de nuestras startups para integrarse en las cadenas globales de valor. A trav\u00e9s del Acelerador Digital UE-ALC, pretendemos que estas empresas establezcan conexiones estrat\u00e9gicas y generen oportunidades de negocio internacionales que impulsen su crecimiento econ\u00f3mico y la creaci\u00f3n de empleo en el pa\u00eds\u00bb, declar\u00f3 Leo Naut, Director Ejecutivo Adjunto de la Agencia Caribe\u00f1a de Desarrollo de las Exportaciones.<\/p>\n\n<p><strong>Ponentes y temas<\/strong> tratados El taller cont\u00f3 con la participaci\u00f3n de expertos en asociaciones internacionales y estrategias de colaboraci\u00f3n en el sector de las TIC:<\/p>\n\n<p>&#8211; <strong>Maika Gorostidi<\/strong>, Codirectora de la Aceleradora Digital UE-ALC, que present\u00f3 los objetivos del programa y detall\u00f3 c\u00f3mo conecta a las startups dominicanas con corporaciones de Europa y Am\u00e9rica Latina.<\/p>\n\n<p>&#8211; <strong>Francisco (Paco) Prieto<\/strong>, Codirector de la Aceleradora Digital UE-ALC, dirigi\u00f3 la sesi\u00f3n sobre Conexiones Estrat\u00e9gicas: Empresas de Europa y Am\u00e9rica Latina buscando colaboraciones con empresas TIC y startups para generar negocio y abordar retos digitales, analizando las oportunidades y beneficios de la colaboraci\u00f3n entre startups y corporaciones.<\/p>\n\n<p>&#8211; <strong>Miguel Rodr\u00edguez<\/strong>, Consultor de Innovaci\u00f3n de la Aceleradora Digital UE-ALC, que comparti\u00f3 estrategias clave para establecer relaciones comerciales con empresas y startups internacionales, centr\u00e1ndose en la innovaci\u00f3n abierta y en la resoluci\u00f3n de retos digitales comunes.<\/p>\n\n<p>Este evento marca el primer taller dirigido espec\u00edficamente a startups y empresas tecnol\u00f3gicas de la Rep\u00fablica Dominicana como parte de la agenda del programa Conectores Digitales. El programa continuar\u00e1 con otros talleres enfocados a la formaci\u00f3n de empresas en innovaci\u00f3n abierta, as\u00ed como reuniones bilaterales entre estas empresas y organizaciones de apoyo al comercio, tanto gubernamentales como privadas, para fortalecer el ecosistema tecnol\u00f3gico y facilitar conexiones estrat\u00e9gicas que impulsen la expansi\u00f3n internacional del sector tecnol\u00f3gico en la regi\u00f3n. <\/p>\n","protected":false},"excerpt":{"rendered":"<p>La Agencia Caribe\u00f1a de Desarrollo de las Exportaciones, en colaboraci\u00f3n con la Delegaci\u00f3n de la Uni\u00f3n Europea en Rep\u00fablica Dominicana, el Ministerio de Econom\u00eda, Planificaci\u00f3n y Desarrollo (MEPyD) y el Ministerio de Industria, Comercio y Mipymes (MICM), organiz\u00f3 el taller \u00abOportunidades de Negocio en Europa y Am\u00e9rica Latina\u00bb. Este evento sirvi\u00f3 de plataforma \u00fanica para [&hellip;]<\/p>\n","protected":false},"author":26,"featured_media":325388,"comment_status":"closed","ping_status":"closed","sticky":false,"template":"","format":"standard","meta":{"_acf_changed":false,"inline_featured_image":false,"footnotes":""},"categories":[4516],"tags":[],"class_list":["post-325473","post","type-post","status-publish","format-standard","has-post-thumbnail","hentry","category-blog"],"acf":[],"yoast_head":"<!-- This site is optimized with the Yoast SEO plugin v27.1.1 - https:\/\/yoast.com\/product\/yoast-seo-wordpress\/ -->\n<title>Conectores Digitales: Conectando startups dominicanas con corporaciones internacionales a trav\u00e9s de un programa financiado por la UE - nombre del Exportaci\u00f3n del Caribe<\/title>\n<meta name=\"robots\" content=\"index, follow, max-snippet:-1, max-image-preview:large, max-video-preview:-1\" \/>\n<link rel=\"canonical\" href=\"https:\/\/content.carib-export.com\/es\/blog\/digital-connectors-connecting-dominican-startups-with-international-corporations-through-eu-funded-program\/\" \/>\n<meta property=\"og:locale\" content=\"es_ES\" \/>\n<meta property=\"og:type\" content=\"article\" \/>\n<meta property=\"og:title\" content=\"Conectores Digitales: Conectando startups dominicanas con corporaciones internacionales a trav\u00e9s de un programa financiado por la UE - nombre del Exportaci\u00f3n del Caribe\" \/>\n<meta property=\"og:description\" content=\"La Agencia Caribe\u00f1a de Desarrollo de las Exportaciones, en colaboraci\u00f3n con la Delegaci\u00f3n de la Uni\u00f3n Europea en Rep\u00fablica Dominicana, el Ministerio de Econom\u00eda, Planificaci\u00f3n y Desarrollo (MEPyD) y el Ministerio de Industria, Comercio y Mipymes (MICM), organiz\u00f3 el taller \u00abOportunidades de Negocio en Europa y Am\u00e9rica Latina\u00bb. Este evento sirvi\u00f3 de plataforma \u00fanica para [&hellip;]\" \/>\n<meta property=\"og:url\" content=\"https:\/\/content.carib-export.com\/es\/blog\/digital-connectors-connecting-dominican-startups-with-international-corporations-through-eu-funded-program\/\" \/>\n<meta property=\"og:site_name\" content=\"Exportaci\u00f3n del Caribe\" \/>\n<meta property=\"article:publisher\" content=\"https:\/\/www.facebook.com\/CaribbeanExport\" \/>\n<meta property=\"article:published_time\" content=\"2024-11-05T21:13:08+00:00\" \/>\n<meta property=\"article:modified_time\" content=\"2024-11-05T21:18:39+00:00\" \/>\n<meta property=\"og:image\" content=\"https:\/\/content.carib-export.com\/wp-content\/uploads\/2024\/11\/Untitled-design-3-Portada-blog-.jpg\" \/>\n\t<meta property=\"og:image:width\" content=\"1500\" \/>\n\t<meta property=\"og:image:height\" content=\"1125\" \/>\n\t<meta property=\"og:image:type\" content=\"image\/jpeg\" \/>\n<meta name=\"author\" content=\"Romily Thevenin\" \/>\n<meta name=\"twitter:card\" content=\"summary_large_image\" \/>\n<meta name=\"twitter:creator\" content=\"@CaribXport\" \/>\n<meta name=\"twitter:site\" content=\"@CaribXport\" \/>\n<meta name=\"twitter:label1\" content=\"Escrito por\" \/>\n\t<meta name=\"twitter:data1\" content=\"Romily Thevenin\" \/>\n\t<meta name=\"twitter:label2\" content=\"Tiempo de lectura\" \/>\n\t<meta name=\"twitter:data2\" content=\"4 minutos\" \/>\n<script type=\"application\/ld+json\" class=\"yoast-schema-graph\">{\"@context\":\"https:\/\/schema.org\",\"@graph\":[{\"@type\":\"Article\",\"@id\":\"https:\/\/content.carib-export.com\/es\/blog\/digital-connectors-connecting-dominican-startups-with-international-corporations-through-eu-funded-program\/#article\",\"isPartOf\":{\"@id\":\"https:\/\/content.carib-export.com\/es\/blog\/digital-connectors-connecting-dominican-startups-with-international-corporations-through-eu-funded-program\/\"},\"author\":{\"name\":\"Romily Thevenin\",\"@id\":\"https:\/\/content.carib-export.com\/es\/#\/schema\/person\/fa847dcfcaf72653acdf816d7f9c0b06\"},\"headline\":\"Conectores Digitales: Conectando startups dominicanas con corporaciones internacionales a trav\u00e9s de un programa financiado por la UE\",\"datePublished\":\"2024-11-05T21:13:08+00:00\",\"dateModified\":\"2024-11-05T21:18:39+00:00\",\"mainEntityOfPage\":{\"@id\":\"https:\/\/content.carib-export.com\/es\/blog\/digital-connectors-connecting-dominican-startups-with-international-corporations-through-eu-funded-program\/\"},\"wordCount\":782,\"publisher\":{\"@id\":\"https:\/\/content.carib-export.com\/es\/#organization\"},\"image\":{\"@id\":\"https:\/\/content.carib-export.com\/es\/blog\/digital-connectors-connecting-dominican-startups-with-international-corporations-through-eu-funded-program\/#primaryimage\"},\"thumbnailUrl\":\"https:\/\/content.carib-export.com\/wp-content\/uploads\/2024\/11\/Untitled-design-3-Portada-blog-.jpg\",\"articleSection\":[\"Blog\"],\"inLanguage\":\"es\"},{\"@type\":\"WebPage\",\"@id\":\"https:\/\/content.carib-export.com\/es\/blog\/digital-connectors-connecting-dominican-startups-with-international-corporations-through-eu-funded-program\/\",\"url\":\"https:\/\/content.carib-export.com\/es\/blog\/digital-connectors-connecting-dominican-startups-with-international-corporations-through-eu-funded-program\/\",\"name\":\"Conectores Digitales: Conectando startups dominicanas con corporaciones internacionales a trav\u00e9s de un programa financiado por la UE - nombre del Exportaci\u00f3n del Caribe\",\"isPartOf\":{\"@id\":\"https:\/\/content.carib-export.com\/es\/#website\"},\"primaryImageOfPage\":{\"@id\":\"https:\/\/content.carib-export.com\/es\/blog\/digital-connectors-connecting-dominican-startups-with-international-corporations-through-eu-funded-program\/#primaryimage\"},\"image\":{\"@id\":\"https:\/\/content.carib-export.com\/es\/blog\/digital-connectors-connecting-dominican-startups-with-international-corporations-through-eu-funded-program\/#primaryimage\"},\"thumbnailUrl\":\"https:\/\/content.carib-export.com\/wp-content\/uploads\/2024\/11\/Untitled-design-3-Portada-blog-.jpg\",\"datePublished\":\"2024-11-05T21:13:08+00:00\",\"dateModified\":\"2024-11-05T21:18:39+00:00\",\"breadcrumb\":{\"@id\":\"https:\/\/content.carib-export.com\/es\/blog\/digital-connectors-connecting-dominican-startups-with-international-corporations-through-eu-funded-program\/#breadcrumb\"},\"inLanguage\":\"es\",\"potentialAction\":[{\"@type\":\"ReadAction\",\"target\":[\"https:\/\/content.carib-export.com\/es\/blog\/digital-connectors-connecting-dominican-startups-with-international-corporations-through-eu-funded-program\/\"]}]},{\"@type\":\"ImageObject\",\"inLanguage\":\"es\",\"@id\":\"https:\/\/content.carib-export.com\/es\/blog\/digital-connectors-connecting-dominican-startups-with-international-corporations-through-eu-funded-program\/#primaryimage\",\"url\":\"https:\/\/content.carib-export.com\/wp-content\/uploads\/2024\/11\/Untitled-design-3-Portada-blog-.jpg\",\"contentUrl\":\"https:\/\/content.carib-export.com\/wp-content\/uploads\/2024\/11\/Untitled-design-3-Portada-blog-.jpg\",\"width\":1500,\"height\":1125},{\"@type\":\"BreadcrumbList\",\"@id\":\"https:\/\/content.carib-export.com\/es\/blog\/digital-connectors-connecting-dominican-startups-with-international-corporations-through-eu-funded-program\/#breadcrumb\",\"itemListElement\":[{\"@type\":\"ListItem\",\"position\":1,\"name\":\"Casa\",\"item\":\"https:\/\/content.carib-export.com\/es\/home\/\"},{\"@type\":\"ListItem\",\"position\":2,\"name\":\"Blog\",\"item\":\"https:\/\/content.carib-export.com\/es\/blog\/\"},{\"@type\":\"ListItem\",\"position\":3,\"name\":\"Conectores Digitales: Conectando startups dominicanas con corporaciones internacionales a trav\u00e9s de un programa financiado por la UE\"}]},{\"@type\":\"WebSite\",\"@id\":\"https:\/\/content.carib-export.com\/es\/#website\",\"url\":\"https:\/\/content.carib-export.com\/es\/\",\"name\":\"Exportaci\u00f3n del Caribe\",\"description\":\"La \u00fanica agencia regional de promoci\u00f3n del comercio y las inversiones en el grupo de \u00c1frica, el Caribe y el Pac\u00edfico.\",\"publisher\":{\"@id\":\"https:\/\/content.carib-export.com\/es\/#organization\"},\"potentialAction\":[{\"@type\":\"SearchAction\",\"target\":{\"@type\":\"EntryPoint\",\"urlTemplate\":\"https:\/\/content.carib-export.com\/es\/?s={search_term_string}\"},\"query-input\":{\"@type\":\"PropertyValueSpecification\",\"valueRequired\":true,\"valueName\":\"search_term_string\"}}],\"inLanguage\":\"es\"},{\"@type\":\"Organization\",\"@id\":\"https:\/\/content.carib-export.com\/es\/#organization\",\"name\":\"Agencia de Desarrollo de Exportaciones del Caribe\",\"url\":\"https:\/\/content.carib-export.com\/es\/\",\"logo\":{\"@type\":\"ImageObject\",\"inLanguage\":\"es\",\"@id\":\"https:\/\/content.carib-export.com\/es\/#\/schema\/logo\/image\/\",\"url\":\"https:\/\/content.carib-export.com\/wp-content\/uploads\/2013\/03\/CE-Logo-2013.jpg\",\"contentUrl\":\"https:\/\/content.carib-export.com\/wp-content\/uploads\/2013\/03\/CE-Logo-2013.jpg\",\"width\":1024,\"height\":244,\"caption\":\"Agencia de Desarrollo de Exportaciones del Caribe\"},\"image\":{\"@id\":\"https:\/\/content.carib-export.com\/es\/#\/schema\/logo\/image\/\"},\"sameAs\":[\"https:\/\/www.facebook.com\/CaribbeanExport\",\"https:\/\/x.com\/CaribXport\",\"https:\/\/www.instagram.com\/caribbeanexport\",\"https:\/\/www.linkedin.com\/company\/caribbeanexport\",\"https:\/\/www.youtube.com\/user\/TheCaribbeanExport\"]},{\"@type\":\"Person\",\"@id\":\"https:\/\/content.carib-export.com\/es\/#\/schema\/person\/fa847dcfcaf72653acdf816d7f9c0b06\",\"name\":\"Romily Thevenin\",\"image\":{\"@type\":\"ImageObject\",\"inLanguage\":\"es\",\"@id\":\"https:\/\/content.carib-export.com\/es\/#\/schema\/person\/image\/\",\"url\":\"https:\/\/content.carib-export.com\/wp-content\/uploads\/2025\/03\/Romily-Thevenin-Communication-Research-Officer-96x96.png\",\"contentUrl\":\"https:\/\/content.carib-export.com\/wp-content\/uploads\/2025\/03\/Romily-Thevenin-Communication-Research-Officer-96x96.png\",\"caption\":\"Romily Thevenin\"},\"url\":\"https:\/\/content.carib-export.com\/es\/author\/romily\/\"}]}<\/script>\n<!-- \/ Yoast SEO plugin. -->","yoast_head_json":{"title":"Conectores Digitales: Conectando startups dominicanas con corporaciones internacionales a trav\u00e9s de un programa financiado por la UE - nombre del Exportaci\u00f3n del Caribe","robots":{"index":"index","follow":"follow","max-snippet":"max-snippet:-1","max-image-preview":"max-image-preview:large","max-video-preview":"max-video-preview:-1"},"canonical":"https:\/\/content.carib-export.com\/es\/blog\/digital-connectors-connecting-dominican-startups-with-international-corporations-through-eu-funded-program\/","og_locale":"es_ES","og_type":"article","og_title":"Conectores Digitales: Conectando startups dominicanas con corporaciones internacionales a trav\u00e9s de un programa financiado por la UE - nombre del Exportaci\u00f3n del Caribe","og_description":"La Agencia Caribe\u00f1a de Desarrollo de las Exportaciones, en colaboraci\u00f3n con la Delegaci\u00f3n de la Uni\u00f3n Europea en Rep\u00fablica Dominicana, el Ministerio de Econom\u00eda, Planificaci\u00f3n y Desarrollo (MEPyD) y el Ministerio de Industria, Comercio y Mipymes (MICM), organiz\u00f3 el taller \u00abOportunidades de Negocio en Europa y Am\u00e9rica Latina\u00bb. Este evento sirvi\u00f3 de plataforma \u00fanica para [&hellip;]","og_url":"https:\/\/content.carib-export.com\/es\/blog\/digital-connectors-connecting-dominican-startups-with-international-corporations-through-eu-funded-program\/","og_site_name":"Exportaci\u00f3n del Caribe","article_publisher":"https:\/\/www.facebook.com\/CaribbeanExport","article_published_time":"2024-11-05T21:13:08+00:00","article_modified_time":"2024-11-05T21:18:39+00:00","og_image":[{"width":1500,"height":1125,"url":"https:\/\/content.carib-export.com\/wp-content\/uploads\/2024\/11\/Untitled-design-3-Portada-blog-.jpg","type":"image\/jpeg"}],"author":"Romily Thevenin","twitter_card":"summary_large_image","twitter_creator":"@CaribXport","twitter_site":"@CaribXport","twitter_misc":{"Escrito por":"Romily Thevenin","Tiempo de lectura":"4 minutos"},"schema":{"@context":"https:\/\/schema.org","@graph":[{"@type":"Article","@id":"https:\/\/content.carib-export.com\/es\/blog\/digital-connectors-connecting-dominican-startups-with-international-corporations-through-eu-funded-program\/#article","isPartOf":{"@id":"https:\/\/content.carib-export.com\/es\/blog\/digital-connectors-connecting-dominican-startups-with-international-corporations-through-eu-funded-program\/"},"author":{"name":"Romily Thevenin","@id":"https:\/\/content.carib-export.com\/es\/#\/schema\/person\/fa847dcfcaf72653acdf816d7f9c0b06"},"headline":"Conectores Digitales: Conectando startups dominicanas con corporaciones internacionales a trav\u00e9s de un programa financiado por la UE","datePublished":"2024-11-05T21:13:08+00:00","dateModified":"2024-11-05T21:18:39+00:00","mainEntityOfPage":{"@id":"https:\/\/content.carib-export.com\/es\/blog\/digital-connectors-connecting-dominican-startups-with-international-corporations-through-eu-funded-program\/"},"wordCount":782,"publisher":{"@id":"https:\/\/content.carib-export.com\/es\/#organization"},"image":{"@id":"https:\/\/content.carib-export.com\/es\/blog\/digital-connectors-connecting-dominican-startups-with-international-corporations-through-eu-funded-program\/#primaryimage"},"thumbnailUrl":"https:\/\/content.carib-export.com\/wp-content\/uploads\/2024\/11\/Untitled-design-3-Portada-blog-.jpg","articleSection":["Blog"],"inLanguage":"es"},{"@type":"WebPage","@id":"https:\/\/content.carib-export.com\/es\/blog\/digital-connectors-connecting-dominican-startups-with-international-corporations-through-eu-funded-program\/","url":"https:\/\/content.carib-export.com\/es\/blog\/digital-connectors-connecting-dominican-startups-with-international-corporations-through-eu-funded-program\/","name":"Conectores Digitales: Conectando startups dominicanas con corporaciones internacionales a trav\u00e9s de un programa financiado por la UE - nombre del Exportaci\u00f3n del Caribe","isPartOf":{"@id":"https:\/\/content.carib-export.com\/es\/#website"},"primaryImageOfPage":{"@id":"https:\/\/content.carib-export.com\/es\/blog\/digital-connectors-connecting-dominican-startups-with-international-corporations-through-eu-funded-program\/#primaryimage"},"image":{"@id":"https:\/\/content.carib-export.com\/es\/blog\/digital-connectors-connecting-dominican-startups-with-international-corporations-through-eu-funded-program\/#primaryimage"},"thumbnailUrl":"https:\/\/content.carib-export.com\/wp-content\/uploads\/2024\/11\/Untitled-design-3-Portada-blog-.jpg","datePublished":"2024-11-05T21:13:08+00:00","dateModified":"2024-11-05T21:18:39+00:00","breadcrumb":{"@id":"https:\/\/content.carib-export.com\/es\/blog\/digital-connectors-connecting-dominican-startups-with-international-corporations-through-eu-funded-program\/#breadcrumb"},"inLanguage":"es","potentialAction":[{"@type":"ReadAction","target":["https:\/\/content.carib-export.com\/es\/blog\/digital-connectors-connecting-dominican-startups-with-international-corporations-through-eu-funded-program\/"]}]},{"@type":"ImageObject","inLanguage":"es","@id":"https:\/\/content.carib-export.com\/es\/blog\/digital-connectors-connecting-dominican-startups-with-international-corporations-through-eu-funded-program\/#primaryimage","url":"https:\/\/content.carib-export.com\/wp-content\/uploads\/2024\/11\/Untitled-design-3-Portada-blog-.jpg","contentUrl":"https:\/\/content.carib-export.com\/wp-content\/uploads\/2024\/11\/Untitled-design-3-Portada-blog-.jpg","width":1500,"height":1125},{"@type":"BreadcrumbList","@id":"https:\/\/content.carib-export.com\/es\/blog\/digital-connectors-connecting-dominican-startups-with-international-corporations-through-eu-funded-program\/#breadcrumb","itemListElement":[{"@type":"ListItem","position":1,"name":"Casa","item":"https:\/\/content.carib-export.com\/es\/home\/"},{"@type":"ListItem","position":2,"name":"Blog","item":"https:\/\/content.carib-export.com\/es\/blog\/"},{"@type":"ListItem","position":3,"name":"Conectores Digitales: Conectando startups dominicanas con corporaciones internacionales a trav\u00e9s de un programa financiado por la UE"}]},{"@type":"WebSite","@id":"https:\/\/content.carib-export.com\/es\/#website","url":"https:\/\/content.carib-export.com\/es\/","name":"Exportaci\u00f3n del Caribe","description":"La \u00fanica agencia regional de promoci\u00f3n del comercio y las inversiones en el grupo de \u00c1frica, el Caribe y el Pac\u00edfico.","publisher":{"@id":"https:\/\/content.carib-export.com\/es\/#organization"},"potentialAction":[{"@type":"SearchAction","target":{"@type":"EntryPoint","urlTemplate":"https:\/\/content.carib-export.com\/es\/?s={search_term_string}"},"query-input":{"@type":"PropertyValueSpecification","valueRequired":true,"valueName":"search_term_string"}}],"inLanguage":"es"},{"@type":"Organization","@id":"https:\/\/content.carib-export.com\/es\/#organization","name":"Agencia de Desarrollo de Exportaciones del Caribe","url":"https:\/\/content.carib-export.com\/es\/","logo":{"@type":"ImageObject","inLanguage":"es","@id":"https:\/\/content.carib-export.com\/es\/#\/schema\/logo\/image\/","url":"https:\/\/content.carib-export.com\/wp-content\/uploads\/2013\/03\/CE-Logo-2013.jpg","contentUrl":"https:\/\/content.carib-export.com\/wp-content\/uploads\/2013\/03\/CE-Logo-2013.jpg","width":1024,"height":244,"caption":"Agencia de Desarrollo de Exportaciones del Caribe"},"image":{"@id":"https:\/\/content.carib-export.com\/es\/#\/schema\/logo\/image\/"},"sameAs":["https:\/\/www.facebook.com\/CaribbeanExport","https:\/\/x.com\/CaribXport","https:\/\/www.instagram.com\/caribbeanexport","https:\/\/www.linkedin.com\/company\/caribbeanexport","https:\/\/www.youtube.com\/user\/TheCaribbeanExport"]},{"@type":"Person","@id":"https:\/\/content.carib-export.com\/es\/#\/schema\/person\/fa847dcfcaf72653acdf816d7f9c0b06","name":"Romily Thevenin","image":{"@type":"ImageObject","inLanguage":"es","@id":"https:\/\/content.carib-export.com\/es\/#\/schema\/person\/image\/","url":"https:\/\/content.carib-export.com\/wp-content\/uploads\/2025\/03\/Romily-Thevenin-Communication-Research-Officer-96x96.png","contentUrl":"https:\/\/content.carib-export.com\/wp-content\/uploads\/2025\/03\/Romily-Thevenin-Communication-Research-Officer-96x96.png","caption":"Romily Thevenin"},"url":"https:\/\/content.carib-export.com\/es\/author\/romily\/"}]}},"_links":{"self":[{"href":"https:\/\/content.carib-export.com\/es\/wp-json\/wp\/v2\/posts\/325473","targetHints":{"allow":["GET"]}}],"collection":[{"href":"https:\/\/content.carib-export.com\/es\/wp-json\/wp\/v2\/posts"}],"about":[{"href":"https:\/\/content.carib-export.com\/es\/wp-json\/wp\/v2\/types\/post"}],"author":[{"embeddable":true,"href":"https:\/\/content.carib-export.com\/es\/wp-json\/wp\/v2\/users\/26"}],"replies":[{"embeddable":true,"href":"https:\/\/content.carib-export.com\/es\/wp-json\/wp\/v2\/comments?post=325473"}],"version-history":[{"count":0,"href":"https:\/\/content.carib-export.com\/es\/wp-json\/wp\/v2\/posts\/325473\/revisions"}],"wp:featuredmedia":[{"embeddable":true,"href":"https:\/\/content.carib-export.com\/es\/wp-json\/wp\/v2\/media\/325388"}],"wp:attachment":[{"href":"https:\/\/content.carib-export.com\/es\/wp-json\/wp\/v2\/media?parent=325473"}],"wp:term":[{"taxonomy":"category","embeddable":true,"href":"https:\/\/content.carib-export.com\/es\/wp-json\/wp\/v2\/categories?post=325473"},{"taxonomy":"post_tag","embeddable":true,"href":"https:\/\/content.carib-export.com\/es\/wp-json\/wp\/v2\/tags?post=325473"}],"curies":[{"name":"wp","href":"https:\/\/api.w.org\/{rel}","templated":true}]}}