{"id":375944,"date":"2024-12-03T13:20:00","date_gmt":"2024-12-03T17:20:00","guid":{"rendered":"https:\/\/demo.content.carib-export.com\/the-case-for-a-private-sector-approach-in-building-climate-resilience-in-the-caribbean-region\/"},"modified":"2025-03-02T08:08:23","modified_gmt":"2025-03-02T12:08:23","slug":"the-case-for-a-private-sector-approach-in-building-climate-resilience-in-the-caribbean-region","status":"publish","type":"post","link":"https:\/\/content.carib-export.com\/es\/blog\/the-case-for-a-private-sector-approach-in-building-climate-resilience-in-the-caribbean-region\/","title":{"rendered":"El Caso de un Enfoque del Sector Privado en la Creaci\u00f3n de Resiliencia Clim\u00e1tica en la Regi\u00f3n del Caribe"},"content":{"rendered":"<div id=\"bsf_rt_marker\"><\/div>\n<p>La 29\u00aa Conferencia de las Partes sobre el Clima (COP29) de la Convenci\u00f3n Marco de las Naciones Unidas sobre el Cambio Clim\u00e1tico (CMNUCC) se reuni\u00f3 en Bak\u00fa, Azerbaiy\u00e1n, del 11 al 22 de noviembre de 2024. Apodada la \u00abConferencia de Financiaci\u00f3n\u00bb, exist\u00eda la expectativa, especialmente por parte de las econom\u00edas vulnerables y marginadas, de que esta reuni\u00f3n abordara c\u00f3mo los Peque\u00f1os Estados Insulares en Desarrollo (PEID) y otras econom\u00edas afectadas de forma similar financiar\u00edan la acci\u00f3n clim\u00e1tica y crear\u00edan resiliencia para garantizar su sostenibilidad. <\/p>\n\n<p>A estas alturas, todo el mundo estar\u00eda familiarizado con la campa\u00f1a \u00ab1,5 para seguir vivos\u00bb, que pretend\u00eda concienciar sobre el estado del calentamiento global y la necesidad de mantener la temperatura global por debajo de 1,5 grados cent\u00edgrados. Los cient\u00edficos sostienen desde hace tiempo que la acci\u00f3n humana, incluida la quema de combustibles f\u00f3siles como el carb\u00f3n, el gas y el petr\u00f3leo en los hogares y la industria, ha contribuido al aumento de los niveles de di\u00f3xido de carbono, incrementando la temperatura de la Tierra. Estas temperaturas crecientes provocan un clima m\u00e1s frecuente e intenso, olas de calor, lluvias torrenciales e inundaciones, un aumento del nivel del mar y tormentas y huracanes m\u00e1s intensos.  <\/p>\n\n<p>El a\u00f1o 2024 ya va camino de ser el m\u00e1s caluroso jam\u00e1s registrado<sup data-fn=\"a029d259-3d47-4509-85df-71f191c58cc0\" class=\"fn\"><a id=\"a029d259-3d47-4509-85df-71f191c58cc0-link\" href=\"#a029d259-3d47-4509-85df-71f191c58cc0\">1<\/a><\/sup> esta aleccionadora evaluaci\u00f3n tendr\u00e1 efectos perjudiciales para los PEID, incluido el Caribe. S\u00f3lo en julio de este a\u00f1o, el hurac\u00e1n Beryl fue la tormenta de categor\u00eda 5 m\u00e1s temprana registrada, causando cientos de millones de d\u00f3lares en da\u00f1os y p\u00e9rdidas y devastaci\u00f3n completas en Carriacou y Petite Martinique, Granada. As\u00ed pues, el imperativo de que TODAS las econom\u00edas act\u00faen no se basa en una trayectoria a medio o largo plazo, sino que es una experiencia vivida para nosotros en el Caribe.  <\/p>\n\n<p>Los actores caribe\u00f1os, grandes y peque\u00f1os, privados y p\u00fablicos, deben desempe\u00f1ar un papel en la construcci\u00f3n de una comunidad resiliente. Reconociendo esto, y teniendo en cuenta el mandato de Caribbean Export, como principal ejecutor de programas del sector privado en el Caribe, la Agencia organiz\u00f3 una mesa redonda como contribuci\u00f3n a las voces caribe\u00f1as en la COP29: Crear resiliencia clim\u00e1tica en la regi\u00f3n del Caribe: un enfoque del sector privado. <\/p>\n\n<p>Aunque el Caribe es famoso por su belleza natural, ya se est\u00e1 tambaleando por los devastadores efectos del cambio clim\u00e1tico y la degradaci\u00f3n medioambiental, que imponen una importante presi\u00f3n econ\u00f3mica a industrias como el turismo y la agricultura, y al desarrollo econ\u00f3mico en general. Los impactos de los huracanes, las p\u00e9rdidas tur\u00edsticas y los da\u00f1os a las infraestructuras por el aumento del nivel del mar podr\u00edan ascender a 22.000 millones de USD al a\u00f1o en 2050 y a 46.000 millones de USD al a\u00f1o en 2100, lo que representa el 10% y el 22% del PIB regional actual.<sup data-fn=\"48eb9bb5-c030-49f5-aa36-e50c927011dd\" class=\"fn\"><a id=\"48eb9bb5-c030-49f5-aa36-e50c927011dd-link\" href=\"#48eb9bb5-c030-49f5-aa36-e50c927011dd\">2<\/a><\/sup> . <\/p>\n\n<p>M\u00e1s all\u00e1 de los peligros del cambio clim\u00e1tico, la regi\u00f3n se enfrenta a otro reto: el elevado coste de la energ\u00eda. En la OECO, las tarifas energ\u00e9ticas superan los 0,35 US$\/kWh<sup data-fn=\"a9eed79b-3497-4a62-b284-89a9d24bc74c\" class=\"fn\"><a id=\"a9eed79b-3497-4a62-b284-89a9d24bc74c-link\" href=\"#a9eed79b-3497-4a62-b284-89a9d24bc74c\">3<\/a><\/sup> lo que supone m\u00e1s del doble del coste medio de la energ\u00eda en la OCDE de 0,15 US$\/kWh y muy por encima de la media mundial de 0,17 US$\/kWh<sup data-fn=\"62c7f70d-fc19-4eef-9796-db7923a90cc8\" class=\"fn\"><a id=\"62c7f70d-fc19-4eef-9796-db7923a90cc8-link\" href=\"#62c7f70d-fc19-4eef-9796-db7923a90cc8\">4<\/a><\/sup> . Esta presi\u00f3n econ\u00f3mica es especialmente grave si se combina con los esfuerzos de la regi\u00f3n por recuperarse de la pandemia de COVID-19, que ha interrumpido las cadenas de suministro y ha tensado las econom\u00edas locales. Salvo Trinidad y Tobago, que se beneficia de unos costes energ\u00e9ticos m\u00e1s bajos debido a la producci\u00f3n nacional de petr\u00f3leo y gas, el resto de la regi\u00f3n sigue enfrent\u00e1ndose a la carga de los elevados precios de la energ\u00eda, lo que hace que la regi\u00f3n no sea competitiva en muchas industrias.   <\/p>\n\n<p>Al mismo tiempo, los retos que plantean los elevados costes de la energ\u00eda y la vulnerabilidad clim\u00e1tica ponen de relieve la necesidad de una transici\u00f3n global hacia una econom\u00eda verde. Esta transici\u00f3n, adem\u00e1s de urgente, est\u00e1 repleta de oportunidades de transformaci\u00f3n econ\u00f3mica. Las energ\u00edas renovables, incluidas la solar, la e\u00f3lica y la marina, representan uno de los sectores m\u00e1s prometedores del Caribe. La regi\u00f3n est\u00e1 bendecida con abundantes recursos naturales. Entre 2015 y 2022, el Caribe aument\u00f3 su capacidad de energ\u00eda renovable en un 51%, alcanzando el 64% de la generaci\u00f3n a partir de fuentes renovables en 2022.<sup data-fn=\"a01511eb-54f6-4cc5-b0b9-8aafc45b3eb6\" class=\"fn\"><a id=\"a01511eb-54f6-4cc5-b0b9-8aafc45b3eb6-link\" href=\"#a01511eb-54f6-4cc5-b0b9-8aafc45b3eb6\">5<\/a><\/sup> . Sin embargo, este ritmo debe acelerarse. Como la poblaci\u00f3n y el crecimiento econ\u00f3mico contin\u00faan, se prev\u00e9 que la demanda de electricidad aumente una media anual del 2,3% de 2022 a 2050<sup data-fn=\"a5745e93-9153-48aa-bd5a-b07c5d6b7772\" class=\"fn\"><a id=\"a5745e93-9153-48aa-bd5a-b07c5d6b7772-link\" href=\"#a5745e93-9153-48aa-bd5a-b07c5d6b7772\">6<\/a><\/sup> amplificando a\u00fan m\u00e1s la necesidad de soluciones energ\u00e9ticas sostenibles y eficientes.      <\/p>\n\n<p>La transici\u00f3n a la econom\u00eda verde tambi\u00e9n ofrece beneficios econ\u00f3micos sustanciales. Un informe conjunto de la Organizaci\u00f3n Internacional del Trabajo y el Banco Interamericano de Desarrollo publicado en 2020 estimaba que los esfuerzos de descarbonizaci\u00f3n podr\u00edan crear aproximadamente 400.000 puestos de trabajo en el Caribe<sup data-fn=\"131d716a-32cb-49da-afd9-71abb3b4ec35\" class=\"fn\"><a id=\"131d716a-32cb-49da-afd9-71abb3b4ec35-link\" href=\"#131d716a-32cb-49da-afd9-71abb3b4ec35\">7<\/a><\/sup> . Adem\u00e1s, la Agencia Internacional de Energ\u00edas Renovables ha proyectado que, por cada d\u00f3lar estadounidense invertido en la transici\u00f3n energ\u00e9tica, podr\u00edan generarse 0,93 d\u00f3lares adicionales de crecimiento del PIB, m\u00e1s all\u00e1 del escenario habitual. Estas cifras ilustran el potencial de ganancias econ\u00f3micas significativas a trav\u00e9s de inversiones sostenibles<sup data-fn=\"3ac253ea-6343-4c98-a03a-c0c12ade985c\" class=\"fn\"><a id=\"3ac253ea-6343-4c98-a03a-c0c12ade985c-link\" href=\"#3ac253ea-6343-4c98-a03a-c0c12ade985c\">8<\/a><\/sup>.   <\/p>\n\n<p>Los datos muestran que las PYME representan entre el 70 y el 85% de las econom\u00edas caribe\u00f1as, por lo que, como motores del crecimiento en importantes sectores de la econom\u00eda, las PYME pueden contribuir significativamente a la transici\u00f3n hacia pr\u00e1cticas m\u00e1s ecol\u00f3gicas y respetuosas con el clima, que a su vez auguran una importante creaci\u00f3n de empleo al tiempo que mitigan los riesgos clim\u00e1ticos.<\/p>\n\n<p>Pasando a la mesa redonda, se unieron al Director Ejecutivo de Caribbean Export el Director Ejecutivo del Centro Caribe\u00f1o de Energ\u00edas Renovables y Eficiencia Energ\u00e9tica (CCREEE), el Vicepresidente del Banco de Desarrollo del Caribe y el Fundador y Presidente de Kenesjay Green, una PYME y operador en el espacio de las energ\u00edas renovables.<\/p>\n\n<p>El debate plante\u00f3 algunos puntos cr\u00edticos a considerar sobre c\u00f3mo se puede apoyar a las PYME para que logren un mayor impacto a la hora de abordar la acci\u00f3n por el clima. Pueden resumirse como sigue: <\/p>\n\n<ol class=\"wp-block-list\">\n<li><strong>El acceso a la financiaci\u00f3n aumentar\u00e1 el alcance y la escala de los proyectos para contribuir a la transici\u00f3n verde<\/strong>\n<ul class=\"wp-block-list\">\n<li>Las pr\u00e1cticas y estrategias ecol\u00f3gicas requieren inversiones significativas en sistemas de energ\u00eda renovable, equipos energ\u00e9ticamente eficientes, gesti\u00f3n de residuos, etc. As\u00ed pues, el acceso a los fondos permitir\u00e1 a las PYME adoptar las soluciones innovadoras necesarias para tener un impacto significativo, aplicando soluciones ecol\u00f3gicas y contribuyendo globalmente a los imperativos clim\u00e1ticos. <\/li>\n<\/ul>\n<\/li>\n\n\n\n<li><strong>La asistencia t\u00e9cnica es un motor importante<\/strong>\n<ul class=\"wp-block-list\">\n<li>Aunque los esfuerzos por la transici\u00f3n ecol\u00f3gica son populares en el Caribe, muchas PYME carecen de detalles sobre las tecnolog\u00edas y pr\u00e1cticas ecol\u00f3gicas, as\u00ed como sobre los beneficios pr\u00e1cticos y las soluciones para la transici\u00f3n a operaciones sostenibles. Por tanto, no podemos exagerar la importancia de la transferencia de conocimientos, incluida la realizaci\u00f3n de evaluaciones que incluyan auditor\u00edas energ\u00e9ticas, para se\u00f1alar las oportunidades de pr\u00e1cticas m\u00e1s ecol\u00f3gicas. Adem\u00e1s, tambi\u00e9n se identific\u00f3 la necesidad de contar con las tecnolog\u00edas innovadoras adecuadas y las soluciones apropiadas.  <\/li>\n<\/ul>\n<\/li>\n\n\n\n<li><strong>La necesidad de un entorno favorable<\/strong>\n<ul class=\"wp-block-list\">\n<li>Unas pol\u00edticas y unos marcos normativos claros, aplicables y previsibles son importantes no s\u00f3lo para las PYME, sino tambi\u00e9n como se\u00f1ales importantes para los inversores y los financieros, ya que estas pol\u00edticas fomentan la innovaci\u00f3n. Se hizo un llamamiento a los gobiernos caribe\u00f1os para que act\u00faen con presteza a fin de actualizar las pol\u00edticas para atraer el capital privado que financie la transici\u00f3n. <\/li>\n<\/ul>\n<\/li>\n\n\n\n<li>Asociaciones para la acci\u00f3n clim\u00e1tica\n<ul class=\"wp-block-list\">\n<li>La colaboraci\u00f3n es esencial para abordar la acci\u00f3n clim\u00e1tica y construir un Caribe m\u00e1s resiliente. Debido a las complejidades que rodean a la construcci\u00f3n de la resiliencia clim\u00e1tica, las asociaciones requerir\u00e1n no s\u00f3lo la puesta en com\u00fan de recursos, sino tambi\u00e9n la experiencia, la aportaci\u00f3n de las comunidades locales y los socios internacionales para lograr un impacto. <\/li>\n<\/ul>\n<\/li>\n<\/ol>\n\n<h3 class=\"wp-block-heading\"><strong>Conclusi\u00f3n<\/strong><\/h3>\n\n<p>El Caribe se enfrenta a retos sin precedentes derivados del cambio clim\u00e1tico, pero tambi\u00e9n tiene un inmenso potencial de transformaci\u00f3n. El sector privado es un motor esencial de este cambio, capaz de fomentar la innovaci\u00f3n y acelerar la transici\u00f3n hacia una econom\u00eda verde. El acceso a la financiaci\u00f3n, el desarrollo de capacidades, las pol\u00edticas de apoyo y las asociaciones de colaboraci\u00f3n son fundamentales para este esfuerzo.  <\/p>\n\n<p>Aunque la COP29 no cumpli\u00f3 las expectativas<sup data-fn=\"ef2a67d4-f979-479f-8047-1f0454ab7a18\" class=\"fn\"><a id=\"ef2a67d4-f979-479f-8047-1f0454ab7a18-link\" href=\"#ef2a67d4-f979-479f-8047-1f0454ab7a18\">9<\/a><\/sup> la resiliencia de la regi\u00f3n reside en su capacidad para actuar con decisi\u00f3n. Adoptando pr\u00e1cticas sostenibles y amplificando los esfuerzos de defensa, el Caribe puede redefinir su futuro econ\u00f3mico. La resiliencia clim\u00e1tica no es s\u00f3lo una necesidad, sino una oportunidad para que la regi\u00f3n prospere, creando un legado m\u00e1s inclusivo y sostenible para las generaciones venideras.  <\/p>\n\n<p><\/p>\n<ol class=\"wp-block-footnotes\"><li id=\"a029d259-3d47-4509-85df-71f191c58cc0\"><a href=\"https:\/\/wmo.int\/news\/media-centre\/2024-track-be-hottest-year-record-warming-temporarily-hits-15degc#:~:text=1.5%C2%B0C-,2024%20is%20on%20track%20to%20be%20hottest%20year%20on%20record,temporarily%20hits%201.5%C2%B0C&#038;text=Baku%2C%20Azerbaijan%20(WMO)%20%2D,World%20Meteorological%20Organization%20(WMO).\">OMM 2024 va camino de ser el a\u00f1o m\u00e1s caluroso jam\u00e1s registrado<\/a> <a href=\"#a029d259-3d47-4509-85df-71f191c58cc0-link\" aria-label=\"Saltar a la referencia de la nota 1\">\u21a9\ufe0e<\/a><\/li><li id=\"48eb9bb5-c030-49f5-aa36-e50c927011dd\">Thomas A, Menke I, Serdeczny O. Coste de p\u00e9rdidas y da\u00f1os y mecanismos de financiaci\u00f3n: Perspectivas para el Caribe. An\u00e1lisis clim\u00e1tico. 24 de abril de 2018   <a href=\"#48eb9bb5-c030-49f5-aa36-e50c927011dd-link\" aria-label=\"Saltar a la referencia de la nota 2\">\u21a9\ufe0e<\/a><\/li><li id=\"a9eed79b-3497-4a62-b284-89a9d24bc74c\">Koon Koon R, Shah K, Ashtine M, Lewis S. Una evaluaci\u00f3n del potencial de energ\u00eda geot\u00e9rmica de San Vicente y las Granadinas basada en los recursos y las pol\u00edticas.  <a href=\"#a9eed79b-3497-4a62-b284-89a9d24bc74c-link\" aria-label=\"Saltar a la referencia de la nota 3\">\u21a9\ufe0e<\/a><\/li><li id=\"62c7f70d-fc19-4eef-9796-db7923a90cc8\">https:\/\/www.statista.com\/statistics\/183700\/us-average-retail-electricity-price-since-1990\/ <a href=\"#62c7f70d-fc19-4eef-9796-db7923a90cc8-link\" aria-label=\"Saltar a la referencia de la nota 4\">\u21a9\ufe0e<\/a><\/li><li id=\"a01511eb-54f6-4cc5-b0b9-8aafc45b3eb6\">Banco Interamericano de Desarrollo. Transici\u00f3n Energ\u00e9tica en Am\u00e9rica Latina y el Caribe. Enero 2023   <a href=\"#a01511eb-54f6-4cc5-b0b9-8aafc45b3eb6-link\" aria-label=\"Saltar a la referencia de la nota 5\">\u21a9\ufe0e<\/a><\/li><li id=\"a5745e93-9153-48aa-bd5a-b07c5d6b7772\">Administraci\u00f3n de Informaci\u00f3n Energ\u00e9tica de EEUU. Perspectiva Energ\u00e9tica Internacional 2023. Septiembre 2023   <a href=\"#a5745e93-9153-48aa-bd5a-b07c5d6b7772-link\" aria-label=\"Saltar a la referencia de la nota 6\">\u21a9\ufe0e<\/a><\/li><li id=\"131d716a-32cb-49da-afd9-71abb3b4ec35\">Caribbean Export y CCREEE cooperan para apoyar el desarrollo energ\u00e9tico sostenible y crear empleo- https:\/\/ab.gov.ag\/pdf\/CCREEE_CE_create_Jobs.pdf <a href=\"#131d716a-32cb-49da-afd9-71abb3b4ec35-link\" aria-label=\"Saltar a la referencia de la nota 7\">\u21a9\ufe0e<\/a><\/li><li id=\"3ac253ea-6343-4c98-a03a-c0c12ade985c\">ESTADO DE LOS PA\u00cdSES MENOS ADELANTADOS 2021 Reconstruir mejor en respuesta a COVID-19<br>https:\/\/www.un.org\/ldc5\/sites\/www.un.org.ldc5\/files\/stateldc_2021.pdf <a href=\"#3ac253ea-6343-4c98-a03a-c0c12ade985c-link\" aria-label=\"Saltar a la referencia de la nota 8\">\u21a9\ufe0e<\/a><\/li><li id=\"ef2a67d4-f979-479f-8047-1f0454ab7a18\">COP29: Los peque\u00f1os estados insulares \u00abse sienten abandonados\u00bb mientras las conversaciones sobre el clima se eternizan https:\/\/www.euronews.com\/green\/2024\/11\/19\/cop29-small-island-states-feel-abandoned-as-climate-talks-grind-on  <a href=\"#ef2a67d4-f979-479f-8047-1f0454ab7a18-link\" aria-label=\"Saltar a la referencia de la nota 9\">\u21a9\ufe0e<\/a><\/li><\/ol>\n<p><\/p>\n","protected":false},"excerpt":{"rendered":"<p>La 29\u00aa Conferencia de las Partes sobre el Clima (COP29) de la Convenci\u00f3n Marco de las Naciones Unidas sobre el Cambio Clim\u00e1tico (CMNUCC) se reuni\u00f3 en Bak\u00fa, Azerbaiy\u00e1n, del 11 al 22 de noviembre de 2024. Apodada la \u00abConferencia de Financiaci\u00f3n\u00bb, exist\u00eda la expectativa, especialmente por parte de las econom\u00edas vulnerables y marginadas, de que [&hellip;]<\/p>\n","protected":false},"author":25,"featured_media":376344,"comment_status":"closed","ping_status":"closed","sticky":false,"template":"","format":"standard","meta":{"_acf_changed":false,"inline_featured_image":false,"footnotes":"[{\"content\":\"<a href=\\\"https:\\\/\\\/wmo.int\\\/news\\\/media-centre\\\/2024-track-be-hottest-year-record-warming-temporarily-hits-15degc#:~:text=1.5%C2%B0C-,2024%20is%20on%20track%20to%20be%20hottest%20year%20on%20record,temporarily%20hits%201.5%C2%B0C&text=Baku%2C%20Azerbaijan%20(WMO)%20%2D,World%20Meteorological%20Organization%20(WMO).\\\">OMM 2024 va camino de ser el a\\u00f1o m\\u00e1s caluroso jam\\u00e1s registrado<\\\/a>\",\"id\":\"a029d259-3d47-4509-85df-71f191c58cc0\"},{\"content\":\"Thomas A, Menke I, Serdeczny O. Coste de p\\u00e9rdidas y da\\u00f1os y mecanismos de financiaci\\u00f3n: Perspectivas para el Caribe. An\\u00e1lisis clim\\u00e1tico. 24 de abril de 2018  \",\"id\":\"48eb9bb5-c030-49f5-aa36-e50c927011dd\"},{\"content\":\"Koon Koon R, Shah K, Ashtine M, Lewis S. Una evaluaci\\u00f3n del potencial de energ\\u00eda geot\\u00e9rmica de San Vicente y las Granadinas basada en los recursos y las pol\\u00edticas. \",\"id\":\"a9eed79b-3497-4a62-b284-89a9d24bc74c\"},{\"content\":\"https:\\\/\\\/www.statista.com\\\/statistics\\\/183700\\\/us-average-retail-electricity-price-since-1990\\\/\",\"id\":\"62c7f70d-fc19-4eef-9796-db7923a90cc8\"},{\"content\":\"Banco Interamericano de Desarrollo. Transici\\u00f3n Energ\\u00e9tica en Am\\u00e9rica Latina y el Caribe. Enero 2023  \",\"id\":\"a01511eb-54f6-4cc5-b0b9-8aafc45b3eb6\"},{\"content\":\"Administraci\\u00f3n de Informaci\\u00f3n Energ\\u00e9tica de EEUU. Perspectiva Energ\\u00e9tica Internacional 2023. Septiembre 2023  \",\"id\":\"a5745e93-9153-48aa-bd5a-b07c5d6b7772\"},{\"content\":\"Caribbean Export y CCREEE cooperan para apoyar el desarrollo energ\\u00e9tico sostenible y crear empleo- https:\\\/\\\/ab.gov.ag\\\/pdf\\\/CCREEE_CE_create_Jobs.pdf\",\"id\":\"131d716a-32cb-49da-afd9-71abb3b4ec35\"},{\"content\":\"ESTADO DE LOS PA\\u00cdSES MENOS ADELANTADOS 2021 Reconstruir mejor en respuesta a COVID-19<br>https:\\\/\\\/www.un.org\\\/ldc5\\\/sites\\\/www.un.org.ldc5\\\/files\\\/stateldc_2021.pdf\",\"id\":\"3ac253ea-6343-4c98-a03a-c0c12ade985c\"},{\"content\":\"COP29: Los peque\\u00f1os estados insulares \\\"se sienten abandonados\\\" mientras las conversaciones sobre el clima se eternizan https:\\\/\\\/www.euronews.com\\\/green\\\/2024\\\/11\\\/19\\\/cop29-small-island-states-feel-abandoned-as-climate-talks-grind-on \",\"id\":\"ef2a67d4-f979-479f-8047-1f0454ab7a18\"}]"},"categories":[4516],"tags":[],"class_list":["post-375944","post","type-post","status-publish","format-standard","has-post-thumbnail","hentry","category-blog"],"acf":[],"yoast_head":"<!-- This site is optimized with the Yoast SEO plugin v27.1.1 - https:\/\/yoast.com\/product\/yoast-seo-wordpress\/ -->\n<title>El Caso de un Enfoque del Sector Privado en la Creaci\u00f3n de Resiliencia Clim\u00e1tica en la Regi\u00f3n del Caribe - nombre del Exportaci\u00f3n del Caribe<\/title>\n<meta name=\"description\" content=\"El Caribe se enfrenta a retos sin precedentes derivados del cambio clim\u00e1tico, pero tambi\u00e9n tiene un inmenso potencial de transformaci\u00f3n. El sector privado es un motor esencial de este cambio,\" \/>\n<meta name=\"robots\" content=\"index, follow, max-snippet:-1, max-image-preview:large, max-video-preview:-1\" \/>\n<link rel=\"canonical\" href=\"https:\/\/content.carib-export.com\/es\/blog\/the-case-for-a-private-sector-approach-in-building-climate-resilience-in-the-caribbean-region\/\" \/>\n<meta property=\"og:locale\" content=\"es_ES\" \/>\n<meta property=\"og:type\" content=\"article\" \/>\n<meta property=\"og:title\" content=\"El Caso de un Enfoque del Sector Privado en la Creaci\u00f3n de Resiliencia Clim\u00e1tica en la Regi\u00f3n del Caribe\" \/>\n<meta property=\"og:description\" content=\"El Caribe se enfrenta a retos sin precedentes derivados del cambio clim\u00e1tico, pero tambi\u00e9n tiene un inmenso potencial de transformaci\u00f3n. El sector privado es un motor esencial de este cambio,\" \/>\n<meta property=\"og:url\" content=\"https:\/\/content.carib-export.com\/es\/blog\/the-case-for-a-private-sector-approach-in-building-climate-resilience-in-the-caribbean-region\/\" \/>\n<meta property=\"og:site_name\" content=\"Exportaci\u00f3n del Caribe\" \/>\n<meta property=\"article:publisher\" content=\"https:\/\/www.facebook.com\/CaribbeanExport\" \/>\n<meta property=\"article:published_time\" content=\"2024-12-03T17:20:00+00:00\" \/>\n<meta property=\"article:modified_time\" content=\"2025-03-02T12:08:23+00:00\" \/>\n<meta property=\"og:image\" content=\"https:\/\/content.carib-export.com\/wp-content\/uploads\/2025\/02\/Blog-Post-The-Case-for-a-Private-Sector-Approach-1024x768.jpg\" \/>\n<meta name=\"author\" content=\"Natasha Walcott\" \/>\n<meta name=\"twitter:card\" content=\"summary_large_image\" \/>\n<meta name=\"twitter:title\" content=\"El Caso de un Enfoque del Sector Privado en la Creaci\u00f3n de Resiliencia Clim\u00e1tica en la Regi\u00f3n del Caribe\" \/>\n<meta name=\"twitter:description\" content=\"El Caribe se enfrenta a retos sin precedentes derivados del cambio clim\u00e1tico, pero tambi\u00e9n tiene un inmenso potencial de transformaci\u00f3n. El sector privado es un motor esencial de este cambio,\" \/>\n<meta name=\"twitter:image\" content=\"https:\/\/content.carib-export.com\/wp-content\/uploads\/2025\/02\/Blog-Post-The-Case-for-a-Private-Sector-Approach-1024x768.jpg\" \/>\n<meta name=\"twitter:creator\" content=\"@CaribXport\" \/>\n<meta name=\"twitter:site\" content=\"@CaribXport\" \/>\n<meta name=\"twitter:label1\" content=\"Escrito por\" \/>\n\t<meta name=\"twitter:data1\" content=\"Natasha Walcott\" \/>\n\t<meta name=\"twitter:label2\" content=\"Tiempo de lectura\" \/>\n\t<meta name=\"twitter:data2\" content=\"8 minutos\" \/>\n<script type=\"application\/ld+json\" class=\"yoast-schema-graph\">{\"@context\":\"https:\/\/schema.org\",\"@graph\":[{\"@type\":\"Article\",\"@id\":\"https:\/\/content.carib-export.com\/es\/blog\/the-case-for-a-private-sector-approach-in-building-climate-resilience-in-the-caribbean-region\/#article\",\"isPartOf\":{\"@id\":\"https:\/\/content.carib-export.com\/es\/blog\/the-case-for-a-private-sector-approach-in-building-climate-resilience-in-the-caribbean-region\/\"},\"author\":{\"name\":\"Natasha Walcott\",\"@id\":\"https:\/\/content.carib-export.com\/es\/#\/schema\/person\/80c0719332afceb06ff10e3d42490974\"},\"headline\":\"El Caso de un Enfoque del Sector Privado en la Creaci\u00f3n de Resiliencia Clim\u00e1tica en la Regi\u00f3n del Caribe\",\"datePublished\":\"2024-12-03T17:20:00+00:00\",\"dateModified\":\"2025-03-02T12:08:23+00:00\",\"mainEntityOfPage\":{\"@id\":\"https:\/\/content.carib-export.com\/es\/blog\/the-case-for-a-private-sector-approach-in-building-climate-resilience-in-the-caribbean-region\/\"},\"wordCount\":1610,\"publisher\":{\"@id\":\"https:\/\/content.carib-export.com\/es\/#organization\"},\"image\":{\"@id\":\"https:\/\/content.carib-export.com\/es\/blog\/the-case-for-a-private-sector-approach-in-building-climate-resilience-in-the-caribbean-region\/#primaryimage\"},\"thumbnailUrl\":\"https:\/\/content.carib-export.com\/wp-content\/uploads\/2025\/03\/Blog-Post-The-Case-for-a-Private-Sector-Approach.jpg\",\"articleSection\":[\"Blog\"],\"inLanguage\":\"es\"},{\"@type\":\"WebPage\",\"@id\":\"https:\/\/content.carib-export.com\/es\/blog\/the-case-for-a-private-sector-approach-in-building-climate-resilience-in-the-caribbean-region\/\",\"url\":\"https:\/\/content.carib-export.com\/es\/blog\/the-case-for-a-private-sector-approach-in-building-climate-resilience-in-the-caribbean-region\/\",\"name\":\"El Caso de un Enfoque del Sector Privado en la Creaci\u00f3n de Resiliencia Clim\u00e1tica en la Regi\u00f3n del Caribe - nombre del Exportaci\u00f3n del Caribe\",\"isPartOf\":{\"@id\":\"https:\/\/content.carib-export.com\/es\/#website\"},\"primaryImageOfPage\":{\"@id\":\"https:\/\/content.carib-export.com\/es\/blog\/the-case-for-a-private-sector-approach-in-building-climate-resilience-in-the-caribbean-region\/#primaryimage\"},\"image\":{\"@id\":\"https:\/\/content.carib-export.com\/es\/blog\/the-case-for-a-private-sector-approach-in-building-climate-resilience-in-the-caribbean-region\/#primaryimage\"},\"thumbnailUrl\":\"https:\/\/content.carib-export.com\/wp-content\/uploads\/2025\/03\/Blog-Post-The-Case-for-a-Private-Sector-Approach.jpg\",\"datePublished\":\"2024-12-03T17:20:00+00:00\",\"dateModified\":\"2025-03-02T12:08:23+00:00\",\"description\":\"El Caribe se enfrenta a retos sin precedentes derivados del cambio clim\u00e1tico, pero tambi\u00e9n tiene un inmenso potencial de transformaci\u00f3n. El sector privado es un motor esencial de este cambio,\",\"breadcrumb\":{\"@id\":\"https:\/\/content.carib-export.com\/es\/blog\/the-case-for-a-private-sector-approach-in-building-climate-resilience-in-the-caribbean-region\/#breadcrumb\"},\"inLanguage\":\"es\",\"potentialAction\":[{\"@type\":\"ReadAction\",\"target\":[\"https:\/\/content.carib-export.com\/es\/blog\/the-case-for-a-private-sector-approach-in-building-climate-resilience-in-the-caribbean-region\/\"]}]},{\"@type\":\"ImageObject\",\"inLanguage\":\"es\",\"@id\":\"https:\/\/content.carib-export.com\/es\/blog\/the-case-for-a-private-sector-approach-in-building-climate-resilience-in-the-caribbean-region\/#primaryimage\",\"url\":\"https:\/\/content.carib-export.com\/wp-content\/uploads\/2025\/03\/Blog-Post-The-Case-for-a-Private-Sector-Approach.jpg\",\"contentUrl\":\"https:\/\/content.carib-export.com\/wp-content\/uploads\/2025\/03\/Blog-Post-The-Case-for-a-Private-Sector-Approach.jpg\",\"width\":1500,\"height\":1125},{\"@type\":\"BreadcrumbList\",\"@id\":\"https:\/\/content.carib-export.com\/es\/blog\/the-case-for-a-private-sector-approach-in-building-climate-resilience-in-the-caribbean-region\/#breadcrumb\",\"itemListElement\":[{\"@type\":\"ListItem\",\"position\":1,\"name\":\"Casa\",\"item\":\"https:\/\/content.carib-export.com\/es\/home\/\"},{\"@type\":\"ListItem\",\"position\":2,\"name\":\"Blog\",\"item\":\"https:\/\/content.carib-export.com\/es\/blog\/\"},{\"@type\":\"ListItem\",\"position\":3,\"name\":\"El Caso de un Enfoque del Sector Privado en la Creaci\u00f3n de Resiliencia Clim\u00e1tica en la Regi\u00f3n del Caribe\"}]},{\"@type\":\"WebSite\",\"@id\":\"https:\/\/content.carib-export.com\/es\/#website\",\"url\":\"https:\/\/content.carib-export.com\/es\/\",\"name\":\"Exportaci\u00f3n del Caribe\",\"description\":\"La \u00fanica agencia regional de promoci\u00f3n del comercio y las inversiones en el grupo de \u00c1frica, el Caribe y el Pac\u00edfico.\",\"publisher\":{\"@id\":\"https:\/\/content.carib-export.com\/es\/#organization\"},\"potentialAction\":[{\"@type\":\"SearchAction\",\"target\":{\"@type\":\"EntryPoint\",\"urlTemplate\":\"https:\/\/content.carib-export.com\/es\/?s={search_term_string}\"},\"query-input\":{\"@type\":\"PropertyValueSpecification\",\"valueRequired\":true,\"valueName\":\"search_term_string\"}}],\"inLanguage\":\"es\"},{\"@type\":\"Organization\",\"@id\":\"https:\/\/content.carib-export.com\/es\/#organization\",\"name\":\"Agencia de Desarrollo de Exportaciones del Caribe\",\"url\":\"https:\/\/content.carib-export.com\/es\/\",\"logo\":{\"@type\":\"ImageObject\",\"inLanguage\":\"es\",\"@id\":\"https:\/\/content.carib-export.com\/es\/#\/schema\/logo\/image\/\",\"url\":\"https:\/\/content.carib-export.com\/wp-content\/uploads\/2013\/03\/CE-Logo-2013.jpg\",\"contentUrl\":\"https:\/\/content.carib-export.com\/wp-content\/uploads\/2013\/03\/CE-Logo-2013.jpg\",\"width\":1024,\"height\":244,\"caption\":\"Agencia de Desarrollo de Exportaciones del Caribe\"},\"image\":{\"@id\":\"https:\/\/content.carib-export.com\/es\/#\/schema\/logo\/image\/\"},\"sameAs\":[\"https:\/\/www.facebook.com\/CaribbeanExport\",\"https:\/\/x.com\/CaribXport\",\"https:\/\/www.instagram.com\/caribbeanexport\",\"https:\/\/www.linkedin.com\/company\/caribbeanexport\",\"https:\/\/www.youtube.com\/user\/TheCaribbeanExport\"]},{\"@type\":\"Person\",\"@id\":\"https:\/\/content.carib-export.com\/es\/#\/schema\/person\/80c0719332afceb06ff10e3d42490974\",\"name\":\"Natasha Walcott\",\"image\":{\"@type\":\"ImageObject\",\"inLanguage\":\"es\",\"@id\":\"https:\/\/content.carib-export.com\/es\/#\/schema\/person\/image\/\",\"url\":\"https:\/\/content.carib-export.com\/wp-content\/uploads\/2025\/03\/Natasha-Edwin-Walcott_Lead-Export-Development-Promotion-96x96.png\",\"contentUrl\":\"https:\/\/content.carib-export.com\/wp-content\/uploads\/2025\/03\/Natasha-Edwin-Walcott_Lead-Export-Development-Promotion-96x96.png\",\"caption\":\"Natasha Walcott\"},\"description\":\"Natasha Walcott is the Senior Advisor- Competitiveness and Export Promotion at the Caribbean Export Development Agency.\",\"url\":\"https:\/\/content.carib-export.com\/es\/author\/cep-team\/\"}]}<\/script>\n<!-- \/ Yoast SEO plugin. -->","yoast_head_json":{"title":"El Caso de un Enfoque del Sector Privado en la Creaci\u00f3n de Resiliencia Clim\u00e1tica en la Regi\u00f3n del Caribe - nombre del Exportaci\u00f3n del Caribe","description":"El Caribe se enfrenta a retos sin precedentes derivados del cambio clim\u00e1tico, pero tambi\u00e9n tiene un inmenso potencial de transformaci\u00f3n. El sector privado es un motor esencial de este cambio,","robots":{"index":"index","follow":"follow","max-snippet":"max-snippet:-1","max-image-preview":"max-image-preview:large","max-video-preview":"max-video-preview:-1"},"canonical":"https:\/\/content.carib-export.com\/es\/blog\/the-case-for-a-private-sector-approach-in-building-climate-resilience-in-the-caribbean-region\/","og_locale":"es_ES","og_type":"article","og_title":"El Caso de un Enfoque del Sector Privado en la Creaci\u00f3n de Resiliencia Clim\u00e1tica en la Regi\u00f3n del Caribe","og_description":"El Caribe se enfrenta a retos sin precedentes derivados del cambio clim\u00e1tico, pero tambi\u00e9n tiene un inmenso potencial de transformaci\u00f3n. El sector privado es un motor esencial de este cambio,","og_url":"https:\/\/content.carib-export.com\/es\/blog\/the-case-for-a-private-sector-approach-in-building-climate-resilience-in-the-caribbean-region\/","og_site_name":"Exportaci\u00f3n del Caribe","article_publisher":"https:\/\/www.facebook.com\/CaribbeanExport","article_published_time":"2024-12-03T17:20:00+00:00","article_modified_time":"2025-03-02T12:08:23+00:00","og_image":[{"url":"https:\/\/content.carib-export.com\/wp-content\/uploads\/2025\/02\/Blog-Post-The-Case-for-a-Private-Sector-Approach-1024x768.jpg","type":"","width":"","height":""}],"author":"Natasha Walcott","twitter_card":"summary_large_image","twitter_title":"El Caso de un Enfoque del Sector Privado en la Creaci\u00f3n de Resiliencia Clim\u00e1tica en la Regi\u00f3n del Caribe","twitter_description":"El Caribe se enfrenta a retos sin precedentes derivados del cambio clim\u00e1tico, pero tambi\u00e9n tiene un inmenso potencial de transformaci\u00f3n. El sector privado es un motor esencial de este cambio,","twitter_image":"https:\/\/content.carib-export.com\/wp-content\/uploads\/2025\/02\/Blog-Post-The-Case-for-a-Private-Sector-Approach-1024x768.jpg","twitter_creator":"@CaribXport","twitter_site":"@CaribXport","twitter_misc":{"Escrito por":"Natasha Walcott","Tiempo de lectura":"8 minutos"},"schema":{"@context":"https:\/\/schema.org","@graph":[{"@type":"Article","@id":"https:\/\/content.carib-export.com\/es\/blog\/the-case-for-a-private-sector-approach-in-building-climate-resilience-in-the-caribbean-region\/#article","isPartOf":{"@id":"https:\/\/content.carib-export.com\/es\/blog\/the-case-for-a-private-sector-approach-in-building-climate-resilience-in-the-caribbean-region\/"},"author":{"name":"Natasha Walcott","@id":"https:\/\/content.carib-export.com\/es\/#\/schema\/person\/80c0719332afceb06ff10e3d42490974"},"headline":"El Caso de un Enfoque del Sector Privado en la Creaci\u00f3n de Resiliencia Clim\u00e1tica en la Regi\u00f3n del Caribe","datePublished":"2024-12-03T17:20:00+00:00","dateModified":"2025-03-02T12:08:23+00:00","mainEntityOfPage":{"@id":"https:\/\/content.carib-export.com\/es\/blog\/the-case-for-a-private-sector-approach-in-building-climate-resilience-in-the-caribbean-region\/"},"wordCount":1610,"publisher":{"@id":"https:\/\/content.carib-export.com\/es\/#organization"},"image":{"@id":"https:\/\/content.carib-export.com\/es\/blog\/the-case-for-a-private-sector-approach-in-building-climate-resilience-in-the-caribbean-region\/#primaryimage"},"thumbnailUrl":"https:\/\/content.carib-export.com\/wp-content\/uploads\/2025\/03\/Blog-Post-The-Case-for-a-Private-Sector-Approach.jpg","articleSection":["Blog"],"inLanguage":"es"},{"@type":"WebPage","@id":"https:\/\/content.carib-export.com\/es\/blog\/the-case-for-a-private-sector-approach-in-building-climate-resilience-in-the-caribbean-region\/","url":"https:\/\/content.carib-export.com\/es\/blog\/the-case-for-a-private-sector-approach-in-building-climate-resilience-in-the-caribbean-region\/","name":"El Caso de un Enfoque del Sector Privado en la Creaci\u00f3n de Resiliencia Clim\u00e1tica en la Regi\u00f3n del Caribe - nombre del Exportaci\u00f3n del Caribe","isPartOf":{"@id":"https:\/\/content.carib-export.com\/es\/#website"},"primaryImageOfPage":{"@id":"https:\/\/content.carib-export.com\/es\/blog\/the-case-for-a-private-sector-approach-in-building-climate-resilience-in-the-caribbean-region\/#primaryimage"},"image":{"@id":"https:\/\/content.carib-export.com\/es\/blog\/the-case-for-a-private-sector-approach-in-building-climate-resilience-in-the-caribbean-region\/#primaryimage"},"thumbnailUrl":"https:\/\/content.carib-export.com\/wp-content\/uploads\/2025\/03\/Blog-Post-The-Case-for-a-Private-Sector-Approach.jpg","datePublished":"2024-12-03T17:20:00+00:00","dateModified":"2025-03-02T12:08:23+00:00","description":"El Caribe se enfrenta a retos sin precedentes derivados del cambio clim\u00e1tico, pero tambi\u00e9n tiene un inmenso potencial de transformaci\u00f3n. El sector privado es un motor esencial de este cambio,","breadcrumb":{"@id":"https:\/\/content.carib-export.com\/es\/blog\/the-case-for-a-private-sector-approach-in-building-climate-resilience-in-the-caribbean-region\/#breadcrumb"},"inLanguage":"es","potentialAction":[{"@type":"ReadAction","target":["https:\/\/content.carib-export.com\/es\/blog\/the-case-for-a-private-sector-approach-in-building-climate-resilience-in-the-caribbean-region\/"]}]},{"@type":"ImageObject","inLanguage":"es","@id":"https:\/\/content.carib-export.com\/es\/blog\/the-case-for-a-private-sector-approach-in-building-climate-resilience-in-the-caribbean-region\/#primaryimage","url":"https:\/\/content.carib-export.com\/wp-content\/uploads\/2025\/03\/Blog-Post-The-Case-for-a-Private-Sector-Approach.jpg","contentUrl":"https:\/\/content.carib-export.com\/wp-content\/uploads\/2025\/03\/Blog-Post-The-Case-for-a-Private-Sector-Approach.jpg","width":1500,"height":1125},{"@type":"BreadcrumbList","@id":"https:\/\/content.carib-export.com\/es\/blog\/the-case-for-a-private-sector-approach-in-building-climate-resilience-in-the-caribbean-region\/#breadcrumb","itemListElement":[{"@type":"ListItem","position":1,"name":"Casa","item":"https:\/\/content.carib-export.com\/es\/home\/"},{"@type":"ListItem","position":2,"name":"Blog","item":"https:\/\/content.carib-export.com\/es\/blog\/"},{"@type":"ListItem","position":3,"name":"El Caso de un Enfoque del Sector Privado en la Creaci\u00f3n de Resiliencia Clim\u00e1tica en la Regi\u00f3n del Caribe"}]},{"@type":"WebSite","@id":"https:\/\/content.carib-export.com\/es\/#website","url":"https:\/\/content.carib-export.com\/es\/","name":"Exportaci\u00f3n del Caribe","description":"La \u00fanica agencia regional de promoci\u00f3n del comercio y las inversiones en el grupo de \u00c1frica, el Caribe y el Pac\u00edfico.","publisher":{"@id":"https:\/\/content.carib-export.com\/es\/#organization"},"potentialAction":[{"@type":"SearchAction","target":{"@type":"EntryPoint","urlTemplate":"https:\/\/content.carib-export.com\/es\/?s={search_term_string}"},"query-input":{"@type":"PropertyValueSpecification","valueRequired":true,"valueName":"search_term_string"}}],"inLanguage":"es"},{"@type":"Organization","@id":"https:\/\/content.carib-export.com\/es\/#organization","name":"Agencia de Desarrollo de Exportaciones del Caribe","url":"https:\/\/content.carib-export.com\/es\/","logo":{"@type":"ImageObject","inLanguage":"es","@id":"https:\/\/content.carib-export.com\/es\/#\/schema\/logo\/image\/","url":"https:\/\/content.carib-export.com\/wp-content\/uploads\/2013\/03\/CE-Logo-2013.jpg","contentUrl":"https:\/\/content.carib-export.com\/wp-content\/uploads\/2013\/03\/CE-Logo-2013.jpg","width":1024,"height":244,"caption":"Agencia de Desarrollo de Exportaciones del Caribe"},"image":{"@id":"https:\/\/content.carib-export.com\/es\/#\/schema\/logo\/image\/"},"sameAs":["https:\/\/www.facebook.com\/CaribbeanExport","https:\/\/x.com\/CaribXport","https:\/\/www.instagram.com\/caribbeanexport","https:\/\/www.linkedin.com\/company\/caribbeanexport","https:\/\/www.youtube.com\/user\/TheCaribbeanExport"]},{"@type":"Person","@id":"https:\/\/content.carib-export.com\/es\/#\/schema\/person\/80c0719332afceb06ff10e3d42490974","name":"Natasha Walcott","image":{"@type":"ImageObject","inLanguage":"es","@id":"https:\/\/content.carib-export.com\/es\/#\/schema\/person\/image\/","url":"https:\/\/content.carib-export.com\/wp-content\/uploads\/2025\/03\/Natasha-Edwin-Walcott_Lead-Export-Development-Promotion-96x96.png","contentUrl":"https:\/\/content.carib-export.com\/wp-content\/uploads\/2025\/03\/Natasha-Edwin-Walcott_Lead-Export-Development-Promotion-96x96.png","caption":"Natasha Walcott"},"description":"Natasha Walcott is the Senior Advisor- Competitiveness and Export Promotion at the Caribbean Export Development Agency.","url":"https:\/\/content.carib-export.com\/es\/author\/cep-team\/"}]}},"_links":{"self":[{"href":"https:\/\/content.carib-export.com\/es\/wp-json\/wp\/v2\/posts\/375944","targetHints":{"allow":["GET"]}}],"collection":[{"href":"https:\/\/content.carib-export.com\/es\/wp-json\/wp\/v2\/posts"}],"about":[{"href":"https:\/\/content.carib-export.com\/es\/wp-json\/wp\/v2\/types\/post"}],"author":[{"embeddable":true,"href":"https:\/\/content.carib-export.com\/es\/wp-json\/wp\/v2\/users\/25"}],"replies":[{"embeddable":true,"href":"https:\/\/content.carib-export.com\/es\/wp-json\/wp\/v2\/comments?post=375944"}],"version-history":[{"count":0,"href":"https:\/\/content.carib-export.com\/es\/wp-json\/wp\/v2\/posts\/375944\/revisions"}],"wp:featuredmedia":[{"embeddable":true,"href":"https:\/\/content.carib-export.com\/es\/wp-json\/wp\/v2\/media\/376344"}],"wp:attachment":[{"href":"https:\/\/content.carib-export.com\/es\/wp-json\/wp\/v2\/media?parent=375944"}],"wp:term":[{"taxonomy":"category","embeddable":true,"href":"https:\/\/content.carib-export.com\/es\/wp-json\/wp\/v2\/categories?post=375944"},{"taxonomy":"post_tag","embeddable":true,"href":"https:\/\/content.carib-export.com\/es\/wp-json\/wp\/v2\/tags?post=375944"}],"curies":[{"name":"wp","href":"https:\/\/api.w.org\/{rel}","templated":true}]}}