{"id":267495,"date":"2021-07-01T10:19:19","date_gmt":"2021-07-01T14:19:19","guid":{"rendered":"https:\/\/content.carib-export.com\/news\/caricom-day-2021-strengthening-caribbean-and-latin-american-trade-relations\/"},"modified":"2022-06-13T20:49:31","modified_gmt":"2022-06-14T00:49:31","slug":"caricom-day-2021-strengthening-caribbean-and-latin-american-trade-relations","status":"publish","type":"news","link":"https:\/\/content.carib-export.com\/fr\/news\/caricom-day-2021-strengthening-caribbean-and-latin-american-trade-relations\/","title":{"rendered":"CARICOM DAY 2021 &#8211; Renforcement des relations commerciales entre les Cara\u00efbes et l&rsquo;Am\u00e9rique latine"},"content":{"rendered":"\n<ul class=\"wp-block-list\"><li>Caribbean Export, Embassy of Barbados in Brazil and the Barbados Ministry of Foreign Affairs to host a high-level briefing on Caribbean\/Latin America Trade Relations.<\/li><li>Heads of Barbadian and other CARICOM\/ CARIFORUM Diplomatic Missions in Latin America to attend.<\/li><li>Caribbean Export, the Region\u00e2\u20ac\u2122s leading private sector development institution to support enhanced trade between the Caribbean and Latin America.&nbsp;<\/li><\/ul>\n\n\n\n<p>As we prepare to celebrate CARICOM Day on the 5<sup>th<\/sup> of July, 2021, advancing the trade and investment agenda of the Region is essential to building our resilience. To mark CARICOM Day 2021, the Caribbean Export Development Agency in partnership with the Embassy of Barbados in Brazil and the Barbados Ministry of Foreign Affairs and Foreign Trade, will host the \u00e2\u20ac\u02dc<a href=\"https:\/\/content.carib-export.com\/event\/caribbean-export-latin-america-briefing-session\/\">Caribbean Export Latin America Briefing Session<\/a>\u00e2\u20ac\u2122 on Monday, July 5th, 2021, at 10am (AST) to strengthen Caribbean and Latin American trade relations.<\/p>\n\n\n\n<p>The event will host high-level discussions between Heads of Barbadian and other CARICOM\/ CARIFORUM Diplomatic Missions accredited in Latin America and Caribbean Export.&nbsp; The &nbsp;&nbsp;Agency\u00e2\u20ac\u2122s Executive Director, Mr. Deodat Maharaj, and his team will provide details on their mandate and pillars of focus and will share insights on the potential of sector-specific opportunities and partnerships in areas of particular interest, such as the services sector.&nbsp;<\/p>\n\n\n\n<p>There are many synergies for regional collaboration between CARIFORUM and Latin American and Mr. Maharaj commented that: \u00e2\u20ac\u0153Latin American countries are natural trade and investment partners for the Caribbean. To build resilience in these unprecedented times requires an expansion of our trade and investment relationships. &nbsp;CARICOM Day provides a perfect backdrop to pay particular attention to the opportunities with Latin America.\u00e2\u20ac\u009d<\/p>\n\n\n\n<p>This high-level event provides an opportunity for stakeholders to explore how trade between the Caribbean and Latin America can be enhanced and the work of the Caribbean Export Development Agency as the lead regional institution for private sector development.<\/p>\n","protected":false},"excerpt":{"rendered":"<p>Caribbean Export, Embassy of Barbados in Brazil and the Barbados Ministry of Foreign Affairs to host a high-level briefing on Caribbean\/Latin America Trade Relations. Heads of Barbadian and other CARICOM\/ CARIFORUM Diplomatic Missions in Latin America to attend. Caribbean Export, the Region\u00e2\u20ac\u2122s leading private sector development institution to support enhanced trade between the Caribbean and [&hellip;]<\/p>\n","protected":false},"author":9,"featured_media":267487,"menu_order":0,"template":"","tags":[],"class_list":["post-267495","news","type-news","status-publish","has-post-thumbnail","hentry"],"acf":[],"yoast_head":"<!-- This site is optimized with the Yoast SEO plugin v27.1.1 - https:\/\/yoast.com\/product\/yoast-seo-wordpress\/ -->\n<title>de CARICOM DAY 2021 - Renforcement des relations commerciales entre les Cara\u00efbes et l&#039;Am\u00e9rique latine - Exportation Cara\u00efbes<\/title>\n<meta name=\"robots\" content=\"index, follow, max-snippet:-1, max-image-preview:large, max-video-preview:-1\" \/>\n<link rel=\"canonical\" href=\"https:\/\/content.carib-export.com\/fr\/news\/caricom-day-2021-strengthening-caribbean-and-latin-american-trade-relations\/\" \/>\n<meta property=\"og:locale\" content=\"fr_FR\" \/>\n<meta property=\"og:type\" content=\"article\" \/>\n<meta property=\"og:title\" content=\"de CARICOM DAY 2021 - Renforcement des relations commerciales entre les Cara\u00efbes et l&#039;Am\u00e9rique latine - Exportation Cara\u00efbes\" \/>\n<meta property=\"og:description\" content=\"Caribbean Export, Embassy of Barbados in Brazil and the Barbados Ministry of Foreign Affairs to host a high-level briefing on Caribbean\/Latin America Trade Relations. Heads of Barbadian and other CARICOM\/ CARIFORUM Diplomatic Missions in Latin America to attend. Caribbean Export, the Region\u00e2\u20ac\u2122s leading private sector development institution to support enhanced trade between the Caribbean and [&hellip;]\" \/>\n<meta property=\"og:url\" content=\"https:\/\/content.carib-export.com\/fr\/news\/caricom-day-2021-strengthening-caribbean-and-latin-american-trade-relations\/\" \/>\n<meta property=\"og:site_name\" content=\"Exportation Cara\u00efbes\" \/>\n<meta property=\"article:publisher\" content=\"https:\/\/www.facebook.com\/CaribbeanExport\" \/>\n<meta property=\"article:modified_time\" content=\"2022-06-14T00:49:31+00:00\" \/>\n<meta property=\"og:image\" content=\"https:\/\/content.carib-export.com\/wp-content\/uploads\/2021\/07\/leon-overweel-iYajrYkW0Vw-unsplash-scaled-1.jpeg\" \/>\n\t<meta property=\"og:image:width\" content=\"1024\" \/>\n\t<meta property=\"og:image:height\" content=\"683\" \/>\n\t<meta property=\"og:image:type\" content=\"image\/jpeg\" \/>\n<meta name=\"twitter:card\" content=\"summary_large_image\" \/>\n<meta name=\"twitter:site\" content=\"@CaribXport\" \/>\n<meta name=\"twitter:label1\" content=\"Dur\u00e9e de lecture estim\u00e9e\" \/>\n\t<meta name=\"twitter:data1\" content=\"2 minutes\" \/>\n<script type=\"application\/ld+json\" class=\"yoast-schema-graph\">{\"@context\":\"https:\/\/schema.org\",\"@graph\":[{\"@type\":\"WebPage\",\"@id\":\"https:\/\/content.carib-export.com\/fr\/news\/caricom-day-2021-strengthening-caribbean-and-latin-american-trade-relations\/\",\"url\":\"https:\/\/content.carib-export.com\/fr\/news\/caricom-day-2021-strengthening-caribbean-and-latin-american-trade-relations\/\",\"name\":\"de CARICOM DAY 2021 - Renforcement des relations commerciales entre les Cara\u00efbes et l'Am\u00e9rique latine - Exportation Cara\u00efbes\",\"isPartOf\":{\"@id\":\"https:\/\/content.carib-export.com\/fr\/#website\"},\"primaryImageOfPage\":{\"@id\":\"https:\/\/content.carib-export.com\/fr\/news\/caricom-day-2021-strengthening-caribbean-and-latin-american-trade-relations\/#primaryimage\"},\"image\":{\"@id\":\"https:\/\/content.carib-export.com\/fr\/news\/caricom-day-2021-strengthening-caribbean-and-latin-american-trade-relations\/#primaryimage\"},\"thumbnailUrl\":\"https:\/\/content.carib-export.com\/wp-content\/uploads\/2021\/07\/leon-overweel-iYajrYkW0Vw-unsplash-scaled-1.jpeg\",\"datePublished\":\"2021-07-01T14:19:19+00:00\",\"dateModified\":\"2022-06-14T00:49:31+00:00\",\"breadcrumb\":{\"@id\":\"https:\/\/content.carib-export.com\/fr\/news\/caricom-day-2021-strengthening-caribbean-and-latin-american-trade-relations\/#breadcrumb\"},\"inLanguage\":\"fr-FR\",\"potentialAction\":[{\"@type\":\"ReadAction\",\"target\":[\"https:\/\/content.carib-export.com\/fr\/news\/caricom-day-2021-strengthening-caribbean-and-latin-american-trade-relations\/\"]}]},{\"@type\":\"ImageObject\",\"inLanguage\":\"fr-FR\",\"@id\":\"https:\/\/content.carib-export.com\/fr\/news\/caricom-day-2021-strengthening-caribbean-and-latin-american-trade-relations\/#primaryimage\",\"url\":\"https:\/\/content.carib-export.com\/wp-content\/uploads\/2021\/07\/leon-overweel-iYajrYkW0Vw-unsplash-scaled-1.jpeg\",\"contentUrl\":\"https:\/\/content.carib-export.com\/wp-content\/uploads\/2021\/07\/leon-overweel-iYajrYkW0Vw-unsplash-scaled-1.jpeg\",\"width\":1024,\"height\":683},{\"@type\":\"BreadcrumbList\",\"@id\":\"https:\/\/content.carib-export.com\/fr\/news\/caricom-day-2021-strengthening-caribbean-and-latin-american-trade-relations\/#breadcrumb\",\"itemListElement\":[{\"@type\":\"ListItem\",\"position\":1,\"name\":\"Accueil\",\"item\":\"https:\/\/content.carib-export.com\/fr\/home\/\"},{\"@type\":\"ListItem\",\"position\":2,\"name\":\"News\",\"item\":\"https:\/\/content.carib-export.com\/fr\/news\/\"},{\"@type\":\"ListItem\",\"position\":3,\"name\":\"CARICOM DAY 2021 &#8211; Renforcement des relations commerciales entre les Cara\u00efbes et l&#8217;Am\u00e9rique latine\"}]},{\"@type\":\"WebSite\",\"@id\":\"https:\/\/content.carib-export.com\/fr\/#website\",\"url\":\"https:\/\/content.carib-export.com\/fr\/\",\"name\":\"Exportation Cara\u00efbes\",\"description\":\"La seule agence r\u00e9gionale de promotion du commerce et des investissements du groupe Afrique, Cara\u00efbes et Pacifique.\",\"publisher\":{\"@id\":\"https:\/\/content.carib-export.com\/fr\/#organization\"},\"potentialAction\":[{\"@type\":\"SearchAction\",\"target\":{\"@type\":\"EntryPoint\",\"urlTemplate\":\"https:\/\/content.carib-export.com\/fr\/?s={search_term_string}\"},\"query-input\":{\"@type\":\"PropertyValueSpecification\",\"valueRequired\":true,\"valueName\":\"search_term_string\"}}],\"inLanguage\":\"fr-FR\"},{\"@type\":\"Organization\",\"@id\":\"https:\/\/content.carib-export.com\/fr\/#organization\",\"name\":\"Agence carib\u00e9enne de d\u00e9veloppement des exportations\",\"url\":\"https:\/\/content.carib-export.com\/fr\/\",\"logo\":{\"@type\":\"ImageObject\",\"inLanguage\":\"fr-FR\",\"@id\":\"https:\/\/content.carib-export.com\/fr\/#\/schema\/logo\/image\/\",\"url\":\"https:\/\/content.carib-export.com\/wp-content\/uploads\/2013\/03\/CE-Logo-2013.jpg\",\"contentUrl\":\"https:\/\/content.carib-export.com\/wp-content\/uploads\/2013\/03\/CE-Logo-2013.jpg\",\"width\":1024,\"height\":244,\"caption\":\"Agence carib\u00e9enne de d\u00e9veloppement des exportations\"},\"image\":{\"@id\":\"https:\/\/content.carib-export.com\/fr\/#\/schema\/logo\/image\/\"},\"sameAs\":[\"https:\/\/www.facebook.com\/CaribbeanExport\",\"https:\/\/x.com\/CaribXport\",\"https:\/\/www.instagram.com\/caribbeanexport\",\"https:\/\/www.linkedin.com\/company\/caribbeanexport\",\"https:\/\/www.youtube.com\/user\/TheCaribbeanExport\"]}]}<\/script>\n<!-- \/ Yoast SEO plugin. -->","yoast_head_json":{"title":"de CARICOM DAY 2021 - Renforcement des relations commerciales entre les Cara\u00efbes et l'Am\u00e9rique latine - Exportation Cara\u00efbes","robots":{"index":"index","follow":"follow","max-snippet":"max-snippet:-1","max-image-preview":"max-image-preview:large","max-video-preview":"max-video-preview:-1"},"canonical":"https:\/\/content.carib-export.com\/fr\/news\/caricom-day-2021-strengthening-caribbean-and-latin-american-trade-relations\/","og_locale":"fr_FR","og_type":"article","og_title":"de CARICOM DAY 2021 - Renforcement des relations commerciales entre les Cara\u00efbes et l'Am\u00e9rique latine - Exportation Cara\u00efbes","og_description":"Caribbean Export, Embassy of Barbados in Brazil and the Barbados Ministry of Foreign Affairs to host a high-level briefing on Caribbean\/Latin America Trade Relations. Heads of Barbadian and other CARICOM\/ CARIFORUM Diplomatic Missions in Latin America to attend. Caribbean Export, the Region\u00e2\u20ac\u2122s leading private sector development institution to support enhanced trade between the Caribbean and [&hellip;]","og_url":"https:\/\/content.carib-export.com\/fr\/news\/caricom-day-2021-strengthening-caribbean-and-latin-american-trade-relations\/","og_site_name":"Exportation Cara\u00efbes","article_publisher":"https:\/\/www.facebook.com\/CaribbeanExport","article_modified_time":"2022-06-14T00:49:31+00:00","og_image":[{"width":1024,"height":683,"url":"https:\/\/content.carib-export.com\/wp-content\/uploads\/2021\/07\/leon-overweel-iYajrYkW0Vw-unsplash-scaled-1.jpeg","type":"image\/jpeg"}],"twitter_card":"summary_large_image","twitter_site":"@CaribXport","twitter_misc":{"Dur\u00e9e de lecture estim\u00e9e":"2 minutes"},"schema":{"@context":"https:\/\/schema.org","@graph":[{"@type":"WebPage","@id":"https:\/\/content.carib-export.com\/fr\/news\/caricom-day-2021-strengthening-caribbean-and-latin-american-trade-relations\/","url":"https:\/\/content.carib-export.com\/fr\/news\/caricom-day-2021-strengthening-caribbean-and-latin-american-trade-relations\/","name":"de CARICOM DAY 2021 - Renforcement des relations commerciales entre les Cara\u00efbes et l'Am\u00e9rique latine - Exportation Cara\u00efbes","isPartOf":{"@id":"https:\/\/content.carib-export.com\/fr\/#website"},"primaryImageOfPage":{"@id":"https:\/\/content.carib-export.com\/fr\/news\/caricom-day-2021-strengthening-caribbean-and-latin-american-trade-relations\/#primaryimage"},"image":{"@id":"https:\/\/content.carib-export.com\/fr\/news\/caricom-day-2021-strengthening-caribbean-and-latin-american-trade-relations\/#primaryimage"},"thumbnailUrl":"https:\/\/content.carib-export.com\/wp-content\/uploads\/2021\/07\/leon-overweel-iYajrYkW0Vw-unsplash-scaled-1.jpeg","datePublished":"2021-07-01T14:19:19+00:00","dateModified":"2022-06-14T00:49:31+00:00","breadcrumb":{"@id":"https:\/\/content.carib-export.com\/fr\/news\/caricom-day-2021-strengthening-caribbean-and-latin-american-trade-relations\/#breadcrumb"},"inLanguage":"fr-FR","potentialAction":[{"@type":"ReadAction","target":["https:\/\/content.carib-export.com\/fr\/news\/caricom-day-2021-strengthening-caribbean-and-latin-american-trade-relations\/"]}]},{"@type":"ImageObject","inLanguage":"fr-FR","@id":"https:\/\/content.carib-export.com\/fr\/news\/caricom-day-2021-strengthening-caribbean-and-latin-american-trade-relations\/#primaryimage","url":"https:\/\/content.carib-export.com\/wp-content\/uploads\/2021\/07\/leon-overweel-iYajrYkW0Vw-unsplash-scaled-1.jpeg","contentUrl":"https:\/\/content.carib-export.com\/wp-content\/uploads\/2021\/07\/leon-overweel-iYajrYkW0Vw-unsplash-scaled-1.jpeg","width":1024,"height":683},{"@type":"BreadcrumbList","@id":"https:\/\/content.carib-export.com\/fr\/news\/caricom-day-2021-strengthening-caribbean-and-latin-american-trade-relations\/#breadcrumb","itemListElement":[{"@type":"ListItem","position":1,"name":"Accueil","item":"https:\/\/content.carib-export.com\/fr\/home\/"},{"@type":"ListItem","position":2,"name":"News","item":"https:\/\/content.carib-export.com\/fr\/news\/"},{"@type":"ListItem","position":3,"name":"CARICOM DAY 2021 &#8211; Renforcement des relations commerciales entre les Cara\u00efbes et l&#8217;Am\u00e9rique latine"}]},{"@type":"WebSite","@id":"https:\/\/content.carib-export.com\/fr\/#website","url":"https:\/\/content.carib-export.com\/fr\/","name":"Exportation Cara\u00efbes","description":"La seule agence r\u00e9gionale de promotion du commerce et des investissements du groupe Afrique, Cara\u00efbes et Pacifique.","publisher":{"@id":"https:\/\/content.carib-export.com\/fr\/#organization"},"potentialAction":[{"@type":"SearchAction","target":{"@type":"EntryPoint","urlTemplate":"https:\/\/content.carib-export.com\/fr\/?s={search_term_string}"},"query-input":{"@type":"PropertyValueSpecification","valueRequired":true,"valueName":"search_term_string"}}],"inLanguage":"fr-FR"},{"@type":"Organization","@id":"https:\/\/content.carib-export.com\/fr\/#organization","name":"Agence carib\u00e9enne de d\u00e9veloppement des exportations","url":"https:\/\/content.carib-export.com\/fr\/","logo":{"@type":"ImageObject","inLanguage":"fr-FR","@id":"https:\/\/content.carib-export.com\/fr\/#\/schema\/logo\/image\/","url":"https:\/\/content.carib-export.com\/wp-content\/uploads\/2013\/03\/CE-Logo-2013.jpg","contentUrl":"https:\/\/content.carib-export.com\/wp-content\/uploads\/2013\/03\/CE-Logo-2013.jpg","width":1024,"height":244,"caption":"Agence carib\u00e9enne de d\u00e9veloppement des exportations"},"image":{"@id":"https:\/\/content.carib-export.com\/fr\/#\/schema\/logo\/image\/"},"sameAs":["https:\/\/www.facebook.com\/CaribbeanExport","https:\/\/x.com\/CaribXport","https:\/\/www.instagram.com\/caribbeanexport","https:\/\/www.linkedin.com\/company\/caribbeanexport","https:\/\/www.youtube.com\/user\/TheCaribbeanExport"]}]}},"_links":{"self":[{"href":"https:\/\/content.carib-export.com\/fr\/wp-json\/wp\/v2\/news\/267495","targetHints":{"allow":["GET"]}}],"collection":[{"href":"https:\/\/content.carib-export.com\/fr\/wp-json\/wp\/v2\/news"}],"about":[{"href":"https:\/\/content.carib-export.com\/fr\/wp-json\/wp\/v2\/types\/news"}],"author":[{"embeddable":true,"href":"https:\/\/content.carib-export.com\/fr\/wp-json\/wp\/v2\/users\/9"}],"version-history":[{"count":0,"href":"https:\/\/content.carib-export.com\/fr\/wp-json\/wp\/v2\/news\/267495\/revisions"}],"wp:featuredmedia":[{"embeddable":true,"href":"https:\/\/content.carib-export.com\/fr\/wp-json\/wp\/v2\/media\/267487"}],"wp:attachment":[{"href":"https:\/\/content.carib-export.com\/fr\/wp-json\/wp\/v2\/media?parent=267495"}],"wp:term":[{"taxonomy":"post_tag","embeddable":true,"href":"https:\/\/content.carib-export.com\/fr\/wp-json\/wp\/v2\/tags?post=267495"}],"curies":[{"name":"wp","href":"https:\/\/api.w.org\/{rel}","templated":true}]}}