{"id":268140,"date":"2019-04-04T14:14:19","date_gmt":"2019-04-04T18:14:19","guid":{"rendered":"https:\/\/content.carib-export.com\/news\/caribbean-creative-practitioners-being-prepped-to-access-export-opportunities-to-the-european-union\/"},"modified":"2022-06-13T21:07:09","modified_gmt":"2022-06-14T01:07:09","slug":"caribbean-creative-practitioners-being-prepped-to-access-export-opportunities-to-the-european-union","status":"publish","type":"news","link":"https:\/\/content.carib-export.com\/fr\/news\/caribbean-creative-practitioners-being-prepped-to-access-export-opportunities-to-the-european-union\/","title":{"rendered":"Les praticiens cr\u00e9atifs des Cara\u00efbes se pr\u00e9parent \u00e0 acc\u00e9der aux opportunit\u00e9s d&rsquo;exportation vers l&rsquo;Union europ\u00e9enne"},"content":{"rendered":"\n<p>Caribbean Export Development Agency (Caribbean Export) in cooperation with Deutsche Gesellschaft f\u00c3\u00bcr Internationale Zusammenarbeit GmbH (GIZ) and T&amp;T Coalition of services Industries hosted a Cultural and Creative Industries Workshop in Trinidad and Tobago. <\/p>\n\n\n\n<p>The event which occurred from March 27th &#8211; 28th, 2019 empowered Caribbean creative practitioners with the much-needed information to build their export capacity. <br><\/p>\n\n\n\n<p>Allyson Francis, Services Specialist of the Caribbean Export noted that not only are the cultural and creative industries a priority sector for regional governments but also for Caribbean Export which will focus on the fashion, music, animation and film sectors during 2019. She further stated that \u00e2\u20ac\u02dc\u00e2\u20ac\u00a6helping cultural practitioners to gain a better understanding of the opportunities under the EPA and \u00e2\u20ac\u00a6 to facilitate an increasing number of services trading with Europe through the Agreement.\u00e2\u20ac\u2122 was extremely important.<br><\/p>\n\n\n\n<p>The cultural and creative industry globally generates more than US 2.2 billion in revenues and employs more than 29 million people. During the economic downturn which started in 2008, global exports of creative goods and services grew annually by 14%, while international trade decreased by 12%. The growth in this sector presents a tremendous opportunity for Caribbean professionals who are now more equipped, due to the two-day Workshop, to take advantage of this development engine.<br><\/p>\n\n\n\n<p>The workshop discussed opportunities under the EPA and presented an in-depth approach to critical topics such as quality and standards, pricing strategy, intellectual property rights, marketing and branding and creating unique value propositions. <br><\/p>\n\n\n\n<p>Seventy (70) creative professionals, in the music, fashion and animation sectors, from the region, welcomed the critical technical and practical information provided, fully aware that it would be essential in assisting them in bridging the gap to take full advantage of their export potential, particularly in the European market. <br><\/p>\n\n\n\n<p>To ensure the success and longevity of this initiative Caribbean Export will engage the respective Coalition of Services Industries to follow-up and provide support to the participants.<\/p>\n","protected":false},"excerpt":{"rendered":"<p>Caribbean Export Development Agency (Caribbean Export) in cooperation with Deutsche Gesellschaft f\u00c3\u00bcr Internationale Zusammenarbeit GmbH (GIZ) and T&amp;T Coalition of services Industries hosted a Cultural and Creative Industries Workshop in Trinidad and Tobago. The event which occurred from March 27th &#8211; 28th, 2019 empowered Caribbean creative practitioners with the much-needed information to build their export [&hellip;]<\/p>\n","protected":false},"author":9,"featured_media":244750,"menu_order":0,"template":"","tags":[13117,11386,11389,12680],"class_list":["post-268140","news","type-news","status-publish","has-post-thumbnail","hentry","tag-animation-fr","tag-creativeindustries-fr","tag-fashion-fr","tag-music-fr"],"acf":[],"yoast_head":"<!-- This site is optimized with the Yoast SEO plugin v27.1.1 - https:\/\/yoast.com\/product\/yoast-seo-wordpress\/ -->\n<title>de Les praticiens cr\u00e9atifs des Cara\u00efbes se pr\u00e9parent \u00e0 acc\u00e9der aux opportunit\u00e9s d&#039;exportation vers l&#039;Union europ\u00e9enne - Exportation Cara\u00efbes<\/title>\n<meta name=\"robots\" content=\"index, follow, max-snippet:-1, max-image-preview:large, max-video-preview:-1\" \/>\n<link rel=\"canonical\" href=\"https:\/\/content.carib-export.com\/fr\/news\/caribbean-creative-practitioners-being-prepped-to-access-export-opportunities-to-the-european-union\/\" \/>\n<meta property=\"og:locale\" content=\"fr_FR\" \/>\n<meta property=\"og:type\" content=\"article\" \/>\n<meta property=\"og:title\" content=\"de Les praticiens cr\u00e9atifs des Cara\u00efbes se pr\u00e9parent \u00e0 acc\u00e9der aux opportunit\u00e9s d&#039;exportation vers l&#039;Union europ\u00e9enne - Exportation Cara\u00efbes\" \/>\n<meta property=\"og:description\" content=\"Caribbean Export Development Agency (Caribbean Export) in cooperation with Deutsche Gesellschaft f\u00c3\u00bcr Internationale Zusammenarbeit GmbH (GIZ) and T&amp;T Coalition of services Industries hosted a Cultural and Creative Industries Workshop in Trinidad and Tobago. The event which occurred from March 27th &#8211; 28th, 2019 empowered Caribbean creative practitioners with the much-needed information to build their export [&hellip;]\" \/>\n<meta property=\"og:url\" content=\"https:\/\/content.carib-export.com\/fr\/news\/caribbean-creative-practitioners-being-prepped-to-access-export-opportunities-to-the-european-union\/\" \/>\n<meta property=\"og:site_name\" content=\"Exportation Cara\u00efbes\" \/>\n<meta property=\"article:publisher\" content=\"https:\/\/www.facebook.com\/CaribbeanExport\" \/>\n<meta property=\"article:modified_time\" content=\"2022-06-14T01:07:09+00:00\" \/>\n<meta property=\"og:image\" content=\"https:\/\/content.carib-export.com\/wp-content\/uploads\/2019\/04\/Featured-Images-Website-1.png\" \/>\n\t<meta property=\"og:image:width\" content=\"800\" \/>\n\t<meta property=\"og:image:height\" content=\"800\" \/>\n\t<meta property=\"og:image:type\" content=\"image\/png\" \/>\n<meta name=\"twitter:card\" content=\"summary_large_image\" \/>\n<meta name=\"twitter:site\" content=\"@CaribXport\" \/>\n<meta name=\"twitter:label1\" content=\"Dur\u00e9e de lecture estim\u00e9e\" \/>\n\t<meta name=\"twitter:data1\" content=\"2 minutes\" \/>\n<script type=\"application\/ld+json\" class=\"yoast-schema-graph\">{\"@context\":\"https:\/\/schema.org\",\"@graph\":[{\"@type\":\"WebPage\",\"@id\":\"https:\/\/content.carib-export.com\/fr\/news\/caribbean-creative-practitioners-being-prepped-to-access-export-opportunities-to-the-european-union\/\",\"url\":\"https:\/\/content.carib-export.com\/fr\/news\/caribbean-creative-practitioners-being-prepped-to-access-export-opportunities-to-the-european-union\/\",\"name\":\"de Les praticiens cr\u00e9atifs des Cara\u00efbes se pr\u00e9parent \u00e0 acc\u00e9der aux opportunit\u00e9s d'exportation vers l'Union europ\u00e9enne - Exportation Cara\u00efbes\",\"isPartOf\":{\"@id\":\"https:\/\/content.carib-export.com\/fr\/#website\"},\"primaryImageOfPage\":{\"@id\":\"https:\/\/content.carib-export.com\/fr\/news\/caribbean-creative-practitioners-being-prepped-to-access-export-opportunities-to-the-european-union\/#primaryimage\"},\"image\":{\"@id\":\"https:\/\/content.carib-export.com\/fr\/news\/caribbean-creative-practitioners-being-prepped-to-access-export-opportunities-to-the-european-union\/#primaryimage\"},\"thumbnailUrl\":\"https:\/\/content.carib-export.com\/wp-content\/uploads\/2019\/04\/Featured-Images-Website-1.png\",\"datePublished\":\"2019-04-04T18:14:19+00:00\",\"dateModified\":\"2022-06-14T01:07:09+00:00\",\"breadcrumb\":{\"@id\":\"https:\/\/content.carib-export.com\/fr\/news\/caribbean-creative-practitioners-being-prepped-to-access-export-opportunities-to-the-european-union\/#breadcrumb\"},\"inLanguage\":\"fr-FR\",\"potentialAction\":[{\"@type\":\"ReadAction\",\"target\":[\"https:\/\/content.carib-export.com\/fr\/news\/caribbean-creative-practitioners-being-prepped-to-access-export-opportunities-to-the-european-union\/\"]}]},{\"@type\":\"ImageObject\",\"inLanguage\":\"fr-FR\",\"@id\":\"https:\/\/content.carib-export.com\/fr\/news\/caribbean-creative-practitioners-being-prepped-to-access-export-opportunities-to-the-european-union\/#primaryimage\",\"url\":\"https:\/\/content.carib-export.com\/wp-content\/uploads\/2019\/04\/Featured-Images-Website-1.png\",\"contentUrl\":\"https:\/\/content.carib-export.com\/wp-content\/uploads\/2019\/04\/Featured-Images-Website-1.png\",\"width\":800,\"height\":800},{\"@type\":\"BreadcrumbList\",\"@id\":\"https:\/\/content.carib-export.com\/fr\/news\/caribbean-creative-practitioners-being-prepped-to-access-export-opportunities-to-the-european-union\/#breadcrumb\",\"itemListElement\":[{\"@type\":\"ListItem\",\"position\":1,\"name\":\"Accueil\",\"item\":\"https:\/\/content.carib-export.com\/fr\/home\/\"},{\"@type\":\"ListItem\",\"position\":2,\"name\":\"News\",\"item\":\"https:\/\/content.carib-export.com\/fr\/news\/\"},{\"@type\":\"ListItem\",\"position\":3,\"name\":\"Les praticiens cr\u00e9atifs des Cara\u00efbes se pr\u00e9parent \u00e0 acc\u00e9der aux opportunit\u00e9s d&#8217;exportation vers l&#8217;Union europ\u00e9enne\"}]},{\"@type\":\"WebSite\",\"@id\":\"https:\/\/content.carib-export.com\/fr\/#website\",\"url\":\"https:\/\/content.carib-export.com\/fr\/\",\"name\":\"Exportation Cara\u00efbes\",\"description\":\"La seule agence r\u00e9gionale de promotion du commerce et des investissements du groupe Afrique, Cara\u00efbes et Pacifique.\",\"publisher\":{\"@id\":\"https:\/\/content.carib-export.com\/fr\/#organization\"},\"potentialAction\":[{\"@type\":\"SearchAction\",\"target\":{\"@type\":\"EntryPoint\",\"urlTemplate\":\"https:\/\/content.carib-export.com\/fr\/?s={search_term_string}\"},\"query-input\":{\"@type\":\"PropertyValueSpecification\",\"valueRequired\":true,\"valueName\":\"search_term_string\"}}],\"inLanguage\":\"fr-FR\"},{\"@type\":\"Organization\",\"@id\":\"https:\/\/content.carib-export.com\/fr\/#organization\",\"name\":\"Agence carib\u00e9enne de d\u00e9veloppement des exportations\",\"url\":\"https:\/\/content.carib-export.com\/fr\/\",\"logo\":{\"@type\":\"ImageObject\",\"inLanguage\":\"fr-FR\",\"@id\":\"https:\/\/content.carib-export.com\/fr\/#\/schema\/logo\/image\/\",\"url\":\"https:\/\/content.carib-export.com\/wp-content\/uploads\/2013\/03\/CE-Logo-2013.jpg\",\"contentUrl\":\"https:\/\/content.carib-export.com\/wp-content\/uploads\/2013\/03\/CE-Logo-2013.jpg\",\"width\":1024,\"height\":244,\"caption\":\"Agence carib\u00e9enne de d\u00e9veloppement des exportations\"},\"image\":{\"@id\":\"https:\/\/content.carib-export.com\/fr\/#\/schema\/logo\/image\/\"},\"sameAs\":[\"https:\/\/www.facebook.com\/CaribbeanExport\",\"https:\/\/x.com\/CaribXport\",\"https:\/\/www.instagram.com\/caribbeanexport\",\"https:\/\/www.linkedin.com\/company\/caribbeanexport\",\"https:\/\/www.youtube.com\/user\/TheCaribbeanExport\"]}]}<\/script>\n<!-- \/ Yoast SEO plugin. -->","yoast_head_json":{"title":"de Les praticiens cr\u00e9atifs des Cara\u00efbes se pr\u00e9parent \u00e0 acc\u00e9der aux opportunit\u00e9s d'exportation vers l'Union europ\u00e9enne - Exportation Cara\u00efbes","robots":{"index":"index","follow":"follow","max-snippet":"max-snippet:-1","max-image-preview":"max-image-preview:large","max-video-preview":"max-video-preview:-1"},"canonical":"https:\/\/content.carib-export.com\/fr\/news\/caribbean-creative-practitioners-being-prepped-to-access-export-opportunities-to-the-european-union\/","og_locale":"fr_FR","og_type":"article","og_title":"de Les praticiens cr\u00e9atifs des Cara\u00efbes se pr\u00e9parent \u00e0 acc\u00e9der aux opportunit\u00e9s d'exportation vers l'Union europ\u00e9enne - Exportation Cara\u00efbes","og_description":"Caribbean Export Development Agency (Caribbean Export) in cooperation with Deutsche Gesellschaft f\u00c3\u00bcr Internationale Zusammenarbeit GmbH (GIZ) and T&amp;T Coalition of services Industries hosted a Cultural and Creative Industries Workshop in Trinidad and Tobago. The event which occurred from March 27th &#8211; 28th, 2019 empowered Caribbean creative practitioners with the much-needed information to build their export [&hellip;]","og_url":"https:\/\/content.carib-export.com\/fr\/news\/caribbean-creative-practitioners-being-prepped-to-access-export-opportunities-to-the-european-union\/","og_site_name":"Exportation Cara\u00efbes","article_publisher":"https:\/\/www.facebook.com\/CaribbeanExport","article_modified_time":"2022-06-14T01:07:09+00:00","og_image":[{"width":800,"height":800,"url":"https:\/\/content.carib-export.com\/wp-content\/uploads\/2019\/04\/Featured-Images-Website-1.png","type":"image\/png"}],"twitter_card":"summary_large_image","twitter_site":"@CaribXport","twitter_misc":{"Dur\u00e9e de lecture estim\u00e9e":"2 minutes"},"schema":{"@context":"https:\/\/schema.org","@graph":[{"@type":"WebPage","@id":"https:\/\/content.carib-export.com\/fr\/news\/caribbean-creative-practitioners-being-prepped-to-access-export-opportunities-to-the-european-union\/","url":"https:\/\/content.carib-export.com\/fr\/news\/caribbean-creative-practitioners-being-prepped-to-access-export-opportunities-to-the-european-union\/","name":"de Les praticiens cr\u00e9atifs des Cara\u00efbes se pr\u00e9parent \u00e0 acc\u00e9der aux opportunit\u00e9s d'exportation vers l'Union europ\u00e9enne - Exportation Cara\u00efbes","isPartOf":{"@id":"https:\/\/content.carib-export.com\/fr\/#website"},"primaryImageOfPage":{"@id":"https:\/\/content.carib-export.com\/fr\/news\/caribbean-creative-practitioners-being-prepped-to-access-export-opportunities-to-the-european-union\/#primaryimage"},"image":{"@id":"https:\/\/content.carib-export.com\/fr\/news\/caribbean-creative-practitioners-being-prepped-to-access-export-opportunities-to-the-european-union\/#primaryimage"},"thumbnailUrl":"https:\/\/content.carib-export.com\/wp-content\/uploads\/2019\/04\/Featured-Images-Website-1.png","datePublished":"2019-04-04T18:14:19+00:00","dateModified":"2022-06-14T01:07:09+00:00","breadcrumb":{"@id":"https:\/\/content.carib-export.com\/fr\/news\/caribbean-creative-practitioners-being-prepped-to-access-export-opportunities-to-the-european-union\/#breadcrumb"},"inLanguage":"fr-FR","potentialAction":[{"@type":"ReadAction","target":["https:\/\/content.carib-export.com\/fr\/news\/caribbean-creative-practitioners-being-prepped-to-access-export-opportunities-to-the-european-union\/"]}]},{"@type":"ImageObject","inLanguage":"fr-FR","@id":"https:\/\/content.carib-export.com\/fr\/news\/caribbean-creative-practitioners-being-prepped-to-access-export-opportunities-to-the-european-union\/#primaryimage","url":"https:\/\/content.carib-export.com\/wp-content\/uploads\/2019\/04\/Featured-Images-Website-1.png","contentUrl":"https:\/\/content.carib-export.com\/wp-content\/uploads\/2019\/04\/Featured-Images-Website-1.png","width":800,"height":800},{"@type":"BreadcrumbList","@id":"https:\/\/content.carib-export.com\/fr\/news\/caribbean-creative-practitioners-being-prepped-to-access-export-opportunities-to-the-european-union\/#breadcrumb","itemListElement":[{"@type":"ListItem","position":1,"name":"Accueil","item":"https:\/\/content.carib-export.com\/fr\/home\/"},{"@type":"ListItem","position":2,"name":"News","item":"https:\/\/content.carib-export.com\/fr\/news\/"},{"@type":"ListItem","position":3,"name":"Les praticiens cr\u00e9atifs des Cara\u00efbes se pr\u00e9parent \u00e0 acc\u00e9der aux opportunit\u00e9s d&#8217;exportation vers l&#8217;Union europ\u00e9enne"}]},{"@type":"WebSite","@id":"https:\/\/content.carib-export.com\/fr\/#website","url":"https:\/\/content.carib-export.com\/fr\/","name":"Exportation Cara\u00efbes","description":"La seule agence r\u00e9gionale de promotion du commerce et des investissements du groupe Afrique, Cara\u00efbes et Pacifique.","publisher":{"@id":"https:\/\/content.carib-export.com\/fr\/#organization"},"potentialAction":[{"@type":"SearchAction","target":{"@type":"EntryPoint","urlTemplate":"https:\/\/content.carib-export.com\/fr\/?s={search_term_string}"},"query-input":{"@type":"PropertyValueSpecification","valueRequired":true,"valueName":"search_term_string"}}],"inLanguage":"fr-FR"},{"@type":"Organization","@id":"https:\/\/content.carib-export.com\/fr\/#organization","name":"Agence carib\u00e9enne de d\u00e9veloppement des exportations","url":"https:\/\/content.carib-export.com\/fr\/","logo":{"@type":"ImageObject","inLanguage":"fr-FR","@id":"https:\/\/content.carib-export.com\/fr\/#\/schema\/logo\/image\/","url":"https:\/\/content.carib-export.com\/wp-content\/uploads\/2013\/03\/CE-Logo-2013.jpg","contentUrl":"https:\/\/content.carib-export.com\/wp-content\/uploads\/2013\/03\/CE-Logo-2013.jpg","width":1024,"height":244,"caption":"Agence carib\u00e9enne de d\u00e9veloppement des exportations"},"image":{"@id":"https:\/\/content.carib-export.com\/fr\/#\/schema\/logo\/image\/"},"sameAs":["https:\/\/www.facebook.com\/CaribbeanExport","https:\/\/x.com\/CaribXport","https:\/\/www.instagram.com\/caribbeanexport","https:\/\/www.linkedin.com\/company\/caribbeanexport","https:\/\/www.youtube.com\/user\/TheCaribbeanExport"]}]}},"_links":{"self":[{"href":"https:\/\/content.carib-export.com\/fr\/wp-json\/wp\/v2\/news\/268140","targetHints":{"allow":["GET"]}}],"collection":[{"href":"https:\/\/content.carib-export.com\/fr\/wp-json\/wp\/v2\/news"}],"about":[{"href":"https:\/\/content.carib-export.com\/fr\/wp-json\/wp\/v2\/types\/news"}],"author":[{"embeddable":true,"href":"https:\/\/content.carib-export.com\/fr\/wp-json\/wp\/v2\/users\/9"}],"version-history":[{"count":0,"href":"https:\/\/content.carib-export.com\/fr\/wp-json\/wp\/v2\/news\/268140\/revisions"}],"wp:featuredmedia":[{"embeddable":true,"href":"https:\/\/content.carib-export.com\/fr\/wp-json\/wp\/v2\/media\/244750"}],"wp:attachment":[{"href":"https:\/\/content.carib-export.com\/fr\/wp-json\/wp\/v2\/media?parent=268140"}],"wp:term":[{"taxonomy":"post_tag","embeddable":true,"href":"https:\/\/content.carib-export.com\/fr\/wp-json\/wp\/v2\/tags?post=268140"}],"curies":[{"name":"wp","href":"https:\/\/api.w.org\/{rel}","templated":true}]}}