{"id":293641,"date":"2022-07-23T10:00:13","date_gmt":"2022-07-23T14:00:13","guid":{"rendered":"https:\/\/content.carib-export.com\/news\/caribbean-businesses-set-sights-on-european-market-with-participation-at-the-speciality-fine-food-fair-202\/"},"modified":"2022-08-16T12:16:15","modified_gmt":"2022-08-16T16:16:15","slug":"caribbean-businesses-set-sights-on-european-market-with-participation-at-the-speciality-fine-food-fair-202","status":"publish","type":"news","link":"https:\/\/content.carib-export.com\/fr\/news\/caribbean-businesses-set-sights-on-european-market-with-participation-at-the-speciality-fine-food-fair-202\/","title":{"rendered":"Les entreprises des Cara\u00efbes visent le march\u00e9 europ\u00e9en en participant \u00e0 la foire Speciality &amp; Fine Food Fair 2022."},"content":{"rendered":"\n<p>Dix producteurs de produits alimentaires des Cara\u00efbes augmenteront leurs chances de se d\u00e9velopper sur le lucratif march\u00e9 europ\u00e9en en participant au prochain <a href=\"https:\/\/www.specialityandfinefoodfairs.co.uk\/exhibitors\/absolutely-caribbean\" target=\"_blank\" rel=\"noreferrer noopener\">salon Speciality &amp; Fine Food Fair (SFFF)<\/a> qui se tiendra \u00e0 l&rsquo;Olympia de Londres du 5 au 6 septembre 2022.<\/p>\n\n<p>Les entreprises r\u00e9gionales qui exposeront au SFFF sous le pavillon \u00ab\u00a0Absolutely Caribbean\u00a0\u00bb sont Naledo (Belize), CariBelle Foods (Trinidad et Tobago), Old Duppy (Barbade), Flauriel (St Kitts et Nevis), Chocolala (R\u00e9publique dominicaine), Pringa&rsquo;s (Saint-Vincent-et-les-Grenadines), Shavuot (Jama\u00efque), St Lucia Distillers (Sainte-Lucie), Kalembu (R\u00e9publique dominicaine) et Antillia Brewing Company (Sainte-Lucie).<\/p>\n\n<p>Soutenues par l&rsquo;Union europ\u00e9enne et l&rsquo;Agence carib\u00e9enne pour le d\u00e9veloppement des exportations, ces entreprises tenteront d&rsquo;attirer les principaux acheteurs et distributeurs europ\u00e9ens en exposant une gamme de produits traditionnels fabriqu\u00e9s \u00e0 partir d&rsquo;ingr\u00e9dients indig\u00e8nes, notamment de la sauce au piment fort, de la p\u00e2te de curcuma, des gel\u00e9es et des confitures, du cacao, du th\u00e9, de la bi\u00e8re et du rhum.<\/p>\n\n<p>Le SFFF est d\u00e9crit comme \u00ab\u00a0la vitrine de r\u00e9f\u00e9rence pour les marques \u00e9mergentes et \u00e9tablies dans le secteur de l&rsquo;artisanat, de la gastronomie et des boissons\u00a0\u00bb. Il est r\u00e9put\u00e9 pour d\u00e9couvrir des produits r\u00e9volutionnaires et inspirants, ainsi que pour pr\u00e9dire les tendances \u00e9mergentes. Cette ann\u00e9e, plus de 10 000 visiteurs du monde entier sont attendus \u00e0 cet \u00e9v\u00e9nement annuel.<\/p>\n\n<p>\u00ab\u00a0Nous sommes tr\u00e8s heureux de pr\u00e9senter nos bi\u00e8res carib\u00e9ennes d&rsquo;inspiration tropicale au SFF22. C&rsquo;est un excellent moyen de relancer nos exportations vers le Royaume-Uni apr\u00e8s deux longues ann\u00e9es de perturbation due \u00e0 la pand\u00e9mie. Nous sommes impatients de rencontrer de nouveaux distributeurs, importateurs et d\u00e9taillants et de partager avec eux un go\u00fbt de Sainte-Lucie\u00a0\u00bb, a d\u00e9clar\u00e9 Andrew Hashey, fondateur d&rsquo;Antillia Brewing Co.  <\/p>\n<div class=\"wp-block-image\">\n<figure class=\"aligncenter size-large is-resized\"><img decoding=\"async\" src=\"https:\/\/content.carib-export.com\/wp-content\/uploads\/2022\/07\/All-3-1024x683.jpg\" alt=\"\" class=\"wp-image-289865\" width=\"-165\" height=\"-110\" srcset=\"https:\/\/content.carib-export.com\/wp-content\/uploads\/2022\/07\/All-3-1024x683.jpg 1024w, https:\/\/content.carib-export.com\/wp-content\/uploads\/2022\/07\/All-3-150x100.jpg 150w, https:\/\/content.carib-export.com\/wp-content\/uploads\/2022\/07\/All-3-768x512.jpg 768w, https:\/\/content.carib-export.com\/wp-content\/uploads\/2022\/07\/All-3-1536x1025.jpg 1536w, https:\/\/content.carib-export.com\/wp-content\/uploads\/2022\/07\/All-3-2048x1366.jpg 2048w\" sizes=\"(max-width: 1024px) 100vw, 1024px\" \/><\/figure>\n<\/div>\n<p>Les exposants du SFFF b\u00e9n\u00e9ficient d&rsquo;un acc\u00e8s direct \u00e0 des centaines de d\u00e9cideurs qui repr\u00e9sentent des d\u00e9taillants et des marques \u00e9tablis dans toute l&rsquo;Europe, ce qui leur permet de nouer des contacts et d&rsquo;apprendre, tout en partageant leurs produits uniques et leurs histoires commerciales individuelles.<\/p>\n\n<p>Afin de donner aux 10 participants carib\u00e9ens les meilleures chances de succ\u00e8s au CFPA, Caribbean Export a \u00e9galement aid\u00e9 certains d&rsquo;entre eux \u00e0 se pr\u00e9parer \u00e0 l&rsquo;exportation via un programme \u00a0\u00bb Launch to Market \u00a0\u00bb qui s&rsquo;est d\u00e9roul\u00e9 de septembre 2021 \u00e0 juin 2022.<\/p>\n\n<p>Ce programme de pr\u00e9paration s&rsquo;est concentr\u00e9 sur des questions telles que la conformit\u00e9 au march\u00e9, les r\u00e9glementations et l&rsquo;\u00e9tiquetage, ainsi que le marketing et l&rsquo;image de marque, dans le but de capitaliser sur la demande croissante des consommateurs en Europe et au Royaume-Uni pour la nourriture carib\u00e9enne, qui repr\u00e9sente plus de 100 millions de livres sterling, selon une \u00e9tude command\u00e9e par Caribbean Export. Ces entreprises carib\u00e9ennes vont maintenant mettre \u00e0 profit tout ce qu&rsquo;elles ont appris dans le cadre du programme \u00ab\u00a0Launch to Market\u00a0\u00bb et le combiner avec la visibilit\u00e9 in\u00e9gal\u00e9e offerte par la plateforme du Forum pour d\u00e9montrer pourquoi leurs produits devraient figurer sur les menus et les \u00e9tag\u00e8res de toute l&rsquo;Europe.<\/p>\n","protected":false},"excerpt":{"rendered":"<p>Dix producteurs de produits alimentaires des Cara\u00efbes augmenteront leurs chances de se d\u00e9velopper sur le lucratif march\u00e9 europ\u00e9en en participant au prochain salon Speciality &amp; Fine Food Fair (SFFF) qui se tiendra \u00e0 l&rsquo;Olympia de Londres du 5 au 6 septembre 2022. Les entreprises r\u00e9gionales qui exposeront au SFFF sous le pavillon \u00ab\u00a0Absolutely Caribbean\u00a0\u00bb sont [&hellip;]<\/p>\n","protected":false},"author":10,"featured_media":289867,"menu_order":0,"template":"","tags":[],"class_list":["post-293641","news","type-news","status-publish","has-post-thumbnail","hentry"],"acf":[],"yoast_head":"<!-- This site is optimized with the Yoast SEO plugin v27.1.1 - https:\/\/yoast.com\/product\/yoast-seo-wordpress\/ -->\n<title>de Les entreprises des Cara\u00efbes visent le march\u00e9 europ\u00e9en en participant \u00e0 la foire Speciality &amp; Fine Food Fair 2022. - Exportation Cara\u00efbes<\/title>\n<meta name=\"description\" content=\"Dix producteurs de produits alimentaires des Cara\u00efbes augmenteront leurs chances de se d\u00e9velopper sur le lucratif march\u00e9 europ\u00e9en en participant au prochain salon Speciality &amp; Fine Food Fair (SFFF) qui se tiendra \u00e0 l&#039;Olympia de Londres du 5 au 6 septembre 2022.\" \/>\n<meta name=\"robots\" content=\"index, follow, max-snippet:-1, max-image-preview:large, max-video-preview:-1\" \/>\n<link rel=\"canonical\" href=\"https:\/\/content.carib-export.com\/fr\/news\/caribbean-businesses-set-sights-on-european-market-with-participation-at-the-speciality-fine-food-fair-202\/\" \/>\n<meta property=\"og:locale\" content=\"fr_FR\" \/>\n<meta property=\"og:type\" content=\"article\" \/>\n<meta property=\"og:title\" content=\"de Les entreprises des Cara\u00efbes visent le march\u00e9 europ\u00e9en en participant \u00e0 la foire Speciality &amp; Fine Food Fair 2022. - Exportation Cara\u00efbes\" \/>\n<meta property=\"og:description\" content=\"Dix producteurs de produits alimentaires des Cara\u00efbes augmenteront leurs chances de se d\u00e9velopper sur le lucratif march\u00e9 europ\u00e9en en participant au prochain salon Speciality &amp; Fine Food Fair (SFFF) qui se tiendra \u00e0 l&#039;Olympia de Londres du 5 au 6 septembre 2022.\" \/>\n<meta property=\"og:url\" content=\"https:\/\/content.carib-export.com\/fr\/news\/caribbean-businesses-set-sights-on-european-market-with-participation-at-the-speciality-fine-food-fair-202\/\" \/>\n<meta property=\"og:site_name\" content=\"Exportation Cara\u00efbes\" \/>\n<meta property=\"article:publisher\" content=\"https:\/\/www.facebook.com\/CaribbeanExport\" \/>\n<meta property=\"article:modified_time\" content=\"2022-08-16T16:16:15+00:00\" \/>\n<meta property=\"og:image\" content=\"https:\/\/content.carib-export.com\/wp-content\/uploads\/2022\/07\/All-3-scaled.jpg\" \/>\n\t<meta property=\"og:image:width\" content=\"2560\" \/>\n\t<meta property=\"og:image:height\" content=\"1708\" \/>\n\t<meta property=\"og:image:type\" content=\"image\/jpeg\" \/>\n<meta name=\"twitter:card\" content=\"summary_large_image\" \/>\n<meta name=\"twitter:site\" content=\"@CaribXport\" \/>\n<meta name=\"twitter:label1\" content=\"Dur\u00e9e de lecture estim\u00e9e\" \/>\n\t<meta name=\"twitter:data1\" content=\"3 minutes\" \/>\n<script type=\"application\/ld+json\" class=\"yoast-schema-graph\">{\"@context\":\"https:\/\/schema.org\",\"@graph\":[{\"@type\":\"WebPage\",\"@id\":\"https:\/\/content.carib-export.com\/fr\/news\/caribbean-businesses-set-sights-on-european-market-with-participation-at-the-speciality-fine-food-fair-202\/\",\"url\":\"https:\/\/content.carib-export.com\/fr\/news\/caribbean-businesses-set-sights-on-european-market-with-participation-at-the-speciality-fine-food-fair-202\/\",\"name\":\"de Les entreprises des Cara\u00efbes visent le march\u00e9 europ\u00e9en en participant \u00e0 la foire Speciality &amp; Fine Food Fair 2022. - Exportation Cara\u00efbes\",\"isPartOf\":{\"@id\":\"https:\/\/content.carib-export.com\/fr\/#website\"},\"primaryImageOfPage\":{\"@id\":\"https:\/\/content.carib-export.com\/fr\/news\/caribbean-businesses-set-sights-on-european-market-with-participation-at-the-speciality-fine-food-fair-202\/#primaryimage\"},\"image\":{\"@id\":\"https:\/\/content.carib-export.com\/fr\/news\/caribbean-businesses-set-sights-on-european-market-with-participation-at-the-speciality-fine-food-fair-202\/#primaryimage\"},\"thumbnailUrl\":\"https:\/\/content.carib-export.com\/wp-content\/uploads\/2022\/07\/All-3-scaled.jpg\",\"datePublished\":\"2022-07-23T14:00:13+00:00\",\"dateModified\":\"2022-08-16T16:16:15+00:00\",\"description\":\"Dix producteurs de produits alimentaires des Cara\u00efbes augmenteront leurs chances de se d\u00e9velopper sur le lucratif march\u00e9 europ\u00e9en en participant au prochain salon Speciality & Fine Food Fair (SFFF) qui se tiendra \u00e0 l'Olympia de Londres du 5 au 6 septembre 2022.\",\"breadcrumb\":{\"@id\":\"https:\/\/content.carib-export.com\/fr\/news\/caribbean-businesses-set-sights-on-european-market-with-participation-at-the-speciality-fine-food-fair-202\/#breadcrumb\"},\"inLanguage\":\"fr-FR\",\"potentialAction\":[{\"@type\":\"ReadAction\",\"target\":[\"https:\/\/content.carib-export.com\/fr\/news\/caribbean-businesses-set-sights-on-european-market-with-participation-at-the-speciality-fine-food-fair-202\/\"]}]},{\"@type\":\"ImageObject\",\"inLanguage\":\"fr-FR\",\"@id\":\"https:\/\/content.carib-export.com\/fr\/news\/caribbean-businesses-set-sights-on-european-market-with-participation-at-the-speciality-fine-food-fair-202\/#primaryimage\",\"url\":\"https:\/\/content.carib-export.com\/wp-content\/uploads\/2022\/07\/All-3-scaled.jpg\",\"contentUrl\":\"https:\/\/content.carib-export.com\/wp-content\/uploads\/2022\/07\/All-3-scaled.jpg\",\"width\":2560,\"height\":1708},{\"@type\":\"BreadcrumbList\",\"@id\":\"https:\/\/content.carib-export.com\/fr\/news\/caribbean-businesses-set-sights-on-european-market-with-participation-at-the-speciality-fine-food-fair-202\/#breadcrumb\",\"itemListElement\":[{\"@type\":\"ListItem\",\"position\":1,\"name\":\"Accueil\",\"item\":\"https:\/\/content.carib-export.com\/fr\/home\/\"},{\"@type\":\"ListItem\",\"position\":2,\"name\":\"News\",\"item\":\"https:\/\/content.carib-export.com\/fr\/news\/\"},{\"@type\":\"ListItem\",\"position\":3,\"name\":\"Les entreprises des Cara\u00efbes visent le march\u00e9 europ\u00e9en en participant \u00e0 la foire Speciality &amp; Fine Food Fair 2022.\"}]},{\"@type\":\"WebSite\",\"@id\":\"https:\/\/content.carib-export.com\/fr\/#website\",\"url\":\"https:\/\/content.carib-export.com\/fr\/\",\"name\":\"Exportation Cara\u00efbes\",\"description\":\"La seule agence r\u00e9gionale de promotion du commerce et des investissements du groupe Afrique, Cara\u00efbes et Pacifique.\",\"publisher\":{\"@id\":\"https:\/\/content.carib-export.com\/fr\/#organization\"},\"potentialAction\":[{\"@type\":\"SearchAction\",\"target\":{\"@type\":\"EntryPoint\",\"urlTemplate\":\"https:\/\/content.carib-export.com\/fr\/?s={search_term_string}\"},\"query-input\":{\"@type\":\"PropertyValueSpecification\",\"valueRequired\":true,\"valueName\":\"search_term_string\"}}],\"inLanguage\":\"fr-FR\"},{\"@type\":\"Organization\",\"@id\":\"https:\/\/content.carib-export.com\/fr\/#organization\",\"name\":\"Agence carib\u00e9enne de d\u00e9veloppement des exportations\",\"url\":\"https:\/\/content.carib-export.com\/fr\/\",\"logo\":{\"@type\":\"ImageObject\",\"inLanguage\":\"fr-FR\",\"@id\":\"https:\/\/content.carib-export.com\/fr\/#\/schema\/logo\/image\/\",\"url\":\"https:\/\/content.carib-export.com\/wp-content\/uploads\/2013\/03\/CE-Logo-2013.jpg\",\"contentUrl\":\"https:\/\/content.carib-export.com\/wp-content\/uploads\/2013\/03\/CE-Logo-2013.jpg\",\"width\":1024,\"height\":244,\"caption\":\"Agence carib\u00e9enne de d\u00e9veloppement des exportations\"},\"image\":{\"@id\":\"https:\/\/content.carib-export.com\/fr\/#\/schema\/logo\/image\/\"},\"sameAs\":[\"https:\/\/www.facebook.com\/CaribbeanExport\",\"https:\/\/x.com\/CaribXport\",\"https:\/\/www.instagram.com\/caribbeanexport\",\"https:\/\/www.linkedin.com\/company\/caribbeanexport\",\"https:\/\/www.youtube.com\/user\/TheCaribbeanExport\"]}]}<\/script>\n<!-- \/ Yoast SEO plugin. -->","yoast_head_json":{"title":"de Les entreprises des Cara\u00efbes visent le march\u00e9 europ\u00e9en en participant \u00e0 la foire Speciality &amp; Fine Food Fair 2022. - Exportation Cara\u00efbes","description":"Dix producteurs de produits alimentaires des Cara\u00efbes augmenteront leurs chances de se d\u00e9velopper sur le lucratif march\u00e9 europ\u00e9en en participant au prochain salon Speciality & Fine Food Fair (SFFF) qui se tiendra \u00e0 l'Olympia de Londres du 5 au 6 septembre 2022.","robots":{"index":"index","follow":"follow","max-snippet":"max-snippet:-1","max-image-preview":"max-image-preview:large","max-video-preview":"max-video-preview:-1"},"canonical":"https:\/\/content.carib-export.com\/fr\/news\/caribbean-businesses-set-sights-on-european-market-with-participation-at-the-speciality-fine-food-fair-202\/","og_locale":"fr_FR","og_type":"article","og_title":"de Les entreprises des Cara\u00efbes visent le march\u00e9 europ\u00e9en en participant \u00e0 la foire Speciality &amp; Fine Food Fair 2022. - Exportation Cara\u00efbes","og_description":"Dix producteurs de produits alimentaires des Cara\u00efbes augmenteront leurs chances de se d\u00e9velopper sur le lucratif march\u00e9 europ\u00e9en en participant au prochain salon Speciality & Fine Food Fair (SFFF) qui se tiendra \u00e0 l'Olympia de Londres du 5 au 6 septembre 2022.","og_url":"https:\/\/content.carib-export.com\/fr\/news\/caribbean-businesses-set-sights-on-european-market-with-participation-at-the-speciality-fine-food-fair-202\/","og_site_name":"Exportation Cara\u00efbes","article_publisher":"https:\/\/www.facebook.com\/CaribbeanExport","article_modified_time":"2022-08-16T16:16:15+00:00","og_image":[{"width":2560,"height":1708,"url":"https:\/\/content.carib-export.com\/wp-content\/uploads\/2022\/07\/All-3-scaled.jpg","type":"image\/jpeg"}],"twitter_card":"summary_large_image","twitter_site":"@CaribXport","twitter_misc":{"Dur\u00e9e de lecture estim\u00e9e":"3 minutes"},"schema":{"@context":"https:\/\/schema.org","@graph":[{"@type":"WebPage","@id":"https:\/\/content.carib-export.com\/fr\/news\/caribbean-businesses-set-sights-on-european-market-with-participation-at-the-speciality-fine-food-fair-202\/","url":"https:\/\/content.carib-export.com\/fr\/news\/caribbean-businesses-set-sights-on-european-market-with-participation-at-the-speciality-fine-food-fair-202\/","name":"de Les entreprises des Cara\u00efbes visent le march\u00e9 europ\u00e9en en participant \u00e0 la foire Speciality &amp; Fine Food Fair 2022. - Exportation Cara\u00efbes","isPartOf":{"@id":"https:\/\/content.carib-export.com\/fr\/#website"},"primaryImageOfPage":{"@id":"https:\/\/content.carib-export.com\/fr\/news\/caribbean-businesses-set-sights-on-european-market-with-participation-at-the-speciality-fine-food-fair-202\/#primaryimage"},"image":{"@id":"https:\/\/content.carib-export.com\/fr\/news\/caribbean-businesses-set-sights-on-european-market-with-participation-at-the-speciality-fine-food-fair-202\/#primaryimage"},"thumbnailUrl":"https:\/\/content.carib-export.com\/wp-content\/uploads\/2022\/07\/All-3-scaled.jpg","datePublished":"2022-07-23T14:00:13+00:00","dateModified":"2022-08-16T16:16:15+00:00","description":"Dix producteurs de produits alimentaires des Cara\u00efbes augmenteront leurs chances de se d\u00e9velopper sur le lucratif march\u00e9 europ\u00e9en en participant au prochain salon Speciality & Fine Food Fair (SFFF) qui se tiendra \u00e0 l'Olympia de Londres du 5 au 6 septembre 2022.","breadcrumb":{"@id":"https:\/\/content.carib-export.com\/fr\/news\/caribbean-businesses-set-sights-on-european-market-with-participation-at-the-speciality-fine-food-fair-202\/#breadcrumb"},"inLanguage":"fr-FR","potentialAction":[{"@type":"ReadAction","target":["https:\/\/content.carib-export.com\/fr\/news\/caribbean-businesses-set-sights-on-european-market-with-participation-at-the-speciality-fine-food-fair-202\/"]}]},{"@type":"ImageObject","inLanguage":"fr-FR","@id":"https:\/\/content.carib-export.com\/fr\/news\/caribbean-businesses-set-sights-on-european-market-with-participation-at-the-speciality-fine-food-fair-202\/#primaryimage","url":"https:\/\/content.carib-export.com\/wp-content\/uploads\/2022\/07\/All-3-scaled.jpg","contentUrl":"https:\/\/content.carib-export.com\/wp-content\/uploads\/2022\/07\/All-3-scaled.jpg","width":2560,"height":1708},{"@type":"BreadcrumbList","@id":"https:\/\/content.carib-export.com\/fr\/news\/caribbean-businesses-set-sights-on-european-market-with-participation-at-the-speciality-fine-food-fair-202\/#breadcrumb","itemListElement":[{"@type":"ListItem","position":1,"name":"Accueil","item":"https:\/\/content.carib-export.com\/fr\/home\/"},{"@type":"ListItem","position":2,"name":"News","item":"https:\/\/content.carib-export.com\/fr\/news\/"},{"@type":"ListItem","position":3,"name":"Les entreprises des Cara\u00efbes visent le march\u00e9 europ\u00e9en en participant \u00e0 la foire Speciality &amp; Fine Food Fair 2022."}]},{"@type":"WebSite","@id":"https:\/\/content.carib-export.com\/fr\/#website","url":"https:\/\/content.carib-export.com\/fr\/","name":"Exportation Cara\u00efbes","description":"La seule agence r\u00e9gionale de promotion du commerce et des investissements du groupe Afrique, Cara\u00efbes et Pacifique.","publisher":{"@id":"https:\/\/content.carib-export.com\/fr\/#organization"},"potentialAction":[{"@type":"SearchAction","target":{"@type":"EntryPoint","urlTemplate":"https:\/\/content.carib-export.com\/fr\/?s={search_term_string}"},"query-input":{"@type":"PropertyValueSpecification","valueRequired":true,"valueName":"search_term_string"}}],"inLanguage":"fr-FR"},{"@type":"Organization","@id":"https:\/\/content.carib-export.com\/fr\/#organization","name":"Agence carib\u00e9enne de d\u00e9veloppement des exportations","url":"https:\/\/content.carib-export.com\/fr\/","logo":{"@type":"ImageObject","inLanguage":"fr-FR","@id":"https:\/\/content.carib-export.com\/fr\/#\/schema\/logo\/image\/","url":"https:\/\/content.carib-export.com\/wp-content\/uploads\/2013\/03\/CE-Logo-2013.jpg","contentUrl":"https:\/\/content.carib-export.com\/wp-content\/uploads\/2013\/03\/CE-Logo-2013.jpg","width":1024,"height":244,"caption":"Agence carib\u00e9enne de d\u00e9veloppement des exportations"},"image":{"@id":"https:\/\/content.carib-export.com\/fr\/#\/schema\/logo\/image\/"},"sameAs":["https:\/\/www.facebook.com\/CaribbeanExport","https:\/\/x.com\/CaribXport","https:\/\/www.instagram.com\/caribbeanexport","https:\/\/www.linkedin.com\/company\/caribbeanexport","https:\/\/www.youtube.com\/user\/TheCaribbeanExport"]}]}},"_links":{"self":[{"href":"https:\/\/content.carib-export.com\/fr\/wp-json\/wp\/v2\/news\/293641","targetHints":{"allow":["GET"]}}],"collection":[{"href":"https:\/\/content.carib-export.com\/fr\/wp-json\/wp\/v2\/news"}],"about":[{"href":"https:\/\/content.carib-export.com\/fr\/wp-json\/wp\/v2\/types\/news"}],"author":[{"embeddable":true,"href":"https:\/\/content.carib-export.com\/fr\/wp-json\/wp\/v2\/users\/10"}],"version-history":[{"count":0,"href":"https:\/\/content.carib-export.com\/fr\/wp-json\/wp\/v2\/news\/293641\/revisions"}],"wp:featuredmedia":[{"embeddable":true,"href":"https:\/\/content.carib-export.com\/fr\/wp-json\/wp\/v2\/media\/289867"}],"wp:attachment":[{"href":"https:\/\/content.carib-export.com\/fr\/wp-json\/wp\/v2\/media?parent=293641"}],"wp:term":[{"taxonomy":"post_tag","embeddable":true,"href":"https:\/\/content.carib-export.com\/fr\/wp-json\/wp\/v2\/tags?post=293641"}],"curies":[{"name":"wp","href":"https:\/\/api.w.org\/{rel}","templated":true}]}}