{"id":304772,"date":"2022-11-09T17:54:57","date_gmt":"2022-11-09T21:54:57","guid":{"rendered":"https:\/\/content.carib-export.com\/news\/inaugural-caribbean-investment-forum-highlights-huge-investment-opportunities\/"},"modified":"2022-11-09T18:00:43","modified_gmt":"2022-11-09T22:00:43","slug":"inaugural-caribbean-investment-forum-highlights-huge-investment-opportunities","status":"publish","type":"news","link":"https:\/\/content.carib-export.com\/fr\/news\/inaugural-caribbean-investment-forum-highlights-huge-investment-opportunities\/","title":{"rendered":"Le forum inaugural sur l&rsquo;investissement dans les Cara\u00efbes met en \u00e9vidence d&rsquo;\u00e9normes possibilit\u00e9s d&rsquo;investissement"},"content":{"rendered":"\n<ul class=\"wp-block-list\">\n<li>Le Forum d&rsquo;investissement des Cara\u00efbes inaugural s&rsquo;est ouvert aujourd&rsquo;hui (9 novembre 2022) \u00e0 Port of Spain, Trinidad<\/li>\n\n\n\n<li>Une r\u00e9ponse massive \u00e0 l&rsquo;invitation de Caribbean Export avec plus de 500 participants en personne de plus de 35 pays.<\/li>\n\n\n\n<li>Appel urgent au secteur priv\u00e9 pour qu&rsquo;il joue un r\u00f4le central dans la construction et la transformation de l&rsquo;\u00e9conomie des Cara\u00efbes<\/li>\n\n\n\n<li>Moins de paroles et plus d&rsquo;affaires, promet le responsable des exportations des Cara\u00efbes<\/li>\n\n\n\n<li>L&rsquo;\u00e9tude montre un \u00e9norme potentiel pour les exportations des Cara\u00efbes vers l&rsquo;Afrique, selon S.E. Wamkele Mene, Secr\u00e9taire g\u00e9n\u00e9ral de la Zone de libre-\u00e9change continentale africaine (AFCFTA).<\/li>\n<\/ul>\n\n<p>Avant m\u00eame qu&rsquo;il n&rsquo;ait commenc\u00e9, il \u00e9tait clair que le premier Forum d&rsquo;investissement des Cara\u00efbes \u00e9tait un succ\u00e8s retentissant \u00e9tant donn\u00e9 l&rsquo;\u00e9crasante participation en personne de plus de 500 d\u00e9l\u00e9gu\u00e9s de plus de 35 pays.<\/p>\n\n<p>Cela refl\u00e8te sans aucun doute l&rsquo;urgence ressentie par les hommes d&rsquo;affaires, les investisseurs, les entrepreneurs enthousiastes, les responsables gouvernementaux de toute la r\u00e9gion, et m\u00eame les diplomates et les citoyens ordinaires, de voir les Cara\u00efbes affronter et triompher des menaces qui p\u00e8sent sur leur survie et cr\u00e9er un nouvel avenir brillant pour leurs habitants.<\/p>\n\n<p>S&rsquo;exprimant lors de la c\u00e9r\u00e9monie d&rsquo;ouverture mercredi, le directeur ex\u00e9cutif de l&rsquo;Agence de d\u00e9veloppement des exportations des Cara\u00efbes (Caribbean Export), Deodat Maharaj, a d\u00e9clar\u00e9 : \u00ab\u00a0L&rsquo;essentiel est que nous nous concentrions sur les principaux moteurs qui peuvent v\u00e9ritablement faire progresser la transformation des Cara\u00efbes\u00a0\u00bb et c&rsquo;est ainsi que le Forum s&rsquo;est concentr\u00e9 sur les points suivants :<\/p>\n\n<ol class=\"wp-block-list\">\n<li>Transition vers une \u00e9conomie verte<\/li>\n\n\n\n<li>Digitalisation, technologie et innovation<\/li>\n\n\n\n<li>l&rsquo;agriculture ; et<\/li>\n\n\n\n<li>Transport et logistique.<\/li>\n<\/ol>\n\n<p>Les investissements, la cr\u00e9ation d&#8217;emplois et les opportunit\u00e9s commerciales li\u00e9s \u00e0 ces secteurs sont \u00e9normes.<br\/>Le secr\u00e9taire g\u00e9n\u00e9ral du secr\u00e9tariat de la CARICOM, Mme Carla Barnett, a fait remarquer que les dirigeants de la CARICOM ont fix\u00e9 un objectif de 47 % de production d&rsquo;\u00e9lectricit\u00e9 \u00e0 partir de sources renouvelables d&rsquo;ici 2027 et se sont engag\u00e9s \u00e0 r\u00e9duire la facture des importations alimentaires de la r\u00e9gion de 25 % d&rsquo;ici 2025. \u00ab\u00a0Sur la p\u00e9riode 2018-2020, la facture des importations alimentaires de la CARICOM s&rsquo;\u00e9levait \u00e0 13,76 milliards de dollars am\u00e9ricains, soit environ 5 % du PIB\u00a0\u00bb, a-t-elle d\u00e9clar\u00e9.<\/p>\n\n<p>Les technologies num\u00e9riques pourraient transformer radicalement et cr\u00e9er des opportunit\u00e9s dans l&rsquo;agriculture, la fabrication et les services, acc\u00e9l\u00e9rer la croissance des petites et moyennes entreprises (PME) et remodeler les syst\u00e8mes \u00e9nerg\u00e9tiques, a-t-elle \u00e9galement not\u00e9.<\/p>\n\n<p>\u00ab\u00a0Je suis convaincu que si nous progressons dans ces secteurs, nous r\u00e9ussirons. Toutefois, pour construire des Cara\u00efbes v\u00e9ritablement r\u00e9silientes, les entreprises doivent \u00eatre un partenaire essentiel, jouant non pas un r\u00f4le p\u00e9riph\u00e9rique ou tangentiel, mais un r\u00f4le central\u00a0\u00bb, a soulign\u00e9 M. Maharaj.<\/p>\n\n<p>L&rsquo;investissement est donc plus important que jamais, a d\u00e9clar\u00e9 M. Barnett, notamment en raison de la chute des investissements directs \u00e9trangers (IDE), qui sont pass\u00e9s d&rsquo;un pic de 6,65 milliards de dollars en 2008 \u00e0 3,9 milliards en 2019, puis \u00e0 2,4 milliards avec le d\u00e9but de la pand\u00e9mie.<\/p>\n\n<p>L&rsquo;ambassadeur de l&rsquo;UE, Peter Cavendish, estime que l&rsquo;attrait des Cara\u00efbes pour les investisseurs r\u00e9side dans son acc\u00e8s au march\u00e9 europ\u00e9en, dans le fait qu&rsquo;elles poss\u00e8dent le premier g\u00e9nome de cacao et le premier centre de recherche sur le cacao au monde, ainsi que dans leurs instituts et organisations de premier plan, tels que l&rsquo;Institut de recherche industrielle des Cara\u00efbes. Il a soulign\u00e9 que, dans le cadre des accords de partenariat \u00e9conomique avec les nations des Cara\u00efbes, l&rsquo;UE peut offrir une expertise et des conseils techniques consid\u00e9rables ainsi que des ressources financi\u00e8res pour r\u00e9pondre aux besoins d&rsquo;investissement et de transformation des Cara\u00efbes.<\/p>\n\n<p>Toutefois, S.E. Wamkele Mene, secr\u00e9taire g\u00e9n\u00e9ral de la Zone de libre-\u00e9change continentale africaine (AFCFTA), estime que les Cara\u00efbes et le continent africain ont beaucoup \u00e0 gagner en coop\u00e9rant l&rsquo;un avec l&rsquo;autre en mati\u00e8re de commerce et d&rsquo;investissement. Il voit des raisons imp\u00e9rieuses et urgentes pour que les deux r\u00e9gions nouent des liens commerciaux solides, en s&rsquo;appuyant sur les liens essentiellement historiques et \u00e9motionnels qui les ont reli\u00e9es jusqu&rsquo;\u00e0 pr\u00e9sent.<\/p>\n\n<p>Dans son discours d&rsquo;ouverture intitul\u00e9 \u00ab\u00a0De nouveaux march\u00e9s, de nouveaux investissements pour des temps nouveaux\u00a0\u00bb, M. Mene a fait r\u00e9f\u00e9rence \u00e0 deux \u00e9v\u00e9nements sismiques r\u00e9cents qui ont mis en \u00e9vidence la vuln\u00e9rabilit\u00e9 commune des deux r\u00e9gions : la pand\u00e9mie de Covid-19 qui \u00ab\u00a0a vu nos deux r\u00e9gions en queue de file pour les vaccins dont elles ont tant besoin\u00a0\u00bb et le conflit Russie-Ukraine qui a perturb\u00e9 les cha\u00eenes d&rsquo;approvisionnement et a provoqu\u00e9 \u00e0 la fois l&rsquo;ins\u00e9curit\u00e9 et l&rsquo;inflation alimentaires. Ces deux \u00e9v\u00e9nements indiquent que l&rsquo;Afrique et la r\u00e9gion des Cara\u00efbes doivent compter davantage l&rsquo;une sur l&rsquo;autre et moins sur leurs march\u00e9s traditionnels, a-t-il d\u00e9clar\u00e9.<\/p>\n\n<p>\u00ab\u00a0Comme nous voyons ces changements dans les paradigmes \u00e9conomiques du monde, nous devons diversifier nos march\u00e9s pour les exportations et les investissements. C&rsquo;est pourquoi ce forum est si important\u00a0\u00bb, a d\u00e9clar\u00e9 M. Mene. Notant que les exportations des Cara\u00efbes vers le continent africain \u00e9taient n\u00e9gligeables (4,4 % du total des exportations), il a fait r\u00e9f\u00e9rence \u00e0 une \u00e9tude r\u00e9cente du Centre du commerce international, qui estime que ce chiffre pourrait atteindre un milliard de dollars au cours des cinq prochaines ann\u00e9es dans des domaines tels que l&rsquo;agroalimentaire, les soins de sant\u00e9, le tourisme et le secteur automobile.<\/p>\n\n<p>L&rsquo;\u00e9tude a \u00e9galement identifi\u00e9 une opportunit\u00e9 pour l&rsquo;Afrique d&rsquo;augmenter ses exportations annuelles de marchandises vers les Cara\u00efbes de 54%, soit 170 millions de dollars US par an d&rsquo;ici 2026, couvrant plus de 200 lignes tarifaires. \u00ab\u00a0Le continent africain offre une opportunit\u00e9 pour les Cara\u00efbes en tant que nouveau partenaire, une opportunit\u00e9 de diversifier vos march\u00e9s d&rsquo;exportation, de cr\u00e9er des emplois d&rsquo;exportation dans les Cara\u00efbes et d&rsquo;\u00eatre comp\u00e9titif au niveau mondial\u00a0\u00bb, a d\u00e9clar\u00e9 M. Mene. \u00ab\u00a0La r\u00e9gion des Cara\u00efbes peut \u00e9galement accro\u00eetre ses exportations de marchandises vers l&rsquo;Afrique de 80 millions de dollars, soit 29 %\u00a0\u00bb et ce chiffre serait encore plus \u00e9lev\u00e9 si l&rsquo;on y ajoute les services et les transports, a-t-il ajout\u00e9.<\/p>\n\n<p>La zone de libre-\u00e9change continentale africaine repr\u00e9sente un march\u00e9 de 1,3 milliard de personnes et un PIB combin\u00e9 de 3,4 billions de dollars am\u00e9ricains. Selon une \u00e9tude de McKensie &amp; Co, ce PIB devrait atteindre pr\u00e8s de 7 000 milliards de dollars am\u00e9ricains d&rsquo;ici 2055.<\/p>\n\n<p>Dans ses remarques, la ministre du commerce et de l&rsquo;industrie de Trinit\u00e9-et-Tobago, la s\u00e9natrice Paula Gopee-Scoon, a d\u00e9clar\u00e9 : \u00ab\u00a0Nous sommes convaincus que ce forum servira de catalyseur pour stimuler les flux d&rsquo;investissements directs \u00e9trangers (IDE) de toute notre r\u00e9gion et c&rsquo;est l&rsquo;une des principales raisons de notre pr\u00e9sence ici &#8211; pour pr\u00e9senter nos progr\u00e8s et les opportunit\u00e9s d&rsquo;investissement bancables.\u00a0\u00bb<\/p>\n\n<p>Avec un programme charg\u00e9 et int\u00e9ressant, elle a particuli\u00e8rement soulign\u00e9 la table ronde sur le transport et la logistique le troisi\u00e8me jour, en disant qu&rsquo;elle promettait \u00ab\u00a0d&rsquo;\u00eatre passionnante, avec des participants r\u00e9gionaux, y compris des autorit\u00e9s portuaires cl\u00e9s, discutant des avantages de la situation g\u00e9ographique des Cara\u00efbes et des possibilit\u00e9s d&rsquo;investissements mutuellement b\u00e9n\u00e9fiques dans des domaines tels que l&rsquo;infrastructure et les services portuaires et la logistique renforc\u00e9e, entre autres\u00a0\u00bb.<\/p>\n\n<p>Le Caribbean Investment Forum est un \u00e9v\u00e9nement de quatre jours, de haut niveau, ax\u00e9 sur les affaires et con\u00e7u pour pr\u00e9senter et explorer ces opportunit\u00e9s d&rsquo;investissement dans la r\u00e9gion. Le forum r\u00e9gional est organis\u00e9 par l&rsquo;Agence carib\u00e9enne pour le d\u00e9veloppement des exportations en collaboration avec le gouvernement de Trinit\u00e9-et-Tobago, la CARICOM, la Banque de d\u00e9veloppement des Cara\u00efbes, l&rsquo;Association carib\u00e9enne des agences de promotion des investissements et avec le soutien de l&rsquo;Union europ\u00e9enne.<\/p>\n\n<p>Le Forum se d\u00e9roule du 8 au 11 novembre 2022 au Hyatt Regency de Trinidad et Tobago et met en relation les principaux d\u00e9cideurs, innovateurs et entrepreneurs de la r\u00e9gion avec les investisseurs les plus influents du monde.<\/p>\n\n<p>Sous le th\u00e8me \u00ab\u00a0Building A SMARTer, GREENer, Caribbean\u00a0\u00bb, les parties prenantes apprendront et exploreront certaines des opportunit\u00e9s d&rsquo;investissement les plus attrayantes dans les domaines de la technologie, de l&rsquo;agriculture, de l&rsquo;\u00e9nergie renouvelable et de l&rsquo;innovation. Elles esp\u00e8rent ainsi faire avancer des projets qui am\u00e9lioreront la vie de plus de 30 millions de Carib\u00e9ens dans les 23 pays de la r\u00e9gion.<\/p>\n","protected":false},"excerpt":{"rendered":"<p>Avant m\u00eame qu&rsquo;il n&rsquo;ait commenc\u00e9, il \u00e9tait clair que le premier Forum d&rsquo;investissement des Cara\u00efbes \u00e9tait un succ\u00e8s retentissant \u00e9tant donn\u00e9 l&rsquo;\u00e9crasante participation en personne de plus de 500 d\u00e9l\u00e9gu\u00e9s de plus de 35 pays. Cela refl\u00e8te sans aucun doute l&rsquo;urgence ressentie par les hommes d&rsquo;affaires, les investisseurs, les entrepreneurs enthousiastes, les responsables gouvernementaux de [&hellip;]<\/p>\n","protected":false},"author":9,"featured_media":304742,"menu_order":0,"template":"","tags":[26570],"class_list":["post-304772","news","type-news","status-publish","has-post-thumbnail","hentry","tag-ciftt-fr"],"acf":[],"yoast_head":"<!-- This site is optimized with the Yoast SEO plugin v27.1.1 - https:\/\/yoast.com\/product\/yoast-seo-wordpress\/ -->\n<title>de Le forum inaugural sur l&#039;investissement dans les Cara\u00efbes met en \u00e9vidence d&#039;\u00e9normes possibilit\u00e9s d&#039;investissement - Exportation Cara\u00efbes<\/title>\n<meta name=\"description\" content=\"Le Caribbean Investment Forum est un \u00e9v\u00e9nement de quatre jours, de haut niveau, ax\u00e9 sur les affaires et con\u00e7u pour pr\u00e9senter et explorer les opportunit\u00e9s d&#039;investissement dans la r\u00e9gion.\" \/>\n<meta name=\"robots\" content=\"index, follow, max-snippet:-1, max-image-preview:large, max-video-preview:-1\" \/>\n<link rel=\"canonical\" href=\"https:\/\/content.carib-export.com\/fr\/news\/inaugural-caribbean-investment-forum-highlights-huge-investment-opportunities\/\" \/>\n<meta property=\"og:locale\" content=\"fr_FR\" \/>\n<meta property=\"og:type\" content=\"article\" \/>\n<meta property=\"og:title\" content=\"de Le forum inaugural sur l&#039;investissement dans les Cara\u00efbes met en \u00e9vidence d&#039;\u00e9normes possibilit\u00e9s d&#039;investissement - Exportation Cara\u00efbes\" \/>\n<meta property=\"og:description\" content=\"Le Caribbean Investment Forum est un \u00e9v\u00e9nement de quatre jours, de haut niveau, ax\u00e9 sur les affaires et con\u00e7u pour pr\u00e9senter et explorer les opportunit\u00e9s d&#039;investissement dans la r\u00e9gion.\" \/>\n<meta property=\"og:url\" content=\"https:\/\/content.carib-export.com\/fr\/news\/inaugural-caribbean-investment-forum-highlights-huge-investment-opportunities\/\" \/>\n<meta property=\"og:site_name\" content=\"Exportation Cara\u00efbes\" \/>\n<meta property=\"article:publisher\" content=\"https:\/\/www.facebook.com\/CaribbeanExport\" \/>\n<meta property=\"article:modified_time\" content=\"2022-11-09T22:00:43+00:00\" \/>\n<meta property=\"og:image\" content=\"https:\/\/content.carib-export.com\/wp-content\/uploads\/2022\/11\/Minister.jpeg\" \/>\n\t<meta property=\"og:image:width\" content=\"1280\" \/>\n\t<meta property=\"og:image:height\" content=\"853\" \/>\n\t<meta property=\"og:image:type\" content=\"image\/jpeg\" \/>\n<meta name=\"twitter:card\" content=\"summary_large_image\" \/>\n<meta name=\"twitter:site\" content=\"@CaribXport\" \/>\n<meta name=\"twitter:label1\" content=\"Dur\u00e9e de lecture estim\u00e9e\" \/>\n\t<meta name=\"twitter:data1\" content=\"7 minutes\" \/>\n<script type=\"application\/ld+json\" class=\"yoast-schema-graph\">{\"@context\":\"https:\/\/schema.org\",\"@graph\":[{\"@type\":\"WebPage\",\"@id\":\"https:\/\/content.carib-export.com\/fr\/news\/inaugural-caribbean-investment-forum-highlights-huge-investment-opportunities\/\",\"url\":\"https:\/\/content.carib-export.com\/fr\/news\/inaugural-caribbean-investment-forum-highlights-huge-investment-opportunities\/\",\"name\":\"de Le forum inaugural sur l'investissement dans les Cara\u00efbes met en \u00e9vidence d'\u00e9normes possibilit\u00e9s d'investissement - Exportation Cara\u00efbes\",\"isPartOf\":{\"@id\":\"https:\/\/content.carib-export.com\/fr\/#website\"},\"primaryImageOfPage\":{\"@id\":\"https:\/\/content.carib-export.com\/fr\/news\/inaugural-caribbean-investment-forum-highlights-huge-investment-opportunities\/#primaryimage\"},\"image\":{\"@id\":\"https:\/\/content.carib-export.com\/fr\/news\/inaugural-caribbean-investment-forum-highlights-huge-investment-opportunities\/#primaryimage\"},\"thumbnailUrl\":\"https:\/\/content.carib-export.com\/wp-content\/uploads\/2022\/11\/Minister.jpeg\",\"datePublished\":\"2022-11-09T21:54:57+00:00\",\"dateModified\":\"2022-11-09T22:00:43+00:00\",\"description\":\"Le Caribbean Investment Forum est un \u00e9v\u00e9nement de quatre jours, de haut niveau, ax\u00e9 sur les affaires et con\u00e7u pour pr\u00e9senter et explorer les opportunit\u00e9s d'investissement dans la r\u00e9gion.\",\"breadcrumb\":{\"@id\":\"https:\/\/content.carib-export.com\/fr\/news\/inaugural-caribbean-investment-forum-highlights-huge-investment-opportunities\/#breadcrumb\"},\"inLanguage\":\"fr-FR\",\"potentialAction\":[{\"@type\":\"ReadAction\",\"target\":[\"https:\/\/content.carib-export.com\/fr\/news\/inaugural-caribbean-investment-forum-highlights-huge-investment-opportunities\/\"]}]},{\"@type\":\"ImageObject\",\"inLanguage\":\"fr-FR\",\"@id\":\"https:\/\/content.carib-export.com\/fr\/news\/inaugural-caribbean-investment-forum-highlights-huge-investment-opportunities\/#primaryimage\",\"url\":\"https:\/\/content.carib-export.com\/wp-content\/uploads\/2022\/11\/Minister.jpeg\",\"contentUrl\":\"https:\/\/content.carib-export.com\/wp-content\/uploads\/2022\/11\/Minister.jpeg\",\"width\":1280,\"height\":853},{\"@type\":\"BreadcrumbList\",\"@id\":\"https:\/\/content.carib-export.com\/fr\/news\/inaugural-caribbean-investment-forum-highlights-huge-investment-opportunities\/#breadcrumb\",\"itemListElement\":[{\"@type\":\"ListItem\",\"position\":1,\"name\":\"Accueil\",\"item\":\"https:\/\/content.carib-export.com\/fr\/home\/\"},{\"@type\":\"ListItem\",\"position\":2,\"name\":\"News\",\"item\":\"https:\/\/content.carib-export.com\/fr\/news\/\"},{\"@type\":\"ListItem\",\"position\":3,\"name\":\"Le forum inaugural sur l&#8217;investissement dans les Cara\u00efbes met en \u00e9vidence d&#8217;\u00e9normes possibilit\u00e9s d&#8217;investissement\"}]},{\"@type\":\"WebSite\",\"@id\":\"https:\/\/content.carib-export.com\/fr\/#website\",\"url\":\"https:\/\/content.carib-export.com\/fr\/\",\"name\":\"Exportation Cara\u00efbes\",\"description\":\"La seule agence r\u00e9gionale de promotion du commerce et des investissements du groupe Afrique, Cara\u00efbes et Pacifique.\",\"publisher\":{\"@id\":\"https:\/\/content.carib-export.com\/fr\/#organization\"},\"potentialAction\":[{\"@type\":\"SearchAction\",\"target\":{\"@type\":\"EntryPoint\",\"urlTemplate\":\"https:\/\/content.carib-export.com\/fr\/?s={search_term_string}\"},\"query-input\":{\"@type\":\"PropertyValueSpecification\",\"valueRequired\":true,\"valueName\":\"search_term_string\"}}],\"inLanguage\":\"fr-FR\"},{\"@type\":\"Organization\",\"@id\":\"https:\/\/content.carib-export.com\/fr\/#organization\",\"name\":\"Agence carib\u00e9enne de d\u00e9veloppement des exportations\",\"url\":\"https:\/\/content.carib-export.com\/fr\/\",\"logo\":{\"@type\":\"ImageObject\",\"inLanguage\":\"fr-FR\",\"@id\":\"https:\/\/content.carib-export.com\/fr\/#\/schema\/logo\/image\/\",\"url\":\"https:\/\/content.carib-export.com\/wp-content\/uploads\/2013\/03\/CE-Logo-2013.jpg\",\"contentUrl\":\"https:\/\/content.carib-export.com\/wp-content\/uploads\/2013\/03\/CE-Logo-2013.jpg\",\"width\":1024,\"height\":244,\"caption\":\"Agence carib\u00e9enne de d\u00e9veloppement des exportations\"},\"image\":{\"@id\":\"https:\/\/content.carib-export.com\/fr\/#\/schema\/logo\/image\/\"},\"sameAs\":[\"https:\/\/www.facebook.com\/CaribbeanExport\",\"https:\/\/x.com\/CaribXport\",\"https:\/\/www.instagram.com\/caribbeanexport\",\"https:\/\/www.linkedin.com\/company\/caribbeanexport\",\"https:\/\/www.youtube.com\/user\/TheCaribbeanExport\"]}]}<\/script>\n<!-- \/ Yoast SEO plugin. -->","yoast_head_json":{"title":"de Le forum inaugural sur l'investissement dans les Cara\u00efbes met en \u00e9vidence d'\u00e9normes possibilit\u00e9s d'investissement - Exportation Cara\u00efbes","description":"Le Caribbean Investment Forum est un \u00e9v\u00e9nement de quatre jours, de haut niveau, ax\u00e9 sur les affaires et con\u00e7u pour pr\u00e9senter et explorer les opportunit\u00e9s d'investissement dans la r\u00e9gion.","robots":{"index":"index","follow":"follow","max-snippet":"max-snippet:-1","max-image-preview":"max-image-preview:large","max-video-preview":"max-video-preview:-1"},"canonical":"https:\/\/content.carib-export.com\/fr\/news\/inaugural-caribbean-investment-forum-highlights-huge-investment-opportunities\/","og_locale":"fr_FR","og_type":"article","og_title":"de Le forum inaugural sur l'investissement dans les Cara\u00efbes met en \u00e9vidence d'\u00e9normes possibilit\u00e9s d'investissement - Exportation Cara\u00efbes","og_description":"Le Caribbean Investment Forum est un \u00e9v\u00e9nement de quatre jours, de haut niveau, ax\u00e9 sur les affaires et con\u00e7u pour pr\u00e9senter et explorer les opportunit\u00e9s d'investissement dans la r\u00e9gion.","og_url":"https:\/\/content.carib-export.com\/fr\/news\/inaugural-caribbean-investment-forum-highlights-huge-investment-opportunities\/","og_site_name":"Exportation Cara\u00efbes","article_publisher":"https:\/\/www.facebook.com\/CaribbeanExport","article_modified_time":"2022-11-09T22:00:43+00:00","og_image":[{"width":1280,"height":853,"url":"https:\/\/content.carib-export.com\/wp-content\/uploads\/2022\/11\/Minister.jpeg","type":"image\/jpeg"}],"twitter_card":"summary_large_image","twitter_site":"@CaribXport","twitter_misc":{"Dur\u00e9e de lecture estim\u00e9e":"7 minutes"},"schema":{"@context":"https:\/\/schema.org","@graph":[{"@type":"WebPage","@id":"https:\/\/content.carib-export.com\/fr\/news\/inaugural-caribbean-investment-forum-highlights-huge-investment-opportunities\/","url":"https:\/\/content.carib-export.com\/fr\/news\/inaugural-caribbean-investment-forum-highlights-huge-investment-opportunities\/","name":"de Le forum inaugural sur l'investissement dans les Cara\u00efbes met en \u00e9vidence d'\u00e9normes possibilit\u00e9s d'investissement - Exportation Cara\u00efbes","isPartOf":{"@id":"https:\/\/content.carib-export.com\/fr\/#website"},"primaryImageOfPage":{"@id":"https:\/\/content.carib-export.com\/fr\/news\/inaugural-caribbean-investment-forum-highlights-huge-investment-opportunities\/#primaryimage"},"image":{"@id":"https:\/\/content.carib-export.com\/fr\/news\/inaugural-caribbean-investment-forum-highlights-huge-investment-opportunities\/#primaryimage"},"thumbnailUrl":"https:\/\/content.carib-export.com\/wp-content\/uploads\/2022\/11\/Minister.jpeg","datePublished":"2022-11-09T21:54:57+00:00","dateModified":"2022-11-09T22:00:43+00:00","description":"Le Caribbean Investment Forum est un \u00e9v\u00e9nement de quatre jours, de haut niveau, ax\u00e9 sur les affaires et con\u00e7u pour pr\u00e9senter et explorer les opportunit\u00e9s d'investissement dans la r\u00e9gion.","breadcrumb":{"@id":"https:\/\/content.carib-export.com\/fr\/news\/inaugural-caribbean-investment-forum-highlights-huge-investment-opportunities\/#breadcrumb"},"inLanguage":"fr-FR","potentialAction":[{"@type":"ReadAction","target":["https:\/\/content.carib-export.com\/fr\/news\/inaugural-caribbean-investment-forum-highlights-huge-investment-opportunities\/"]}]},{"@type":"ImageObject","inLanguage":"fr-FR","@id":"https:\/\/content.carib-export.com\/fr\/news\/inaugural-caribbean-investment-forum-highlights-huge-investment-opportunities\/#primaryimage","url":"https:\/\/content.carib-export.com\/wp-content\/uploads\/2022\/11\/Minister.jpeg","contentUrl":"https:\/\/content.carib-export.com\/wp-content\/uploads\/2022\/11\/Minister.jpeg","width":1280,"height":853},{"@type":"BreadcrumbList","@id":"https:\/\/content.carib-export.com\/fr\/news\/inaugural-caribbean-investment-forum-highlights-huge-investment-opportunities\/#breadcrumb","itemListElement":[{"@type":"ListItem","position":1,"name":"Accueil","item":"https:\/\/content.carib-export.com\/fr\/home\/"},{"@type":"ListItem","position":2,"name":"News","item":"https:\/\/content.carib-export.com\/fr\/news\/"},{"@type":"ListItem","position":3,"name":"Le forum inaugural sur l&#8217;investissement dans les Cara\u00efbes met en \u00e9vidence d&#8217;\u00e9normes possibilit\u00e9s d&#8217;investissement"}]},{"@type":"WebSite","@id":"https:\/\/content.carib-export.com\/fr\/#website","url":"https:\/\/content.carib-export.com\/fr\/","name":"Exportation Cara\u00efbes","description":"La seule agence r\u00e9gionale de promotion du commerce et des investissements du groupe Afrique, Cara\u00efbes et Pacifique.","publisher":{"@id":"https:\/\/content.carib-export.com\/fr\/#organization"},"potentialAction":[{"@type":"SearchAction","target":{"@type":"EntryPoint","urlTemplate":"https:\/\/content.carib-export.com\/fr\/?s={search_term_string}"},"query-input":{"@type":"PropertyValueSpecification","valueRequired":true,"valueName":"search_term_string"}}],"inLanguage":"fr-FR"},{"@type":"Organization","@id":"https:\/\/content.carib-export.com\/fr\/#organization","name":"Agence carib\u00e9enne de d\u00e9veloppement des exportations","url":"https:\/\/content.carib-export.com\/fr\/","logo":{"@type":"ImageObject","inLanguage":"fr-FR","@id":"https:\/\/content.carib-export.com\/fr\/#\/schema\/logo\/image\/","url":"https:\/\/content.carib-export.com\/wp-content\/uploads\/2013\/03\/CE-Logo-2013.jpg","contentUrl":"https:\/\/content.carib-export.com\/wp-content\/uploads\/2013\/03\/CE-Logo-2013.jpg","width":1024,"height":244,"caption":"Agence carib\u00e9enne de d\u00e9veloppement des exportations"},"image":{"@id":"https:\/\/content.carib-export.com\/fr\/#\/schema\/logo\/image\/"},"sameAs":["https:\/\/www.facebook.com\/CaribbeanExport","https:\/\/x.com\/CaribXport","https:\/\/www.instagram.com\/caribbeanexport","https:\/\/www.linkedin.com\/company\/caribbeanexport","https:\/\/www.youtube.com\/user\/TheCaribbeanExport"]}]}},"_links":{"self":[{"href":"https:\/\/content.carib-export.com\/fr\/wp-json\/wp\/v2\/news\/304772","targetHints":{"allow":["GET"]}}],"collection":[{"href":"https:\/\/content.carib-export.com\/fr\/wp-json\/wp\/v2\/news"}],"about":[{"href":"https:\/\/content.carib-export.com\/fr\/wp-json\/wp\/v2\/types\/news"}],"author":[{"embeddable":true,"href":"https:\/\/content.carib-export.com\/fr\/wp-json\/wp\/v2\/users\/9"}],"version-history":[{"count":0,"href":"https:\/\/content.carib-export.com\/fr\/wp-json\/wp\/v2\/news\/304772\/revisions"}],"wp:featuredmedia":[{"embeddable":true,"href":"https:\/\/content.carib-export.com\/fr\/wp-json\/wp\/v2\/media\/304742"}],"wp:attachment":[{"href":"https:\/\/content.carib-export.com\/fr\/wp-json\/wp\/v2\/media?parent=304772"}],"wp:term":[{"taxonomy":"post_tag","embeddable":true,"href":"https:\/\/content.carib-export.com\/fr\/wp-json\/wp\/v2\/tags?post=304772"}],"curies":[{"name":"wp","href":"https:\/\/api.w.org\/{rel}","templated":true}]}}