{"id":309448,"date":"2023-03-27T13:13:59","date_gmt":"2023-03-27T17:13:59","guid":{"rendered":"https:\/\/content.carib-export.com\/news\/local-businesses-export-capacity-improved\/"},"modified":"2023-03-27T13:16:23","modified_gmt":"2023-03-27T17:16:23","slug":"local-businesses-export-capacity-improved","status":"publish","type":"news","link":"https:\/\/content.carib-export.com\/fr\/news\/local-businesses-export-capacity-improved\/","title":{"rendered":"Am\u00e9lioration de la capacit\u00e9 d&rsquo;exportation des entreprises locales"},"content":{"rendered":"\n<p>Plusieurs entreprises locales ont acquis de meilleures comp\u00e9tences pour vendre leurs produits et services \u00e0 l&rsquo;\u00e9tranger lorsque Export Barbados (BIDC) et l&rsquo;Agence de d\u00e9veloppement des exportations des Cara\u00efbes (Caribbean Export) ont uni leurs forces pour organiser un atelier gratuit de marketing d&rsquo;exportation ProNET du 22 au 24 mars 2023.<\/p>\n\n<p>Pr\u00e8s de 40 participants se sont inscrits \u00e0 l&rsquo;atelier ProNET visant \u00e0 renforcer et \u00e0 rationaliser leurs capacit\u00e9s d&rsquo;exportation. Parmi les participants figuraient des fabricants \u00e9tablis et des petites entreprises de tous les secteurs de production. Les sessions ont abord\u00e9 des sujets tels que la pr\u00e9paration \u00e0 l&rsquo;exportation, les strat\u00e9gies d&rsquo;exportation, les \u00e9tudes de march\u00e9, la tarification et le financement des exportations, la conformit\u00e9 r\u00e9glementaire et l&rsquo;\u00e9laboration d&rsquo;un plan d&rsquo;exportation. Maxine Harris, formatrice ProNET, a anim\u00e9 l&rsquo;atelier.<\/p>\n\n<p>Au cours de la c\u00e9r\u00e9monie d&rsquo;ouverture, les participants ont \u00e9t\u00e9 encourag\u00e9s \u00e0 tirer parti des possibilit\u00e9s d&rsquo;exportation mises en \u00e9vidence dans les Cara\u00efbes et au-del\u00e0. Andrea Burgess, directrice g\u00e9n\u00e9rale adjointe d&rsquo;Export Barbados (BIDC), a indiqu\u00e9 que l&rsquo;atelier visait \u00e0 transformer l&rsquo;approche de l&rsquo;exportation de biens et de services de la Barbade.<\/p>\n\n<p>\u00ab\u00a0Le r\u00e9seautage est essentiel pour \u00e9tablir des liens significatifs au sein de vos industries respectives et dans le domaine de l&rsquo;exportation. Au cours de cet atelier, nous vous encourageons \u00e9galement \u00e0 participer \u00e0 des discussions ouvertes, \u00e0 partager vos exp\u00e9riences et \u00e0 tisser des liens avec les autres participants qui aideront vos entreprises \u00e0 \u00eatre plus fortes \u00e0 long terme. Ces liens pourraient d\u00e9boucher sur des collaborations et des partenariats futurs. Gr\u00e2ce \u00e0 cet atelier de formation ProNET, nous visons \u00e9galement \u00e0 vous doter des comp\u00e9tences et des connaissances n\u00e9cessaires pour exceller sur le march\u00e9 de l&rsquo;exportation\u00a0\u00bb, a d\u00e9clar\u00e9 Mme Burgess.<\/p>\n\n<p>ProNET est un programme de formation propos\u00e9 par Caribbean Export pour les petites et moyennes entreprises qui souhaitent d\u00e9velopper leurs activit\u00e9s et les rendre plus comp\u00e9titives et pr\u00eates \u00e0 l&rsquo;exportation. Mme JoEllen Laryea, Manager (Ag) &#8211; Partnerships, Advocacy &amp; Reporting with Caribbean Export, a expliqu\u00e9 l&rsquo;id\u00e9e qui sous-tend l&rsquo;initiative :<\/p>\n\n<p>\u00ab\u00a0Ce que nous faisons, c&rsquo;est que nous regardons les organisations de services aux entreprises et nous leur demandons d&rsquo;identifier les formations qu&rsquo;elles jugent n\u00e9cessaires pour leurs secteurs, car ce sont elles qui connaissent le mieux leurs secteurs. Pour cette \u00e9dition particuli\u00e8re, Export Barbados a identifi\u00e9 le marketing \u00e0 l&rsquo;exportation et le d\u00e9veloppement de produits comme deux domaines qu&rsquo;elle jugeait importants pour le pays \u00e0 l&rsquo;heure actuelle. Nous avons donc choisi de commencer par notre programme de marketing \u00e0 l&rsquo;exportation et de poursuivre avec le d\u00e9veloppement de produits le mois prochain.<\/p>\n\n<p>L&rsquo;atelier de d\u00e9veloppement de produits ProNET est pr\u00e9vu pour les 20 et 21 avril 2023 et couvrira les \u00e9tapes n\u00e9cessaires pour amener un produit du concept au march\u00e9.<\/p>\n\n<p><strong>Ce communiqu\u00e9 a \u00e9t\u00e9 publi\u00e9 \u00e0 l&rsquo;origine sur <\/strong><a href=\"https:\/\/exportbarbados.org\/archives\/7000\" target=\"_blank\" rel=\"noreferrer noopener\">le site web d&rsquo;Export Barbade<\/a><\/p>\n","protected":false},"excerpt":{"rendered":"<p>Plusieurs entreprises locales ont acquis de meilleures comp\u00e9tences pour vendre leurs produits et services \u00e0 l&rsquo;\u00e9tranger lorsque Export Barbados (BIDC) et l&rsquo;Agence de d\u00e9veloppement des exportations des Cara\u00efbes (Caribbean Export) ont uni leurs forces pour organiser un atelier gratuit de marketing d&rsquo;exportation ProNET du 22 au 24 mars 2023. Pr\u00e8s de 40 participants se sont [&hellip;]<\/p>\n","protected":false},"author":16,"featured_media":309435,"menu_order":0,"template":"","tags":[],"class_list":["post-309448","news","type-news","status-publish","has-post-thumbnail","hentry"],"acf":[],"yoast_head":"<!-- This site is optimized with the Yoast SEO plugin v27.1.1 - https:\/\/yoast.com\/product\/yoast-seo-wordpress\/ -->\n<title>de Am\u00e9lioration de la capacit\u00e9 d&#039;exportation des entreprises locales - Exportation Cara\u00efbes<\/title>\n<meta name=\"description\" content=\"Plusieurs entreprises barbadiennes ont acquis de meilleures comp\u00e9tences pour vendre leurs produits et services \u00e0 l&#039;\u00e9tranger lorsque l&#039;Agence de d\u00e9veloppement des exportations des Cara\u00efbes et Export Barbados (BIDC) ont uni leurs forces pour organiser un atelier gratuit de marketing des exportations ProNET du 22 au 24 mars 2023.\" \/>\n<meta name=\"robots\" content=\"index, follow, max-snippet:-1, max-image-preview:large, max-video-preview:-1\" \/>\n<link rel=\"canonical\" href=\"https:\/\/content.carib-export.com\/fr\/news\/local-businesses-export-capacity-improved\/\" \/>\n<meta property=\"og:locale\" content=\"fr_FR\" \/>\n<meta property=\"og:type\" content=\"article\" \/>\n<meta property=\"og:title\" content=\"Am\u00e9lioration de la capacit\u00e9 d&#039;exportation des entreprises locales\" \/>\n<meta property=\"og:description\" content=\"Plusieurs entreprises barbadiennes ont acquis de meilleures comp\u00e9tences pour vendre leurs produits et services \u00e0 l&#039;\u00e9tranger lorsque l&#039;Agence de d\u00e9veloppement des exportations des Cara\u00efbes et Export Barbade (BIDC) ont uni leurs forces pour organiser un atelier gratuit de marketing des exportations ProNET du 22 au 24 mars 2023.\" \/>\n<meta property=\"og:url\" content=\"https:\/\/content.carib-export.com\/fr\/news\/local-businesses-export-capacity-improved\/\" \/>\n<meta property=\"og:site_name\" content=\"Exportation Cara\u00efbes\" \/>\n<meta property=\"article:publisher\" content=\"https:\/\/www.facebook.com\/CaribbeanExport\" \/>\n<meta property=\"article:modified_time\" content=\"2023-03-27T17:16:23+00:00\" \/>\n<meta property=\"og:image\" content=\"https:\/\/content.carib-export.com\/wp-content\/uploads\/2023\/03\/Joellen-Opening-Pronet-Export-Marketing-1024x768.png\" \/>\n<meta name=\"twitter:card\" content=\"summary_large_image\" \/>\n<meta name=\"twitter:title\" content=\"Am\u00e9lioration de la capacit\u00e9 d&#039;exportation des entreprises locales\" \/>\n<meta name=\"twitter:description\" content=\"Plusieurs entreprises barbadiennes ont acquis de meilleures comp\u00e9tences pour vendre leurs produits et services \u00e0 l&#039;\u00e9tranger lorsque l&#039;Agence de d\u00e9veloppement des exportations des Cara\u00efbes et Export Barbados (BIDC) ont uni leurs forces pour organiser un atelier gratuit de marketing des exportations ProNET du 22 au 24 mars 2023.\" \/>\n<meta name=\"twitter:image\" content=\"https:\/\/content.carib-export.com\/wp-content\/uploads\/2023\/03\/Joellen-Opening-Pronet-Export-Marketing-1024x768.png\" \/>\n<meta name=\"twitter:site\" content=\"@CaribXport\" \/>\n<meta name=\"twitter:label1\" content=\"Dur\u00e9e de lecture estim\u00e9e\" \/>\n\t<meta name=\"twitter:data1\" content=\"2 minutes\" \/>\n<script type=\"application\/ld+json\" class=\"yoast-schema-graph\">{\"@context\":\"https:\/\/schema.org\",\"@graph\":[{\"@type\":\"WebPage\",\"@id\":\"https:\/\/content.carib-export.com\/fr\/news\/local-businesses-export-capacity-improved\/\",\"url\":\"https:\/\/content.carib-export.com\/fr\/news\/local-businesses-export-capacity-improved\/\",\"name\":\"de Am\u00e9lioration de la capacit\u00e9 d'exportation des entreprises locales - Exportation Cara\u00efbes\",\"isPartOf\":{\"@id\":\"https:\/\/content.carib-export.com\/fr\/#website\"},\"primaryImageOfPage\":{\"@id\":\"https:\/\/content.carib-export.com\/fr\/news\/local-businesses-export-capacity-improved\/#primaryimage\"},\"image\":{\"@id\":\"https:\/\/content.carib-export.com\/fr\/news\/local-businesses-export-capacity-improved\/#primaryimage\"},\"thumbnailUrl\":\"https:\/\/content.carib-export.com\/wp-content\/uploads\/2023\/03\/Joellen-Opening-Pronet-Export-Marketing.png\",\"datePublished\":\"2023-03-27T17:13:59+00:00\",\"dateModified\":\"2023-03-27T17:16:23+00:00\",\"description\":\"Plusieurs entreprises barbadiennes ont acquis de meilleures comp\u00e9tences pour vendre leurs produits et services \u00e0 l'\u00e9tranger lorsque l'Agence de d\u00e9veloppement des exportations des Cara\u00efbes et Export Barbados (BIDC) ont uni leurs forces pour organiser un atelier gratuit de marketing des exportations ProNET du 22 au 24 mars 2023.\",\"breadcrumb\":{\"@id\":\"https:\/\/content.carib-export.com\/fr\/news\/local-businesses-export-capacity-improved\/#breadcrumb\"},\"inLanguage\":\"fr-FR\",\"potentialAction\":[{\"@type\":\"ReadAction\",\"target\":[\"https:\/\/content.carib-export.com\/fr\/news\/local-businesses-export-capacity-improved\/\"]}]},{\"@type\":\"ImageObject\",\"inLanguage\":\"fr-FR\",\"@id\":\"https:\/\/content.carib-export.com\/fr\/news\/local-businesses-export-capacity-improved\/#primaryimage\",\"url\":\"https:\/\/content.carib-export.com\/wp-content\/uploads\/2023\/03\/Joellen-Opening-Pronet-Export-Marketing.png\",\"contentUrl\":\"https:\/\/content.carib-export.com\/wp-content\/uploads\/2023\/03\/Joellen-Opening-Pronet-Export-Marketing.png\",\"width\":1500,\"height\":1125},{\"@type\":\"BreadcrumbList\",\"@id\":\"https:\/\/content.carib-export.com\/fr\/news\/local-businesses-export-capacity-improved\/#breadcrumb\",\"itemListElement\":[{\"@type\":\"ListItem\",\"position\":1,\"name\":\"Accueil\",\"item\":\"https:\/\/content.carib-export.com\/fr\/home\/\"},{\"@type\":\"ListItem\",\"position\":2,\"name\":\"News\",\"item\":\"https:\/\/content.carib-export.com\/fr\/news\/\"},{\"@type\":\"ListItem\",\"position\":3,\"name\":\"Am\u00e9lioration de la capacit\u00e9 d&#8217;exportation des entreprises locales\"}]},{\"@type\":\"WebSite\",\"@id\":\"https:\/\/content.carib-export.com\/fr\/#website\",\"url\":\"https:\/\/content.carib-export.com\/fr\/\",\"name\":\"Exportation Cara\u00efbes\",\"description\":\"La seule agence r\u00e9gionale de promotion du commerce et des investissements du groupe Afrique, Cara\u00efbes et Pacifique.\",\"publisher\":{\"@id\":\"https:\/\/content.carib-export.com\/fr\/#organization\"},\"potentialAction\":[{\"@type\":\"SearchAction\",\"target\":{\"@type\":\"EntryPoint\",\"urlTemplate\":\"https:\/\/content.carib-export.com\/fr\/?s={search_term_string}\"},\"query-input\":{\"@type\":\"PropertyValueSpecification\",\"valueRequired\":true,\"valueName\":\"search_term_string\"}}],\"inLanguage\":\"fr-FR\"},{\"@type\":\"Organization\",\"@id\":\"https:\/\/content.carib-export.com\/fr\/#organization\",\"name\":\"Agence carib\u00e9enne de d\u00e9veloppement des exportations\",\"url\":\"https:\/\/content.carib-export.com\/fr\/\",\"logo\":{\"@type\":\"ImageObject\",\"inLanguage\":\"fr-FR\",\"@id\":\"https:\/\/content.carib-export.com\/fr\/#\/schema\/logo\/image\/\",\"url\":\"https:\/\/content.carib-export.com\/wp-content\/uploads\/2013\/03\/CE-Logo-2013.jpg\",\"contentUrl\":\"https:\/\/content.carib-export.com\/wp-content\/uploads\/2013\/03\/CE-Logo-2013.jpg\",\"width\":1024,\"height\":244,\"caption\":\"Agence carib\u00e9enne de d\u00e9veloppement des exportations\"},\"image\":{\"@id\":\"https:\/\/content.carib-export.com\/fr\/#\/schema\/logo\/image\/\"},\"sameAs\":[\"https:\/\/www.facebook.com\/CaribbeanExport\",\"https:\/\/x.com\/CaribXport\",\"https:\/\/www.instagram.com\/caribbeanexport\",\"https:\/\/www.linkedin.com\/company\/caribbeanexport\",\"https:\/\/www.youtube.com\/user\/TheCaribbeanExport\"]}]}<\/script>\n<!-- \/ Yoast SEO plugin. -->","yoast_head_json":{"title":"de Am\u00e9lioration de la capacit\u00e9 d'exportation des entreprises locales - Exportation Cara\u00efbes","description":"Plusieurs entreprises barbadiennes ont acquis de meilleures comp\u00e9tences pour vendre leurs produits et services \u00e0 l'\u00e9tranger lorsque l'Agence de d\u00e9veloppement des exportations des Cara\u00efbes et Export Barbados (BIDC) ont uni leurs forces pour organiser un atelier gratuit de marketing des exportations ProNET du 22 au 24 mars 2023.","robots":{"index":"index","follow":"follow","max-snippet":"max-snippet:-1","max-image-preview":"max-image-preview:large","max-video-preview":"max-video-preview:-1"},"canonical":"https:\/\/content.carib-export.com\/fr\/news\/local-businesses-export-capacity-improved\/","og_locale":"fr_FR","og_type":"article","og_title":"Am\u00e9lioration de la capacit\u00e9 d'exportation des entreprises locales","og_description":"Plusieurs entreprises barbadiennes ont acquis de meilleures comp\u00e9tences pour vendre leurs produits et services \u00e0 l'\u00e9tranger lorsque l'Agence de d\u00e9veloppement des exportations des Cara\u00efbes et Export Barbade (BIDC) ont uni leurs forces pour organiser un atelier gratuit de marketing des exportations ProNET du 22 au 24 mars 2023.","og_url":"https:\/\/content.carib-export.com\/fr\/news\/local-businesses-export-capacity-improved\/","og_site_name":"Exportation Cara\u00efbes","article_publisher":"https:\/\/www.facebook.com\/CaribbeanExport","article_modified_time":"2023-03-27T17:16:23+00:00","og_image":[{"url":"https:\/\/content.carib-export.com\/wp-content\/uploads\/2023\/03\/Joellen-Opening-Pronet-Export-Marketing-1024x768.png","type":"","width":"","height":""}],"twitter_card":"summary_large_image","twitter_title":"Am\u00e9lioration de la capacit\u00e9 d'exportation des entreprises locales","twitter_description":"Plusieurs entreprises barbadiennes ont acquis de meilleures comp\u00e9tences pour vendre leurs produits et services \u00e0 l'\u00e9tranger lorsque l'Agence de d\u00e9veloppement des exportations des Cara\u00efbes et Export Barbados (BIDC) ont uni leurs forces pour organiser un atelier gratuit de marketing des exportations ProNET du 22 au 24 mars 2023.","twitter_image":"https:\/\/content.carib-export.com\/wp-content\/uploads\/2023\/03\/Joellen-Opening-Pronet-Export-Marketing-1024x768.png","twitter_site":"@CaribXport","twitter_misc":{"Dur\u00e9e de lecture estim\u00e9e":"2 minutes"},"schema":{"@context":"https:\/\/schema.org","@graph":[{"@type":"WebPage","@id":"https:\/\/content.carib-export.com\/fr\/news\/local-businesses-export-capacity-improved\/","url":"https:\/\/content.carib-export.com\/fr\/news\/local-businesses-export-capacity-improved\/","name":"de Am\u00e9lioration de la capacit\u00e9 d'exportation des entreprises locales - Exportation Cara\u00efbes","isPartOf":{"@id":"https:\/\/content.carib-export.com\/fr\/#website"},"primaryImageOfPage":{"@id":"https:\/\/content.carib-export.com\/fr\/news\/local-businesses-export-capacity-improved\/#primaryimage"},"image":{"@id":"https:\/\/content.carib-export.com\/fr\/news\/local-businesses-export-capacity-improved\/#primaryimage"},"thumbnailUrl":"https:\/\/content.carib-export.com\/wp-content\/uploads\/2023\/03\/Joellen-Opening-Pronet-Export-Marketing.png","datePublished":"2023-03-27T17:13:59+00:00","dateModified":"2023-03-27T17:16:23+00:00","description":"Plusieurs entreprises barbadiennes ont acquis de meilleures comp\u00e9tences pour vendre leurs produits et services \u00e0 l'\u00e9tranger lorsque l'Agence de d\u00e9veloppement des exportations des Cara\u00efbes et Export Barbados (BIDC) ont uni leurs forces pour organiser un atelier gratuit de marketing des exportations ProNET du 22 au 24 mars 2023.","breadcrumb":{"@id":"https:\/\/content.carib-export.com\/fr\/news\/local-businesses-export-capacity-improved\/#breadcrumb"},"inLanguage":"fr-FR","potentialAction":[{"@type":"ReadAction","target":["https:\/\/content.carib-export.com\/fr\/news\/local-businesses-export-capacity-improved\/"]}]},{"@type":"ImageObject","inLanguage":"fr-FR","@id":"https:\/\/content.carib-export.com\/fr\/news\/local-businesses-export-capacity-improved\/#primaryimage","url":"https:\/\/content.carib-export.com\/wp-content\/uploads\/2023\/03\/Joellen-Opening-Pronet-Export-Marketing.png","contentUrl":"https:\/\/content.carib-export.com\/wp-content\/uploads\/2023\/03\/Joellen-Opening-Pronet-Export-Marketing.png","width":1500,"height":1125},{"@type":"BreadcrumbList","@id":"https:\/\/content.carib-export.com\/fr\/news\/local-businesses-export-capacity-improved\/#breadcrumb","itemListElement":[{"@type":"ListItem","position":1,"name":"Accueil","item":"https:\/\/content.carib-export.com\/fr\/home\/"},{"@type":"ListItem","position":2,"name":"News","item":"https:\/\/content.carib-export.com\/fr\/news\/"},{"@type":"ListItem","position":3,"name":"Am\u00e9lioration de la capacit\u00e9 d&#8217;exportation des entreprises locales"}]},{"@type":"WebSite","@id":"https:\/\/content.carib-export.com\/fr\/#website","url":"https:\/\/content.carib-export.com\/fr\/","name":"Exportation Cara\u00efbes","description":"La seule agence r\u00e9gionale de promotion du commerce et des investissements du groupe Afrique, Cara\u00efbes et Pacifique.","publisher":{"@id":"https:\/\/content.carib-export.com\/fr\/#organization"},"potentialAction":[{"@type":"SearchAction","target":{"@type":"EntryPoint","urlTemplate":"https:\/\/content.carib-export.com\/fr\/?s={search_term_string}"},"query-input":{"@type":"PropertyValueSpecification","valueRequired":true,"valueName":"search_term_string"}}],"inLanguage":"fr-FR"},{"@type":"Organization","@id":"https:\/\/content.carib-export.com\/fr\/#organization","name":"Agence carib\u00e9enne de d\u00e9veloppement des exportations","url":"https:\/\/content.carib-export.com\/fr\/","logo":{"@type":"ImageObject","inLanguage":"fr-FR","@id":"https:\/\/content.carib-export.com\/fr\/#\/schema\/logo\/image\/","url":"https:\/\/content.carib-export.com\/wp-content\/uploads\/2013\/03\/CE-Logo-2013.jpg","contentUrl":"https:\/\/content.carib-export.com\/wp-content\/uploads\/2013\/03\/CE-Logo-2013.jpg","width":1024,"height":244,"caption":"Agence carib\u00e9enne de d\u00e9veloppement des exportations"},"image":{"@id":"https:\/\/content.carib-export.com\/fr\/#\/schema\/logo\/image\/"},"sameAs":["https:\/\/www.facebook.com\/CaribbeanExport","https:\/\/x.com\/CaribXport","https:\/\/www.instagram.com\/caribbeanexport","https:\/\/www.linkedin.com\/company\/caribbeanexport","https:\/\/www.youtube.com\/user\/TheCaribbeanExport"]}]}},"_links":{"self":[{"href":"https:\/\/content.carib-export.com\/fr\/wp-json\/wp\/v2\/news\/309448","targetHints":{"allow":["GET"]}}],"collection":[{"href":"https:\/\/content.carib-export.com\/fr\/wp-json\/wp\/v2\/news"}],"about":[{"href":"https:\/\/content.carib-export.com\/fr\/wp-json\/wp\/v2\/types\/news"}],"author":[{"embeddable":true,"href":"https:\/\/content.carib-export.com\/fr\/wp-json\/wp\/v2\/users\/16"}],"version-history":[{"count":0,"href":"https:\/\/content.carib-export.com\/fr\/wp-json\/wp\/v2\/news\/309448\/revisions"}],"wp:featuredmedia":[{"embeddable":true,"href":"https:\/\/content.carib-export.com\/fr\/wp-json\/wp\/v2\/media\/309435"}],"wp:attachment":[{"href":"https:\/\/content.carib-export.com\/fr\/wp-json\/wp\/v2\/media?parent=309448"}],"wp:term":[{"taxonomy":"post_tag","embeddable":true,"href":"https:\/\/content.carib-export.com\/fr\/wp-json\/wp\/v2\/tags?post=309448"}],"curies":[{"name":"wp","href":"https:\/\/api.w.org\/{rel}","templated":true}]}}