{"id":310806,"date":"2023-05-05T14:45:02","date_gmt":"2023-05-05T18:45:02","guid":{"rendered":"https:\/\/content.carib-export.com\/news\/building-bridges-how-bsos-from-haiti-and-the-dominican-republic-are-strengthening-european-business-ties\/"},"modified":"2023-07-17T23:51:03","modified_gmt":"2023-07-18T03:51:03","slug":"building-bridges-how-bsos-from-haiti-and-the-dominican-republic-are-strengthening-european-business-ties","status":"publish","type":"news","link":"https:\/\/content.carib-export.com\/fr\/news\/building-bridges-how-bsos-from-haiti-and-the-dominican-republic-are-strengthening-european-business-ties\/","title":{"rendered":"Construire des ponts : Comment les organisations de la soci\u00e9t\u00e9 civile d&rsquo;Ha\u00efti et de la R\u00e9publique dominicaine renforcent les liens avec les entreprises europ\u00e9ennes"},"content":{"rendered":"\n<p>Des chefs d&rsquo;entreprise d&rsquo;organisations de soutien aux entreprises (OSE) ha\u00eftiennes et dominicaines ont particip\u00e9 \u00e0 une mission commerciale et de bonnes pratiques en Europe afin de r\u00e9activer les opportunit\u00e9s commerciales pour les MPME des deux pays qui exportent ou ont le potentiel d&rsquo;exporter vers l&rsquo;Union europ\u00e9enne (UE). Cette mission s&rsquo;est d\u00e9roul\u00e9e du 17 au 28 avril 2023 et a couvert Paris (France), Madrid (Espagne) et Berlin (Allemagne). Outre la r\u00e9activation des liens commerciaux, ces OSE exploraient \u00e9galement les meilleures pratiques pour soutenir leurs efforts respectifs de d\u00e9veloppement du secteur priv\u00e9 en Ha\u00efti et en R\u00e9publique dominicaine en cette p\u00e9riode de ralentissement \u00e9conomique.<\/p>\n\n<p>Cette mission a \u00e9t\u00e9 organis\u00e9e par Caribbean Export dans le cadre de son travail d&rsquo;am\u00e9lioration du dialogue avec le secteur priv\u00e9 dans le cadre de la mise en \u0153uvre du <a href=\"https:\/\/carib-export.com\/exporters\/bi-national-programme\/\">Programme de coop\u00e9ration binationale Ha\u00efti-R\u00e9publique dominicaine<\/a> financ\u00e9 par l&rsquo;Union europ\u00e9enne au titre du<sup>11\u00e8me<\/sup> Fonds europ\u00e9en de d\u00e9veloppement (FED).<\/p>\n\n<p>Cette d\u00e9l\u00e9gation binationale \u00e9tait compos\u00e9e de repr\u00e9sentants de diverses organisations telles que la <a href=\"https:\/\/www.facebook.com\/CFHCI\/\">Chambre Franco-Ha\u00eftienne de Commerce et d&rsquo;Industrie-CFHCI<\/a> (Chambre de commerce et d&rsquo;industrie franco-ha\u00eftienne), la <a href=\"https:\/\/www.fedocamaras.do\/\">Federaci\u00f3n Dominicana de C\u00e1maras de Comercio-FEDOCAMARAS<\/a> (F\u00e9d\u00e9ration dominicaine des chambres de commerce), <a href=\"https:\/\/www.camarasantodomingo.do\/\">C\u00e1mara de Comercio y Producci\u00f3n de Santo Domingo-CCPSD<\/a> (Chambre de commerce et de production de Saint-Domingue), <a href=\"https:\/\/adoexpo.org\/es\/\">Asociaci\u00f3n Dominicana de Exportadores-ADOEXPO<\/a> (Association des exportateurs dominicains) et la <a href=\"https:\/\/www.crcsd.do\/\">Centre de r\u00e9solution alternative des controverses de la R\u00e9publique dominicaine-CRC<\/a> (Centre de la R\u00e9publique dominicaine pour la r\u00e9solution alternative des conflits).<\/p>\n\n<p>La d\u00e9l\u00e9gation a visit\u00e9 des organisations de premier plan telles que la Chambre de commerce internationale (CCI), la Cour internationale d&rsquo;arbitrage (CAI), Business France, la Fundaci\u00f3n de Estudios Estrat\u00e9gicos e Internacionales et les chambres d&rsquo;industrie et de commerce en Allemagne. Ces organisations ont fourni des informations et une expertise pr\u00e9cieuses sur la mani\u00e8re d&rsquo;am\u00e9liorer les services offerts par les chambres de commerce en Ha\u00efti et en R\u00e9publique dominicaine.<\/p>\n\n<p>L&rsquo;initiative a permis aux organisations de soutien aux entreprises ha\u00eftiennes et dominicaines d&rsquo;explorer de nouveaux services afin d&rsquo;am\u00e9liorer la qualit\u00e9 et la quantit\u00e9 des services offerts \u00e0 leurs membres, ce qui les aidera \u00e0 assurer leur fonctionnalit\u00e9 et leur viabilit\u00e9 \u00e0 long terme. L&rsquo;am\u00e9lioration de l&rsquo;acc\u00e8s au march\u00e9 de l&rsquo;UE est un autre avantage de la mission commerciale, car il s&rsquo;agit de l&rsquo;un des march\u00e9s les plus importants et les plus lucratifs au monde.<\/p>\n\n<p>Cette mission commerciale est une \u00e9tape cruciale dans le d\u00e9veloppement et la croissance des secteurs priv\u00e9s ha\u00eftien et dominicain. Il renforcera la capacit\u00e9 des chambres de commerce \u00e0 fournir des services essentiels \u00e0 leurs membres, \u00e0 soutenir leur d\u00e9veloppement et leurs performances et \u00e0 cr\u00e9er un environnement favorable \u00e0 l&rsquo;investissement, contribuant ainsi au d\u00e9veloppement \u00e9conomique national des deux pays.<\/p>\n\n<p>L&rsquo;initiative a \u00e9galement permis de cr\u00e9er une synergie binationale entre les chambres de commerce d&rsquo;Ha\u00efti et de la R\u00e9publique dominicaine. En explorant et en partageant les meilleures pratiques des entreprises prosp\u00e8res en Europe, les chambres de commerce peuvent am\u00e9liorer leurs services, leur r\u00e9seau et leurs contacts avec les organisations internationales.<\/p>\n\n<p>Les organisations de la soci\u00e9t\u00e9 civile participant \u00e0 cette mission ont franchi une \u00e9tape essentielle dans le renforcement de la collaboration entre les secteurs priv\u00e9s de leurs pays. En explorant les meilleures pratiques des entreprises qui r\u00e9ussissent en Europe, elles peuvent am\u00e9liorer les services fournis \u00e0 leurs membres, soutenir leur d\u00e9veloppement et leurs performances, et cr\u00e9er un environnement favorable \u00e0 l&rsquo;investissement, contribuant ainsi au d\u00e9veloppement \u00e9conomique national des deux pays.<\/p>\n","protected":false},"excerpt":{"rendered":"<p>Des chefs d&rsquo;entreprise d&rsquo;organisations de soutien aux entreprises (OSE) ha\u00eftiennes et dominicaines ont particip\u00e9 \u00e0 une mission commerciale et de bonnes pratiques en Europe afin de r\u00e9activer les opportunit\u00e9s commerciales pour les MPME des deux pays qui exportent ou ont le potentiel d&rsquo;exporter vers l&rsquo;Union europ\u00e9enne (UE). Cette mission s&rsquo;est d\u00e9roul\u00e9e du 17 au 28 [&hellip;]<\/p>\n","protected":false},"author":26,"featured_media":310752,"menu_order":0,"template":"","tags":[],"class_list":["post-310806","news","type-news","status-publish","has-post-thumbnail","hentry"],"acf":[],"yoast_head":"<!-- This site is optimized with the Yoast SEO plugin v27.1.1 - https:\/\/yoast.com\/product\/yoast-seo-wordpress\/ -->\n<title>de Construire des ponts : Comment les organisations de la soci\u00e9t\u00e9 civile d&#039;Ha\u00efti et de la R\u00e9publique dominicaine renforcent les liens avec les entreprises europ\u00e9ennes - Exportation Cara\u00efbes<\/title>\n<meta name=\"description\" content=\"Des chefs d&#039;entreprise d&#039;organisations de soutien aux entreprises ha\u00eftiennes et dominicaines ont particip\u00e9 \u00e0 une mission commerciale et de bonnes pratiques en Europe afin de r\u00e9activer les opportunit\u00e9s commerciales pour les MPME.\" \/>\n<meta name=\"robots\" content=\"index, follow, max-snippet:-1, max-image-preview:large, max-video-preview:-1\" \/>\n<link rel=\"canonical\" href=\"https:\/\/content.carib-export.com\/fr\/news\/building-bridges-how-bsos-from-haiti-and-the-dominican-republic-are-strengthening-european-business-ties\/\" \/>\n<meta property=\"og:locale\" content=\"fr_FR\" \/>\n<meta property=\"og:type\" content=\"article\" \/>\n<meta property=\"og:title\" content=\"de Construire des ponts : Comment les organisations de la soci\u00e9t\u00e9 civile d&#039;Ha\u00efti et de la R\u00e9publique dominicaine renforcent les liens avec les entreprises europ\u00e9ennes - Exportation Cara\u00efbes\" \/>\n<meta property=\"og:description\" content=\"Des chefs d&#039;entreprise d&#039;organisations de soutien aux entreprises ha\u00eftiennes et dominicaines ont particip\u00e9 \u00e0 une mission commerciale et de bonnes pratiques en Europe afin de r\u00e9activer les opportunit\u00e9s commerciales pour les MPME.\" \/>\n<meta property=\"og:url\" content=\"https:\/\/content.carib-export.com\/fr\/news\/building-bridges-how-bsos-from-haiti-and-the-dominican-republic-are-strengthening-european-business-ties\/\" \/>\n<meta property=\"og:site_name\" content=\"Exportation Cara\u00efbes\" \/>\n<meta property=\"article:publisher\" content=\"https:\/\/www.facebook.com\/CaribbeanExport\" \/>\n<meta property=\"article:modified_time\" content=\"2023-07-18T03:51:03+00:00\" \/>\n<meta property=\"og:image\" content=\"https:\/\/content.carib-export.com\/wp-content\/uploads\/2023\/05\/IMG_0417-1024x768.jpeg\" \/>\n<meta name=\"twitter:card\" content=\"summary_large_image\" \/>\n<meta name=\"twitter:description\" content=\"Des chefs d&#039;entreprise d&#039;organisations de soutien aux entreprises ha\u00eftiennes et dominicaines ont particip\u00e9 \u00e0 une mission commerciale et de bonnes pratiques en Europe afin de r\u00e9activer les opportunit\u00e9s commerciales pour les MPME.\" \/>\n<meta name=\"twitter:image\" content=\"https:\/\/content.carib-export.com\/wp-content\/uploads\/2023\/05\/IMG_0417-1024x768.jpeg\" \/>\n<meta name=\"twitter:site\" content=\"@CaribXport\" \/>\n<meta name=\"twitter:label1\" content=\"Dur\u00e9e de lecture estim\u00e9e\" \/>\n\t<meta name=\"twitter:data1\" content=\"3 minutes\" \/>\n<script type=\"application\/ld+json\" class=\"yoast-schema-graph\">{\"@context\":\"https:\/\/schema.org\",\"@graph\":[{\"@type\":\"WebPage\",\"@id\":\"https:\/\/content.carib-export.com\/fr\/news\/building-bridges-how-bsos-from-haiti-and-the-dominican-republic-are-strengthening-european-business-ties\/\",\"url\":\"https:\/\/content.carib-export.com\/fr\/news\/building-bridges-how-bsos-from-haiti-and-the-dominican-republic-are-strengthening-european-business-ties\/\",\"name\":\"de Construire des ponts : Comment les organisations de la soci\u00e9t\u00e9 civile d'Ha\u00efti et de la R\u00e9publique dominicaine renforcent les liens avec les entreprises europ\u00e9ennes - Exportation Cara\u00efbes\",\"isPartOf\":{\"@id\":\"https:\/\/content.carib-export.com\/fr\/#website\"},\"primaryImageOfPage\":{\"@id\":\"https:\/\/content.carib-export.com\/fr\/news\/building-bridges-how-bsos-from-haiti-and-the-dominican-republic-are-strengthening-european-business-ties\/#primaryimage\"},\"image\":{\"@id\":\"https:\/\/content.carib-export.com\/fr\/news\/building-bridges-how-bsos-from-haiti-and-the-dominican-republic-are-strengthening-european-business-ties\/#primaryimage\"},\"thumbnailUrl\":\"https:\/\/content.carib-export.com\/wp-content\/uploads\/2023\/05\/IMG_0417-scaled.jpeg\",\"datePublished\":\"2023-05-05T18:45:02+00:00\",\"dateModified\":\"2023-07-18T03:51:03+00:00\",\"description\":\"Des chefs d'entreprise d'organisations de soutien aux entreprises ha\u00eftiennes et dominicaines ont particip\u00e9 \u00e0 une mission commerciale et de bonnes pratiques en Europe afin de r\u00e9activer les opportunit\u00e9s commerciales pour les MPME.\",\"breadcrumb\":{\"@id\":\"https:\/\/content.carib-export.com\/fr\/news\/building-bridges-how-bsos-from-haiti-and-the-dominican-republic-are-strengthening-european-business-ties\/#breadcrumb\"},\"inLanguage\":\"fr-FR\",\"potentialAction\":[{\"@type\":\"ReadAction\",\"target\":[\"https:\/\/content.carib-export.com\/fr\/news\/building-bridges-how-bsos-from-haiti-and-the-dominican-republic-are-strengthening-european-business-ties\/\"]}]},{\"@type\":\"ImageObject\",\"inLanguage\":\"fr-FR\",\"@id\":\"https:\/\/content.carib-export.com\/fr\/news\/building-bridges-how-bsos-from-haiti-and-the-dominican-republic-are-strengthening-european-business-ties\/#primaryimage\",\"url\":\"https:\/\/content.carib-export.com\/wp-content\/uploads\/2023\/05\/IMG_0417-scaled.jpeg\",\"contentUrl\":\"https:\/\/content.carib-export.com\/wp-content\/uploads\/2023\/05\/IMG_0417-scaled.jpeg\",\"width\":2560,\"height\":1920,\"caption\":\"IMG_0417\"},{\"@type\":\"BreadcrumbList\",\"@id\":\"https:\/\/content.carib-export.com\/fr\/news\/building-bridges-how-bsos-from-haiti-and-the-dominican-republic-are-strengthening-european-business-ties\/#breadcrumb\",\"itemListElement\":[{\"@type\":\"ListItem\",\"position\":1,\"name\":\"Accueil\",\"item\":\"https:\/\/content.carib-export.com\/fr\/home\/\"},{\"@type\":\"ListItem\",\"position\":2,\"name\":\"News\",\"item\":\"https:\/\/content.carib-export.com\/fr\/news\/\"},{\"@type\":\"ListItem\",\"position\":3,\"name\":\"Construire des ponts : Comment les organisations de la soci\u00e9t\u00e9 civile d&#8217;Ha\u00efti et de la R\u00e9publique dominicaine renforcent les liens avec les entreprises europ\u00e9ennes\"}]},{\"@type\":\"WebSite\",\"@id\":\"https:\/\/content.carib-export.com\/fr\/#website\",\"url\":\"https:\/\/content.carib-export.com\/fr\/\",\"name\":\"Exportation Cara\u00efbes\",\"description\":\"La seule agence r\u00e9gionale de promotion du commerce et des investissements du groupe Afrique, Cara\u00efbes et Pacifique.\",\"publisher\":{\"@id\":\"https:\/\/content.carib-export.com\/fr\/#organization\"},\"potentialAction\":[{\"@type\":\"SearchAction\",\"target\":{\"@type\":\"EntryPoint\",\"urlTemplate\":\"https:\/\/content.carib-export.com\/fr\/?s={search_term_string}\"},\"query-input\":{\"@type\":\"PropertyValueSpecification\",\"valueRequired\":true,\"valueName\":\"search_term_string\"}}],\"inLanguage\":\"fr-FR\"},{\"@type\":\"Organization\",\"@id\":\"https:\/\/content.carib-export.com\/fr\/#organization\",\"name\":\"Agence carib\u00e9enne de d\u00e9veloppement des exportations\",\"url\":\"https:\/\/content.carib-export.com\/fr\/\",\"logo\":{\"@type\":\"ImageObject\",\"inLanguage\":\"fr-FR\",\"@id\":\"https:\/\/content.carib-export.com\/fr\/#\/schema\/logo\/image\/\",\"url\":\"https:\/\/content.carib-export.com\/wp-content\/uploads\/2013\/03\/CE-Logo-2013.jpg\",\"contentUrl\":\"https:\/\/content.carib-export.com\/wp-content\/uploads\/2013\/03\/CE-Logo-2013.jpg\",\"width\":1024,\"height\":244,\"caption\":\"Agence carib\u00e9enne de d\u00e9veloppement des exportations\"},\"image\":{\"@id\":\"https:\/\/content.carib-export.com\/fr\/#\/schema\/logo\/image\/\"},\"sameAs\":[\"https:\/\/www.facebook.com\/CaribbeanExport\",\"https:\/\/x.com\/CaribXport\",\"https:\/\/www.instagram.com\/caribbeanexport\",\"https:\/\/www.linkedin.com\/company\/caribbeanexport\",\"https:\/\/www.youtube.com\/user\/TheCaribbeanExport\"]}]}<\/script>\n<!-- \/ Yoast SEO plugin. -->","yoast_head_json":{"title":"de Construire des ponts : Comment les organisations de la soci\u00e9t\u00e9 civile d'Ha\u00efti et de la R\u00e9publique dominicaine renforcent les liens avec les entreprises europ\u00e9ennes - Exportation Cara\u00efbes","description":"Des chefs d'entreprise d'organisations de soutien aux entreprises ha\u00eftiennes et dominicaines ont particip\u00e9 \u00e0 une mission commerciale et de bonnes pratiques en Europe afin de r\u00e9activer les opportunit\u00e9s commerciales pour les MPME.","robots":{"index":"index","follow":"follow","max-snippet":"max-snippet:-1","max-image-preview":"max-image-preview:large","max-video-preview":"max-video-preview:-1"},"canonical":"https:\/\/content.carib-export.com\/fr\/news\/building-bridges-how-bsos-from-haiti-and-the-dominican-republic-are-strengthening-european-business-ties\/","og_locale":"fr_FR","og_type":"article","og_title":"de Construire des ponts : Comment les organisations de la soci\u00e9t\u00e9 civile d'Ha\u00efti et de la R\u00e9publique dominicaine renforcent les liens avec les entreprises europ\u00e9ennes - Exportation Cara\u00efbes","og_description":"Des chefs d'entreprise d'organisations de soutien aux entreprises ha\u00eftiennes et dominicaines ont particip\u00e9 \u00e0 une mission commerciale et de bonnes pratiques en Europe afin de r\u00e9activer les opportunit\u00e9s commerciales pour les MPME.","og_url":"https:\/\/content.carib-export.com\/fr\/news\/building-bridges-how-bsos-from-haiti-and-the-dominican-republic-are-strengthening-european-business-ties\/","og_site_name":"Exportation Cara\u00efbes","article_publisher":"https:\/\/www.facebook.com\/CaribbeanExport","article_modified_time":"2023-07-18T03:51:03+00:00","og_image":[{"url":"https:\/\/content.carib-export.com\/wp-content\/uploads\/2023\/05\/IMG_0417-1024x768.jpeg","type":"","width":"","height":""}],"twitter_card":"summary_large_image","twitter_description":"Des chefs d'entreprise d'organisations de soutien aux entreprises ha\u00eftiennes et dominicaines ont particip\u00e9 \u00e0 une mission commerciale et de bonnes pratiques en Europe afin de r\u00e9activer les opportunit\u00e9s commerciales pour les MPME.","twitter_image":"https:\/\/content.carib-export.com\/wp-content\/uploads\/2023\/05\/IMG_0417-1024x768.jpeg","twitter_site":"@CaribXport","twitter_misc":{"Dur\u00e9e de lecture estim\u00e9e":"3 minutes"},"schema":{"@context":"https:\/\/schema.org","@graph":[{"@type":"WebPage","@id":"https:\/\/content.carib-export.com\/fr\/news\/building-bridges-how-bsos-from-haiti-and-the-dominican-republic-are-strengthening-european-business-ties\/","url":"https:\/\/content.carib-export.com\/fr\/news\/building-bridges-how-bsos-from-haiti-and-the-dominican-republic-are-strengthening-european-business-ties\/","name":"de Construire des ponts : Comment les organisations de la soci\u00e9t\u00e9 civile d'Ha\u00efti et de la R\u00e9publique dominicaine renforcent les liens avec les entreprises europ\u00e9ennes - Exportation Cara\u00efbes","isPartOf":{"@id":"https:\/\/content.carib-export.com\/fr\/#website"},"primaryImageOfPage":{"@id":"https:\/\/content.carib-export.com\/fr\/news\/building-bridges-how-bsos-from-haiti-and-the-dominican-republic-are-strengthening-european-business-ties\/#primaryimage"},"image":{"@id":"https:\/\/content.carib-export.com\/fr\/news\/building-bridges-how-bsos-from-haiti-and-the-dominican-republic-are-strengthening-european-business-ties\/#primaryimage"},"thumbnailUrl":"https:\/\/content.carib-export.com\/wp-content\/uploads\/2023\/05\/IMG_0417-scaled.jpeg","datePublished":"2023-05-05T18:45:02+00:00","dateModified":"2023-07-18T03:51:03+00:00","description":"Des chefs d'entreprise d'organisations de soutien aux entreprises ha\u00eftiennes et dominicaines ont particip\u00e9 \u00e0 une mission commerciale et de bonnes pratiques en Europe afin de r\u00e9activer les opportunit\u00e9s commerciales pour les MPME.","breadcrumb":{"@id":"https:\/\/content.carib-export.com\/fr\/news\/building-bridges-how-bsos-from-haiti-and-the-dominican-republic-are-strengthening-european-business-ties\/#breadcrumb"},"inLanguage":"fr-FR","potentialAction":[{"@type":"ReadAction","target":["https:\/\/content.carib-export.com\/fr\/news\/building-bridges-how-bsos-from-haiti-and-the-dominican-republic-are-strengthening-european-business-ties\/"]}]},{"@type":"ImageObject","inLanguage":"fr-FR","@id":"https:\/\/content.carib-export.com\/fr\/news\/building-bridges-how-bsos-from-haiti-and-the-dominican-republic-are-strengthening-european-business-ties\/#primaryimage","url":"https:\/\/content.carib-export.com\/wp-content\/uploads\/2023\/05\/IMG_0417-scaled.jpeg","contentUrl":"https:\/\/content.carib-export.com\/wp-content\/uploads\/2023\/05\/IMG_0417-scaled.jpeg","width":2560,"height":1920,"caption":"IMG_0417"},{"@type":"BreadcrumbList","@id":"https:\/\/content.carib-export.com\/fr\/news\/building-bridges-how-bsos-from-haiti-and-the-dominican-republic-are-strengthening-european-business-ties\/#breadcrumb","itemListElement":[{"@type":"ListItem","position":1,"name":"Accueil","item":"https:\/\/content.carib-export.com\/fr\/home\/"},{"@type":"ListItem","position":2,"name":"News","item":"https:\/\/content.carib-export.com\/fr\/news\/"},{"@type":"ListItem","position":3,"name":"Construire des ponts : Comment les organisations de la soci\u00e9t\u00e9 civile d&#8217;Ha\u00efti et de la R\u00e9publique dominicaine renforcent les liens avec les entreprises europ\u00e9ennes"}]},{"@type":"WebSite","@id":"https:\/\/content.carib-export.com\/fr\/#website","url":"https:\/\/content.carib-export.com\/fr\/","name":"Exportation Cara\u00efbes","description":"La seule agence r\u00e9gionale de promotion du commerce et des investissements du groupe Afrique, Cara\u00efbes et Pacifique.","publisher":{"@id":"https:\/\/content.carib-export.com\/fr\/#organization"},"potentialAction":[{"@type":"SearchAction","target":{"@type":"EntryPoint","urlTemplate":"https:\/\/content.carib-export.com\/fr\/?s={search_term_string}"},"query-input":{"@type":"PropertyValueSpecification","valueRequired":true,"valueName":"search_term_string"}}],"inLanguage":"fr-FR"},{"@type":"Organization","@id":"https:\/\/content.carib-export.com\/fr\/#organization","name":"Agence carib\u00e9enne de d\u00e9veloppement des exportations","url":"https:\/\/content.carib-export.com\/fr\/","logo":{"@type":"ImageObject","inLanguage":"fr-FR","@id":"https:\/\/content.carib-export.com\/fr\/#\/schema\/logo\/image\/","url":"https:\/\/content.carib-export.com\/wp-content\/uploads\/2013\/03\/CE-Logo-2013.jpg","contentUrl":"https:\/\/content.carib-export.com\/wp-content\/uploads\/2013\/03\/CE-Logo-2013.jpg","width":1024,"height":244,"caption":"Agence carib\u00e9enne de d\u00e9veloppement des exportations"},"image":{"@id":"https:\/\/content.carib-export.com\/fr\/#\/schema\/logo\/image\/"},"sameAs":["https:\/\/www.facebook.com\/CaribbeanExport","https:\/\/x.com\/CaribXport","https:\/\/www.instagram.com\/caribbeanexport","https:\/\/www.linkedin.com\/company\/caribbeanexport","https:\/\/www.youtube.com\/user\/TheCaribbeanExport"]}]}},"_links":{"self":[{"href":"https:\/\/content.carib-export.com\/fr\/wp-json\/wp\/v2\/news\/310806","targetHints":{"allow":["GET"]}}],"collection":[{"href":"https:\/\/content.carib-export.com\/fr\/wp-json\/wp\/v2\/news"}],"about":[{"href":"https:\/\/content.carib-export.com\/fr\/wp-json\/wp\/v2\/types\/news"}],"author":[{"embeddable":true,"href":"https:\/\/content.carib-export.com\/fr\/wp-json\/wp\/v2\/users\/26"}],"version-history":[{"count":0,"href":"https:\/\/content.carib-export.com\/fr\/wp-json\/wp\/v2\/news\/310806\/revisions"}],"wp:featuredmedia":[{"embeddable":true,"href":"https:\/\/content.carib-export.com\/fr\/wp-json\/wp\/v2\/media\/310752"}],"wp:attachment":[{"href":"https:\/\/content.carib-export.com\/fr\/wp-json\/wp\/v2\/media?parent=310806"}],"wp:term":[{"taxonomy":"post_tag","embeddable":true,"href":"https:\/\/content.carib-export.com\/fr\/wp-json\/wp\/v2\/tags?post=310806"}],"curies":[{"name":"wp","href":"https:\/\/api.w.org\/{rel}","templated":true}]}}