{"id":315114,"date":"2023-10-07T13:34:00","date_gmt":"2023-10-07T17:34:00","guid":{"rendered":"https:\/\/content.carib-export.com\/news\/regional-institute-launched-to-help-micro-small-and-medium-sized-enterprises-leverage-the-power-of-digital-technology\/"},"modified":"2023-10-07T13:36:57","modified_gmt":"2023-10-07T17:36:57","slug":"regional-institute-launched-to-help-micro-small-and-medium-sized-enterprises-leverage-the-power-of-digital-technology","status":"publish","type":"news","link":"https:\/\/content.carib-export.com\/fr\/news\/regional-institute-launched-to-help-micro-small-and-medium-sized-enterprises-leverage-the-power-of-digital-technology\/","title":{"rendered":"Lancement d&rsquo;un institut r\u00e9gional pour aider les micro, petites et moyennes entreprises \u00e0 tirer parti de la technologie num\u00e9rique"},"content":{"rendered":"\n<ul class=\"wp-block-list\">\n<li>L&rsquo;Institut de transformation num\u00e9rique des Cara\u00efbes (CDTI) officiellement lanc\u00e9 par Caribbean Export<\/li>\n\n\n\n<li>Le CDTI proposera aux entreprises r\u00e9gionales des cours en ligne personnalis\u00e9s afin d&rsquo;am\u00e9liorer leur \u00ab\u00a0maturit\u00e9 num\u00e9rique\u00a0\u00bb.<\/li>\n\n\n\n<li>Projet triennal du CDTI financ\u00e9 par la Banque interam\u00e9ricaine de d\u00e9veloppement et Compete Caribbean<\/li>\n<\/ul>\n\n<p>Un nouveau projet de transformation num\u00e9rique visant \u00e0 aider les entreprises des Cara\u00efbes \u00e0 utiliser pleinement les technologies modernes et \u00e0 \u00eatre comp\u00e9titives \u00e0 l&rsquo;\u00e9chelle mondiale a \u00e9t\u00e9 annonc\u00e9 par l&rsquo;Agence carib\u00e9enne de d\u00e9veloppement des exportations (Caribbean Export).<\/p>\n\n<p>Le Caribbean Digital Transformation Institute (CDTI), r\u00e9cemment lanc\u00e9, permettra aux micro, petites et moyennes entreprises (MPME) de la r\u00e9gion d&rsquo;acc\u00e9der \u00e0 un outil d&rsquo;auto-\u00e9valuation num\u00e9rique pour mesurer leur \u00ab\u00a0maturit\u00e9 num\u00e9rique\u00a0\u00bb et produire ensuite un plan d&rsquo;apprentissage en ligne sur mesure afin d&rsquo;am\u00e9liorer leurs capacit\u00e9s technologiques.<\/p>\n\n<p>Le projet triennal, financ\u00e9 par la Banque interam\u00e9ricaine de d\u00e9veloppement (BID) et Compete Caribbean, analysera \u00e9galement les donn\u00e9es recueillies par le check-up num\u00e9rique et les mettra \u00e0 la disposition de diverses organisations de soutien aux entreprises et d&rsquo;autres parties int\u00e9ress\u00e9es afin d&rsquo;\u00e9clairer les d\u00e9cisions politiques concernant les MPME.<\/p>\n\n<p>S&rsquo;exprimant lors du lancement officiel du CDTI le jeudi 5 octobre 2023, le directeur ex\u00e9cutif de Caribbean Export, Deodat Maharaj, a promis aux entreprises carib\u00e9ennes participantes \u00ab\u00a0des r\u00e9sultats clairs et des recommandations exploitables\u00a0\u00bb pour am\u00e9liorer la num\u00e9risation, ce qui se traduira par \u00ab\u00a0de la croissance, des profits et des opportunit\u00e9s\u00a0\u00bb.<\/p>\n\n<p>M. Maharaj a d\u00e9clar\u00e9 que le CDTI offrira aux entreprises un soutien et des informations inestimables, en pr\u00e9cisant que \u00ab\u00a0l&rsquo;innovation et la num\u00e9risation sont absolument essentielles pour aider nos entreprises \u00e0 \u00eatre comp\u00e9titives et \u00e0 s&rsquo;adapter \u00e0 un monde hyperconcurrentiel. Cet institut de transformation num\u00e9rique mettra en place un programme utilisant une approche ax\u00e9e sur les donn\u00e9es et les connaissances afin d&rsquo;aider nos entreprises carib\u00e9ennes \u00e0 comprendre, puis \u00e0 v\u00e9rifier, leur niveau d&rsquo;adoption des technologies, des pratiques et des processus num\u00e9riques.\u00a0\u00bb<\/p>\n\n<p>\u00ab\u00a0J&rsquo;encourage toutes les entreprises \u00e0 consacrer du temps \u00e0 ce bilan de sant\u00e9\u00a0\u00bb, a ajout\u00e9 M. Maharaj. \u00ab\u00a0Les donn\u00e9es combin\u00e9es g\u00e9n\u00e9r\u00e9es par une utilisation g\u00e9n\u00e9ralis\u00e9e cr\u00e9eront un tr\u00e9sor d&rsquo;analyse de donn\u00e9es, produisant des informations exploitables pour tous les partenaires travaillant \u00e0 aider notre secteur priv\u00e9 \u00e0 devenir plus comp\u00e9titif\u00a0\u00bb.<\/p>\n\n<p>Sylvia Dohnert, sp\u00e9cialiste en chef du secteur priv\u00e9 \u00e0 la BID, a r\u00e9v\u00e9l\u00e9 que l&rsquo;outil Digital Check-Up a \u00e9t\u00e9 initialement d\u00e9ploy\u00e9 au Chili en 2019 et qu&rsquo;il est maintenant utilis\u00e9 dans 17 pays d&rsquo;Am\u00e9rique latine. Elle a sugg\u00e9r\u00e9 que l&rsquo;analyse des donn\u00e9es de l&rsquo;outil serait encore plus efficace dans les Cara\u00efbes, en travaillant avec la plateforme de gestion de l&rsquo;apprentissage en ligne du CDTI, qui identifiera les lacunes en mati\u00e8re de connaissances et recommandera une gamme de cours informatiques personnalis\u00e9s pour les entreprises.<\/p>\n\n<p>Mme Dohnert a ajout\u00e9 : \u00ab\u00a0Ce projet est le r\u00e9sultat d&rsquo;une r\u00e9flexion sur la mani\u00e8re d&rsquo;apporter cet outil aux Cara\u00efbes, mais il va plus loin en construisant un programme d&rsquo;\u00e9tudes en ligne pour soutenir la mise \u00e0 niveau des entreprises&#8230;\u00a0\u00bb.<\/p>\n\n<p>\u00ab\u00a0Nous voulions pouvoir orienter les entreprises vers les ressources adapt\u00e9es \u00e0 leur statut en termes de transformation num\u00e9rique, et nous voulions renforcer l&rsquo;\u00e9cosyst\u00e8me qui les soutient dans leur parcours num\u00e9rique et leur parcours d&rsquo;innovation.\u00a0\u00bb<\/p>\n\n<p>Francisca Araya Lopez, de l&rsquo;\u00e9quipe de d\u00e9veloppement du bilan de sant\u00e9 num\u00e9rique de la BID, a pr\u00e9sent\u00e9 l&rsquo;interface conviviale de l&rsquo;outil de bilan de sant\u00e9 num\u00e9rique. Elle a d\u00e9clar\u00e9 que \u00ab\u00a0toute entreprise, quel que soit son secteur d&rsquo;activit\u00e9\u00a0\u00bb, peut utiliser cet outil pour d\u00e9terminer sa \u00ab\u00a0maturit\u00e9 num\u00e9rique\u00a0\u00bb et obtenir une vue d&rsquo;ensemble de sa situation en termes d&rsquo;utilisation des technologies. Le bilan peut \u00e9galement \u00eatre r\u00e9p\u00e9t\u00e9 apr\u00e8s trois et six mois afin que l&rsquo;entreprise puisse suivre ses progr\u00e8s num\u00e9riques.<\/p>\n\n<p>Phillip Jackson, conseiller pour l&rsquo;innovation et le commerce num\u00e9rique chez Caribbean Export, a expliqu\u00e9 que si l&rsquo;outil Digital Check-Up est au c\u0153ur du CDTI, le projet comporte plusieurs autres composantes, notamment le d\u00e9veloppement d&rsquo;un march\u00e9 pour les fournisseurs de services num\u00e9riques afin de trouver plus rapidement et plus facilement le sp\u00e9cialiste ad\u00e9quat.<\/p>\n\n<p>\u00ab\u00a0Il s&rsquo;agit d&rsquo;un programme complet qui offre une vision \u00e0 360 degr\u00e9s de l&rsquo;\u00e9cosyst\u00e8me de la num\u00e9risation dans la r\u00e9gion\u00a0\u00bb, a d\u00e9clar\u00e9 M. Jackson. \u00ab\u00a0Les donn\u00e9es exploitables conduiront \u00e0 des interventions politiques et \u00e0 des produits de connaissance sur la plateforme de gestion de l&rsquo;apprentissage en ligne et permettront \u00e0 toutes nos organisations et agences de d\u00e9veloppement du secteur priv\u00e9 d&rsquo;interagir et d&rsquo;aider les entreprises tout au long de leur parcours de num\u00e9risation.<\/p>\n\n<figure class=\"wp-block-embed is-type-video is-provider-youtube wp-block-embed-youtube wp-embed-aspect-16-9 wp-has-aspect-ratio\"><div class=\"wp-block-embed__wrapper\">\n<iframe loading=\"lazy\" title=\"Caribbean Digital Transformation Institute Launch\" width=\"640\" height=\"360\" src=\"https:\/\/www.youtube.com\/embed\/p3ekhx4-VEM?feature=oembed\" frameborder=\"0\" allow=\"accelerometer; autoplay; clipboard-write; encrypted-media; gyroscope; picture-in-picture; web-share\" referrerpolicy=\"strict-origin-when-cross-origin\" allowfullscreen><\/iframe>\n<\/div><figcaption class=\"wp-element-caption\">Lancement de l&rsquo;Institut de transformation num\u00e9rique des Cara\u00efbes<\/figcaption><\/figure>\n","protected":false},"excerpt":{"rendered":"<p>Un nouveau projet de transformation num\u00e9rique visant \u00e0 aider les entreprises des Cara\u00efbes \u00e0 utiliser pleinement les technologies modernes et \u00e0 \u00eatre comp\u00e9titives \u00e0 l&rsquo;\u00e9chelle mondiale a \u00e9t\u00e9 annonc\u00e9 par l&rsquo;Agence carib\u00e9enne de d\u00e9veloppement des exportations (Caribbean Export). Le Caribbean Digital Transformation Institute (CDTI), r\u00e9cemment lanc\u00e9, permettra aux micro, petites et moyennes entreprises (MPME) de [&hellip;]<\/p>\n","protected":false},"author":9,"featured_media":315102,"menu_order":0,"template":"","tags":[],"class_list":["post-315114","news","type-news","status-publish","has-post-thumbnail","hentry"],"acf":[],"yoast_head":"<!-- This site is optimized with the Yoast SEO plugin v27.1.1 - https:\/\/yoast.com\/product\/yoast-seo-wordpress\/ -->\n<title>de Lancement d&#039;un institut r\u00e9gional pour aider les micro, petites et moyennes entreprises \u00e0 tirer parti de la technologie num\u00e9rique - Exportation Cara\u00efbes<\/title>\n<meta name=\"description\" content=\"Le lancement d&#039;un nouveau projet de transformation num\u00e9rique visant \u00e0 aider les entreprises carib\u00e9ennes \u00e0 utiliser pleinement les technologies modernes et \u00e0 \u00eatre comp\u00e9titives \u00e0 l&#039;\u00e9chelle mondiale.\" \/>\n<meta name=\"robots\" content=\"index, follow, max-snippet:-1, max-image-preview:large, max-video-preview:-1\" \/>\n<link rel=\"canonical\" href=\"https:\/\/content.carib-export.com\/fr\/news\/regional-institute-launched-to-help-micro-small-and-medium-sized-enterprises-leverage-the-power-of-digital-technology\/\" \/>\n<meta property=\"og:locale\" content=\"fr_FR\" \/>\n<meta property=\"og:type\" content=\"article\" \/>\n<meta property=\"og:title\" content=\"Lancement d&#039;un institut r\u00e9gional pour aider les micro, petites et moyennes entreprises \u00e0 tirer parti de la technologie num\u00e9rique\" \/>\n<meta property=\"og:description\" content=\"Le lancement d&#039;un nouveau projet de transformation num\u00e9rique visant \u00e0 aider les entreprises carib\u00e9ennes \u00e0 utiliser pleinement les technologies modernes et \u00e0 \u00eatre comp\u00e9titives \u00e0 l&#039;\u00e9chelle mondiale.\" \/>\n<meta property=\"og:url\" content=\"https:\/\/content.carib-export.com\/fr\/news\/regional-institute-launched-to-help-micro-small-and-medium-sized-enterprises-leverage-the-power-of-digital-technology\/\" \/>\n<meta property=\"og:site_name\" content=\"Exportation Cara\u00efbes\" \/>\n<meta property=\"article:publisher\" content=\"https:\/\/www.facebook.com\/CaribbeanExport\" \/>\n<meta property=\"article:modified_time\" content=\"2023-10-07T17:36:57+00:00\" \/>\n<meta property=\"og:image\" content=\"https:\/\/content.carib-export.com\/wp-content\/uploads\/2023\/10\/CDTI-Luanch-graphic-landscape-1024x576.png\" \/>\n<meta name=\"twitter:card\" content=\"summary_large_image\" \/>\n<meta name=\"twitter:title\" content=\"Lancement d&#039;un institut r\u00e9gional pour aider les micro, petites et moyennes entreprises \u00e0 tirer parti de la technologie num\u00e9rique\" \/>\n<meta name=\"twitter:description\" content=\"Le lancement d&#039;un nouveau projet de transformation num\u00e9rique visant \u00e0 aider les entreprises carib\u00e9ennes \u00e0 utiliser pleinement les technologies modernes et \u00e0 \u00eatre comp\u00e9titives \u00e0 l&#039;\u00e9chelle mondiale.\" \/>\n<meta name=\"twitter:image\" content=\"https:\/\/content.carib-export.com\/wp-content\/uploads\/2023\/10\/CDTI-Luanch-graphic-landscape-1024x576.png\" \/>\n<meta name=\"twitter:site\" content=\"@CaribXport\" \/>\n<meta name=\"twitter:label1\" content=\"Dur\u00e9e de lecture estim\u00e9e\" \/>\n\t<meta name=\"twitter:data1\" content=\"4 minutes\" \/>\n<script type=\"application\/ld+json\" class=\"yoast-schema-graph\">{\"@context\":\"https:\/\/schema.org\",\"@graph\":[{\"@type\":\"WebPage\",\"@id\":\"https:\/\/content.carib-export.com\/fr\/news\/regional-institute-launched-to-help-micro-small-and-medium-sized-enterprises-leverage-the-power-of-digital-technology\/\",\"url\":\"https:\/\/content.carib-export.com\/fr\/news\/regional-institute-launched-to-help-micro-small-and-medium-sized-enterprises-leverage-the-power-of-digital-technology\/\",\"name\":\"de Lancement d'un institut r\u00e9gional pour aider les micro, petites et moyennes entreprises \u00e0 tirer parti de la technologie num\u00e9rique - Exportation Cara\u00efbes\",\"isPartOf\":{\"@id\":\"https:\/\/content.carib-export.com\/fr\/#website\"},\"primaryImageOfPage\":{\"@id\":\"https:\/\/content.carib-export.com\/fr\/news\/regional-institute-launched-to-help-micro-small-and-medium-sized-enterprises-leverage-the-power-of-digital-technology\/#primaryimage\"},\"image\":{\"@id\":\"https:\/\/content.carib-export.com\/fr\/news\/regional-institute-launched-to-help-micro-small-and-medium-sized-enterprises-leverage-the-power-of-digital-technology\/#primaryimage\"},\"thumbnailUrl\":\"https:\/\/content.carib-export.com\/wp-content\/uploads\/2023\/10\/CDTI-Luanch-graphic-landscape.png\",\"datePublished\":\"2023-10-07T17:34:00+00:00\",\"dateModified\":\"2023-10-07T17:36:57+00:00\",\"description\":\"Le lancement d'un nouveau projet de transformation num\u00e9rique visant \u00e0 aider les entreprises carib\u00e9ennes \u00e0 utiliser pleinement les technologies modernes et \u00e0 \u00eatre comp\u00e9titives \u00e0 l'\u00e9chelle mondiale.\",\"breadcrumb\":{\"@id\":\"https:\/\/content.carib-export.com\/fr\/news\/regional-institute-launched-to-help-micro-small-and-medium-sized-enterprises-leverage-the-power-of-digital-technology\/#breadcrumb\"},\"inLanguage\":\"fr-FR\",\"potentialAction\":[{\"@type\":\"ReadAction\",\"target\":[\"https:\/\/content.carib-export.com\/fr\/news\/regional-institute-launched-to-help-micro-small-and-medium-sized-enterprises-leverage-the-power-of-digital-technology\/\"]}]},{\"@type\":\"ImageObject\",\"inLanguage\":\"fr-FR\",\"@id\":\"https:\/\/content.carib-export.com\/fr\/news\/regional-institute-launched-to-help-micro-small-and-medium-sized-enterprises-leverage-the-power-of-digital-technology\/#primaryimage\",\"url\":\"https:\/\/content.carib-export.com\/wp-content\/uploads\/2023\/10\/CDTI-Luanch-graphic-landscape.png\",\"contentUrl\":\"https:\/\/content.carib-export.com\/wp-content\/uploads\/2023\/10\/CDTI-Luanch-graphic-landscape.png\",\"width\":1920,\"height\":1080},{\"@type\":\"BreadcrumbList\",\"@id\":\"https:\/\/content.carib-export.com\/fr\/news\/regional-institute-launched-to-help-micro-small-and-medium-sized-enterprises-leverage-the-power-of-digital-technology\/#breadcrumb\",\"itemListElement\":[{\"@type\":\"ListItem\",\"position\":1,\"name\":\"Accueil\",\"item\":\"https:\/\/content.carib-export.com\/fr\/home\/\"},{\"@type\":\"ListItem\",\"position\":2,\"name\":\"News\",\"item\":\"https:\/\/content.carib-export.com\/fr\/news\/\"},{\"@type\":\"ListItem\",\"position\":3,\"name\":\"Lancement d&#8217;un institut r\u00e9gional pour aider les micro, petites et moyennes entreprises \u00e0 tirer parti de la technologie num\u00e9rique\"}]},{\"@type\":\"WebSite\",\"@id\":\"https:\/\/content.carib-export.com\/fr\/#website\",\"url\":\"https:\/\/content.carib-export.com\/fr\/\",\"name\":\"Exportation Cara\u00efbes\",\"description\":\"La seule agence r\u00e9gionale de promotion du commerce et des investissements du groupe Afrique, Cara\u00efbes et Pacifique.\",\"publisher\":{\"@id\":\"https:\/\/content.carib-export.com\/fr\/#organization\"},\"potentialAction\":[{\"@type\":\"SearchAction\",\"target\":{\"@type\":\"EntryPoint\",\"urlTemplate\":\"https:\/\/content.carib-export.com\/fr\/?s={search_term_string}\"},\"query-input\":{\"@type\":\"PropertyValueSpecification\",\"valueRequired\":true,\"valueName\":\"search_term_string\"}}],\"inLanguage\":\"fr-FR\"},{\"@type\":\"Organization\",\"@id\":\"https:\/\/content.carib-export.com\/fr\/#organization\",\"name\":\"Agence carib\u00e9enne de d\u00e9veloppement des exportations\",\"url\":\"https:\/\/content.carib-export.com\/fr\/\",\"logo\":{\"@type\":\"ImageObject\",\"inLanguage\":\"fr-FR\",\"@id\":\"https:\/\/content.carib-export.com\/fr\/#\/schema\/logo\/image\/\",\"url\":\"https:\/\/content.carib-export.com\/wp-content\/uploads\/2013\/03\/CE-Logo-2013.jpg\",\"contentUrl\":\"https:\/\/content.carib-export.com\/wp-content\/uploads\/2013\/03\/CE-Logo-2013.jpg\",\"width\":1024,\"height\":244,\"caption\":\"Agence carib\u00e9enne de d\u00e9veloppement des exportations\"},\"image\":{\"@id\":\"https:\/\/content.carib-export.com\/fr\/#\/schema\/logo\/image\/\"},\"sameAs\":[\"https:\/\/www.facebook.com\/CaribbeanExport\",\"https:\/\/x.com\/CaribXport\",\"https:\/\/www.instagram.com\/caribbeanexport\",\"https:\/\/www.linkedin.com\/company\/caribbeanexport\",\"https:\/\/www.youtube.com\/user\/TheCaribbeanExport\"]}]}<\/script>\n<!-- \/ Yoast SEO plugin. -->","yoast_head_json":{"title":"de Lancement d'un institut r\u00e9gional pour aider les micro, petites et moyennes entreprises \u00e0 tirer parti de la technologie num\u00e9rique - Exportation Cara\u00efbes","description":"Le lancement d'un nouveau projet de transformation num\u00e9rique visant \u00e0 aider les entreprises carib\u00e9ennes \u00e0 utiliser pleinement les technologies modernes et \u00e0 \u00eatre comp\u00e9titives \u00e0 l'\u00e9chelle mondiale.","robots":{"index":"index","follow":"follow","max-snippet":"max-snippet:-1","max-image-preview":"max-image-preview:large","max-video-preview":"max-video-preview:-1"},"canonical":"https:\/\/content.carib-export.com\/fr\/news\/regional-institute-launched-to-help-micro-small-and-medium-sized-enterprises-leverage-the-power-of-digital-technology\/","og_locale":"fr_FR","og_type":"article","og_title":"Lancement d'un institut r\u00e9gional pour aider les micro, petites et moyennes entreprises \u00e0 tirer parti de la technologie num\u00e9rique","og_description":"Le lancement d'un nouveau projet de transformation num\u00e9rique visant \u00e0 aider les entreprises carib\u00e9ennes \u00e0 utiliser pleinement les technologies modernes et \u00e0 \u00eatre comp\u00e9titives \u00e0 l'\u00e9chelle mondiale.","og_url":"https:\/\/content.carib-export.com\/fr\/news\/regional-institute-launched-to-help-micro-small-and-medium-sized-enterprises-leverage-the-power-of-digital-technology\/","og_site_name":"Exportation Cara\u00efbes","article_publisher":"https:\/\/www.facebook.com\/CaribbeanExport","article_modified_time":"2023-10-07T17:36:57+00:00","og_image":[{"url":"https:\/\/content.carib-export.com\/wp-content\/uploads\/2023\/10\/CDTI-Luanch-graphic-landscape-1024x576.png","type":"","width":"","height":""}],"twitter_card":"summary_large_image","twitter_title":"Lancement d'un institut r\u00e9gional pour aider les micro, petites et moyennes entreprises \u00e0 tirer parti de la technologie num\u00e9rique","twitter_description":"Le lancement d'un nouveau projet de transformation num\u00e9rique visant \u00e0 aider les entreprises carib\u00e9ennes \u00e0 utiliser pleinement les technologies modernes et \u00e0 \u00eatre comp\u00e9titives \u00e0 l'\u00e9chelle mondiale.","twitter_image":"https:\/\/content.carib-export.com\/wp-content\/uploads\/2023\/10\/CDTI-Luanch-graphic-landscape-1024x576.png","twitter_site":"@CaribXport","twitter_misc":{"Dur\u00e9e de lecture estim\u00e9e":"4 minutes"},"schema":{"@context":"https:\/\/schema.org","@graph":[{"@type":"WebPage","@id":"https:\/\/content.carib-export.com\/fr\/news\/regional-institute-launched-to-help-micro-small-and-medium-sized-enterprises-leverage-the-power-of-digital-technology\/","url":"https:\/\/content.carib-export.com\/fr\/news\/regional-institute-launched-to-help-micro-small-and-medium-sized-enterprises-leverage-the-power-of-digital-technology\/","name":"de Lancement d'un institut r\u00e9gional pour aider les micro, petites et moyennes entreprises \u00e0 tirer parti de la technologie num\u00e9rique - Exportation Cara\u00efbes","isPartOf":{"@id":"https:\/\/content.carib-export.com\/fr\/#website"},"primaryImageOfPage":{"@id":"https:\/\/content.carib-export.com\/fr\/news\/regional-institute-launched-to-help-micro-small-and-medium-sized-enterprises-leverage-the-power-of-digital-technology\/#primaryimage"},"image":{"@id":"https:\/\/content.carib-export.com\/fr\/news\/regional-institute-launched-to-help-micro-small-and-medium-sized-enterprises-leverage-the-power-of-digital-technology\/#primaryimage"},"thumbnailUrl":"https:\/\/content.carib-export.com\/wp-content\/uploads\/2023\/10\/CDTI-Luanch-graphic-landscape.png","datePublished":"2023-10-07T17:34:00+00:00","dateModified":"2023-10-07T17:36:57+00:00","description":"Le lancement d'un nouveau projet de transformation num\u00e9rique visant \u00e0 aider les entreprises carib\u00e9ennes \u00e0 utiliser pleinement les technologies modernes et \u00e0 \u00eatre comp\u00e9titives \u00e0 l'\u00e9chelle mondiale.","breadcrumb":{"@id":"https:\/\/content.carib-export.com\/fr\/news\/regional-institute-launched-to-help-micro-small-and-medium-sized-enterprises-leverage-the-power-of-digital-technology\/#breadcrumb"},"inLanguage":"fr-FR","potentialAction":[{"@type":"ReadAction","target":["https:\/\/content.carib-export.com\/fr\/news\/regional-institute-launched-to-help-micro-small-and-medium-sized-enterprises-leverage-the-power-of-digital-technology\/"]}]},{"@type":"ImageObject","inLanguage":"fr-FR","@id":"https:\/\/content.carib-export.com\/fr\/news\/regional-institute-launched-to-help-micro-small-and-medium-sized-enterprises-leverage-the-power-of-digital-technology\/#primaryimage","url":"https:\/\/content.carib-export.com\/wp-content\/uploads\/2023\/10\/CDTI-Luanch-graphic-landscape.png","contentUrl":"https:\/\/content.carib-export.com\/wp-content\/uploads\/2023\/10\/CDTI-Luanch-graphic-landscape.png","width":1920,"height":1080},{"@type":"BreadcrumbList","@id":"https:\/\/content.carib-export.com\/fr\/news\/regional-institute-launched-to-help-micro-small-and-medium-sized-enterprises-leverage-the-power-of-digital-technology\/#breadcrumb","itemListElement":[{"@type":"ListItem","position":1,"name":"Accueil","item":"https:\/\/content.carib-export.com\/fr\/home\/"},{"@type":"ListItem","position":2,"name":"News","item":"https:\/\/content.carib-export.com\/fr\/news\/"},{"@type":"ListItem","position":3,"name":"Lancement d&#8217;un institut r\u00e9gional pour aider les micro, petites et moyennes entreprises \u00e0 tirer parti de la technologie num\u00e9rique"}]},{"@type":"WebSite","@id":"https:\/\/content.carib-export.com\/fr\/#website","url":"https:\/\/content.carib-export.com\/fr\/","name":"Exportation Cara\u00efbes","description":"La seule agence r\u00e9gionale de promotion du commerce et des investissements du groupe Afrique, Cara\u00efbes et Pacifique.","publisher":{"@id":"https:\/\/content.carib-export.com\/fr\/#organization"},"potentialAction":[{"@type":"SearchAction","target":{"@type":"EntryPoint","urlTemplate":"https:\/\/content.carib-export.com\/fr\/?s={search_term_string}"},"query-input":{"@type":"PropertyValueSpecification","valueRequired":true,"valueName":"search_term_string"}}],"inLanguage":"fr-FR"},{"@type":"Organization","@id":"https:\/\/content.carib-export.com\/fr\/#organization","name":"Agence carib\u00e9enne de d\u00e9veloppement des exportations","url":"https:\/\/content.carib-export.com\/fr\/","logo":{"@type":"ImageObject","inLanguage":"fr-FR","@id":"https:\/\/content.carib-export.com\/fr\/#\/schema\/logo\/image\/","url":"https:\/\/content.carib-export.com\/wp-content\/uploads\/2013\/03\/CE-Logo-2013.jpg","contentUrl":"https:\/\/content.carib-export.com\/wp-content\/uploads\/2013\/03\/CE-Logo-2013.jpg","width":1024,"height":244,"caption":"Agence carib\u00e9enne de d\u00e9veloppement des exportations"},"image":{"@id":"https:\/\/content.carib-export.com\/fr\/#\/schema\/logo\/image\/"},"sameAs":["https:\/\/www.facebook.com\/CaribbeanExport","https:\/\/x.com\/CaribXport","https:\/\/www.instagram.com\/caribbeanexport","https:\/\/www.linkedin.com\/company\/caribbeanexport","https:\/\/www.youtube.com\/user\/TheCaribbeanExport"]}]}},"_links":{"self":[{"href":"https:\/\/content.carib-export.com\/fr\/wp-json\/wp\/v2\/news\/315114","targetHints":{"allow":["GET"]}}],"collection":[{"href":"https:\/\/content.carib-export.com\/fr\/wp-json\/wp\/v2\/news"}],"about":[{"href":"https:\/\/content.carib-export.com\/fr\/wp-json\/wp\/v2\/types\/news"}],"author":[{"embeddable":true,"href":"https:\/\/content.carib-export.com\/fr\/wp-json\/wp\/v2\/users\/9"}],"version-history":[{"count":0,"href":"https:\/\/content.carib-export.com\/fr\/wp-json\/wp\/v2\/news\/315114\/revisions"}],"wp:featuredmedia":[{"embeddable":true,"href":"https:\/\/content.carib-export.com\/fr\/wp-json\/wp\/v2\/media\/315102"}],"wp:attachment":[{"href":"https:\/\/content.carib-export.com\/fr\/wp-json\/wp\/v2\/media?parent=315114"}],"wp:term":[{"taxonomy":"post_tag","embeddable":true,"href":"https:\/\/content.carib-export.com\/fr\/wp-json\/wp\/v2\/tags?post=315114"}],"curies":[{"name":"wp","href":"https:\/\/api.w.org\/{rel}","templated":true}]}}