{"id":315138,"date":"2023-10-10T08:35:04","date_gmt":"2023-10-10T12:35:04","guid":{"rendered":"https:\/\/content.carib-export.com\/news\/caribbean-investment-forum-paving-the-way-for-economic-growth-through-logistics-transformation\/"},"modified":"2023-10-10T08:52:47","modified_gmt":"2023-10-10T12:52:47","slug":"caribbean-investment-forum-paving-the-way-for-economic-growth-through-logistics-transformation","status":"publish","type":"news","link":"https:\/\/content.carib-export.com\/fr\/news\/caribbean-investment-forum-paving-the-way-for-economic-growth-through-logistics-transformation\/","title":{"rendered":"Forum d&rsquo;investissement des Cara\u00efbes : Ouvrir la voie \u00e0 la croissance \u00e9conomique gr\u00e2ce \u00e0 la transformation logistique"},"content":{"rendered":"\n<p>Les Cara\u00efbes, caract\u00e9ris\u00e9es par une g\u00e9ographie diversifi\u00e9e, pr\u00e9sentent des d\u00e9fis logistiques uniques qui, depuis des ann\u00e9es, entravent la croissance \u00e9conomique de la r\u00e9gion. Les co\u00fbts de transport \u00e9lev\u00e9s, amplifi\u00e9s par la hausse des prix du carburant et l&rsquo;inefficacit\u00e9 op\u00e9rationnelle, entravent la comp\u00e9titivit\u00e9 des biens et services des Cara\u00efbes sur le march\u00e9 mondial. L&rsquo;insuffisance de la connectivit\u00e9 interinsulaire et la dispersion g\u00e9ographique des \u00eeles rendent difficile la mise en place de r\u00e9seaux de transport efficaces, ce qui perturbe encore davantage la circulation fluide des biens et des personnes et entrave le commerce et l&rsquo;expansion \u00e9conomique.<\/p>\n\n<p>En plus de ces d\u00e9fis, de nombreuses \u00eeles sont confront\u00e9es \u00e0 des infrastructures de transport inad\u00e9quates, dont le d\u00e9veloppement est souvent retard\u00e9 ou interrompu en raison de l&rsquo;impact des catastrophes naturelles sur les r\u00e9seaux de transport et les infrastructures vitales.<\/p>\n\n<p>Le Forum d&rsquo;investissement des Cara\u00efbes (CIF) appara\u00eet comme une force motrice et une source de solutions aux d\u00e9fis de la r\u00e9gion en mati\u00e8re de logistique et de transport. Au fur et \u00e0 mesure que les entreprises pr\u00e9sentes examinent ces d\u00e9fis, elles d\u00e9couvrent les possibilit\u00e9s de changement catalytique et de progr\u00e8s \u00e9conomique qu&rsquo;offre la mise au point de solutions innovantes.<\/p>\n\n<p>Dirig\u00e9e par l&rsquo;Agence de d\u00e9veloppement des exportations des Cara\u00efbes (Caribbean Export), en partenariat avec l&rsquo;Union europ\u00e9enne, le gouvernement des Bahamas, le Secr\u00e9tariat du CARICOM et la Banque de d\u00e9veloppement des Cara\u00efbes, la conf\u00e9rence se concentre sur l&rsquo;exploration des opportunit\u00e9s de d\u00e9veloppement dans l&rsquo;AgTech, la transition vers une \u00e9conomie verte, l&rsquo;adoption des TIC, et l&rsquo;am\u00e9lioration du transport, de la logistique et de l&rsquo;exp\u00e9dition dans la r\u00e9gion.<\/p>\n\n<p>Les Cara\u00efbes sont ind\u00e9niablement confront\u00e9es \u00e0 une s\u00e9rie d&rsquo;obstacles logistiques et de transport. Pour ceux qui ont une vision avant-gardiste, ces revers constituent des opportunit\u00e9s convaincantes de transformation et de progr\u00e8s. L&rsquo;am\u00e9lioration des infrastructures a la capacit\u00e9 de dynamiser le d\u00e9veloppement \u00e9conomique de la r\u00e9gion.<\/p>\n\n<p>L&rsquo;am\u00e9lioration des installations portuaires, comme dans le cas du port \u00e0 conteneurs de Freeport aux Bahamas, a un effet d&rsquo;entra\u00eenement sur l&rsquo;ensemble de la r\u00e9gion des Cara\u00efbes. L&rsquo;am\u00e9lioration des infrastructures portuaires incite les compagnies maritimes internationales \u00e0 op\u00e9rer dans les Cara\u00efbes. Cela permet non seulement de r\u00e9duire les co\u00fbts de transport, mais aussi de renforcer la comp\u00e9titivit\u00e9 des biens et services des Cara\u00efbes sur la sc\u00e8ne mondiale. Les entreprises peuvent importer et exporter des marchandises plus efficacement, ce qui favorise la croissance \u00e9conomique et la cr\u00e9ation d&#8217;emplois.<\/p>\n\n<p>L&rsquo;investissement dans l&rsquo;infrastructure routi\u00e8re, comme l&rsquo;a montr\u00e9 l&rsquo;Autopista Juan Pablo II en R\u00e9publique dominicaine, change la donne pour les cha\u00eenes d&rsquo;approvisionnement. Des r\u00e9seaux routiers efficaces relient les principaux centres de production aux ports, rationalisant ainsi la circulation des marchandises. Cette optimisation permet de r\u00e9duire les co\u00fbts logistiques, ce qui rend les produits carib\u00e9ens plus comp\u00e9titifs sur les march\u00e9s r\u00e9gionaux et internationaux.<\/p>\n\n<p>Des projets ambitieux tels que l&rsquo;initiative jama\u00efcaine de centre logistique sont des facteurs de transformation pour la croissance industrielle. En positionnant le pays comme un centre r\u00e9gional de logistique et de fabrication, ces initiatives attirent les entreprises mondiales. Il en r\u00e9sulte une augmentation des possibilit\u00e9s d&#8217;emploi et une diversification de l&rsquo;\u00e9conomie gr\u00e2ce \u00e0 l&rsquo;expansion d&rsquo;industries telles que l&rsquo;industrie manufacturi\u00e8re et la logistique.<\/p>\n\n<p>UpTurn Funds et son cofondateur\/directeur g\u00e9n\u00e9ral, S.E. l&rsquo;ambassadeur Andre Thomas, sont \u00e0 l&rsquo;honneur dans le cadre du CIF2022. L&rsquo;ambassadeur Thomas a particip\u00e9 au CIF l&rsquo;ann\u00e9e derni\u00e8re afin d&rsquo;explorer les possibilit\u00e9s d&rsquo;investissement dans la r\u00e9gion. Par la suite, il a lanc\u00e9 avec succ\u00e8s un projet d&rsquo;entreprise commune visant \u00e0 \u00e9tablir un service de ferry reliant la Barbade, Trinidad, Sainte-Lucie, Saint-Vincent, Antigua et la Grenade, contribuant ainsi \u00e0 am\u00e9liorer la connectivit\u00e9 r\u00e9gionale et les options de transport.<\/p>\n\n<p>Commentant le CIF, il a d\u00e9clar\u00e9 : \u00ab\u00a0Si vous envisagez de participer au Forum d&rsquo;investissement des Cara\u00efbes, ce n&rsquo;est pas seulement un lieu de discussion. C&rsquo;est un endroit o\u00f9 vous pouvez rencontrer des gens qui ont des id\u00e9es sur la m\u00eame longueur d&rsquo;onde que les v\u00f4tres, et ils peuvent avoir une autre pi\u00e8ce, une autre partie de l&rsquo;id\u00e9e, du puzzle que vous avez&#8230;.Les grands projets sont comme des puzzles&#8230;[at CIF] nous avons trouv\u00e9 les pi\u00e8ces qui manquaient \u00e0 notre puzzle pour r\u00e9aliser un projet maritime de transport et de logistique dans les Cara\u00efbes\u00a0\u00bb.<\/p>\n\n<p>Avec une audience attendue de plus de 800 participants, le CIF sert de plaque tournante et de premi\u00e8re plate-forme pour l&rsquo;\u00e9change d&rsquo;id\u00e9es, le partage des connaissances, les pr\u00e9parations commerciales et l&rsquo;aboutissement d&rsquo;accords commerciaux et d&rsquo;investissement vitaux qui sous-tendent la transformation r\u00e9gionale en cours vers \u00ab\u00a0Une nouvelle Cara\u00efbe audacieuse\u00a0\u00bb.<\/p>\n\n<p>L&rsquo;am\u00e9lioration de l&rsquo;\u00e9cosyst\u00e8me de la logistique et du transport dans les Cara\u00efbes rec\u00e8le un immense potentiel de d\u00e9veloppement \u00e9conomique et de retour sur investissement pour les investisseurs. Ces investissements ne se contentent pas de relever des d\u00e9fis sp\u00e9cifiques, ils cr\u00e9ent \u00e9galement un effet d&rsquo;entra\u00eenement, favorisant la croissance dans divers secteurs et contribuant \u00e0 la prosp\u00e9rit\u00e9 g\u00e9n\u00e9rale de la r\u00e9gion.<\/p>\n\n<p>En investissant dans les infrastructures et en adoptant l&rsquo;innovation, les Cara\u00efbes peuvent lib\u00e9rer tout leur potentiel et se positionner comme un acteur comp\u00e9titif dans l&rsquo;\u00e9conomie mondiale.<\/p>\n\n<p>Visitez le site <a href=\"https:\/\/www.caribbeaninvestmentforum.com\/\">caribbeaninvestmentforum.com<\/a> pour en savoir plus.<\/p>\n","protected":false},"excerpt":{"rendered":"<p>Les Cara\u00efbes, caract\u00e9ris\u00e9es par une g\u00e9ographie diversifi\u00e9e, pr\u00e9sentent des d\u00e9fis logistiques uniques qui, depuis des ann\u00e9es, entravent la croissance \u00e9conomique de la r\u00e9gion. Les co\u00fbts de transport \u00e9lev\u00e9s, amplifi\u00e9s par la hausse des prix du carburant et l&rsquo;inefficacit\u00e9 op\u00e9rationnelle, entravent la comp\u00e9titivit\u00e9 des biens et services des Cara\u00efbes sur le march\u00e9 mondial. L&rsquo;insuffisance de la [&hellip;]<\/p>\n","protected":false},"author":9,"featured_media":315127,"menu_order":0,"template":"","tags":[],"class_list":["post-315138","news","type-news","status-publish","has-post-thumbnail","hentry"],"acf":[],"yoast_head":"<!-- This site is optimized with the Yoast SEO plugin v27.1.1 - https:\/\/yoast.com\/product\/yoast-seo-wordpress\/ -->\n<title>de Forum d&#039;investissement des Cara\u00efbes : Ouvrir la voie \u00e0 la croissance \u00e9conomique gr\u00e2ce \u00e0 la transformation logistique - Exportation Cara\u00efbes<\/title>\n<meta name=\"description\" content=\"L&#039;am\u00e9lioration de l&#039;\u00e9cosyst\u00e8me de la logistique et du transport dans les Cara\u00efbes rec\u00e8le un immense potentiel de d\u00e9veloppement \u00e9conomique et de retour sur investissement pour les investisseurs.\" \/>\n<meta name=\"robots\" content=\"index, follow, max-snippet:-1, max-image-preview:large, max-video-preview:-1\" \/>\n<link rel=\"canonical\" href=\"https:\/\/content.carib-export.com\/fr\/news\/caribbean-investment-forum-paving-the-way-for-economic-growth-through-logistics-transformation\/\" \/>\n<meta property=\"og:locale\" content=\"fr_FR\" \/>\n<meta property=\"og:type\" content=\"article\" \/>\n<meta property=\"og:title\" content=\"Forum d&#039;investissement des Cara\u00efbes : Ouvrir la voie \u00e0 la croissance \u00e9conomique gr\u00e2ce \u00e0 la transformation logistique\" \/>\n<meta property=\"og:description\" content=\"L&#039;am\u00e9lioration de l&#039;\u00e9cosyst\u00e8me de la logistique et du transport dans les Cara\u00efbes rec\u00e8le un immense potentiel de d\u00e9veloppement \u00e9conomique et de retour sur investissement pour les investisseurs.\" \/>\n<meta property=\"og:url\" content=\"https:\/\/content.carib-export.com\/fr\/news\/caribbean-investment-forum-paving-the-way-for-economic-growth-through-logistics-transformation\/\" \/>\n<meta property=\"og:site_name\" content=\"Exportation Cara\u00efbes\" \/>\n<meta property=\"article:publisher\" content=\"https:\/\/www.facebook.com\/CaribbeanExport\" \/>\n<meta property=\"article:modified_time\" content=\"2023-10-10T12:52:47+00:00\" \/>\n<meta property=\"og:image\" content=\"https:\/\/content.carib-export.com\/wp-content\/uploads\/2023\/10\/airplane-resized-1024x768.png\" \/>\n<meta name=\"twitter:card\" content=\"summary_large_image\" \/>\n<meta name=\"twitter:title\" content=\"Forum d&#039;investissement des Cara\u00efbes : Ouvrir la voie \u00e0 la croissance \u00e9conomique gr\u00e2ce \u00e0 la transformation logistique\" \/>\n<meta name=\"twitter:description\" content=\"L&#039;am\u00e9lioration de l&#039;\u00e9cosyst\u00e8me de la logistique et du transport dans les Cara\u00efbes rec\u00e8le un immense potentiel de d\u00e9veloppement \u00e9conomique et de retour sur investissement pour les investisseurs.\" \/>\n<meta name=\"twitter:image\" content=\"https:\/\/content.carib-export.com\/wp-content\/uploads\/2023\/10\/airplane-resized-1024x768.png\" \/>\n<meta name=\"twitter:site\" content=\"@CaribXport\" \/>\n<meta name=\"twitter:label1\" content=\"Dur\u00e9e de lecture estim\u00e9e\" \/>\n\t<meta name=\"twitter:data1\" content=\"5 minutes\" \/>\n<script type=\"application\/ld+json\" class=\"yoast-schema-graph\">{\"@context\":\"https:\/\/schema.org\",\"@graph\":[{\"@type\":\"WebPage\",\"@id\":\"https:\/\/content.carib-export.com\/fr\/news\/caribbean-investment-forum-paving-the-way-for-economic-growth-through-logistics-transformation\/\",\"url\":\"https:\/\/content.carib-export.com\/fr\/news\/caribbean-investment-forum-paving-the-way-for-economic-growth-through-logistics-transformation\/\",\"name\":\"de Forum d'investissement des Cara\u00efbes : Ouvrir la voie \u00e0 la croissance \u00e9conomique gr\u00e2ce \u00e0 la transformation logistique - Exportation Cara\u00efbes\",\"isPartOf\":{\"@id\":\"https:\/\/content.carib-export.com\/fr\/#website\"},\"primaryImageOfPage\":{\"@id\":\"https:\/\/content.carib-export.com\/fr\/news\/caribbean-investment-forum-paving-the-way-for-economic-growth-through-logistics-transformation\/#primaryimage\"},\"image\":{\"@id\":\"https:\/\/content.carib-export.com\/fr\/news\/caribbean-investment-forum-paving-the-way-for-economic-growth-through-logistics-transformation\/#primaryimage\"},\"thumbnailUrl\":\"https:\/\/content.carib-export.com\/wp-content\/uploads\/2023\/10\/airplane-resized.png\",\"datePublished\":\"2023-10-10T12:35:04+00:00\",\"dateModified\":\"2023-10-10T12:52:47+00:00\",\"description\":\"L'am\u00e9lioration de l'\u00e9cosyst\u00e8me de la logistique et du transport dans les Cara\u00efbes rec\u00e8le un immense potentiel de d\u00e9veloppement \u00e9conomique et de retour sur investissement pour les investisseurs.\",\"breadcrumb\":{\"@id\":\"https:\/\/content.carib-export.com\/fr\/news\/caribbean-investment-forum-paving-the-way-for-economic-growth-through-logistics-transformation\/#breadcrumb\"},\"inLanguage\":\"fr-FR\",\"potentialAction\":[{\"@type\":\"ReadAction\",\"target\":[\"https:\/\/content.carib-export.com\/fr\/news\/caribbean-investment-forum-paving-the-way-for-economic-growth-through-logistics-transformation\/\"]}]},{\"@type\":\"ImageObject\",\"inLanguage\":\"fr-FR\",\"@id\":\"https:\/\/content.carib-export.com\/fr\/news\/caribbean-investment-forum-paving-the-way-for-economic-growth-through-logistics-transformation\/#primaryimage\",\"url\":\"https:\/\/content.carib-export.com\/wp-content\/uploads\/2023\/10\/airplane-resized.png\",\"contentUrl\":\"https:\/\/content.carib-export.com\/wp-content\/uploads\/2023\/10\/airplane-resized.png\",\"width\":1500,\"height\":1125},{\"@type\":\"BreadcrumbList\",\"@id\":\"https:\/\/content.carib-export.com\/fr\/news\/caribbean-investment-forum-paving-the-way-for-economic-growth-through-logistics-transformation\/#breadcrumb\",\"itemListElement\":[{\"@type\":\"ListItem\",\"position\":1,\"name\":\"Accueil\",\"item\":\"https:\/\/content.carib-export.com\/fr\/home\/\"},{\"@type\":\"ListItem\",\"position\":2,\"name\":\"News\",\"item\":\"https:\/\/content.carib-export.com\/fr\/news\/\"},{\"@type\":\"ListItem\",\"position\":3,\"name\":\"Forum d&#8217;investissement des Cara\u00efbes : Ouvrir la voie \u00e0 la croissance \u00e9conomique gr\u00e2ce \u00e0 la transformation logistique\"}]},{\"@type\":\"WebSite\",\"@id\":\"https:\/\/content.carib-export.com\/fr\/#website\",\"url\":\"https:\/\/content.carib-export.com\/fr\/\",\"name\":\"Exportation Cara\u00efbes\",\"description\":\"La seule agence r\u00e9gionale de promotion du commerce et des investissements du groupe Afrique, Cara\u00efbes et Pacifique.\",\"publisher\":{\"@id\":\"https:\/\/content.carib-export.com\/fr\/#organization\"},\"potentialAction\":[{\"@type\":\"SearchAction\",\"target\":{\"@type\":\"EntryPoint\",\"urlTemplate\":\"https:\/\/content.carib-export.com\/fr\/?s={search_term_string}\"},\"query-input\":{\"@type\":\"PropertyValueSpecification\",\"valueRequired\":true,\"valueName\":\"search_term_string\"}}],\"inLanguage\":\"fr-FR\"},{\"@type\":\"Organization\",\"@id\":\"https:\/\/content.carib-export.com\/fr\/#organization\",\"name\":\"Agence carib\u00e9enne de d\u00e9veloppement des exportations\",\"url\":\"https:\/\/content.carib-export.com\/fr\/\",\"logo\":{\"@type\":\"ImageObject\",\"inLanguage\":\"fr-FR\",\"@id\":\"https:\/\/content.carib-export.com\/fr\/#\/schema\/logo\/image\/\",\"url\":\"https:\/\/content.carib-export.com\/wp-content\/uploads\/2013\/03\/CE-Logo-2013.jpg\",\"contentUrl\":\"https:\/\/content.carib-export.com\/wp-content\/uploads\/2013\/03\/CE-Logo-2013.jpg\",\"width\":1024,\"height\":244,\"caption\":\"Agence carib\u00e9enne de d\u00e9veloppement des exportations\"},\"image\":{\"@id\":\"https:\/\/content.carib-export.com\/fr\/#\/schema\/logo\/image\/\"},\"sameAs\":[\"https:\/\/www.facebook.com\/CaribbeanExport\",\"https:\/\/x.com\/CaribXport\",\"https:\/\/www.instagram.com\/caribbeanexport\",\"https:\/\/www.linkedin.com\/company\/caribbeanexport\",\"https:\/\/www.youtube.com\/user\/TheCaribbeanExport\"]}]}<\/script>\n<!-- \/ Yoast SEO plugin. -->","yoast_head_json":{"title":"de Forum d'investissement des Cara\u00efbes : Ouvrir la voie \u00e0 la croissance \u00e9conomique gr\u00e2ce \u00e0 la transformation logistique - Exportation Cara\u00efbes","description":"L'am\u00e9lioration de l'\u00e9cosyst\u00e8me de la logistique et du transport dans les Cara\u00efbes rec\u00e8le un immense potentiel de d\u00e9veloppement \u00e9conomique et de retour sur investissement pour les investisseurs.","robots":{"index":"index","follow":"follow","max-snippet":"max-snippet:-1","max-image-preview":"max-image-preview:large","max-video-preview":"max-video-preview:-1"},"canonical":"https:\/\/content.carib-export.com\/fr\/news\/caribbean-investment-forum-paving-the-way-for-economic-growth-through-logistics-transformation\/","og_locale":"fr_FR","og_type":"article","og_title":"Forum d'investissement des Cara\u00efbes : Ouvrir la voie \u00e0 la croissance \u00e9conomique gr\u00e2ce \u00e0 la transformation logistique","og_description":"L'am\u00e9lioration de l'\u00e9cosyst\u00e8me de la logistique et du transport dans les Cara\u00efbes rec\u00e8le un immense potentiel de d\u00e9veloppement \u00e9conomique et de retour sur investissement pour les investisseurs.","og_url":"https:\/\/content.carib-export.com\/fr\/news\/caribbean-investment-forum-paving-the-way-for-economic-growth-through-logistics-transformation\/","og_site_name":"Exportation Cara\u00efbes","article_publisher":"https:\/\/www.facebook.com\/CaribbeanExport","article_modified_time":"2023-10-10T12:52:47+00:00","og_image":[{"url":"https:\/\/content.carib-export.com\/wp-content\/uploads\/2023\/10\/airplane-resized-1024x768.png","type":"","width":"","height":""}],"twitter_card":"summary_large_image","twitter_title":"Forum d'investissement des Cara\u00efbes : Ouvrir la voie \u00e0 la croissance \u00e9conomique gr\u00e2ce \u00e0 la transformation logistique","twitter_description":"L'am\u00e9lioration de l'\u00e9cosyst\u00e8me de la logistique et du transport dans les Cara\u00efbes rec\u00e8le un immense potentiel de d\u00e9veloppement \u00e9conomique et de retour sur investissement pour les investisseurs.","twitter_image":"https:\/\/content.carib-export.com\/wp-content\/uploads\/2023\/10\/airplane-resized-1024x768.png","twitter_site":"@CaribXport","twitter_misc":{"Dur\u00e9e de lecture estim\u00e9e":"5 minutes"},"schema":{"@context":"https:\/\/schema.org","@graph":[{"@type":"WebPage","@id":"https:\/\/content.carib-export.com\/fr\/news\/caribbean-investment-forum-paving-the-way-for-economic-growth-through-logistics-transformation\/","url":"https:\/\/content.carib-export.com\/fr\/news\/caribbean-investment-forum-paving-the-way-for-economic-growth-through-logistics-transformation\/","name":"de Forum d'investissement des Cara\u00efbes : Ouvrir la voie \u00e0 la croissance \u00e9conomique gr\u00e2ce \u00e0 la transformation logistique - Exportation Cara\u00efbes","isPartOf":{"@id":"https:\/\/content.carib-export.com\/fr\/#website"},"primaryImageOfPage":{"@id":"https:\/\/content.carib-export.com\/fr\/news\/caribbean-investment-forum-paving-the-way-for-economic-growth-through-logistics-transformation\/#primaryimage"},"image":{"@id":"https:\/\/content.carib-export.com\/fr\/news\/caribbean-investment-forum-paving-the-way-for-economic-growth-through-logistics-transformation\/#primaryimage"},"thumbnailUrl":"https:\/\/content.carib-export.com\/wp-content\/uploads\/2023\/10\/airplane-resized.png","datePublished":"2023-10-10T12:35:04+00:00","dateModified":"2023-10-10T12:52:47+00:00","description":"L'am\u00e9lioration de l'\u00e9cosyst\u00e8me de la logistique et du transport dans les Cara\u00efbes rec\u00e8le un immense potentiel de d\u00e9veloppement \u00e9conomique et de retour sur investissement pour les investisseurs.","breadcrumb":{"@id":"https:\/\/content.carib-export.com\/fr\/news\/caribbean-investment-forum-paving-the-way-for-economic-growth-through-logistics-transformation\/#breadcrumb"},"inLanguage":"fr-FR","potentialAction":[{"@type":"ReadAction","target":["https:\/\/content.carib-export.com\/fr\/news\/caribbean-investment-forum-paving-the-way-for-economic-growth-through-logistics-transformation\/"]}]},{"@type":"ImageObject","inLanguage":"fr-FR","@id":"https:\/\/content.carib-export.com\/fr\/news\/caribbean-investment-forum-paving-the-way-for-economic-growth-through-logistics-transformation\/#primaryimage","url":"https:\/\/content.carib-export.com\/wp-content\/uploads\/2023\/10\/airplane-resized.png","contentUrl":"https:\/\/content.carib-export.com\/wp-content\/uploads\/2023\/10\/airplane-resized.png","width":1500,"height":1125},{"@type":"BreadcrumbList","@id":"https:\/\/content.carib-export.com\/fr\/news\/caribbean-investment-forum-paving-the-way-for-economic-growth-through-logistics-transformation\/#breadcrumb","itemListElement":[{"@type":"ListItem","position":1,"name":"Accueil","item":"https:\/\/content.carib-export.com\/fr\/home\/"},{"@type":"ListItem","position":2,"name":"News","item":"https:\/\/content.carib-export.com\/fr\/news\/"},{"@type":"ListItem","position":3,"name":"Forum d&#8217;investissement des Cara\u00efbes : Ouvrir la voie \u00e0 la croissance \u00e9conomique gr\u00e2ce \u00e0 la transformation logistique"}]},{"@type":"WebSite","@id":"https:\/\/content.carib-export.com\/fr\/#website","url":"https:\/\/content.carib-export.com\/fr\/","name":"Exportation Cara\u00efbes","description":"La seule agence r\u00e9gionale de promotion du commerce et des investissements du groupe Afrique, Cara\u00efbes et Pacifique.","publisher":{"@id":"https:\/\/content.carib-export.com\/fr\/#organization"},"potentialAction":[{"@type":"SearchAction","target":{"@type":"EntryPoint","urlTemplate":"https:\/\/content.carib-export.com\/fr\/?s={search_term_string}"},"query-input":{"@type":"PropertyValueSpecification","valueRequired":true,"valueName":"search_term_string"}}],"inLanguage":"fr-FR"},{"@type":"Organization","@id":"https:\/\/content.carib-export.com\/fr\/#organization","name":"Agence carib\u00e9enne de d\u00e9veloppement des exportations","url":"https:\/\/content.carib-export.com\/fr\/","logo":{"@type":"ImageObject","inLanguage":"fr-FR","@id":"https:\/\/content.carib-export.com\/fr\/#\/schema\/logo\/image\/","url":"https:\/\/content.carib-export.com\/wp-content\/uploads\/2013\/03\/CE-Logo-2013.jpg","contentUrl":"https:\/\/content.carib-export.com\/wp-content\/uploads\/2013\/03\/CE-Logo-2013.jpg","width":1024,"height":244,"caption":"Agence carib\u00e9enne de d\u00e9veloppement des exportations"},"image":{"@id":"https:\/\/content.carib-export.com\/fr\/#\/schema\/logo\/image\/"},"sameAs":["https:\/\/www.facebook.com\/CaribbeanExport","https:\/\/x.com\/CaribXport","https:\/\/www.instagram.com\/caribbeanexport","https:\/\/www.linkedin.com\/company\/caribbeanexport","https:\/\/www.youtube.com\/user\/TheCaribbeanExport"]}]}},"_links":{"self":[{"href":"https:\/\/content.carib-export.com\/fr\/wp-json\/wp\/v2\/news\/315138","targetHints":{"allow":["GET"]}}],"collection":[{"href":"https:\/\/content.carib-export.com\/fr\/wp-json\/wp\/v2\/news"}],"about":[{"href":"https:\/\/content.carib-export.com\/fr\/wp-json\/wp\/v2\/types\/news"}],"author":[{"embeddable":true,"href":"https:\/\/content.carib-export.com\/fr\/wp-json\/wp\/v2\/users\/9"}],"version-history":[{"count":0,"href":"https:\/\/content.carib-export.com\/fr\/wp-json\/wp\/v2\/news\/315138\/revisions"}],"wp:featuredmedia":[{"embeddable":true,"href":"https:\/\/content.carib-export.com\/fr\/wp-json\/wp\/v2\/media\/315127"}],"wp:attachment":[{"href":"https:\/\/content.carib-export.com\/fr\/wp-json\/wp\/v2\/media?parent=315138"}],"wp:term":[{"taxonomy":"post_tag","embeddable":true,"href":"https:\/\/content.carib-export.com\/fr\/wp-json\/wp\/v2\/tags?post=315138"}],"curies":[{"name":"wp","href":"https:\/\/api.w.org\/{rel}","templated":true}]}}