{"id":315541,"date":"2023-10-25T11:03:42","date_gmt":"2023-10-25T15:03:42","guid":{"rendered":"https:\/\/content.carib-export.com\/news\/caribbean-investment-forum-invites-foreign-direct-investors-and-regional-businesses-to-build-a-bold-new-caribbean\/"},"modified":"2023-10-25T11:44:03","modified_gmt":"2023-10-25T15:44:03","slug":"caribbean-investment-forum-invites-foreign-direct-investors-and-regional-businesses-to-build-a-bold-new-caribbean","status":"publish","type":"news","link":"https:\/\/content.carib-export.com\/fr\/news\/caribbean-investment-forum-invites-foreign-direct-investors-and-regional-businesses-to-build-a-bold-new-caribbean\/","title":{"rendered":"Le Forum d&rsquo;investissement des Cara\u00efbes invite les investisseurs \u00e9trangers directs et les entreprises r\u00e9gionales \u00e0 construire \u00ab\u00a0une nouvelle Cara\u00efbe audacieuse\u00a0\u00bb."},"content":{"rendered":"\n<ul class=\"wp-block-list\">\n<li>Le Forum d&rsquo;investissement des Cara\u00efbes 2023 (CIF 2023) d\u00e9marre \u00e0 Nassau, aux Bahamas<\/li>\n\n\n\n<li>Plus de 500 d\u00e9l\u00e9gu\u00e9s d&rsquo;entreprises de 40 pays sont pr\u00e9sents au FIC 2023 pour s&rsquo;informer sur les projets r\u00e9gionaux.<\/li>\n\n\n\n<li>Les \u00e9nergies renouvelables, les TIC, l&rsquo;agrotechnologie, la logistique et le transport sont les principaux domaines d&rsquo;investissement du FIC.<\/li>\n<\/ul>\n\n<p>Transformer les Cara\u00efbes en une r\u00e9gion qui tire parti des talents de ses habitants et attire les investissements dans des projets commerciaux innovants, tel est l&rsquo;objectif du Forum d&rsquo;investissement des Cara\u00efbes 2023 (CIF 2023), qui a officiellement d\u00e9but\u00e9 hier (mardi 25 octobre) \u00e0 Nassau, aux Bahamas.<\/p>\n\n<p>Le FIC 2023 envisage \u00ab\u00a0une nouvelle Cara\u00efbe audacieuse\u00a0\u00bb o\u00f9 des secteurs cl\u00e9s tels que les technologies agricoles, les \u00e9nergies renouvelables, les technologies de l&rsquo;information et de la communication, ainsi que la logistique et les transports, conduisent le d\u00e9veloppement durable des \u00e9conomies r\u00e9gionales, cr\u00e9ent des emplois plus verts et plus intelligents et garantissent un avenir plus radieux \u00e0 la prochaine g\u00e9n\u00e9ration.<\/p>\n\n<p>Organis\u00e9 par l&rsquo;Agence carib\u00e9enne de d\u00e9veloppement des exportations (Caribbean Export) et ses partenaires, CIF 2023 a attir\u00e9 plus de 500 d\u00e9l\u00e9gu\u00e9s de 40 pays. Ces participants repr\u00e9sentent un large \u00e9ventail de d\u00e9cideurs mondiaux des secteurs public et priv\u00e9 qui cherchent \u00e0 investir dans les Cara\u00efbes et \u00e0 nouer des contacts avec des innovateurs, des chefs d&rsquo;entreprise et des entrepreneurs de la r\u00e9gion.<\/p>\n\n<p>Dans le discours qu&rsquo;il a prononc\u00e9 le jour de l&rsquo;ouverture officielle, intitul\u00e9 \u00ab\u00a0Spotlighting the Caribbean for Investment\u00a0\u00bb, le vice-premier ministre des Bahamas, Chester Cooper, a d\u00e9clar\u00e9 \u00e0 une salle de conf\u00e9rence comble que le forum \u00e9tait \u00ab\u00a0une excellente occasion\u00a0\u00bb pour l&rsquo;ensemble de la r\u00e9gion de mieux travailler ensemble.<\/p>\n\n<p>M. Cooper a d\u00e9clar\u00e9 : \u00ab\u00a0Dans un monde marqu\u00e9 par des changements et des d\u00e9fis constants, ce n&rsquo;est qu&rsquo;en collaborant en tant que famille carib\u00e9enne unie que nous pourrons r\u00e9aliser notre plein potentiel&#8230; Le d\u00e9veloppement \u00e9conomique est au c\u0153ur de nos aspirations collectives. La r\u00e9gion des Cara\u00efbes est riche en ressources naturelles et humaines et nous poss\u00e9dons les ingr\u00e9dients n\u00e9cessaires \u00e0 notre prosp\u00e9rit\u00e9 \u00e9conomique future, mais notre v\u00e9ritable potentiel ne peut \u00eatre lib\u00e9r\u00e9 que si nous travaillons ensemble. En nous unissant, nous pouvons constituer une formidable force \u00e9conomique\u00a0\u00bb.<\/p>\n\n<p>M. Cooper partage l&rsquo;enthousiasme du gouvernement baham\u00e9en quant au potentiel du forum \u00e0 placer les Cara\u00efbes au premier plan de la communaut\u00e9 mondiale des affaires. Il a d\u00e9clar\u00e9 : \u00ab\u00a0Des forums comme celui-ci sont essentiels pour que nous soyons tous d&rsquo;accord sur la mani\u00e8re de collaborer et d&rsquo;engager des investissements intersectoriels et transfrontaliers dans l&rsquo;ensemble de notre r\u00e9gion. Nous avons la possibilit\u00e9 de tirer parti de cette initiative et de faire front commun pour cr\u00e9er des emplois, d\u00e9velopper le commerce et am\u00e9liorer le niveau de vie de nos concitoyens.\u00a0\u00bb<\/p>\n\n<p>L&rsquo;un des temps forts de la premi\u00e8re journ\u00e9e a \u00e9t\u00e9 la pr\u00e9sentation de Paul Ahlstrom, directeur g\u00e9n\u00e9ral d&rsquo;Alta Ventures, sur l&rsquo;exploitation de l&rsquo;intelligence artificielle pour le d\u00e9veloppement \u00e9conomique. Au cours de sa pr\u00e9sentation, il a \u00e9tabli un parall\u00e8le frappant entre les donn\u00e9es et le p\u00e9trole, soulignant l&rsquo;immense valeur des donn\u00e9es \u00e0 l&rsquo;\u00e8re num\u00e9rique actuelle. Tout comme le p\u00e9trole a aliment\u00e9 la r\u00e9volution industrielle, les donn\u00e9es alimentent l&rsquo;\u00e9conomie de l&rsquo;information et offrent des avantages \u00e9conomiques et soci\u00e9taux substantiels lorsqu&rsquo;elles sont collect\u00e9es, trait\u00e9es et analys\u00e9es de mani\u00e8re efficace. En outre, M. Ahlstrom a soulign\u00e9 le r\u00f4le essentiel de l&rsquo;ing\u00e9nierie des donn\u00e9es dans l&rsquo;optimisation de l&rsquo;utilisation des donn\u00e9es gr\u00e2ce \u00e0 des processus tels que la collecte, le nettoyage, la transformation et l&rsquo;int\u00e9gration. M. Ahlstrom a d\u00e9clar\u00e9 : \u00ab\u00a0L&rsquo;innovation est le moteur de la croissance \u00e9conomique. Les Cara\u00efbes ont le potentiel pour \u00eatre \u00e0 la pointe de l&rsquo;innovation, et ce forum est une plateforme pour explorer les possibilit\u00e9s.\u00a0\u00bb Il a \u00e9galement pr\u00e9sent\u00e9 des exemples pratiques qui illustrent l&rsquo;application des donn\u00e9es \u00e0 la r\u00e9solution de probl\u00e8mes concrets, en soulignant le r\u00f4le essentiel de l&rsquo;imagination et de la cr\u00e9ativit\u00e9 dans l&rsquo;exploitation de leur potentiel.<\/p>\n\n<p>Le CIF 2023 se tiendra \u00e0 l&rsquo;Atlantis Paradise Island Resort \u00e0 Nassau. Il comprend des pr\u00e9sentations de haut niveau, des tables rondes, des \u00ab\u00a0Villages d&rsquo;investissement\u00a0\u00bb et des \u00e9v\u00e9nements parall\u00e8les exclusifs. L&rsquo;ordre du jour dynamique du forum couvre divers sujets d&rsquo;actualit\u00e9 tels que l&rsquo;intelligence artificielle, le financement dans les Cara\u00efbes post-COVID et la r\u00e9volution des \u00e9nergies renouvelables.<\/p>\n\n<p>Parmi les intervenants figurent John Eleoterio, directeur g\u00e9n\u00e9ral de Goldman Sachs Sustainability Banking Group, Aaron Bielenburg, directeur g\u00e9n\u00e9ral et associ\u00e9 du Boston Consulting Group, et Nicholas Brathwaite, associ\u00e9 fondateur de Celesta Capital.<\/p>\n\n<p>Il s&rsquo;agit de la deuxi\u00e8me \u00e9dition du Forum d&rsquo;investissement des Cara\u00efbes. L&rsquo;\u00e9v\u00e9nement de cette ann\u00e9e est organis\u00e9 par l&rsquo;Agence de d\u00e9veloppement des exportations des Cara\u00efbes, en collaboration avec le gouvernement des Bahamas, la CARICOM et la Banque de d\u00e9veloppement des Cara\u00efbes, et avec le soutien de plusieurs sponsors r\u00e9gionaux et de l&rsquo;initiative Global Gateway de l&rsquo;Union europ\u00e9enne.<\/p>\n\n<p>Visitez le site web du FIC 2023 pour plus d&rsquo;informations &#8211; <a href=\"http:\/\/www.caribbeaninvestmentforum.com\">www.caribbeaninvestmentforum.com<\/a><\/p>\n","protected":false},"excerpt":{"rendered":"<p>Transformer les Cara\u00efbes en une r\u00e9gion qui tire parti des talents de ses habitants et attire les investissements dans des projets commerciaux innovants, tel est l&rsquo;objectif du Forum d&rsquo;investissement des Cara\u00efbes 2023 (CIF 2023), qui a officiellement d\u00e9but\u00e9 hier (mardi 25 octobre) \u00e0 Nassau, aux Bahamas. Le FIC 2023 envisage \u00ab\u00a0une nouvelle Cara\u00efbe audacieuse\u00a0\u00bb o\u00f9 [&hellip;]<\/p>\n","protected":false},"author":9,"featured_media":315519,"menu_order":0,"template":"","tags":[],"class_list":["post-315541","news","type-news","status-publish","has-post-thumbnail","hentry"],"acf":[],"yoast_head":"<!-- This site is optimized with the Yoast SEO plugin v27.1.1 - https:\/\/yoast.com\/product\/yoast-seo-wordpress\/ -->\n<title>de Le Forum d&#039;investissement des Cara\u00efbes invite les investisseurs \u00e9trangers directs et les entreprises r\u00e9gionales \u00e0 construire &quot;une nouvelle Cara\u00efbe audacieuse&quot;. - Exportation Cara\u00efbes<\/title>\n<meta name=\"description\" content=\"Transformer les Cara\u00efbes en une r\u00e9gion qui tire parti des talents de ses habitants et attire les investissements dans des projets commerciaux innovants, tel est l&#039;objectif du Forum d&#039;investissement des Cara\u00efbes 2023 (CIF 2023), qui a officiellement d\u00e9but\u00e9 hier (mardi 25 octobre) \u00e0 Nassau, aux Bahamas.\" \/>\n<meta name=\"robots\" content=\"index, follow, max-snippet:-1, max-image-preview:large, max-video-preview:-1\" \/>\n<link rel=\"canonical\" href=\"https:\/\/content.carib-export.com\/fr\/news\/caribbean-investment-forum-invites-foreign-direct-investors-and-regional-businesses-to-build-a-bold-new-caribbean\/\" \/>\n<meta property=\"og:locale\" content=\"fr_FR\" \/>\n<meta property=\"og:type\" content=\"article\" \/>\n<meta property=\"og:title\" content=\"Le Forum d&#039;investissement des Cara\u00efbes invite les investisseurs \u00e9trangers directs et les entreprises r\u00e9gionales \u00e0 construire &quot;une nouvelle Cara\u00efbe audacieuse&quot;.\" \/>\n<meta property=\"og:description\" content=\"Transformer les Cara\u00efbes en une r\u00e9gion qui tire parti des talents de ses habitants et attire les investissements dans des projets commerciaux innovants, tel est l&#039;objectif du Forum d&#039;investissement des Cara\u00efbes 2023 (CIF 2023), qui a officiellement d\u00e9but\u00e9 hier (mardi 25 octobre) \u00e0 Nassau, aux Bahamas.\" \/>\n<meta property=\"og:url\" content=\"https:\/\/content.carib-export.com\/fr\/news\/caribbean-investment-forum-invites-foreign-direct-investors-and-regional-businesses-to-build-a-bold-new-caribbean\/\" \/>\n<meta property=\"og:site_name\" content=\"Exportation Cara\u00efbes\" \/>\n<meta property=\"article:publisher\" content=\"https:\/\/www.facebook.com\/CaribbeanExport\" \/>\n<meta property=\"article:modified_time\" content=\"2023-10-25T15:44:03+00:00\" \/>\n<meta property=\"og:image\" content=\"https:\/\/content.carib-export.com\/wp-content\/uploads\/2023\/10\/New-website-featured-image-1500-x-1125-35-1024x768.png\" \/>\n<meta name=\"twitter:card\" content=\"summary_large_image\" \/>\n<meta name=\"twitter:title\" content=\"Le Forum d&#039;investissement des Cara\u00efbes invite les investisseurs \u00e9trangers directs et les entreprises r\u00e9gionales \u00e0 construire &quot;une nouvelle Cara\u00efbe audacieuse&quot;.\" \/>\n<meta name=\"twitter:description\" content=\"Transformer les Cara\u00efbes en une r\u00e9gion qui tire parti des talents de ses habitants et attire les investissements dans des projets commerciaux innovants, tel est l&#039;objectif du Forum d&#039;investissement des Cara\u00efbes 2023 (CIF 2023), qui a officiellement d\u00e9but\u00e9 hier (mardi 25 octobre) \u00e0 Nassau, aux Bahamas.\" \/>\n<meta name=\"twitter:image\" content=\"https:\/\/content.carib-export.com\/wp-content\/uploads\/2023\/10\/New-website-featured-image-1500-x-1125-35-1024x768.png\" \/>\n<meta name=\"twitter:site\" content=\"@CaribXport\" \/>\n<meta name=\"twitter:label1\" content=\"Dur\u00e9e de lecture estim\u00e9e\" \/>\n\t<meta name=\"twitter:data1\" content=\"4 minutes\" \/>\n<script type=\"application\/ld+json\" class=\"yoast-schema-graph\">{\"@context\":\"https:\/\/schema.org\",\"@graph\":[{\"@type\":\"WebPage\",\"@id\":\"https:\/\/content.carib-export.com\/fr\/news\/caribbean-investment-forum-invites-foreign-direct-investors-and-regional-businesses-to-build-a-bold-new-caribbean\/\",\"url\":\"https:\/\/content.carib-export.com\/fr\/news\/caribbean-investment-forum-invites-foreign-direct-investors-and-regional-businesses-to-build-a-bold-new-caribbean\/\",\"name\":\"de Le Forum d'investissement des Cara\u00efbes invite les investisseurs \u00e9trangers directs et les entreprises r\u00e9gionales \u00e0 construire \\\"une nouvelle Cara\u00efbe audacieuse\\\". - Exportation Cara\u00efbes\",\"isPartOf\":{\"@id\":\"https:\/\/content.carib-export.com\/fr\/#website\"},\"primaryImageOfPage\":{\"@id\":\"https:\/\/content.carib-export.com\/fr\/news\/caribbean-investment-forum-invites-foreign-direct-investors-and-regional-businesses-to-build-a-bold-new-caribbean\/#primaryimage\"},\"image\":{\"@id\":\"https:\/\/content.carib-export.com\/fr\/news\/caribbean-investment-forum-invites-foreign-direct-investors-and-regional-businesses-to-build-a-bold-new-caribbean\/#primaryimage\"},\"thumbnailUrl\":\"https:\/\/content.carib-export.com\/wp-content\/uploads\/2023\/10\/New-website-featured-image-1500-x-1125-35.png\",\"datePublished\":\"2023-10-25T15:03:42+00:00\",\"dateModified\":\"2023-10-25T15:44:03+00:00\",\"description\":\"Transformer les Cara\u00efbes en une r\u00e9gion qui tire parti des talents de ses habitants et attire les investissements dans des projets commerciaux innovants, tel est l'objectif du Forum d'investissement des Cara\u00efbes 2023 (CIF 2023), qui a officiellement d\u00e9but\u00e9 hier (mardi 25 octobre) \u00e0 Nassau, aux Bahamas.\",\"breadcrumb\":{\"@id\":\"https:\/\/content.carib-export.com\/fr\/news\/caribbean-investment-forum-invites-foreign-direct-investors-and-regional-businesses-to-build-a-bold-new-caribbean\/#breadcrumb\"},\"inLanguage\":\"fr-FR\",\"potentialAction\":[{\"@type\":\"ReadAction\",\"target\":[\"https:\/\/content.carib-export.com\/fr\/news\/caribbean-investment-forum-invites-foreign-direct-investors-and-regional-businesses-to-build-a-bold-new-caribbean\/\"]}]},{\"@type\":\"ImageObject\",\"inLanguage\":\"fr-FR\",\"@id\":\"https:\/\/content.carib-export.com\/fr\/news\/caribbean-investment-forum-invites-foreign-direct-investors-and-regional-businesses-to-build-a-bold-new-caribbean\/#primaryimage\",\"url\":\"https:\/\/content.carib-export.com\/wp-content\/uploads\/2023\/10\/New-website-featured-image-1500-x-1125-35.png\",\"contentUrl\":\"https:\/\/content.carib-export.com\/wp-content\/uploads\/2023\/10\/New-website-featured-image-1500-x-1125-35.png\",\"width\":1500,\"height\":1125},{\"@type\":\"BreadcrumbList\",\"@id\":\"https:\/\/content.carib-export.com\/fr\/news\/caribbean-investment-forum-invites-foreign-direct-investors-and-regional-businesses-to-build-a-bold-new-caribbean\/#breadcrumb\",\"itemListElement\":[{\"@type\":\"ListItem\",\"position\":1,\"name\":\"Accueil\",\"item\":\"https:\/\/content.carib-export.com\/fr\/home\/\"},{\"@type\":\"ListItem\",\"position\":2,\"name\":\"News\",\"item\":\"https:\/\/content.carib-export.com\/fr\/news\/\"},{\"@type\":\"ListItem\",\"position\":3,\"name\":\"Le Forum d&#8217;investissement des Cara\u00efbes invite les investisseurs \u00e9trangers directs et les entreprises r\u00e9gionales \u00e0 construire &#8220;une nouvelle Cara\u00efbe audacieuse&#8221;.\"}]},{\"@type\":\"WebSite\",\"@id\":\"https:\/\/content.carib-export.com\/fr\/#website\",\"url\":\"https:\/\/content.carib-export.com\/fr\/\",\"name\":\"Exportation Cara\u00efbes\",\"description\":\"La seule agence r\u00e9gionale de promotion du commerce et des investissements du groupe Afrique, Cara\u00efbes et Pacifique.\",\"publisher\":{\"@id\":\"https:\/\/content.carib-export.com\/fr\/#organization\"},\"potentialAction\":[{\"@type\":\"SearchAction\",\"target\":{\"@type\":\"EntryPoint\",\"urlTemplate\":\"https:\/\/content.carib-export.com\/fr\/?s={search_term_string}\"},\"query-input\":{\"@type\":\"PropertyValueSpecification\",\"valueRequired\":true,\"valueName\":\"search_term_string\"}}],\"inLanguage\":\"fr-FR\"},{\"@type\":\"Organization\",\"@id\":\"https:\/\/content.carib-export.com\/fr\/#organization\",\"name\":\"Agence carib\u00e9enne de d\u00e9veloppement des exportations\",\"url\":\"https:\/\/content.carib-export.com\/fr\/\",\"logo\":{\"@type\":\"ImageObject\",\"inLanguage\":\"fr-FR\",\"@id\":\"https:\/\/content.carib-export.com\/fr\/#\/schema\/logo\/image\/\",\"url\":\"https:\/\/content.carib-export.com\/wp-content\/uploads\/2013\/03\/CE-Logo-2013.jpg\",\"contentUrl\":\"https:\/\/content.carib-export.com\/wp-content\/uploads\/2013\/03\/CE-Logo-2013.jpg\",\"width\":1024,\"height\":244,\"caption\":\"Agence carib\u00e9enne de d\u00e9veloppement des exportations\"},\"image\":{\"@id\":\"https:\/\/content.carib-export.com\/fr\/#\/schema\/logo\/image\/\"},\"sameAs\":[\"https:\/\/www.facebook.com\/CaribbeanExport\",\"https:\/\/x.com\/CaribXport\",\"https:\/\/www.instagram.com\/caribbeanexport\",\"https:\/\/www.linkedin.com\/company\/caribbeanexport\",\"https:\/\/www.youtube.com\/user\/TheCaribbeanExport\"]}]}<\/script>\n<!-- \/ Yoast SEO plugin. -->","yoast_head_json":{"title":"de Le Forum d'investissement des Cara\u00efbes invite les investisseurs \u00e9trangers directs et les entreprises r\u00e9gionales \u00e0 construire \"une nouvelle Cara\u00efbe audacieuse\". - Exportation Cara\u00efbes","description":"Transformer les Cara\u00efbes en une r\u00e9gion qui tire parti des talents de ses habitants et attire les investissements dans des projets commerciaux innovants, tel est l'objectif du Forum d'investissement des Cara\u00efbes 2023 (CIF 2023), qui a officiellement d\u00e9but\u00e9 hier (mardi 25 octobre) \u00e0 Nassau, aux Bahamas.","robots":{"index":"index","follow":"follow","max-snippet":"max-snippet:-1","max-image-preview":"max-image-preview:large","max-video-preview":"max-video-preview:-1"},"canonical":"https:\/\/content.carib-export.com\/fr\/news\/caribbean-investment-forum-invites-foreign-direct-investors-and-regional-businesses-to-build-a-bold-new-caribbean\/","og_locale":"fr_FR","og_type":"article","og_title":"Le Forum d'investissement des Cara\u00efbes invite les investisseurs \u00e9trangers directs et les entreprises r\u00e9gionales \u00e0 construire \"une nouvelle Cara\u00efbe audacieuse\".","og_description":"Transformer les Cara\u00efbes en une r\u00e9gion qui tire parti des talents de ses habitants et attire les investissements dans des projets commerciaux innovants, tel est l'objectif du Forum d'investissement des Cara\u00efbes 2023 (CIF 2023), qui a officiellement d\u00e9but\u00e9 hier (mardi 25 octobre) \u00e0 Nassau, aux Bahamas.","og_url":"https:\/\/content.carib-export.com\/fr\/news\/caribbean-investment-forum-invites-foreign-direct-investors-and-regional-businesses-to-build-a-bold-new-caribbean\/","og_site_name":"Exportation Cara\u00efbes","article_publisher":"https:\/\/www.facebook.com\/CaribbeanExport","article_modified_time":"2023-10-25T15:44:03+00:00","og_image":[{"url":"https:\/\/content.carib-export.com\/wp-content\/uploads\/2023\/10\/New-website-featured-image-1500-x-1125-35-1024x768.png","type":"","width":"","height":""}],"twitter_card":"summary_large_image","twitter_title":"Le Forum d'investissement des Cara\u00efbes invite les investisseurs \u00e9trangers directs et les entreprises r\u00e9gionales \u00e0 construire \"une nouvelle Cara\u00efbe audacieuse\".","twitter_description":"Transformer les Cara\u00efbes en une r\u00e9gion qui tire parti des talents de ses habitants et attire les investissements dans des projets commerciaux innovants, tel est l'objectif du Forum d'investissement des Cara\u00efbes 2023 (CIF 2023), qui a officiellement d\u00e9but\u00e9 hier (mardi 25 octobre) \u00e0 Nassau, aux Bahamas.","twitter_image":"https:\/\/content.carib-export.com\/wp-content\/uploads\/2023\/10\/New-website-featured-image-1500-x-1125-35-1024x768.png","twitter_site":"@CaribXport","twitter_misc":{"Dur\u00e9e de lecture estim\u00e9e":"4 minutes"},"schema":{"@context":"https:\/\/schema.org","@graph":[{"@type":"WebPage","@id":"https:\/\/content.carib-export.com\/fr\/news\/caribbean-investment-forum-invites-foreign-direct-investors-and-regional-businesses-to-build-a-bold-new-caribbean\/","url":"https:\/\/content.carib-export.com\/fr\/news\/caribbean-investment-forum-invites-foreign-direct-investors-and-regional-businesses-to-build-a-bold-new-caribbean\/","name":"de Le Forum d'investissement des Cara\u00efbes invite les investisseurs \u00e9trangers directs et les entreprises r\u00e9gionales \u00e0 construire \"une nouvelle Cara\u00efbe audacieuse\". - Exportation Cara\u00efbes","isPartOf":{"@id":"https:\/\/content.carib-export.com\/fr\/#website"},"primaryImageOfPage":{"@id":"https:\/\/content.carib-export.com\/fr\/news\/caribbean-investment-forum-invites-foreign-direct-investors-and-regional-businesses-to-build-a-bold-new-caribbean\/#primaryimage"},"image":{"@id":"https:\/\/content.carib-export.com\/fr\/news\/caribbean-investment-forum-invites-foreign-direct-investors-and-regional-businesses-to-build-a-bold-new-caribbean\/#primaryimage"},"thumbnailUrl":"https:\/\/content.carib-export.com\/wp-content\/uploads\/2023\/10\/New-website-featured-image-1500-x-1125-35.png","datePublished":"2023-10-25T15:03:42+00:00","dateModified":"2023-10-25T15:44:03+00:00","description":"Transformer les Cara\u00efbes en une r\u00e9gion qui tire parti des talents de ses habitants et attire les investissements dans des projets commerciaux innovants, tel est l'objectif du Forum d'investissement des Cara\u00efbes 2023 (CIF 2023), qui a officiellement d\u00e9but\u00e9 hier (mardi 25 octobre) \u00e0 Nassau, aux Bahamas.","breadcrumb":{"@id":"https:\/\/content.carib-export.com\/fr\/news\/caribbean-investment-forum-invites-foreign-direct-investors-and-regional-businesses-to-build-a-bold-new-caribbean\/#breadcrumb"},"inLanguage":"fr-FR","potentialAction":[{"@type":"ReadAction","target":["https:\/\/content.carib-export.com\/fr\/news\/caribbean-investment-forum-invites-foreign-direct-investors-and-regional-businesses-to-build-a-bold-new-caribbean\/"]}]},{"@type":"ImageObject","inLanguage":"fr-FR","@id":"https:\/\/content.carib-export.com\/fr\/news\/caribbean-investment-forum-invites-foreign-direct-investors-and-regional-businesses-to-build-a-bold-new-caribbean\/#primaryimage","url":"https:\/\/content.carib-export.com\/wp-content\/uploads\/2023\/10\/New-website-featured-image-1500-x-1125-35.png","contentUrl":"https:\/\/content.carib-export.com\/wp-content\/uploads\/2023\/10\/New-website-featured-image-1500-x-1125-35.png","width":1500,"height":1125},{"@type":"BreadcrumbList","@id":"https:\/\/content.carib-export.com\/fr\/news\/caribbean-investment-forum-invites-foreign-direct-investors-and-regional-businesses-to-build-a-bold-new-caribbean\/#breadcrumb","itemListElement":[{"@type":"ListItem","position":1,"name":"Accueil","item":"https:\/\/content.carib-export.com\/fr\/home\/"},{"@type":"ListItem","position":2,"name":"News","item":"https:\/\/content.carib-export.com\/fr\/news\/"},{"@type":"ListItem","position":3,"name":"Le Forum d&#8217;investissement des Cara\u00efbes invite les investisseurs \u00e9trangers directs et les entreprises r\u00e9gionales \u00e0 construire &#8220;une nouvelle Cara\u00efbe audacieuse&#8221;."}]},{"@type":"WebSite","@id":"https:\/\/content.carib-export.com\/fr\/#website","url":"https:\/\/content.carib-export.com\/fr\/","name":"Exportation Cara\u00efbes","description":"La seule agence r\u00e9gionale de promotion du commerce et des investissements du groupe Afrique, Cara\u00efbes et Pacifique.","publisher":{"@id":"https:\/\/content.carib-export.com\/fr\/#organization"},"potentialAction":[{"@type":"SearchAction","target":{"@type":"EntryPoint","urlTemplate":"https:\/\/content.carib-export.com\/fr\/?s={search_term_string}"},"query-input":{"@type":"PropertyValueSpecification","valueRequired":true,"valueName":"search_term_string"}}],"inLanguage":"fr-FR"},{"@type":"Organization","@id":"https:\/\/content.carib-export.com\/fr\/#organization","name":"Agence carib\u00e9enne de d\u00e9veloppement des exportations","url":"https:\/\/content.carib-export.com\/fr\/","logo":{"@type":"ImageObject","inLanguage":"fr-FR","@id":"https:\/\/content.carib-export.com\/fr\/#\/schema\/logo\/image\/","url":"https:\/\/content.carib-export.com\/wp-content\/uploads\/2013\/03\/CE-Logo-2013.jpg","contentUrl":"https:\/\/content.carib-export.com\/wp-content\/uploads\/2013\/03\/CE-Logo-2013.jpg","width":1024,"height":244,"caption":"Agence carib\u00e9enne de d\u00e9veloppement des exportations"},"image":{"@id":"https:\/\/content.carib-export.com\/fr\/#\/schema\/logo\/image\/"},"sameAs":["https:\/\/www.facebook.com\/CaribbeanExport","https:\/\/x.com\/CaribXport","https:\/\/www.instagram.com\/caribbeanexport","https:\/\/www.linkedin.com\/company\/caribbeanexport","https:\/\/www.youtube.com\/user\/TheCaribbeanExport"]}]}},"_links":{"self":[{"href":"https:\/\/content.carib-export.com\/fr\/wp-json\/wp\/v2\/news\/315541","targetHints":{"allow":["GET"]}}],"collection":[{"href":"https:\/\/content.carib-export.com\/fr\/wp-json\/wp\/v2\/news"}],"about":[{"href":"https:\/\/content.carib-export.com\/fr\/wp-json\/wp\/v2\/types\/news"}],"author":[{"embeddable":true,"href":"https:\/\/content.carib-export.com\/fr\/wp-json\/wp\/v2\/users\/9"}],"version-history":[{"count":0,"href":"https:\/\/content.carib-export.com\/fr\/wp-json\/wp\/v2\/news\/315541\/revisions"}],"wp:featuredmedia":[{"embeddable":true,"href":"https:\/\/content.carib-export.com\/fr\/wp-json\/wp\/v2\/media\/315519"}],"wp:attachment":[{"href":"https:\/\/content.carib-export.com\/fr\/wp-json\/wp\/v2\/media?parent=315541"}],"wp:term":[{"taxonomy":"post_tag","embeddable":true,"href":"https:\/\/content.carib-export.com\/fr\/wp-json\/wp\/v2\/tags?post=315541"}],"curies":[{"name":"wp","href":"https:\/\/api.w.org\/{rel}","templated":true}]}}