{"id":315611,"date":"2023-10-27T08:28:27","date_gmt":"2023-10-27T12:28:27","guid":{"rendered":"https:\/\/content.carib-export.com\/news\/caribbean-investment-forum-2023-ends-with-rallying-call-for-regions-public-and-private-sector-to-embrace-transformational-agenda\/"},"modified":"2023-10-27T08:32:04","modified_gmt":"2023-10-27T12:32:04","slug":"caribbean-investment-forum-2023-ends-with-rallying-call-for-regions-public-and-private-sector-to-embrace-transformational-agenda","status":"publish","type":"news","link":"https:\/\/content.carib-export.com\/fr\/news\/caribbean-investment-forum-2023-ends-with-rallying-call-for-regions-public-and-private-sector-to-embrace-transformational-agenda\/","title":{"rendered":"Le Caribbean Investment Forum 2023 s&rsquo;ach\u00e8ve sur un appel au ralliement des secteurs public et priv\u00e9 de la r\u00e9gion \u00e0 un programme de transformation"},"content":{"rendered":"\n<ul class=\"wp-block-list\">\n<li>Le Forum d&rsquo;investissement des Cara\u00efbes 2023 (FIC 2023), qui a connu un grand succ\u00e8s, se termine \u00e0 Nassau (Bahamas)<\/li>\n\n\n\n<li>La deuxi\u00e8me journ\u00e9e du FIC 2023 a \u00e9t\u00e9 marqu\u00e9e par une table ronde minist\u00e9rielle, des d\u00e9bats d&rsquo;experts et des pr\u00e9sentations de pays.<\/li>\n\n\n\n<li>La R\u00e9publique coop\u00e9rative de Guyane accueillera le Forum d&rsquo;investissement des Cara\u00efbes en 2024<\/li>\n<\/ul>\n\n<p>L&rsquo;innovation, la transformation, la diversification et la collaboration ont \u00e9t\u00e9 les mots de la journ\u00e9e lors de la cl\u00f4ture du Forum d&rsquo;investissement des Cara\u00efbes 2023 (FIC 2023) \u00e0 Nassau, aux Bahamas, le mercredi 25 octobre.<\/p>\n\n<p>Cette conf\u00e9rence r\u00e9gionale influente, qui a attir\u00e9 plus de 500 d\u00e9l\u00e9gu\u00e9s commerciaux repr\u00e9sentant 40 pays, a \u00e9t\u00e9 organis\u00e9e \u00e0 l&rsquo;Atlantis Resort par l&rsquo;Agence de d\u00e9veloppement des exportations des Cara\u00efbes (Caribbean Export) avec le soutien du gouvernement des Bahamas, de la CARICOM, de la Banque de d\u00e9veloppement des Cara\u00efbes et de l&rsquo;initiative Global Gateway de l&rsquo;Union europ\u00e9enne.<\/p>\n\n<p>La deuxi\u00e8me journ\u00e9e du CIF 2023 a d\u00e9but\u00e9 par une table ronde minist\u00e9rielle de haut niveau anim\u00e9e par le directeur ex\u00e9cutif de Caribbean Export, Deodat Maharaj, et r\u00e9unissant le vice-premier ministre et ministre du tourisme, des investissements et de l&rsquo;aviation des Bahamas, Chester Cooper ; le ministre du tourisme, de l&rsquo;industrie et du commerce du Guyana, Oneidge Walrond ; et le ministre de l&rsquo;\u00e9conomie, de la planification et du d\u00e9veloppement de la R\u00e9publique dominicaine, Pavel Isa Contreras.<\/p>\n\n<p>La discussion d&rsquo;une heure intitul\u00e9e \u00ab\u00a0The Trade Investment Nexus Towards Creating a Bold New Caribbean\u00a0\u00bb a abord\u00e9 un large \u00e9ventail de questions ayant un impact sur la capacit\u00e9 des Cara\u00efbes \u00e0 faire des affaires et \u00e0 attirer des investissements.<\/p>\n\n<p>Le vice-premier ministre des Bahamas, Chester Cooper, a expliqu\u00e9 comment les Bahamas ont r\u00e9ussi \u00e0 attirer 8 milliards de dollars (US) d&rsquo;investissements directs \u00e9trangers au cours des deux derni\u00e8res ann\u00e9es. Il a d\u00e9clar\u00e9 : \u00ab\u00a0Notre r\u00e9putation internationale en mati\u00e8re de tourisme et de services financiers, le don de Dieu que constitue notre proximit\u00e9 avec les \u00c9tats-Unis ont \u00e9t\u00e9 utiles, de m\u00eame qu&rsquo;une \u00e9conomie en croissance, un environnement politique stable et une grande r\u00e9putation internationale en mati\u00e8re de cadre de travail, mais il doit y avoir un imp\u00e9ratif politique d\u00e8s le d\u00e9part&#8230;<\/p>\n\n<p>M. Cooper a ajout\u00e9 : \u00ab\u00a0Lorsque le gouvernement est entr\u00e9 en fonction, le Premier ministre a d\u00e9clar\u00e9 que les Bahamas \u00e9taient \u00ab\u00a0ouvertes aux affaires\u00a0\u00bb et cette simple d\u00e9claration \u00e9tait une invitation au monde \u00e0 participer \u00e0 une \u00e9conomie tr\u00e8s ouverte, \u00e0 un environnement accueillant o\u00f9 nous disposons d&rsquo;un cadre qui facilite g\u00e9n\u00e9ralement les affaires. Cette d\u00e9claration, et la facilitation pour y parvenir, ont \u00e9galement jou\u00e9 un r\u00f4le cl\u00e9\u00a0\u00bb.<\/p>\n\n<p>Mme Walrond a \u00e9voqu\u00e9 les efforts d\u00e9ploy\u00e9s actuellement en Guyane pour diversifier l&rsquo;\u00e9conomie au-del\u00e0 du p\u00e9trole. Elle a expliqu\u00e9 comment les ressources p\u00e9troli\u00e8res sont utilis\u00e9es pour d\u00e9velopper et soutenir d&rsquo;autres secteurs, notamment l&rsquo;agriculture et les TIC, et a indiqu\u00e9 que le FMI, dans un r\u00e9cent rapport national, a salu\u00e9 les efforts de la Guyane et l&rsquo;a consid\u00e9r\u00e9e comme un mod\u00e8le de d\u00e9veloppement.<\/p>\n\n<p>En R\u00e9publique dominicaine, M. Isa Contreras a soulign\u00e9 les efforts d\u00e9ploy\u00e9s par le pays pour adopter l&rsquo;\u00e9nergie verte. Il a r\u00e9v\u00e9l\u00e9 que le pays est en bonne voie pour produire un quart de son \u00e9lectricit\u00e9 \u00e0 partir de sources d&rsquo;\u00e9nergie renouvelables en 2025, ce qui a \u00e9t\u00e9 facilit\u00e9 par l&rsquo;introduction d&rsquo;une l\u00e9gislation offrant plusieurs incitations aux particuliers et aux entreprises.<\/p>\n\n<p>Il a \u00e9galement expliqu\u00e9 comment la R\u00e9publique dominicaine s&rsquo;attend \u00e0 recevoir 4,5 milliards de dollars (US) d&rsquo;investissements directs \u00e9trangers en 2023. Il a d\u00e9clar\u00e9 : \u00ab\u00a0La cl\u00e9, c&rsquo;est la confiance : \u00ab\u00a0La cl\u00e9, c&rsquo;est la confiance. Les investisseurs nationaux et internationaux font preuve d&rsquo;une grande confiance&#8230; Il s&rsquo;agit \u00e9galement d&rsquo;une question de diversification. L&rsquo;\u00e9conomie dominicaine, m\u00eame si son secteur le plus connu est le tourisme, poss\u00e8de un secteur industriel national solide, un secteur des services et des t\u00e9l\u00e9communications, ainsi qu&rsquo;une agriculture. L&rsquo;investissement direct \u00e9tranger est pr\u00e9sent dans tous ces secteurs\u00a0\u00bb.<\/p>\n\n<p>L&rsquo;ordre du jour de la deuxi\u00e8me journ\u00e9e du forum, qui a suscit\u00e9 la r\u00e9flexion, comprenait \u00e9galement une pr\u00e9sentation de l&rsquo;associ\u00e9 fondateur de Celesta Capital, le Dr Nicholas Brathwaite, sur le th\u00e8me \u00ab\u00a0Preparing the Caribbean&rsquo;s Next Unicorn : Les technologies de rupture et l&rsquo;\u00e9cosyst\u00e8me du capital-risque\u00a0\u00bb.<\/p>\n\n<p>Deux tables rondes anim\u00e9es par des entrepreneurs et des chefs d&rsquo;entreprise des Cara\u00efbes, intitul\u00e9es \u00ab\u00a0Unpacking the Bold New Caribbean &#8211; What it takes to Evolve and Become\u00a0\u00bb (D\u00e9couvrir les nouvelles Cara\u00efbes audacieuses &#8211; ce qu&rsquo;il faut faire pour \u00e9voluer et devenir) et \u00ab\u00a0Ships May Even Fly : Promouvoir l&rsquo;investissement dans la logistique et le transport\u00a0\u00bb \u00e9taient \u00e9galement au programme de la deuxi\u00e8me journ\u00e9e, avant que l&rsquo;\u00e9v\u00e9nement ne se termine par des r\u00e9unions d&rsquo;affaires et des possibilit\u00e9s de mise en r\u00e9seau.<\/p>\n\n<p>Il a \u00e9galement \u00e9t\u00e9 annonc\u00e9 que la R\u00e9publique coop\u00e9rative de Guyane accueillerait l&rsquo;ann\u00e9e prochaine le Forum d&rsquo;investissement des Cara\u00efbes.<\/p>\n\n<p>Pour plus d&rsquo;informations, visitez le site officiel du CIF 2023 : <a href=\"https:\/\/www.caribbeaninvestmentforum.com\/\">www.caribbeaninvestmentforum.com.<\/a><\/p>\n\n<p><\/p>\n","protected":false},"excerpt":{"rendered":"<p>L&rsquo;innovation, la transformation, la diversification et la collaboration ont \u00e9t\u00e9 les mots de la journ\u00e9e lors de la cl\u00f4ture du Forum d&rsquo;investissement des Cara\u00efbes 2023 (FIC 2023) \u00e0 Nassau, aux Bahamas, le mercredi 25 octobre. Cette conf\u00e9rence r\u00e9gionale influente, qui a attir\u00e9 plus de 500 d\u00e9l\u00e9gu\u00e9s commerciaux repr\u00e9sentant 40 pays, a \u00e9t\u00e9 organis\u00e9e \u00e0 l&rsquo;Atlantis [&hellip;]<\/p>\n","protected":false},"author":9,"featured_media":315599,"menu_order":0,"template":"","tags":[],"class_list":["post-315611","news","type-news","status-publish","has-post-thumbnail","hentry"],"acf":[],"yoast_head":"<!-- This site is optimized with the Yoast SEO plugin v27.1.1 - https:\/\/yoast.com\/product\/yoast-seo-wordpress\/ -->\n<title>de Le Caribbean Investment Forum 2023 s&#039;ach\u00e8ve sur un appel au ralliement des secteurs public et priv\u00e9 de la r\u00e9gion \u00e0 un programme de transformation - Exportation Cara\u00efbes<\/title>\n<meta name=\"description\" content=\"L&#039;innovation, la transformation, la diversification et la collaboration ont \u00e9t\u00e9 les mots de la journ\u00e9e lors de la cl\u00f4ture du Caribbean Investment Forum 2023 (CIF 2023) \u00e0 Nassau, aux Bahamas, le mercredi 25 octobre.\" \/>\n<meta name=\"robots\" content=\"index, follow, max-snippet:-1, max-image-preview:large, max-video-preview:-1\" \/>\n<link rel=\"canonical\" href=\"https:\/\/content.carib-export.com\/fr\/news\/caribbean-investment-forum-2023-ends-with-rallying-call-for-regions-public-and-private-sector-to-embrace-transformational-agenda\/\" \/>\n<meta property=\"og:locale\" content=\"fr_FR\" \/>\n<meta property=\"og:type\" content=\"article\" \/>\n<meta property=\"og:title\" content=\"Le Caribbean Investment Forum 2023 s&#039;ach\u00e8ve sur un appel au ralliement des secteurs public et priv\u00e9 de la r\u00e9gion \u00e0 un programme de transformation\" \/>\n<meta property=\"og:description\" content=\"L&#039;innovation, la transformation, la diversification et la collaboration ont \u00e9t\u00e9 les mots de la journ\u00e9e lors de la cl\u00f4ture du Caribbean Investment Forum 2023 (CIF 2023) \u00e0 Nassau, aux Bahamas, le mercredi 25 octobre.\" \/>\n<meta property=\"og:url\" content=\"https:\/\/content.carib-export.com\/fr\/news\/caribbean-investment-forum-2023-ends-with-rallying-call-for-regions-public-and-private-sector-to-embrace-transformational-agenda\/\" \/>\n<meta property=\"og:site_name\" content=\"Exportation Cara\u00efbes\" \/>\n<meta property=\"article:publisher\" content=\"https:\/\/www.facebook.com\/CaribbeanExport\" \/>\n<meta property=\"article:modified_time\" content=\"2023-10-27T12:32:04+00:00\" \/>\n<meta property=\"og:image\" content=\"https:\/\/content.carib-export.com\/wp-content\/uploads\/2023\/10\/New-website-featured-image-1500-x-1125-36-1024x768.png\" \/>\n<meta name=\"twitter:card\" content=\"summary_large_image\" \/>\n<meta name=\"twitter:title\" content=\"Le Caribbean Investment Forum 2023 s&#039;ach\u00e8ve sur un appel au ralliement des secteurs public et priv\u00e9 de la r\u00e9gion \u00e0 un programme de transformation\" \/>\n<meta name=\"twitter:description\" content=\"L&#039;innovation, la transformation, la diversification et la collaboration ont \u00e9t\u00e9 les mots de la journ\u00e9e lors de la cl\u00f4ture du Caribbean Investment Forum 2023 (CIF 2023) \u00e0 Nassau, aux Bahamas, le mercredi 25 octobre.\" \/>\n<meta name=\"twitter:image\" content=\"https:\/\/content.carib-export.com\/wp-content\/uploads\/2023\/10\/New-website-featured-image-1500-x-1125-36-1024x768.png\" \/>\n<meta name=\"twitter:site\" content=\"@CaribXport\" \/>\n<meta name=\"twitter:label1\" content=\"Dur\u00e9e de lecture estim\u00e9e\" \/>\n\t<meta name=\"twitter:data1\" content=\"4 minutes\" \/>\n<script type=\"application\/ld+json\" class=\"yoast-schema-graph\">{\"@context\":\"https:\/\/schema.org\",\"@graph\":[{\"@type\":\"WebPage\",\"@id\":\"https:\/\/content.carib-export.com\/fr\/news\/caribbean-investment-forum-2023-ends-with-rallying-call-for-regions-public-and-private-sector-to-embrace-transformational-agenda\/\",\"url\":\"https:\/\/content.carib-export.com\/fr\/news\/caribbean-investment-forum-2023-ends-with-rallying-call-for-regions-public-and-private-sector-to-embrace-transformational-agenda\/\",\"name\":\"de Le Caribbean Investment Forum 2023 s'ach\u00e8ve sur un appel au ralliement des secteurs public et priv\u00e9 de la r\u00e9gion \u00e0 un programme de transformation - Exportation Cara\u00efbes\",\"isPartOf\":{\"@id\":\"https:\/\/content.carib-export.com\/fr\/#website\"},\"primaryImageOfPage\":{\"@id\":\"https:\/\/content.carib-export.com\/fr\/news\/caribbean-investment-forum-2023-ends-with-rallying-call-for-regions-public-and-private-sector-to-embrace-transformational-agenda\/#primaryimage\"},\"image\":{\"@id\":\"https:\/\/content.carib-export.com\/fr\/news\/caribbean-investment-forum-2023-ends-with-rallying-call-for-regions-public-and-private-sector-to-embrace-transformational-agenda\/#primaryimage\"},\"thumbnailUrl\":\"https:\/\/content.carib-export.com\/wp-content\/uploads\/2023\/10\/New-website-featured-image-1500-x-1125-36.png\",\"datePublished\":\"2023-10-27T12:28:27+00:00\",\"dateModified\":\"2023-10-27T12:32:04+00:00\",\"description\":\"L'innovation, la transformation, la diversification et la collaboration ont \u00e9t\u00e9 les mots de la journ\u00e9e lors de la cl\u00f4ture du Caribbean Investment Forum 2023 (CIF 2023) \u00e0 Nassau, aux Bahamas, le mercredi 25 octobre.\",\"breadcrumb\":{\"@id\":\"https:\/\/content.carib-export.com\/fr\/news\/caribbean-investment-forum-2023-ends-with-rallying-call-for-regions-public-and-private-sector-to-embrace-transformational-agenda\/#breadcrumb\"},\"inLanguage\":\"fr-FR\",\"potentialAction\":[{\"@type\":\"ReadAction\",\"target\":[\"https:\/\/content.carib-export.com\/fr\/news\/caribbean-investment-forum-2023-ends-with-rallying-call-for-regions-public-and-private-sector-to-embrace-transformational-agenda\/\"]}]},{\"@type\":\"ImageObject\",\"inLanguage\":\"fr-FR\",\"@id\":\"https:\/\/content.carib-export.com\/fr\/news\/caribbean-investment-forum-2023-ends-with-rallying-call-for-regions-public-and-private-sector-to-embrace-transformational-agenda\/#primaryimage\",\"url\":\"https:\/\/content.carib-export.com\/wp-content\/uploads\/2023\/10\/New-website-featured-image-1500-x-1125-36.png\",\"contentUrl\":\"https:\/\/content.carib-export.com\/wp-content\/uploads\/2023\/10\/New-website-featured-image-1500-x-1125-36.png\",\"width\":1500,\"height\":1125},{\"@type\":\"BreadcrumbList\",\"@id\":\"https:\/\/content.carib-export.com\/fr\/news\/caribbean-investment-forum-2023-ends-with-rallying-call-for-regions-public-and-private-sector-to-embrace-transformational-agenda\/#breadcrumb\",\"itemListElement\":[{\"@type\":\"ListItem\",\"position\":1,\"name\":\"Accueil\",\"item\":\"https:\/\/content.carib-export.com\/fr\/home\/\"},{\"@type\":\"ListItem\",\"position\":2,\"name\":\"News\",\"item\":\"https:\/\/content.carib-export.com\/fr\/news\/\"},{\"@type\":\"ListItem\",\"position\":3,\"name\":\"Le Caribbean Investment Forum 2023 s&#8217;ach\u00e8ve sur un appel au ralliement des secteurs public et priv\u00e9 de la r\u00e9gion \u00e0 un programme de transformation\"}]},{\"@type\":\"WebSite\",\"@id\":\"https:\/\/content.carib-export.com\/fr\/#website\",\"url\":\"https:\/\/content.carib-export.com\/fr\/\",\"name\":\"Exportation Cara\u00efbes\",\"description\":\"La seule agence r\u00e9gionale de promotion du commerce et des investissements du groupe Afrique, Cara\u00efbes et Pacifique.\",\"publisher\":{\"@id\":\"https:\/\/content.carib-export.com\/fr\/#organization\"},\"potentialAction\":[{\"@type\":\"SearchAction\",\"target\":{\"@type\":\"EntryPoint\",\"urlTemplate\":\"https:\/\/content.carib-export.com\/fr\/?s={search_term_string}\"},\"query-input\":{\"@type\":\"PropertyValueSpecification\",\"valueRequired\":true,\"valueName\":\"search_term_string\"}}],\"inLanguage\":\"fr-FR\"},{\"@type\":\"Organization\",\"@id\":\"https:\/\/content.carib-export.com\/fr\/#organization\",\"name\":\"Agence carib\u00e9enne de d\u00e9veloppement des exportations\",\"url\":\"https:\/\/content.carib-export.com\/fr\/\",\"logo\":{\"@type\":\"ImageObject\",\"inLanguage\":\"fr-FR\",\"@id\":\"https:\/\/content.carib-export.com\/fr\/#\/schema\/logo\/image\/\",\"url\":\"https:\/\/content.carib-export.com\/wp-content\/uploads\/2013\/03\/CE-Logo-2013.jpg\",\"contentUrl\":\"https:\/\/content.carib-export.com\/wp-content\/uploads\/2013\/03\/CE-Logo-2013.jpg\",\"width\":1024,\"height\":244,\"caption\":\"Agence carib\u00e9enne de d\u00e9veloppement des exportations\"},\"image\":{\"@id\":\"https:\/\/content.carib-export.com\/fr\/#\/schema\/logo\/image\/\"},\"sameAs\":[\"https:\/\/www.facebook.com\/CaribbeanExport\",\"https:\/\/x.com\/CaribXport\",\"https:\/\/www.instagram.com\/caribbeanexport\",\"https:\/\/www.linkedin.com\/company\/caribbeanexport\",\"https:\/\/www.youtube.com\/user\/TheCaribbeanExport\"]}]}<\/script>\n<!-- \/ Yoast SEO plugin. -->","yoast_head_json":{"title":"de Le Caribbean Investment Forum 2023 s'ach\u00e8ve sur un appel au ralliement des secteurs public et priv\u00e9 de la r\u00e9gion \u00e0 un programme de transformation - Exportation Cara\u00efbes","description":"L'innovation, la transformation, la diversification et la collaboration ont \u00e9t\u00e9 les mots de la journ\u00e9e lors de la cl\u00f4ture du Caribbean Investment Forum 2023 (CIF 2023) \u00e0 Nassau, aux Bahamas, le mercredi 25 octobre.","robots":{"index":"index","follow":"follow","max-snippet":"max-snippet:-1","max-image-preview":"max-image-preview:large","max-video-preview":"max-video-preview:-1"},"canonical":"https:\/\/content.carib-export.com\/fr\/news\/caribbean-investment-forum-2023-ends-with-rallying-call-for-regions-public-and-private-sector-to-embrace-transformational-agenda\/","og_locale":"fr_FR","og_type":"article","og_title":"Le Caribbean Investment Forum 2023 s'ach\u00e8ve sur un appel au ralliement des secteurs public et priv\u00e9 de la r\u00e9gion \u00e0 un programme de transformation","og_description":"L'innovation, la transformation, la diversification et la collaboration ont \u00e9t\u00e9 les mots de la journ\u00e9e lors de la cl\u00f4ture du Caribbean Investment Forum 2023 (CIF 2023) \u00e0 Nassau, aux Bahamas, le mercredi 25 octobre.","og_url":"https:\/\/content.carib-export.com\/fr\/news\/caribbean-investment-forum-2023-ends-with-rallying-call-for-regions-public-and-private-sector-to-embrace-transformational-agenda\/","og_site_name":"Exportation Cara\u00efbes","article_publisher":"https:\/\/www.facebook.com\/CaribbeanExport","article_modified_time":"2023-10-27T12:32:04+00:00","og_image":[{"url":"https:\/\/content.carib-export.com\/wp-content\/uploads\/2023\/10\/New-website-featured-image-1500-x-1125-36-1024x768.png","type":"","width":"","height":""}],"twitter_card":"summary_large_image","twitter_title":"Le Caribbean Investment Forum 2023 s'ach\u00e8ve sur un appel au ralliement des secteurs public et priv\u00e9 de la r\u00e9gion \u00e0 un programme de transformation","twitter_description":"L'innovation, la transformation, la diversification et la collaboration ont \u00e9t\u00e9 les mots de la journ\u00e9e lors de la cl\u00f4ture du Caribbean Investment Forum 2023 (CIF 2023) \u00e0 Nassau, aux Bahamas, le mercredi 25 octobre.","twitter_image":"https:\/\/content.carib-export.com\/wp-content\/uploads\/2023\/10\/New-website-featured-image-1500-x-1125-36-1024x768.png","twitter_site":"@CaribXport","twitter_misc":{"Dur\u00e9e de lecture estim\u00e9e":"4 minutes"},"schema":{"@context":"https:\/\/schema.org","@graph":[{"@type":"WebPage","@id":"https:\/\/content.carib-export.com\/fr\/news\/caribbean-investment-forum-2023-ends-with-rallying-call-for-regions-public-and-private-sector-to-embrace-transformational-agenda\/","url":"https:\/\/content.carib-export.com\/fr\/news\/caribbean-investment-forum-2023-ends-with-rallying-call-for-regions-public-and-private-sector-to-embrace-transformational-agenda\/","name":"de Le Caribbean Investment Forum 2023 s'ach\u00e8ve sur un appel au ralliement des secteurs public et priv\u00e9 de la r\u00e9gion \u00e0 un programme de transformation - Exportation Cara\u00efbes","isPartOf":{"@id":"https:\/\/content.carib-export.com\/fr\/#website"},"primaryImageOfPage":{"@id":"https:\/\/content.carib-export.com\/fr\/news\/caribbean-investment-forum-2023-ends-with-rallying-call-for-regions-public-and-private-sector-to-embrace-transformational-agenda\/#primaryimage"},"image":{"@id":"https:\/\/content.carib-export.com\/fr\/news\/caribbean-investment-forum-2023-ends-with-rallying-call-for-regions-public-and-private-sector-to-embrace-transformational-agenda\/#primaryimage"},"thumbnailUrl":"https:\/\/content.carib-export.com\/wp-content\/uploads\/2023\/10\/New-website-featured-image-1500-x-1125-36.png","datePublished":"2023-10-27T12:28:27+00:00","dateModified":"2023-10-27T12:32:04+00:00","description":"L'innovation, la transformation, la diversification et la collaboration ont \u00e9t\u00e9 les mots de la journ\u00e9e lors de la cl\u00f4ture du Caribbean Investment Forum 2023 (CIF 2023) \u00e0 Nassau, aux Bahamas, le mercredi 25 octobre.","breadcrumb":{"@id":"https:\/\/content.carib-export.com\/fr\/news\/caribbean-investment-forum-2023-ends-with-rallying-call-for-regions-public-and-private-sector-to-embrace-transformational-agenda\/#breadcrumb"},"inLanguage":"fr-FR","potentialAction":[{"@type":"ReadAction","target":["https:\/\/content.carib-export.com\/fr\/news\/caribbean-investment-forum-2023-ends-with-rallying-call-for-regions-public-and-private-sector-to-embrace-transformational-agenda\/"]}]},{"@type":"ImageObject","inLanguage":"fr-FR","@id":"https:\/\/content.carib-export.com\/fr\/news\/caribbean-investment-forum-2023-ends-with-rallying-call-for-regions-public-and-private-sector-to-embrace-transformational-agenda\/#primaryimage","url":"https:\/\/content.carib-export.com\/wp-content\/uploads\/2023\/10\/New-website-featured-image-1500-x-1125-36.png","contentUrl":"https:\/\/content.carib-export.com\/wp-content\/uploads\/2023\/10\/New-website-featured-image-1500-x-1125-36.png","width":1500,"height":1125},{"@type":"BreadcrumbList","@id":"https:\/\/content.carib-export.com\/fr\/news\/caribbean-investment-forum-2023-ends-with-rallying-call-for-regions-public-and-private-sector-to-embrace-transformational-agenda\/#breadcrumb","itemListElement":[{"@type":"ListItem","position":1,"name":"Accueil","item":"https:\/\/content.carib-export.com\/fr\/home\/"},{"@type":"ListItem","position":2,"name":"News","item":"https:\/\/content.carib-export.com\/fr\/news\/"},{"@type":"ListItem","position":3,"name":"Le Caribbean Investment Forum 2023 s&#8217;ach\u00e8ve sur un appel au ralliement des secteurs public et priv\u00e9 de la r\u00e9gion \u00e0 un programme de transformation"}]},{"@type":"WebSite","@id":"https:\/\/content.carib-export.com\/fr\/#website","url":"https:\/\/content.carib-export.com\/fr\/","name":"Exportation Cara\u00efbes","description":"La seule agence r\u00e9gionale de promotion du commerce et des investissements du groupe Afrique, Cara\u00efbes et Pacifique.","publisher":{"@id":"https:\/\/content.carib-export.com\/fr\/#organization"},"potentialAction":[{"@type":"SearchAction","target":{"@type":"EntryPoint","urlTemplate":"https:\/\/content.carib-export.com\/fr\/?s={search_term_string}"},"query-input":{"@type":"PropertyValueSpecification","valueRequired":true,"valueName":"search_term_string"}}],"inLanguage":"fr-FR"},{"@type":"Organization","@id":"https:\/\/content.carib-export.com\/fr\/#organization","name":"Agence carib\u00e9enne de d\u00e9veloppement des exportations","url":"https:\/\/content.carib-export.com\/fr\/","logo":{"@type":"ImageObject","inLanguage":"fr-FR","@id":"https:\/\/content.carib-export.com\/fr\/#\/schema\/logo\/image\/","url":"https:\/\/content.carib-export.com\/wp-content\/uploads\/2013\/03\/CE-Logo-2013.jpg","contentUrl":"https:\/\/content.carib-export.com\/wp-content\/uploads\/2013\/03\/CE-Logo-2013.jpg","width":1024,"height":244,"caption":"Agence carib\u00e9enne de d\u00e9veloppement des exportations"},"image":{"@id":"https:\/\/content.carib-export.com\/fr\/#\/schema\/logo\/image\/"},"sameAs":["https:\/\/www.facebook.com\/CaribbeanExport","https:\/\/x.com\/CaribXport","https:\/\/www.instagram.com\/caribbeanexport","https:\/\/www.linkedin.com\/company\/caribbeanexport","https:\/\/www.youtube.com\/user\/TheCaribbeanExport"]}]}},"_links":{"self":[{"href":"https:\/\/content.carib-export.com\/fr\/wp-json\/wp\/v2\/news\/315611","targetHints":{"allow":["GET"]}}],"collection":[{"href":"https:\/\/content.carib-export.com\/fr\/wp-json\/wp\/v2\/news"}],"about":[{"href":"https:\/\/content.carib-export.com\/fr\/wp-json\/wp\/v2\/types\/news"}],"author":[{"embeddable":true,"href":"https:\/\/content.carib-export.com\/fr\/wp-json\/wp\/v2\/users\/9"}],"version-history":[{"count":0,"href":"https:\/\/content.carib-export.com\/fr\/wp-json\/wp\/v2\/news\/315611\/revisions"}],"wp:featuredmedia":[{"embeddable":true,"href":"https:\/\/content.carib-export.com\/fr\/wp-json\/wp\/v2\/media\/315599"}],"wp:attachment":[{"href":"https:\/\/content.carib-export.com\/fr\/wp-json\/wp\/v2\/media?parent=315611"}],"wp:term":[{"taxonomy":"post_tag","embeddable":true,"href":"https:\/\/content.carib-export.com\/fr\/wp-json\/wp\/v2\/tags?post=315611"}],"curies":[{"name":"wp","href":"https:\/\/api.w.org\/{rel}","templated":true}]}}