{"id":378526,"date":"2025-05-19T13:04:57","date_gmt":"2025-05-19T17:04:57","guid":{"rendered":"https:\/\/content.carib-export.com\/news\/absolutely-caribbean-showcasing-functional-and-sustainable-nutrition-at-vitafoods-europe\/"},"modified":"2025-05-19T13:10:36","modified_gmt":"2025-05-19T17:10:36","slug":"absolutely-caribbean-showcasing-functional-and-sustainable-nutrition-at-vitafoods-europe","status":"publish","type":"news","link":"https:\/\/content.carib-export.com\/fr\/news\/absolutely-caribbean-showcasing-functional-and-sustainable-nutrition-at-vitafoods-europe\/","title":{"rendered":"Absolutely Caribbean : Pr\u00e9sentation de la nutrition fonctionnelle et durable \u00e0 Vitafoods Europe"},"content":{"rendered":"\n<p>Des champs de cacao de Trinit\u00e9-et-Tobago et de la R\u00e9publique dominicaine aux cuisines anim\u00e9es de la Jama\u00efque, l&rsquo;innovation carib\u00e9enne en mati\u00e8re d&rsquo;aliments di\u00e9t\u00e9tiques est sur le point d&rsquo;avoir un impact sur la sc\u00e8ne mondiale. Du 20 au 22 mai, quatre agro-transformateurs de la r\u00e9gion pr\u00e9senteront des saveurs audacieuses et des ingr\u00e9dients fonctionnels et mettront en avant leurs pratiques durables \u00e0 l&rsquo;occasion de Vitafoods Europe 2025 \u00e0 Barcelone, l&rsquo;un des principaux \u00e9v\u00e9nements mondiaux pour l&rsquo;industrie de la sant\u00e9 et de la nutrition. <\/p>\n\n<p>Soutenu par l&rsquo;Agence de d\u00e9veloppement des exportations des Cara\u00efbes (Caribbean Export) et l&rsquo;Union europ\u00e9enne sous la marque Absolutely Caribbean, cet \u00e9v\u00e9nement constitue une plateforme strat\u00e9gique permettant aux entreprises participantes d&rsquo;entrer directement en contact avec des acheteurs europ\u00e9ens, de nouer des relations commerciales et d&rsquo;obtenir des informations pr\u00e9cieuses sur le march\u00e9.<\/p>\n\n<p>Les entreprises s\u00e9lectionn\u00e9es &#8211; Benlar Foods (Jama\u00efque), Kahkow (R\u00e9publique dominicaine), Kairi Chocolate Company Limited (Trinit\u00e9-et-Tobago) et Veusse Naturals Ltd (Trinit\u00e9-et-Tobago) &#8211; pr\u00e9senteront une gamme de produits comprenant des sauces ferment\u00e9es de mani\u00e8re traditionnelle, une gamme d&rsquo;infusions de fruits \u00e0 base d&rsquo;eau de coco, des barres de cacao et de chocolat v\u00e9g\u00e9taliennes issues de sources durables, ainsi que des fromages \u00e0 base de plantes.<\/p>\n\n<p>\u00ab\u00a0La participation de ces quatre entreprises carib\u00e9ennes exceptionnelles \u00e0 Vitafoods Europe t\u00e9moigne de la capacit\u00e9 d&rsquo;innovation de la r\u00e9gion et de son alignement sur les tendances mondiales en mati\u00e8re de sant\u00e9 et de bien-\u00eatre\u00a0\u00bb, a d\u00e9clar\u00e9 Natasha Edwin-Walcott, responsable du d\u00e9veloppement et de la promotion des exportations \u00e0 Caribbean Export. \u00ab\u00a0En soutenant les entreprises qui cr\u00e9ent des produits durables et fonctionnels ancr\u00e9s dans la riche biodiversit\u00e9 des Cara\u00efbes, nous ouvrons de nouvelles portes au commerce, \u00e0 l&rsquo;investissement et \u00e0 la croissance \u00e0 long terme sur les march\u00e9s internationaux\u00a0\u00bb.<\/p>\n\n<p>Les pr\u00e9f\u00e9rences des consommateurs europ\u00e9ens \u00e9voluent vers des options alimentaires plus saines et plus naturelles. Une enqu\u00eate de 2024 <a href=\"https:\/\/www.foodnavigator.com\/News\/Promotional-features\/Food-and-drink-consumer-trends-survey-2024-in-Europe\/\" target=\"_blank\" rel=\"noreferrer noopener\">FoodNavigator<\/a> a r\u00e9v\u00e9l\u00e9 que 60 % des consommateurs s&rsquo;efforcent activement de manger sainement, avec une demande croissante de produits naturels, biologiques et d&rsquo;origine r\u00e9gionale. En outre, un rapport du <a href=\"https:\/\/www.specialityfoodmagazine.com\/food-and-drink\/health-and-wellbeing-food-and-drink-trends\" target=\"_blank\" rel=\"noreferrer noopener\">Speciality Food Magazine <\/a>a r\u00e9v\u00e9l\u00e9 que 38 % des consommateurs \u00e2g\u00e9s de 35 \u00e0 44 ans ach\u00e8tent des aliments fonctionnels chaque semaine, la sant\u00e9 digestive et le soutien immunitaire faisant partie de leurs principales pr\u00e9occupations.  <\/p>\n\n<p>Les entreprises carib\u00e9ennes qui exposent \u00e0 Vitafoods Europe 2025 sont bien plac\u00e9es pour r\u00e9pondre \u00e0 ces nouvelles demandes :<\/p>\n\n<ul class=\"wp-block-list\">\n<li><a href=\"https:\/\/www.benlarfoods.com\/\" target=\"_blank\" rel=\"noreferrer noopener\">Benlar Foods<\/a> propose des sauces 100 % jama\u00efcaines ainsi qu&rsquo;une gamme d&rsquo;eau de coco infus\u00e9e aux fruits des Cara\u00efbes, fabriqu\u00e9e dans une usine certifi\u00e9e ISO 14001.<\/li>\n\n\n\n<li><a href=\"https:\/\/kahkoweuropa.com\/\" target=\"_blank\" rel=\"noreferrer noopener\">Kahkow<\/a> et <a href=\"https:\/\/www.instagram.com\/kairichocolatett\/\" target=\"_blank\" rel=\"noreferrer noopener\">Kairi<\/a> pr\u00e9sentent des produits de cacao de qualit\u00e9 sup\u00e9rieure fabriqu\u00e9s selon des m\u00e9thodes de culture durables, mettant en valeur le go\u00fbt riche et authentique des Cara\u00efbes. Les options v\u00e9g\u00e9taliennes de Kairi, qui comprennent des pois chiches et de la banane plantain, sont autant d&rsquo;innovations qui devraient captiver le public europ\u00e9en. <\/li>\n\n\n\n<li><a href=\"https:\/\/www.instagram.com\/veussenaturals\/\" target=\"_blank\" rel=\"noreferrer noopener\">Veusse Naturals Ltd <\/a>d\u00e9veloppe des fromages \u00e0 base de plantes riches en nutriments et des a\u00efolis enrichis en probiotiques, en incorporant des plantes indig\u00e8nes des Cara\u00efbes pour soutenir la biodiversit\u00e9 et un mode de vie sain.<\/li>\n<\/ul>\n\n<p>La participation \u00e0 Vitafoods Europe repr\u00e9sente une opportunit\u00e9 cl\u00e9 pour ces marques d&rsquo;\u00e9tendre leur pr\u00e9sence sur les march\u00e9s internationaux et de contribuer de mani\u00e8re significative au dialogue mondial sur la sant\u00e9, la durabilit\u00e9 et l&rsquo;innovation alimentaire.<\/p>\n","protected":false},"excerpt":{"rendered":"<p>Des champs de cacao de Trinit\u00e9-et-Tobago et de la R\u00e9publique dominicaine aux cuisines anim\u00e9es de la Jama\u00efque, l&rsquo;innovation carib\u00e9enne en mati\u00e8re d&rsquo;aliments di\u00e9t\u00e9tiques est sur le point d&rsquo;avoir un impact sur la sc\u00e8ne mondiale. Du 20 au 22 mai, quatre agro-transformateurs de la r\u00e9gion pr\u00e9senteront des saveurs audacieuses et des ingr\u00e9dients fonctionnels et mettront en [&hellip;]<\/p>\n","protected":false},"author":9,"featured_media":378481,"menu_order":0,"template":"","tags":[],"class_list":["post-378526","news","type-news","status-publish","has-post-thumbnail","hentry"],"acf":[],"yoast_head":"<!-- This site is optimized with the Yoast SEO plugin v27.1.1 - https:\/\/yoast.com\/product\/yoast-seo-wordpress\/ -->\n<title>de Absolutely Caribbean : Pr\u00e9sentation de la nutrition fonctionnelle et durable \u00e0 Vitafoods Europe - Exportation Cara\u00efbes<\/title>\n<meta name=\"robots\" content=\"index, follow, max-snippet:-1, max-image-preview:large, max-video-preview:-1\" \/>\n<link rel=\"canonical\" href=\"https:\/\/content.carib-export.com\/fr\/news\/absolutely-caribbean-showcasing-functional-and-sustainable-nutrition-at-vitafoods-europe\/\" \/>\n<meta property=\"og:locale\" content=\"fr_FR\" \/>\n<meta property=\"og:type\" content=\"article\" \/>\n<meta property=\"og:title\" content=\"de Absolutely Caribbean : Pr\u00e9sentation de la nutrition fonctionnelle et durable \u00e0 Vitafoods Europe - Exportation Cara\u00efbes\" \/>\n<meta property=\"og:description\" content=\"Des champs de cacao de Trinit\u00e9-et-Tobago et de la R\u00e9publique dominicaine aux cuisines anim\u00e9es de la Jama\u00efque, l&rsquo;innovation carib\u00e9enne en mati\u00e8re d&rsquo;aliments di\u00e9t\u00e9tiques est sur le point d&rsquo;avoir un impact sur la sc\u00e8ne mondiale. Du 20 au 22 mai, quatre agro-transformateurs de la r\u00e9gion pr\u00e9senteront des saveurs audacieuses et des ingr\u00e9dients fonctionnels et mettront en [&hellip;]\" \/>\n<meta property=\"og:url\" content=\"https:\/\/content.carib-export.com\/fr\/news\/absolutely-caribbean-showcasing-functional-and-sustainable-nutrition-at-vitafoods-europe\/\" \/>\n<meta property=\"og:site_name\" content=\"Exportation Cara\u00efbes\" \/>\n<meta property=\"article:publisher\" content=\"https:\/\/www.facebook.com\/CaribbeanExport\" \/>\n<meta property=\"article:modified_time\" content=\"2025-05-19T17:10:36+00:00\" \/>\n<meta property=\"og:image\" content=\"https:\/\/content.carib-export.com\/wp-content\/uploads\/2025\/05\/Absolutely-Caribbean-Press-Release--1024x768.png\" \/>\n\t<meta property=\"og:image:width\" content=\"1024\" \/>\n\t<meta property=\"og:image:height\" content=\"768\" \/>\n\t<meta property=\"og:image:type\" content=\"image\/png\" \/>\n<meta name=\"twitter:card\" content=\"summary_large_image\" \/>\n<meta name=\"twitter:site\" content=\"@CaribXport\" \/>\n<meta name=\"twitter:label1\" content=\"Dur\u00e9e de lecture estim\u00e9e\" \/>\n\t<meta name=\"twitter:data1\" content=\"3 minutes\" \/>\n<script type=\"application\/ld+json\" class=\"yoast-schema-graph\">{\"@context\":\"https:\/\/schema.org\",\"@graph\":[{\"@type\":\"WebPage\",\"@id\":\"https:\/\/content.carib-export.com\/fr\/news\/absolutely-caribbean-showcasing-functional-and-sustainable-nutrition-at-vitafoods-europe\/\",\"url\":\"https:\/\/content.carib-export.com\/fr\/news\/absolutely-caribbean-showcasing-functional-and-sustainable-nutrition-at-vitafoods-europe\/\",\"name\":\"de Absolutely Caribbean : Pr\u00e9sentation de la nutrition fonctionnelle et durable \u00e0 Vitafoods Europe - Exportation Cara\u00efbes\",\"isPartOf\":{\"@id\":\"https:\/\/content.carib-export.com\/fr\/#website\"},\"primaryImageOfPage\":{\"@id\":\"https:\/\/content.carib-export.com\/fr\/news\/absolutely-caribbean-showcasing-functional-and-sustainable-nutrition-at-vitafoods-europe\/#primaryimage\"},\"image\":{\"@id\":\"https:\/\/content.carib-export.com\/fr\/news\/absolutely-caribbean-showcasing-functional-and-sustainable-nutrition-at-vitafoods-europe\/#primaryimage\"},\"thumbnailUrl\":\"https:\/\/content.carib-export.com\/wp-content\/uploads\/2025\/05\/Absolutely-Caribbean-Press-Release-.png\",\"datePublished\":\"2025-05-19T17:04:57+00:00\",\"dateModified\":\"2025-05-19T17:10:36+00:00\",\"breadcrumb\":{\"@id\":\"https:\/\/content.carib-export.com\/fr\/news\/absolutely-caribbean-showcasing-functional-and-sustainable-nutrition-at-vitafoods-europe\/#breadcrumb\"},\"inLanguage\":\"fr-FR\",\"potentialAction\":[{\"@type\":\"ReadAction\",\"target\":[\"https:\/\/content.carib-export.com\/fr\/news\/absolutely-caribbean-showcasing-functional-and-sustainable-nutrition-at-vitafoods-europe\/\"]}]},{\"@type\":\"ImageObject\",\"inLanguage\":\"fr-FR\",\"@id\":\"https:\/\/content.carib-export.com\/fr\/news\/absolutely-caribbean-showcasing-functional-and-sustainable-nutrition-at-vitafoods-europe\/#primaryimage\",\"url\":\"https:\/\/content.carib-export.com\/wp-content\/uploads\/2025\/05\/Absolutely-Caribbean-Press-Release-.png\",\"contentUrl\":\"https:\/\/content.carib-export.com\/wp-content\/uploads\/2025\/05\/Absolutely-Caribbean-Press-Release-.png\",\"width\":1500,\"height\":1125},{\"@type\":\"BreadcrumbList\",\"@id\":\"https:\/\/content.carib-export.com\/fr\/news\/absolutely-caribbean-showcasing-functional-and-sustainable-nutrition-at-vitafoods-europe\/#breadcrumb\",\"itemListElement\":[{\"@type\":\"ListItem\",\"position\":1,\"name\":\"Accueil\",\"item\":\"https:\/\/content.carib-export.com\/fr\/home\/\"},{\"@type\":\"ListItem\",\"position\":2,\"name\":\"News\",\"item\":\"https:\/\/content.carib-export.com\/fr\/news\/\"},{\"@type\":\"ListItem\",\"position\":3,\"name\":\"Absolutely Caribbean : Pr\u00e9sentation de la nutrition fonctionnelle et durable \u00e0 Vitafoods Europe\"}]},{\"@type\":\"WebSite\",\"@id\":\"https:\/\/content.carib-export.com\/fr\/#website\",\"url\":\"https:\/\/content.carib-export.com\/fr\/\",\"name\":\"Exportation Cara\u00efbes\",\"description\":\"La seule agence r\u00e9gionale de promotion du commerce et des investissements du groupe Afrique, Cara\u00efbes et Pacifique.\",\"publisher\":{\"@id\":\"https:\/\/content.carib-export.com\/fr\/#organization\"},\"potentialAction\":[{\"@type\":\"SearchAction\",\"target\":{\"@type\":\"EntryPoint\",\"urlTemplate\":\"https:\/\/content.carib-export.com\/fr\/?s={search_term_string}\"},\"query-input\":{\"@type\":\"PropertyValueSpecification\",\"valueRequired\":true,\"valueName\":\"search_term_string\"}}],\"inLanguage\":\"fr-FR\"},{\"@type\":\"Organization\",\"@id\":\"https:\/\/content.carib-export.com\/fr\/#organization\",\"name\":\"Agence carib\u00e9enne de d\u00e9veloppement des exportations\",\"url\":\"https:\/\/content.carib-export.com\/fr\/\",\"logo\":{\"@type\":\"ImageObject\",\"inLanguage\":\"fr-FR\",\"@id\":\"https:\/\/content.carib-export.com\/fr\/#\/schema\/logo\/image\/\",\"url\":\"https:\/\/content.carib-export.com\/wp-content\/uploads\/2013\/03\/CE-Logo-2013.jpg\",\"contentUrl\":\"https:\/\/content.carib-export.com\/wp-content\/uploads\/2013\/03\/CE-Logo-2013.jpg\",\"width\":1024,\"height\":244,\"caption\":\"Agence carib\u00e9enne de d\u00e9veloppement des exportations\"},\"image\":{\"@id\":\"https:\/\/content.carib-export.com\/fr\/#\/schema\/logo\/image\/\"},\"sameAs\":[\"https:\/\/www.facebook.com\/CaribbeanExport\",\"https:\/\/x.com\/CaribXport\",\"https:\/\/www.instagram.com\/caribbeanexport\",\"https:\/\/www.linkedin.com\/company\/caribbeanexport\",\"https:\/\/www.youtube.com\/user\/TheCaribbeanExport\"]}]}<\/script>\n<!-- \/ Yoast SEO plugin. -->","yoast_head_json":{"title":"de Absolutely Caribbean : Pr\u00e9sentation de la nutrition fonctionnelle et durable \u00e0 Vitafoods Europe - Exportation Cara\u00efbes","robots":{"index":"index","follow":"follow","max-snippet":"max-snippet:-1","max-image-preview":"max-image-preview:large","max-video-preview":"max-video-preview:-1"},"canonical":"https:\/\/content.carib-export.com\/fr\/news\/absolutely-caribbean-showcasing-functional-and-sustainable-nutrition-at-vitafoods-europe\/","og_locale":"fr_FR","og_type":"article","og_title":"de Absolutely Caribbean : Pr\u00e9sentation de la nutrition fonctionnelle et durable \u00e0 Vitafoods Europe - Exportation Cara\u00efbes","og_description":"Des champs de cacao de Trinit\u00e9-et-Tobago et de la R\u00e9publique dominicaine aux cuisines anim\u00e9es de la Jama\u00efque, l&rsquo;innovation carib\u00e9enne en mati\u00e8re d&rsquo;aliments di\u00e9t\u00e9tiques est sur le point d&rsquo;avoir un impact sur la sc\u00e8ne mondiale. Du 20 au 22 mai, quatre agro-transformateurs de la r\u00e9gion pr\u00e9senteront des saveurs audacieuses et des ingr\u00e9dients fonctionnels et mettront en [&hellip;]","og_url":"https:\/\/content.carib-export.com\/fr\/news\/absolutely-caribbean-showcasing-functional-and-sustainable-nutrition-at-vitafoods-europe\/","og_site_name":"Exportation Cara\u00efbes","article_publisher":"https:\/\/www.facebook.com\/CaribbeanExport","article_modified_time":"2025-05-19T17:10:36+00:00","og_image":[{"width":1024,"height":768,"url":"https:\/\/content.carib-export.com\/wp-content\/uploads\/2025\/05\/Absolutely-Caribbean-Press-Release--1024x768.png","type":"image\/png"}],"twitter_card":"summary_large_image","twitter_site":"@CaribXport","twitter_misc":{"Dur\u00e9e de lecture estim\u00e9e":"3 minutes"},"schema":{"@context":"https:\/\/schema.org","@graph":[{"@type":"WebPage","@id":"https:\/\/content.carib-export.com\/fr\/news\/absolutely-caribbean-showcasing-functional-and-sustainable-nutrition-at-vitafoods-europe\/","url":"https:\/\/content.carib-export.com\/fr\/news\/absolutely-caribbean-showcasing-functional-and-sustainable-nutrition-at-vitafoods-europe\/","name":"de Absolutely Caribbean : Pr\u00e9sentation de la nutrition fonctionnelle et durable \u00e0 Vitafoods Europe - Exportation Cara\u00efbes","isPartOf":{"@id":"https:\/\/content.carib-export.com\/fr\/#website"},"primaryImageOfPage":{"@id":"https:\/\/content.carib-export.com\/fr\/news\/absolutely-caribbean-showcasing-functional-and-sustainable-nutrition-at-vitafoods-europe\/#primaryimage"},"image":{"@id":"https:\/\/content.carib-export.com\/fr\/news\/absolutely-caribbean-showcasing-functional-and-sustainable-nutrition-at-vitafoods-europe\/#primaryimage"},"thumbnailUrl":"https:\/\/content.carib-export.com\/wp-content\/uploads\/2025\/05\/Absolutely-Caribbean-Press-Release-.png","datePublished":"2025-05-19T17:04:57+00:00","dateModified":"2025-05-19T17:10:36+00:00","breadcrumb":{"@id":"https:\/\/content.carib-export.com\/fr\/news\/absolutely-caribbean-showcasing-functional-and-sustainable-nutrition-at-vitafoods-europe\/#breadcrumb"},"inLanguage":"fr-FR","potentialAction":[{"@type":"ReadAction","target":["https:\/\/content.carib-export.com\/fr\/news\/absolutely-caribbean-showcasing-functional-and-sustainable-nutrition-at-vitafoods-europe\/"]}]},{"@type":"ImageObject","inLanguage":"fr-FR","@id":"https:\/\/content.carib-export.com\/fr\/news\/absolutely-caribbean-showcasing-functional-and-sustainable-nutrition-at-vitafoods-europe\/#primaryimage","url":"https:\/\/content.carib-export.com\/wp-content\/uploads\/2025\/05\/Absolutely-Caribbean-Press-Release-.png","contentUrl":"https:\/\/content.carib-export.com\/wp-content\/uploads\/2025\/05\/Absolutely-Caribbean-Press-Release-.png","width":1500,"height":1125},{"@type":"BreadcrumbList","@id":"https:\/\/content.carib-export.com\/fr\/news\/absolutely-caribbean-showcasing-functional-and-sustainable-nutrition-at-vitafoods-europe\/#breadcrumb","itemListElement":[{"@type":"ListItem","position":1,"name":"Accueil","item":"https:\/\/content.carib-export.com\/fr\/home\/"},{"@type":"ListItem","position":2,"name":"News","item":"https:\/\/content.carib-export.com\/fr\/news\/"},{"@type":"ListItem","position":3,"name":"Absolutely Caribbean : Pr\u00e9sentation de la nutrition fonctionnelle et durable \u00e0 Vitafoods Europe"}]},{"@type":"WebSite","@id":"https:\/\/content.carib-export.com\/fr\/#website","url":"https:\/\/content.carib-export.com\/fr\/","name":"Exportation Cara\u00efbes","description":"La seule agence r\u00e9gionale de promotion du commerce et des investissements du groupe Afrique, Cara\u00efbes et Pacifique.","publisher":{"@id":"https:\/\/content.carib-export.com\/fr\/#organization"},"potentialAction":[{"@type":"SearchAction","target":{"@type":"EntryPoint","urlTemplate":"https:\/\/content.carib-export.com\/fr\/?s={search_term_string}"},"query-input":{"@type":"PropertyValueSpecification","valueRequired":true,"valueName":"search_term_string"}}],"inLanguage":"fr-FR"},{"@type":"Organization","@id":"https:\/\/content.carib-export.com\/fr\/#organization","name":"Agence carib\u00e9enne de d\u00e9veloppement des exportations","url":"https:\/\/content.carib-export.com\/fr\/","logo":{"@type":"ImageObject","inLanguage":"fr-FR","@id":"https:\/\/content.carib-export.com\/fr\/#\/schema\/logo\/image\/","url":"https:\/\/content.carib-export.com\/wp-content\/uploads\/2013\/03\/CE-Logo-2013.jpg","contentUrl":"https:\/\/content.carib-export.com\/wp-content\/uploads\/2013\/03\/CE-Logo-2013.jpg","width":1024,"height":244,"caption":"Agence carib\u00e9enne de d\u00e9veloppement des exportations"},"image":{"@id":"https:\/\/content.carib-export.com\/fr\/#\/schema\/logo\/image\/"},"sameAs":["https:\/\/www.facebook.com\/CaribbeanExport","https:\/\/x.com\/CaribXport","https:\/\/www.instagram.com\/caribbeanexport","https:\/\/www.linkedin.com\/company\/caribbeanexport","https:\/\/www.youtube.com\/user\/TheCaribbeanExport"]}]}},"_links":{"self":[{"href":"https:\/\/content.carib-export.com\/fr\/wp-json\/wp\/v2\/news\/378526","targetHints":{"allow":["GET"]}}],"collection":[{"href":"https:\/\/content.carib-export.com\/fr\/wp-json\/wp\/v2\/news"}],"about":[{"href":"https:\/\/content.carib-export.com\/fr\/wp-json\/wp\/v2\/types\/news"}],"author":[{"embeddable":true,"href":"https:\/\/content.carib-export.com\/fr\/wp-json\/wp\/v2\/users\/9"}],"version-history":[{"count":0,"href":"https:\/\/content.carib-export.com\/fr\/wp-json\/wp\/v2\/news\/378526\/revisions"}],"wp:featuredmedia":[{"embeddable":true,"href":"https:\/\/content.carib-export.com\/fr\/wp-json\/wp\/v2\/media\/378481"}],"wp:attachment":[{"href":"https:\/\/content.carib-export.com\/fr\/wp-json\/wp\/v2\/media?parent=378526"}],"wp:term":[{"taxonomy":"post_tag","embeddable":true,"href":"https:\/\/content.carib-export.com\/fr\/wp-json\/wp\/v2\/tags?post=378526"}],"curies":[{"name":"wp","href":"https:\/\/api.w.org\/{rel}","templated":true}]}}