{"id":378867,"date":"2025-05-31T10:57:20","date_gmt":"2025-05-31T14:57:20","guid":{"rendered":"https:\/\/content.carib-export.com\/news\/savour-the-caribbean-absolutely-caribbean-featured-at-agroalimentaria-2025\/"},"modified":"2025-05-31T10:59:07","modified_gmt":"2025-05-31T14:59:07","slug":"savour-the-caribbean-absolutely-caribbean-featured-at-agroalimentaria-2025","status":"publish","type":"news","link":"https:\/\/content.carib-export.com\/fr\/news\/savour-the-caribbean-absolutely-caribbean-featured-at-agroalimentaria-2025\/","title":{"rendered":"Savourez les Cara\u00efbes : Absolutely Caribbean en vedette \u00e0 Agroalimentaria 2025"},"content":{"rendered":"\n<p>Des paysages luxuriants de la Dominique aux cuisines artisanales de Trinit\u00e9-et-Tobago, l&rsquo;innovation et la saveur carib\u00e9ennes sont \u00e0 l&rsquo;honneur \u00e0 <strong>Agroalimentaria 2025<\/strong>, qui se tiendra du <strong>28 au 31 mai 2025<\/strong> au <strong>Dominican Fiesta Hotel &amp; Convention Center de<\/strong> <strong>Saint-Domingue, en R\u00e9publique dominicaine<\/strong>.<\/p>\n\n<p><strong>Caribbean Export <\/strong>est fi\u00e8re d&rsquo;accueillir le <strong>pavillon \u00ab Absolutely Caribbean \u00bb<\/strong> aux <strong>stands 35 D et 36 D<\/strong>, o\u00f9 quatre entreprises exceptionnelles de la r\u00e9gion pr\u00e9sentent la richesse, la cr\u00e9ativit\u00e9 et le potentiel d&rsquo;exportation des produits alimentaires et des boissons des Cara\u00efbes.<\/p>\n\n<p><strong>\ud83c\udf3f<\/strong><strong> <a href=\"https:\/\/www.drawteas.com\/\">Frying Pan Productions<\/a> &#8211; Dominique<\/strong><\/p>\n\n<p><strong>Frying Pan Productions<\/strong> propose une gamme apaisante et fonctionnelle de <strong>m\u00e9langes de th\u00e9s fabriqu\u00e9s \u00e0 la main<\/strong>, avec des infusions de <strong>gingembre<\/strong> et de <strong>curcuma-gingembre d \u00ab <\/strong> origine locale. Enracin\u00e9s dans les paysages fertiles et les traditions de bien-\u00eatre de la Dominique, leurs produits promeuvent la sant\u00e9, l \u00bb \u00e9quilibre et la vie naturelle. <\/p>\n\n<p><strong>\u2615<\/strong><strong> <a href=\"https:\/\/www.cafe509.net\/\">Caf\u00e9 509<\/a> &#8211; Ha\u00efti<\/strong><\/p>\n\n<p>Au <strong>Caf\u00e9 509<\/strong>, l&rsquo;accent est mis sur le <strong>caf\u00e9 ha\u00eftien Blue Mountain<\/strong>, appr\u00e9ci\u00e9 pour son corps onctueux, son ar\u00f4me riche et sa saveur d\u00e9licate. Cultiv\u00e9 dans les r\u00e9gions de haute altitude d&rsquo;Ha\u00efti, ce caf\u00e9 de sp\u00e9cialit\u00e9 refl\u00e8te la tradition profond\u00e9ment enracin\u00e9e du pays en mati\u00e8re de culture du caf\u00e9. Caf\u00e9 509 s&rsquo;engage \u00e0 respecter des pratiques agricoles durables et un approvisionnement \u00e9thique, offrant ainsi un produit de qualit\u00e9 sup\u00e9rieure qui capture l&rsquo;essence du terroir ha\u00eftien.  <\/p>\n\n<p>\u00ab\u00a0C&rsquo;est la premi\u00e8re fois que nous participons \u00e0 Agroalimentaria et nous sommes tr\u00e8s reconnaissants \u00e0 Caribbean Export d&rsquo;avoir rendu cela possible\u00a0\u00bb, a d\u00e9clar\u00e9 <strong>Pierre Desharnais, PDG, cofondateur et ma\u00eetre torr\u00e9facteur<\/strong> de Caf\u00e9 509. \u00ab\u00a0Honn\u00eatement, nous ne nous attendions pas \u00e0 ce que notre produit re\u00e7oive un accueil aussi enthousiaste. Nous rentrons chez nous avec d&rsquo;excellents commentaires et, plus important encore, avec d&rsquo;excellentes occasions d&rsquo;affaires. <\/p>\n\n<p><strong>\ud83c\udf6b<\/strong><strong> <a href=\"https:\/\/www.instagram.com\/chokolakay\/?locale=es_us&amp;hl=en\">Choko Lakay<\/a> &#8211; Ha\u00efti<\/strong><\/p>\n\n<p><strong>Choko Lakay<\/strong> met en valeur la polyvalence du cacao ha\u00eftien en produisant de la <strong>poudre de cacao<\/strong>, du <strong>beurre de cacao<\/strong> et du <strong>th\u00e9 de cacao<\/strong>. En transformant le cacao brut en produits de haute qualit\u00e9 pr\u00eats \u00e0 l&rsquo;exportation, l&rsquo;entreprise soutient les agriculteurs locaux et se fait le champion de l&rsquo;agriculture durable tout en faisant d\u00e9couvrir aux march\u00e9s mondiaux la richesse du cacao ha\u00eftien. <\/p>\n\n<p><strong>\ud83c\udf36\ufe0f<\/strong><strong> <a href=\"https:\/\/www.instagram.com\/handmade_byjeanette\/\">Fait \u00e0 la main par Jeanette<\/a> &#8211; Trinit\u00e9-et-Tobago<\/strong><\/p>\n\n<p>En mettant en avant la saveur audacieuse des \u00eeles, <strong>Handmade by Jeanette<\/strong> propose une gamme vari\u00e9e de <strong>sauces, de sauces au poivre, de condiments<\/strong> et d&rsquo;<strong>aliments di\u00e9t\u00e9tiques<\/strong>. Enracin\u00e9e dans les traditions culinaires des Cara\u00efbes et fabriqu\u00e9e \u00e0 partir d&rsquo;ingr\u00e9dients sains d&rsquo;origine locale, la marque refl\u00e8te une passion pour le bien-\u00eatre, l&rsquo;authenticit\u00e9 et le go\u00fbt exceptionnel. <\/p>\n\n<p>Outre les expositions de produits, ces entreprises participent \u00e0 des <strong>r\u00e9unions B2B cibl\u00e9es avec des acheteurs internationaux<\/strong>, assistent \u00e0 des <strong>conf\u00e9rences techniques<\/strong> et prennent part \u00e0 un <strong>\u00e9v\u00e9nement gastronomique<\/strong> qui c\u00e9l\u00e8bre la polyvalence et la cr\u00e9ativit\u00e9 des ingr\u00e9dients carib\u00e9ens.<\/p>\n\n<p><strong>Agroalimentaria<\/strong>, l&rsquo;un des principaux \u00e9v\u00e9nements commerciaux de l&rsquo;agro-industrie dans les Cara\u00efbes, attire des acheteurs et des distributeurs du monde entier \u00e0 la recherche de produits authentiques et de haute qualit\u00e9. L&rsquo;offre des Cara\u00efbes &#8211; enracin\u00e9e dans l&rsquo;h\u00e9ritage, aliment\u00e9e par l&rsquo;innovation et fa\u00e7onn\u00e9e par la durabilit\u00e9 &#8211; est pr\u00eate \u00e0 r\u00e9pondre \u00e0 cette demande. <\/p>\n\n<p>L&rsquo;avenir des produits alimentaires et des boissons des Cara\u00efbes est audacieux, authentique et pr\u00eat \u00e0 l&rsquo;exportation &#8211; et il fait des vagues sur la sc\u00e8ne internationale.<\/p>\n","protected":false},"excerpt":{"rendered":"<p>Des paysages luxuriants de la Dominique aux cuisines artisanales de Trinit\u00e9-et-Tobago, l&rsquo;innovation et la saveur carib\u00e9ennes sont \u00e0 l&rsquo;honneur \u00e0 Agroalimentaria 2025, qui se tiendra du 28 au 31 mai 2025 au Dominican Fiesta Hotel &amp; Convention Center de Saint-Domingue, en R\u00e9publique dominicaine. Caribbean Export est fi\u00e8re d&rsquo;accueillir le pavillon \u00ab Absolutely Caribbean \u00bb aux [&hellip;]<\/p>\n","protected":false},"author":26,"featured_media":378830,"menu_order":0,"template":"","tags":[],"class_list":["post-378867","news","type-news","status-publish","has-post-thumbnail","hentry"],"acf":[],"yoast_head":"<!-- This site is optimized with the Yoast SEO plugin v27.1.1 - https:\/\/yoast.com\/product\/yoast-seo-wordpress\/ -->\n<title>de Savourez les Cara\u00efbes : Absolutely Caribbean en vedette \u00e0 Agroalimentaria 2025 - Exportation Cara\u00efbes<\/title>\n<meta name=\"robots\" content=\"index, follow, max-snippet:-1, max-image-preview:large, max-video-preview:-1\" \/>\n<link rel=\"canonical\" href=\"https:\/\/content.carib-export.com\/fr\/news\/savour-the-caribbean-absolutely-caribbean-featured-at-agroalimentaria-2025\/\" \/>\n<meta property=\"og:locale\" content=\"fr_FR\" \/>\n<meta property=\"og:type\" content=\"article\" \/>\n<meta property=\"og:title\" content=\"de Savourez les Cara\u00efbes : Absolutely Caribbean en vedette \u00e0 Agroalimentaria 2025 - Exportation Cara\u00efbes\" \/>\n<meta property=\"og:description\" content=\"Des paysages luxuriants de la Dominique aux cuisines artisanales de Trinit\u00e9-et-Tobago, l&rsquo;innovation et la saveur carib\u00e9ennes sont \u00e0 l&rsquo;honneur \u00e0 Agroalimentaria 2025, qui se tiendra du 28 au 31 mai 2025 au Dominican Fiesta Hotel &amp; Convention Center de Saint-Domingue, en R\u00e9publique dominicaine. Caribbean Export est fi\u00e8re d&rsquo;accueillir le pavillon \u00ab Absolutely Caribbean \u00bb aux [&hellip;]\" \/>\n<meta property=\"og:url\" content=\"https:\/\/content.carib-export.com\/fr\/news\/savour-the-caribbean-absolutely-caribbean-featured-at-agroalimentaria-2025\/\" \/>\n<meta property=\"og:site_name\" content=\"Exportation Cara\u00efbes\" \/>\n<meta property=\"article:publisher\" content=\"https:\/\/www.facebook.com\/CaribbeanExport\" \/>\n<meta property=\"article:modified_time\" content=\"2025-05-31T14:59:07+00:00\" \/>\n<meta property=\"og:image\" content=\"https:\/\/content.carib-export.com\/wp-content\/uploads\/2025\/05\/Untitled-design-6-1024x768.png\" \/>\n\t<meta property=\"og:image:width\" content=\"1024\" \/>\n\t<meta property=\"og:image:height\" content=\"768\" \/>\n\t<meta property=\"og:image:type\" content=\"image\/png\" \/>\n<meta name=\"twitter:card\" content=\"summary_large_image\" \/>\n<meta name=\"twitter:site\" content=\"@CaribXport\" \/>\n<meta name=\"twitter:label1\" content=\"Dur\u00e9e de lecture estim\u00e9e\" \/>\n\t<meta name=\"twitter:data1\" content=\"3 minutes\" \/>\n<script type=\"application\/ld+json\" class=\"yoast-schema-graph\">{\"@context\":\"https:\/\/schema.org\",\"@graph\":[{\"@type\":\"WebPage\",\"@id\":\"https:\/\/content.carib-export.com\/fr\/news\/savour-the-caribbean-absolutely-caribbean-featured-at-agroalimentaria-2025\/\",\"url\":\"https:\/\/content.carib-export.com\/fr\/news\/savour-the-caribbean-absolutely-caribbean-featured-at-agroalimentaria-2025\/\",\"name\":\"de Savourez les Cara\u00efbes : Absolutely Caribbean en vedette \u00e0 Agroalimentaria 2025 - Exportation Cara\u00efbes\",\"isPartOf\":{\"@id\":\"https:\/\/content.carib-export.com\/fr\/#website\"},\"primaryImageOfPage\":{\"@id\":\"https:\/\/content.carib-export.com\/fr\/news\/savour-the-caribbean-absolutely-caribbean-featured-at-agroalimentaria-2025\/#primaryimage\"},\"image\":{\"@id\":\"https:\/\/content.carib-export.com\/fr\/news\/savour-the-caribbean-absolutely-caribbean-featured-at-agroalimentaria-2025\/#primaryimage\"},\"thumbnailUrl\":\"https:\/\/content.carib-export.com\/wp-content\/uploads\/2025\/05\/Untitled-design-6.png\",\"datePublished\":\"2025-05-31T14:57:20+00:00\",\"dateModified\":\"2025-05-31T14:59:07+00:00\",\"breadcrumb\":{\"@id\":\"https:\/\/content.carib-export.com\/fr\/news\/savour-the-caribbean-absolutely-caribbean-featured-at-agroalimentaria-2025\/#breadcrumb\"},\"inLanguage\":\"fr-FR\",\"potentialAction\":[{\"@type\":\"ReadAction\",\"target\":[\"https:\/\/content.carib-export.com\/fr\/news\/savour-the-caribbean-absolutely-caribbean-featured-at-agroalimentaria-2025\/\"]}]},{\"@type\":\"ImageObject\",\"inLanguage\":\"fr-FR\",\"@id\":\"https:\/\/content.carib-export.com\/fr\/news\/savour-the-caribbean-absolutely-caribbean-featured-at-agroalimentaria-2025\/#primaryimage\",\"url\":\"https:\/\/content.carib-export.com\/wp-content\/uploads\/2025\/05\/Untitled-design-6.png\",\"contentUrl\":\"https:\/\/content.carib-export.com\/wp-content\/uploads\/2025\/05\/Untitled-design-6.png\",\"width\":1500,\"height\":1125},{\"@type\":\"BreadcrumbList\",\"@id\":\"https:\/\/content.carib-export.com\/fr\/news\/savour-the-caribbean-absolutely-caribbean-featured-at-agroalimentaria-2025\/#breadcrumb\",\"itemListElement\":[{\"@type\":\"ListItem\",\"position\":1,\"name\":\"Accueil\",\"item\":\"https:\/\/content.carib-export.com\/fr\/home\/\"},{\"@type\":\"ListItem\",\"position\":2,\"name\":\"News\",\"item\":\"https:\/\/content.carib-export.com\/fr\/news\/\"},{\"@type\":\"ListItem\",\"position\":3,\"name\":\"Savourez les Cara\u00efbes : Absolutely Caribbean en vedette \u00e0 Agroalimentaria 2025\"}]},{\"@type\":\"WebSite\",\"@id\":\"https:\/\/content.carib-export.com\/fr\/#website\",\"url\":\"https:\/\/content.carib-export.com\/fr\/\",\"name\":\"Exportation Cara\u00efbes\",\"description\":\"La seule agence r\u00e9gionale de promotion du commerce et des investissements du groupe Afrique, Cara\u00efbes et Pacifique.\",\"publisher\":{\"@id\":\"https:\/\/content.carib-export.com\/fr\/#organization\"},\"potentialAction\":[{\"@type\":\"SearchAction\",\"target\":{\"@type\":\"EntryPoint\",\"urlTemplate\":\"https:\/\/content.carib-export.com\/fr\/?s={search_term_string}\"},\"query-input\":{\"@type\":\"PropertyValueSpecification\",\"valueRequired\":true,\"valueName\":\"search_term_string\"}}],\"inLanguage\":\"fr-FR\"},{\"@type\":\"Organization\",\"@id\":\"https:\/\/content.carib-export.com\/fr\/#organization\",\"name\":\"Agence carib\u00e9enne de d\u00e9veloppement des exportations\",\"url\":\"https:\/\/content.carib-export.com\/fr\/\",\"logo\":{\"@type\":\"ImageObject\",\"inLanguage\":\"fr-FR\",\"@id\":\"https:\/\/content.carib-export.com\/fr\/#\/schema\/logo\/image\/\",\"url\":\"https:\/\/content.carib-export.com\/wp-content\/uploads\/2013\/03\/CE-Logo-2013.jpg\",\"contentUrl\":\"https:\/\/content.carib-export.com\/wp-content\/uploads\/2013\/03\/CE-Logo-2013.jpg\",\"width\":1024,\"height\":244,\"caption\":\"Agence carib\u00e9enne de d\u00e9veloppement des exportations\"},\"image\":{\"@id\":\"https:\/\/content.carib-export.com\/fr\/#\/schema\/logo\/image\/\"},\"sameAs\":[\"https:\/\/www.facebook.com\/CaribbeanExport\",\"https:\/\/x.com\/CaribXport\",\"https:\/\/www.instagram.com\/caribbeanexport\",\"https:\/\/www.linkedin.com\/company\/caribbeanexport\",\"https:\/\/www.youtube.com\/user\/TheCaribbeanExport\"]}]}<\/script>\n<!-- \/ Yoast SEO plugin. -->","yoast_head_json":{"title":"de Savourez les Cara\u00efbes : Absolutely Caribbean en vedette \u00e0 Agroalimentaria 2025 - Exportation Cara\u00efbes","robots":{"index":"index","follow":"follow","max-snippet":"max-snippet:-1","max-image-preview":"max-image-preview:large","max-video-preview":"max-video-preview:-1"},"canonical":"https:\/\/content.carib-export.com\/fr\/news\/savour-the-caribbean-absolutely-caribbean-featured-at-agroalimentaria-2025\/","og_locale":"fr_FR","og_type":"article","og_title":"de Savourez les Cara\u00efbes : Absolutely Caribbean en vedette \u00e0 Agroalimentaria 2025 - Exportation Cara\u00efbes","og_description":"Des paysages luxuriants de la Dominique aux cuisines artisanales de Trinit\u00e9-et-Tobago, l&rsquo;innovation et la saveur carib\u00e9ennes sont \u00e0 l&rsquo;honneur \u00e0 Agroalimentaria 2025, qui se tiendra du 28 au 31 mai 2025 au Dominican Fiesta Hotel &amp; Convention Center de Saint-Domingue, en R\u00e9publique dominicaine. Caribbean Export est fi\u00e8re d&rsquo;accueillir le pavillon \u00ab Absolutely Caribbean \u00bb aux [&hellip;]","og_url":"https:\/\/content.carib-export.com\/fr\/news\/savour-the-caribbean-absolutely-caribbean-featured-at-agroalimentaria-2025\/","og_site_name":"Exportation Cara\u00efbes","article_publisher":"https:\/\/www.facebook.com\/CaribbeanExport","article_modified_time":"2025-05-31T14:59:07+00:00","og_image":[{"width":1024,"height":768,"url":"https:\/\/content.carib-export.com\/wp-content\/uploads\/2025\/05\/Untitled-design-6-1024x768.png","type":"image\/png"}],"twitter_card":"summary_large_image","twitter_site":"@CaribXport","twitter_misc":{"Dur\u00e9e de lecture estim\u00e9e":"3 minutes"},"schema":{"@context":"https:\/\/schema.org","@graph":[{"@type":"WebPage","@id":"https:\/\/content.carib-export.com\/fr\/news\/savour-the-caribbean-absolutely-caribbean-featured-at-agroalimentaria-2025\/","url":"https:\/\/content.carib-export.com\/fr\/news\/savour-the-caribbean-absolutely-caribbean-featured-at-agroalimentaria-2025\/","name":"de Savourez les Cara\u00efbes : Absolutely Caribbean en vedette \u00e0 Agroalimentaria 2025 - Exportation Cara\u00efbes","isPartOf":{"@id":"https:\/\/content.carib-export.com\/fr\/#website"},"primaryImageOfPage":{"@id":"https:\/\/content.carib-export.com\/fr\/news\/savour-the-caribbean-absolutely-caribbean-featured-at-agroalimentaria-2025\/#primaryimage"},"image":{"@id":"https:\/\/content.carib-export.com\/fr\/news\/savour-the-caribbean-absolutely-caribbean-featured-at-agroalimentaria-2025\/#primaryimage"},"thumbnailUrl":"https:\/\/content.carib-export.com\/wp-content\/uploads\/2025\/05\/Untitled-design-6.png","datePublished":"2025-05-31T14:57:20+00:00","dateModified":"2025-05-31T14:59:07+00:00","breadcrumb":{"@id":"https:\/\/content.carib-export.com\/fr\/news\/savour-the-caribbean-absolutely-caribbean-featured-at-agroalimentaria-2025\/#breadcrumb"},"inLanguage":"fr-FR","potentialAction":[{"@type":"ReadAction","target":["https:\/\/content.carib-export.com\/fr\/news\/savour-the-caribbean-absolutely-caribbean-featured-at-agroalimentaria-2025\/"]}]},{"@type":"ImageObject","inLanguage":"fr-FR","@id":"https:\/\/content.carib-export.com\/fr\/news\/savour-the-caribbean-absolutely-caribbean-featured-at-agroalimentaria-2025\/#primaryimage","url":"https:\/\/content.carib-export.com\/wp-content\/uploads\/2025\/05\/Untitled-design-6.png","contentUrl":"https:\/\/content.carib-export.com\/wp-content\/uploads\/2025\/05\/Untitled-design-6.png","width":1500,"height":1125},{"@type":"BreadcrumbList","@id":"https:\/\/content.carib-export.com\/fr\/news\/savour-the-caribbean-absolutely-caribbean-featured-at-agroalimentaria-2025\/#breadcrumb","itemListElement":[{"@type":"ListItem","position":1,"name":"Accueil","item":"https:\/\/content.carib-export.com\/fr\/home\/"},{"@type":"ListItem","position":2,"name":"News","item":"https:\/\/content.carib-export.com\/fr\/news\/"},{"@type":"ListItem","position":3,"name":"Savourez les Cara\u00efbes : Absolutely Caribbean en vedette \u00e0 Agroalimentaria 2025"}]},{"@type":"WebSite","@id":"https:\/\/content.carib-export.com\/fr\/#website","url":"https:\/\/content.carib-export.com\/fr\/","name":"Exportation Cara\u00efbes","description":"La seule agence r\u00e9gionale de promotion du commerce et des investissements du groupe Afrique, Cara\u00efbes et Pacifique.","publisher":{"@id":"https:\/\/content.carib-export.com\/fr\/#organization"},"potentialAction":[{"@type":"SearchAction","target":{"@type":"EntryPoint","urlTemplate":"https:\/\/content.carib-export.com\/fr\/?s={search_term_string}"},"query-input":{"@type":"PropertyValueSpecification","valueRequired":true,"valueName":"search_term_string"}}],"inLanguage":"fr-FR"},{"@type":"Organization","@id":"https:\/\/content.carib-export.com\/fr\/#organization","name":"Agence carib\u00e9enne de d\u00e9veloppement des exportations","url":"https:\/\/content.carib-export.com\/fr\/","logo":{"@type":"ImageObject","inLanguage":"fr-FR","@id":"https:\/\/content.carib-export.com\/fr\/#\/schema\/logo\/image\/","url":"https:\/\/content.carib-export.com\/wp-content\/uploads\/2013\/03\/CE-Logo-2013.jpg","contentUrl":"https:\/\/content.carib-export.com\/wp-content\/uploads\/2013\/03\/CE-Logo-2013.jpg","width":1024,"height":244,"caption":"Agence carib\u00e9enne de d\u00e9veloppement des exportations"},"image":{"@id":"https:\/\/content.carib-export.com\/fr\/#\/schema\/logo\/image\/"},"sameAs":["https:\/\/www.facebook.com\/CaribbeanExport","https:\/\/x.com\/CaribXport","https:\/\/www.instagram.com\/caribbeanexport","https:\/\/www.linkedin.com\/company\/caribbeanexport","https:\/\/www.youtube.com\/user\/TheCaribbeanExport"]}]}},"_links":{"self":[{"href":"https:\/\/content.carib-export.com\/fr\/wp-json\/wp\/v2\/news\/378867","targetHints":{"allow":["GET"]}}],"collection":[{"href":"https:\/\/content.carib-export.com\/fr\/wp-json\/wp\/v2\/news"}],"about":[{"href":"https:\/\/content.carib-export.com\/fr\/wp-json\/wp\/v2\/types\/news"}],"author":[{"embeddable":true,"href":"https:\/\/content.carib-export.com\/fr\/wp-json\/wp\/v2\/users\/26"}],"version-history":[{"count":0,"href":"https:\/\/content.carib-export.com\/fr\/wp-json\/wp\/v2\/news\/378867\/revisions"}],"wp:featuredmedia":[{"embeddable":true,"href":"https:\/\/content.carib-export.com\/fr\/wp-json\/wp\/v2\/media\/378830"}],"wp:attachment":[{"href":"https:\/\/content.carib-export.com\/fr\/wp-json\/wp\/v2\/media?parent=378867"}],"wp:term":[{"taxonomy":"post_tag","embeddable":true,"href":"https:\/\/content.carib-export.com\/fr\/wp-json\/wp\/v2\/tags?post=378867"}],"curies":[{"name":"wp","href":"https:\/\/api.w.org\/{rel}","templated":true}]}}