{"id":379635,"date":"2025-06-30T13:03:14","date_gmt":"2025-06-30T17:03:14","guid":{"rendered":"https:\/\/content.carib-export.com\/news\/european-union-deepens-strategic-partnership-at-the-caribbean-investment-forum-2025\/"},"modified":"2025-06-30T13:10:48","modified_gmt":"2025-06-30T17:10:48","slug":"european-union-deepens-strategic-partnership-at-the-caribbean-investment-forum-2025","status":"publish","type":"news","link":"https:\/\/content.carib-export.com\/fr\/news\/european-union-deepens-strategic-partnership-at-the-caribbean-investment-forum-2025\/","title":{"rendered":"L&rsquo;Union europ\u00e9enne approfondit son partenariat strat\u00e9gique \u00e0 l&rsquo;occasion du Forum d&rsquo;investissement des Cara\u00efbes 2025"},"content":{"rendered":"\n<p>Montego Bay deviendra un centre d&rsquo;opportunit\u00e9s et d&rsquo;innovations lorsque le Caribbean Investment Forum (CIF) 2025 ouvrira ses portes du 29 au 31 juillet 2025 au Montego Bay Convention Center.<\/p>\n\n<p>Sous le th\u00e8me \u00ab\u00a0SMART. VERT. CONNECTED\u00a0\u00bb, le Forum r\u00e9unira un ensemble dynamique d&rsquo;investisseurs, d&rsquo;entrepreneurs, de d\u00e9cideurs politiques et de partenaires de d\u00e9veloppement afin de d\u00e9bloquer de nouvelles opportunit\u00e9s dans des secteurs prioritaires tels que la transition vers une \u00e9conomie verte, la num\u00e9risation, l&rsquo;agriculture durable et la logistique.<\/p>\n\n<p>Parmi les partenaires strat\u00e9giques qui d\u00e9fendent cet agenda, l&rsquo;Union europ\u00e9enne, dont la coop\u00e9ration au d\u00e9veloppement et les investissements strat\u00e9giques soutiennent depuis longtemps la croissance du secteur priv\u00e9 et le d\u00e9veloppement durable dans l&rsquo;ensemble des Cara\u00efbes.<\/p>\n\n<p>Sous la banni\u00e8re du programme de la passerelle mondiale de l&rsquo;Union europ\u00e9enne &#8211; son initiative phare pour le renforcement des partenariats internationaux &#8211; le programme r\u00e9gional de d\u00e9veloppement du secteur priv\u00e9 III (RPSDP III) est l&rsquo;une des initiatives les plus r\u00e9centes et les plus importantes soutenues par l&rsquo;UE pour soutenir la transformation \u00e9conomique des Cara\u00efbes. Cette initiative, d&rsquo;une dur\u00e9e de quatre ans, vise \u00e0 renforcer durablement la comp\u00e9titivit\u00e9 et la r\u00e9silience du secteur priv\u00e9 des Cara\u00efbes en relevant des d\u00e9fis majeurs et en favorisant la croissance \u00e9conomique. <\/p>\n\n<p><strong>Erja Askola<\/strong>, ambassadeur de l&rsquo;UE en Jama\u00efque, au Belize et aux Bahamas, a d\u00e9clar\u00e9 : \u00ab\u00a0L&rsquo;Union europ\u00e9enne est fi\u00e8re de soutenir ses partenaires r\u00e9gionaux et de collaborer avec eux pour mobiliser les investissements dans ces domaines cruciaux pour la croissance, l&#8217;emploi et la comp\u00e9titivit\u00e9 mondiale des Cara\u00efbes. J&rsquo;esp\u00e8re que ce forum fera progresser les initiatives transformatrices et les collaborations productives au-del\u00e0 des fronti\u00e8res\u00a0\u00bb.<\/p>\n\n<p>Elle a ajout\u00e9 : \u00ab\u00a0Le Forum d&rsquo;investissement des Cara\u00efbes est plus qu&rsquo;un \u00e9v\u00e9nement &#8211; c&rsquo;est un catalyseur pour forger des partenariats significatifs, identifier des projets viables et relier l&rsquo;innovation carib\u00e9enne aux opportunit\u00e9s mondiales\u00a0\u00bb.<\/p>\n\n<p>Lors du FIC 2025, l&rsquo;UE mettra en lumi\u00e8re ses domaines d&rsquo;investissement prioritaires en mettant l&rsquo;accent sur l&rsquo;\u00e9nergie verte, la transformation num\u00e9rique, l&rsquo;agriculture durable et le d\u00e9veloppement \u00e9conomique inclusif, autant de piliers essentiels pour une Cara\u00efbe r\u00e9siliente et pr\u00eate pour l&rsquo;avenir.<br\/>Les organisateurs du FIC ont soulign\u00e9 le r\u00f4le du Forum dans l&rsquo;approfondissement des partenariats strat\u00e9giques et l&rsquo;avancement des objectifs de d\u00e9veloppement partag\u00e9s entre la Cara\u00efbe et les parties prenantes internationales.<\/p>\n\n<p><strong>Damie Sinanan<\/strong>, directeur ex\u00e9cutif de l&rsquo;Agence carib\u00e9enne pour le d\u00e9veloppement des exportations, a d\u00e9clar\u00e9 : \u00ab\u00a0Le Forum carib\u00e9en de l&rsquo;investissement est une plateforme puissante qui permet de jeter des ponts entre les Cara\u00efbes et l&rsquo;Union europ\u00e9enne, en favorisant la croissance mutuelle et les partenariats durables. Nous sommes profond\u00e9ment reconnaissants \u00e0 l&rsquo;UE pour son soutien continu \u00e0 la cr\u00e9ation de nouvelles opportunit\u00e9s d&rsquo;innovation, de commerce et d&rsquo;investissement qui permettront aux entrepreneurs des Cara\u00efbes de s&rsquo;\u00e9panouir et de renforcer notre r\u00e9silience commune.\u00a0\u00bb<\/p>\n\n<p>L&rsquo;Agence carib\u00e9enne de d\u00e9veloppement des exportations, organisatrice de CIF 2025, vise \u00e0 tirer parti de cette dynamique pour forger des partenariats innovants et g\u00e9n\u00e9rer des ressources suppl\u00e9mentaires afin de soutenir le d\u00e9veloppement du secteur priv\u00e9 dans l&rsquo;ensemble des Cara\u00efbes, conform\u00e9ment \u00e0 son engagement en faveur d&rsquo;une croissance durable et d&rsquo;une prosp\u00e9rit\u00e9 \u00e0 long terme dans la r\u00e9gion.<\/p>\n\n<p>Le FIC 2025 accueille la participation d&rsquo;investisseurs, d&rsquo;entrepreneurs et d&rsquo;acteurs du changement, qui s&rsquo;engagent \u00e0 fa\u00e7onner un avenir durable et prosp\u00e8re pour la r\u00e9gion.<\/p>\n\n<p>Pour plus d&rsquo;informations sur les modalit\u00e9s de participation ou de partenariat avec le FIC 2025, visitez le site <a href=\"www.caribbeaninvestmentforum.com\">www.caribbeaninvestmentforum.com<\/a> ou contactez les organisateurs \u00e0 l&rsquo;adresse info@carib-export.com.<\/p>\n\n<p><\/p>\n","protected":false},"excerpt":{"rendered":"<p>Montego Bay deviendra un centre d&rsquo;opportunit\u00e9s et d&rsquo;innovations lorsque le Caribbean Investment Forum (CIF) 2025 ouvrira ses portes du 29 au 31 juillet 2025 au Montego Bay Convention Center. Sous le th\u00e8me \u00ab\u00a0SMART. VERT. CONNECTED\u00a0\u00bb, le Forum r\u00e9unira un ensemble dynamique d&rsquo;investisseurs, d&rsquo;entrepreneurs, de d\u00e9cideurs politiques et de partenaires de d\u00e9veloppement afin de d\u00e9bloquer de [&hellip;]<\/p>\n","protected":false},"author":9,"featured_media":379624,"menu_order":0,"template":"","tags":[],"class_list":["post-379635","news","type-news","status-publish","has-post-thumbnail","hentry"],"acf":[],"yoast_head":"<!-- This site is optimized with the Yoast SEO plugin v27.1.1 - https:\/\/yoast.com\/product\/yoast-seo-wordpress\/ -->\n<title>de L&#039;Union europ\u00e9enne approfondit son partenariat strat\u00e9gique \u00e0 l&#039;occasion du Forum d&#039;investissement des Cara\u00efbes 2025 - Exportation Cara\u00efbes<\/title>\n<meta name=\"description\" content=\"Parmi les partenaires strat\u00e9giques du CIF qui d\u00e9fendent cet agenda figure l&#039;Union europ\u00e9enne, dont la coop\u00e9ration de longue date et les investissements strat\u00e9giques ont toujours soutenu la croissance du secteur priv\u00e9 et le d\u00e9veloppement durable dans l&#039;ensemble des Cara\u00efbes.\" \/>\n<meta name=\"robots\" content=\"index, follow, max-snippet:-1, max-image-preview:large, max-video-preview:-1\" \/>\n<link rel=\"canonical\" href=\"https:\/\/content.carib-export.com\/fr\/news\/european-union-deepens-strategic-partnership-at-the-caribbean-investment-forum-2025\/\" \/>\n<meta property=\"og:locale\" content=\"fr_FR\" \/>\n<meta property=\"og:type\" content=\"article\" \/>\n<meta property=\"og:title\" content=\"L&#039;Union europ\u00e9enne approfondit son partenariat strat\u00e9gique \u00e0 l&#039;occasion du Forum d&#039;investissement des Cara\u00efbes 2025\" \/>\n<meta property=\"og:description\" content=\"Parmi les partenaires strat\u00e9giques du CIF qui d\u00e9fendent cet agenda figure l&#039;Union europ\u00e9enne, dont la coop\u00e9ration de longue date et les investissements strat\u00e9giques ont toujours soutenu la croissance du secteur priv\u00e9 et le d\u00e9veloppement durable dans l&#039;ensemble des Cara\u00efbes.\" \/>\n<meta property=\"og:url\" content=\"https:\/\/content.carib-export.com\/fr\/news\/european-union-deepens-strategic-partnership-at-the-caribbean-investment-forum-2025\/\" \/>\n<meta property=\"og:site_name\" content=\"Exportation Cara\u00efbes\" \/>\n<meta property=\"article:publisher\" content=\"https:\/\/www.facebook.com\/CaribbeanExport\" \/>\n<meta property=\"article:modified_time\" content=\"2025-06-30T17:10:48+00:00\" \/>\n<meta property=\"og:image\" content=\"https:\/\/content.carib-export.com\/wp-content\/uploads\/2025\/06\/Damie-1024x768.png\" \/>\n<meta name=\"twitter:card\" content=\"summary_large_image\" \/>\n<meta name=\"twitter:title\" content=\"L&#039;Union europ\u00e9enne approfondit son partenariat strat\u00e9gique \u00e0 l&#039;occasion du Forum d&#039;investissement des Cara\u00efbes 2025\" \/>\n<meta name=\"twitter:description\" content=\"Parmi les partenaires strat\u00e9giques du CIF qui d\u00e9fendent cet agenda figure l&#039;Union europ\u00e9enne, dont la coop\u00e9ration de longue date et les investissements strat\u00e9giques ont toujours soutenu la croissance du secteur priv\u00e9 et le d\u00e9veloppement durable dans l&#039;ensemble des Cara\u00efbes.\" \/>\n<meta name=\"twitter:image\" content=\"https:\/\/content.carib-export.com\/wp-content\/uploads\/2025\/06\/Damie-1024x768.png\" \/>\n<meta name=\"twitter:site\" content=\"@CaribXport\" \/>\n<meta name=\"twitter:label1\" content=\"Dur\u00e9e de lecture estim\u00e9e\" \/>\n\t<meta name=\"twitter:data1\" content=\"3 minutes\" \/>\n<script type=\"application\/ld+json\" class=\"yoast-schema-graph\">{\"@context\":\"https:\/\/schema.org\",\"@graph\":[{\"@type\":\"WebPage\",\"@id\":\"https:\/\/content.carib-export.com\/fr\/news\/european-union-deepens-strategic-partnership-at-the-caribbean-investment-forum-2025\/\",\"url\":\"https:\/\/content.carib-export.com\/fr\/news\/european-union-deepens-strategic-partnership-at-the-caribbean-investment-forum-2025\/\",\"name\":\"de L'Union europ\u00e9enne approfondit son partenariat strat\u00e9gique \u00e0 l'occasion du Forum d'investissement des Cara\u00efbes 2025 - Exportation Cara\u00efbes\",\"isPartOf\":{\"@id\":\"https:\/\/content.carib-export.com\/fr\/#website\"},\"primaryImageOfPage\":{\"@id\":\"https:\/\/content.carib-export.com\/fr\/news\/european-union-deepens-strategic-partnership-at-the-caribbean-investment-forum-2025\/#primaryimage\"},\"image\":{\"@id\":\"https:\/\/content.carib-export.com\/fr\/news\/european-union-deepens-strategic-partnership-at-the-caribbean-investment-forum-2025\/#primaryimage\"},\"thumbnailUrl\":\"https:\/\/content.carib-export.com\/wp-content\/uploads\/2025\/06\/Damie.png\",\"datePublished\":\"2025-06-30T17:03:14+00:00\",\"dateModified\":\"2025-06-30T17:10:48+00:00\",\"description\":\"Parmi les partenaires strat\u00e9giques du CIF qui d\u00e9fendent cet agenda figure l'Union europ\u00e9enne, dont la coop\u00e9ration de longue date et les investissements strat\u00e9giques ont toujours soutenu la croissance du secteur priv\u00e9 et le d\u00e9veloppement durable dans l'ensemble des Cara\u00efbes.\",\"breadcrumb\":{\"@id\":\"https:\/\/content.carib-export.com\/fr\/news\/european-union-deepens-strategic-partnership-at-the-caribbean-investment-forum-2025\/#breadcrumb\"},\"inLanguage\":\"fr-FR\",\"potentialAction\":[{\"@type\":\"ReadAction\",\"target\":[\"https:\/\/content.carib-export.com\/fr\/news\/european-union-deepens-strategic-partnership-at-the-caribbean-investment-forum-2025\/\"]}]},{\"@type\":\"ImageObject\",\"inLanguage\":\"fr-FR\",\"@id\":\"https:\/\/content.carib-export.com\/fr\/news\/european-union-deepens-strategic-partnership-at-the-caribbean-investment-forum-2025\/#primaryimage\",\"url\":\"https:\/\/content.carib-export.com\/wp-content\/uploads\/2025\/06\/Damie.png\",\"contentUrl\":\"https:\/\/content.carib-export.com\/wp-content\/uploads\/2025\/06\/Damie.png\",\"width\":1500,\"height\":1125},{\"@type\":\"BreadcrumbList\",\"@id\":\"https:\/\/content.carib-export.com\/fr\/news\/european-union-deepens-strategic-partnership-at-the-caribbean-investment-forum-2025\/#breadcrumb\",\"itemListElement\":[{\"@type\":\"ListItem\",\"position\":1,\"name\":\"Accueil\",\"item\":\"https:\/\/content.carib-export.com\/fr\/home\/\"},{\"@type\":\"ListItem\",\"position\":2,\"name\":\"News\",\"item\":\"https:\/\/content.carib-export.com\/fr\/news\/\"},{\"@type\":\"ListItem\",\"position\":3,\"name\":\"L&rsquo;Union europ\u00e9enne approfondit son partenariat strat\u00e9gique \u00e0 l&rsquo;occasion du Forum d&rsquo;investissement des Cara\u00efbes 2025\"}]},{\"@type\":\"WebSite\",\"@id\":\"https:\/\/content.carib-export.com\/fr\/#website\",\"url\":\"https:\/\/content.carib-export.com\/fr\/\",\"name\":\"Exportation Cara\u00efbes\",\"description\":\"La seule agence r\u00e9gionale de promotion du commerce et des investissements du groupe Afrique, Cara\u00efbes et Pacifique.\",\"publisher\":{\"@id\":\"https:\/\/content.carib-export.com\/fr\/#organization\"},\"potentialAction\":[{\"@type\":\"SearchAction\",\"target\":{\"@type\":\"EntryPoint\",\"urlTemplate\":\"https:\/\/content.carib-export.com\/fr\/?s={search_term_string}\"},\"query-input\":{\"@type\":\"PropertyValueSpecification\",\"valueRequired\":true,\"valueName\":\"search_term_string\"}}],\"inLanguage\":\"fr-FR\"},{\"@type\":\"Organization\",\"@id\":\"https:\/\/content.carib-export.com\/fr\/#organization\",\"name\":\"Agence carib\u00e9enne de d\u00e9veloppement des exportations\",\"url\":\"https:\/\/content.carib-export.com\/fr\/\",\"logo\":{\"@type\":\"ImageObject\",\"inLanguage\":\"fr-FR\",\"@id\":\"https:\/\/content.carib-export.com\/fr\/#\/schema\/logo\/image\/\",\"url\":\"https:\/\/content.carib-export.com\/wp-content\/uploads\/2013\/03\/CE-Logo-2013.jpg\",\"contentUrl\":\"https:\/\/content.carib-export.com\/wp-content\/uploads\/2013\/03\/CE-Logo-2013.jpg\",\"width\":1024,\"height\":244,\"caption\":\"Agence carib\u00e9enne de d\u00e9veloppement des exportations\"},\"image\":{\"@id\":\"https:\/\/content.carib-export.com\/fr\/#\/schema\/logo\/image\/\"},\"sameAs\":[\"https:\/\/www.facebook.com\/CaribbeanExport\",\"https:\/\/x.com\/CaribXport\",\"https:\/\/www.instagram.com\/caribbeanexport\",\"https:\/\/www.linkedin.com\/company\/caribbeanexport\",\"https:\/\/www.youtube.com\/user\/TheCaribbeanExport\"]}]}<\/script>\n<!-- \/ Yoast SEO plugin. -->","yoast_head_json":{"title":"de L'Union europ\u00e9enne approfondit son partenariat strat\u00e9gique \u00e0 l'occasion du Forum d'investissement des Cara\u00efbes 2025 - Exportation Cara\u00efbes","description":"Parmi les partenaires strat\u00e9giques du CIF qui d\u00e9fendent cet agenda figure l'Union europ\u00e9enne, dont la coop\u00e9ration de longue date et les investissements strat\u00e9giques ont toujours soutenu la croissance du secteur priv\u00e9 et le d\u00e9veloppement durable dans l'ensemble des Cara\u00efbes.","robots":{"index":"index","follow":"follow","max-snippet":"max-snippet:-1","max-image-preview":"max-image-preview:large","max-video-preview":"max-video-preview:-1"},"canonical":"https:\/\/content.carib-export.com\/fr\/news\/european-union-deepens-strategic-partnership-at-the-caribbean-investment-forum-2025\/","og_locale":"fr_FR","og_type":"article","og_title":"L'Union europ\u00e9enne approfondit son partenariat strat\u00e9gique \u00e0 l'occasion du Forum d'investissement des Cara\u00efbes 2025","og_description":"Parmi les partenaires strat\u00e9giques du CIF qui d\u00e9fendent cet agenda figure l'Union europ\u00e9enne, dont la coop\u00e9ration de longue date et les investissements strat\u00e9giques ont toujours soutenu la croissance du secteur priv\u00e9 et le d\u00e9veloppement durable dans l'ensemble des Cara\u00efbes.","og_url":"https:\/\/content.carib-export.com\/fr\/news\/european-union-deepens-strategic-partnership-at-the-caribbean-investment-forum-2025\/","og_site_name":"Exportation Cara\u00efbes","article_publisher":"https:\/\/www.facebook.com\/CaribbeanExport","article_modified_time":"2025-06-30T17:10:48+00:00","og_image":[{"url":"https:\/\/content.carib-export.com\/wp-content\/uploads\/2025\/06\/Damie-1024x768.png","type":"","width":"","height":""}],"twitter_card":"summary_large_image","twitter_title":"L'Union europ\u00e9enne approfondit son partenariat strat\u00e9gique \u00e0 l'occasion du Forum d'investissement des Cara\u00efbes 2025","twitter_description":"Parmi les partenaires strat\u00e9giques du CIF qui d\u00e9fendent cet agenda figure l'Union europ\u00e9enne, dont la coop\u00e9ration de longue date et les investissements strat\u00e9giques ont toujours soutenu la croissance du secteur priv\u00e9 et le d\u00e9veloppement durable dans l'ensemble des Cara\u00efbes.","twitter_image":"https:\/\/content.carib-export.com\/wp-content\/uploads\/2025\/06\/Damie-1024x768.png","twitter_site":"@CaribXport","twitter_misc":{"Dur\u00e9e de lecture estim\u00e9e":"3 minutes"},"schema":{"@context":"https:\/\/schema.org","@graph":[{"@type":"WebPage","@id":"https:\/\/content.carib-export.com\/fr\/news\/european-union-deepens-strategic-partnership-at-the-caribbean-investment-forum-2025\/","url":"https:\/\/content.carib-export.com\/fr\/news\/european-union-deepens-strategic-partnership-at-the-caribbean-investment-forum-2025\/","name":"de L'Union europ\u00e9enne approfondit son partenariat strat\u00e9gique \u00e0 l'occasion du Forum d'investissement des Cara\u00efbes 2025 - Exportation Cara\u00efbes","isPartOf":{"@id":"https:\/\/content.carib-export.com\/fr\/#website"},"primaryImageOfPage":{"@id":"https:\/\/content.carib-export.com\/fr\/news\/european-union-deepens-strategic-partnership-at-the-caribbean-investment-forum-2025\/#primaryimage"},"image":{"@id":"https:\/\/content.carib-export.com\/fr\/news\/european-union-deepens-strategic-partnership-at-the-caribbean-investment-forum-2025\/#primaryimage"},"thumbnailUrl":"https:\/\/content.carib-export.com\/wp-content\/uploads\/2025\/06\/Damie.png","datePublished":"2025-06-30T17:03:14+00:00","dateModified":"2025-06-30T17:10:48+00:00","description":"Parmi les partenaires strat\u00e9giques du CIF qui d\u00e9fendent cet agenda figure l'Union europ\u00e9enne, dont la coop\u00e9ration de longue date et les investissements strat\u00e9giques ont toujours soutenu la croissance du secteur priv\u00e9 et le d\u00e9veloppement durable dans l'ensemble des Cara\u00efbes.","breadcrumb":{"@id":"https:\/\/content.carib-export.com\/fr\/news\/european-union-deepens-strategic-partnership-at-the-caribbean-investment-forum-2025\/#breadcrumb"},"inLanguage":"fr-FR","potentialAction":[{"@type":"ReadAction","target":["https:\/\/content.carib-export.com\/fr\/news\/european-union-deepens-strategic-partnership-at-the-caribbean-investment-forum-2025\/"]}]},{"@type":"ImageObject","inLanguage":"fr-FR","@id":"https:\/\/content.carib-export.com\/fr\/news\/european-union-deepens-strategic-partnership-at-the-caribbean-investment-forum-2025\/#primaryimage","url":"https:\/\/content.carib-export.com\/wp-content\/uploads\/2025\/06\/Damie.png","contentUrl":"https:\/\/content.carib-export.com\/wp-content\/uploads\/2025\/06\/Damie.png","width":1500,"height":1125},{"@type":"BreadcrumbList","@id":"https:\/\/content.carib-export.com\/fr\/news\/european-union-deepens-strategic-partnership-at-the-caribbean-investment-forum-2025\/#breadcrumb","itemListElement":[{"@type":"ListItem","position":1,"name":"Accueil","item":"https:\/\/content.carib-export.com\/fr\/home\/"},{"@type":"ListItem","position":2,"name":"News","item":"https:\/\/content.carib-export.com\/fr\/news\/"},{"@type":"ListItem","position":3,"name":"L&rsquo;Union europ\u00e9enne approfondit son partenariat strat\u00e9gique \u00e0 l&rsquo;occasion du Forum d&rsquo;investissement des Cara\u00efbes 2025"}]},{"@type":"WebSite","@id":"https:\/\/content.carib-export.com\/fr\/#website","url":"https:\/\/content.carib-export.com\/fr\/","name":"Exportation Cara\u00efbes","description":"La seule agence r\u00e9gionale de promotion du commerce et des investissements du groupe Afrique, Cara\u00efbes et Pacifique.","publisher":{"@id":"https:\/\/content.carib-export.com\/fr\/#organization"},"potentialAction":[{"@type":"SearchAction","target":{"@type":"EntryPoint","urlTemplate":"https:\/\/content.carib-export.com\/fr\/?s={search_term_string}"},"query-input":{"@type":"PropertyValueSpecification","valueRequired":true,"valueName":"search_term_string"}}],"inLanguage":"fr-FR"},{"@type":"Organization","@id":"https:\/\/content.carib-export.com\/fr\/#organization","name":"Agence carib\u00e9enne de d\u00e9veloppement des exportations","url":"https:\/\/content.carib-export.com\/fr\/","logo":{"@type":"ImageObject","inLanguage":"fr-FR","@id":"https:\/\/content.carib-export.com\/fr\/#\/schema\/logo\/image\/","url":"https:\/\/content.carib-export.com\/wp-content\/uploads\/2013\/03\/CE-Logo-2013.jpg","contentUrl":"https:\/\/content.carib-export.com\/wp-content\/uploads\/2013\/03\/CE-Logo-2013.jpg","width":1024,"height":244,"caption":"Agence carib\u00e9enne de d\u00e9veloppement des exportations"},"image":{"@id":"https:\/\/content.carib-export.com\/fr\/#\/schema\/logo\/image\/"},"sameAs":["https:\/\/www.facebook.com\/CaribbeanExport","https:\/\/x.com\/CaribXport","https:\/\/www.instagram.com\/caribbeanexport","https:\/\/www.linkedin.com\/company\/caribbeanexport","https:\/\/www.youtube.com\/user\/TheCaribbeanExport"]}]}},"_links":{"self":[{"href":"https:\/\/content.carib-export.com\/fr\/wp-json\/wp\/v2\/news\/379635","targetHints":{"allow":["GET"]}}],"collection":[{"href":"https:\/\/content.carib-export.com\/fr\/wp-json\/wp\/v2\/news"}],"about":[{"href":"https:\/\/content.carib-export.com\/fr\/wp-json\/wp\/v2\/types\/news"}],"author":[{"embeddable":true,"href":"https:\/\/content.carib-export.com\/fr\/wp-json\/wp\/v2\/users\/9"}],"version-history":[{"count":0,"href":"https:\/\/content.carib-export.com\/fr\/wp-json\/wp\/v2\/news\/379635\/revisions"}],"wp:featuredmedia":[{"embeddable":true,"href":"https:\/\/content.carib-export.com\/fr\/wp-json\/wp\/v2\/media\/379624"}],"wp:attachment":[{"href":"https:\/\/content.carib-export.com\/fr\/wp-json\/wp\/v2\/media?parent=379635"}],"wp:term":[{"taxonomy":"post_tag","embeddable":true,"href":"https:\/\/content.carib-export.com\/fr\/wp-json\/wp\/v2\/tags?post=379635"}],"curies":[{"name":"wp","href":"https:\/\/api.w.org\/{rel}","templated":true}]}}