{"id":380417,"date":"2025-07-30T12:57:13","date_gmt":"2025-07-30T16:57:13","guid":{"rendered":"https:\/\/content.carib-export.com\/news\/caribbean-investment-forum-2025-opens-with-visionary-call-for-sustainable-growth-and-regional-competitiveness\/"},"modified":"2025-07-30T15:14:47","modified_gmt":"2025-07-30T19:14:47","slug":"caribbean-investment-forum-2025-opens-with-visionary-call-for-sustainable-growth-and-regional-competitiveness","status":"publish","type":"news","link":"https:\/\/content.carib-export.com\/fr\/news\/caribbean-investment-forum-2025-opens-with-visionary-call-for-sustainable-growth-and-regional-competitiveness\/","title":{"rendered":"Le Caribbean Investment Forum 2025 s&rsquo;ouvre sur un appel visionnaire en faveur d&rsquo;une croissance durable et de la comp\u00e9titivit\u00e9 r\u00e9gionale"},"content":{"rendered":"\n<p>Le quatri\u00e8me <a href=\"www.caribbeaninvestmentforum.com\">Forum d&rsquo;investissement des Cara\u00efbes<\/a> (CIF) s&rsquo;est ouvert hier soir \u00e0 Montego Bay, r\u00e9unissant des chefs de gouvernement, des investisseurs internationaux et des partenaires de d\u00e9veloppement afin d&rsquo;acc\u00e9l\u00e9rer la croissance durable et la transformation r\u00e9gionale.<\/p>\n\n<p>Organis\u00e9 par l&rsquo;Agence de d\u00e9veloppement des exportations des Cara\u00efbes en collaboration avec le minist\u00e8re de l&rsquo;industrie, de l&rsquo;investissement et du commerce de la Jama\u00efque, JAMPRO, l&rsquo;Union europ\u00e9enne (UE) et le secr\u00e9tariat du CARICOM, le CIF 2025 est plac\u00e9 sous le th\u00e8me <em>\u00ab\u00a0Smart. Vert. Connect\u00e9. Acc\u00e9l\u00e9rer l&rsquo;investissement. Stimuler l&rsquo;innovation\u00a0\u00bb.<\/em><\/p>\n\n<p>Dans son discours d&rsquo;ouverture, Damie Sinanan, directeur ex\u00e9cutif de Caribbean Export, a soulign\u00e9 l&rsquo;\u00e9volution du forum en tant que premi\u00e8re plateforme d&rsquo;investissement des Cara\u00efbes depuis sa cr\u00e9ation en 2022. Il a not\u00e9 que le CIF a r\u00e9ussi \u00e0 mettre en relation des investisseurs de plus de 50 pays et a pr\u00e9sent\u00e9 pr\u00e8s de 60 projets bancables d&rsquo;une valeur de plus de 350 millions d&rsquo;USD. \u00a0\u00bb <em>Le CIF est un catalyseur qui permet de transformer une vision en opportunit\u00e9, en stimulant l&rsquo;investissement, en \u00e9tablissant des partenariats et en lib\u00e9rant le potentiel de transformation dans les Cara\u00efbes\u00a0\u00bb,<\/em> a d\u00e9clar\u00e9 M. Sinanan. <\/p>\n\n<p>Il a en outre soulign\u00e9 les quatre piliers strat\u00e9giques qui guident les FIC 2025 &#8211; la transition vers une \u00e9conomie verte, la transformation num\u00e9rique et l&rsquo;innovation, l&rsquo;agriculture durable et la s\u00e9curit\u00e9 alimentaire, ainsi que la logistique et le transport &#8211; les d\u00e9crivant comme des <em>\u00ab\u00a0secteurs ayant un potentiel de transformation pour le d\u00e9veloppement \u00e9conomique et la r\u00e9silience dans les Cara\u00efbes\u00a0\u00bb.<\/em> M. Sinanan a appel\u00e9 les parties prenantes \u00e0 mobiliser des partenariats qui peuvent <em>\u00ab\u00a0construire l&rsquo;infrastructure n\u00e9cessaire \u00e0 la transition vers les \u00e9nergies renouvelables, combler le foss\u00e9 num\u00e9rique, stimuler la s\u00e9curit\u00e9 alimentaire et cr\u00e9er des r\u00e9seaux logistiques efficaces.\u00a0\u00bb<\/em><\/p>\n\n<p>Shullette Cox, pr\u00e9sidente de JAMPRO, a d\u00e9clar\u00e9 : <em>\u00ab\u00a0La Jama\u00efque est ouverte aux affaires et pr\u00eate \u00e0 nouer des partenariats.<\/em> Elle a \u00e9galement soulign\u00e9 l&rsquo;importance de l&rsquo;int\u00e9gration r\u00e9gionale et du fait de parler d&rsquo;une seule voix \u00e0 la communaut\u00e9 mondiale des investisseurs, notant que le CIF fournit une plate-forme solide pour faire avancer une strat\u00e9gie d&rsquo;investissement centr\u00e9e sur les Cara\u00efbes.<\/p>\n\n<p>Erja Askola, ambassadrice de l&rsquo;UE aupr\u00e8s de la Jama\u00efque, du Belize et des Bahamas, a r\u00e9affirm\u00e9 le partenariat de longue date entre l&rsquo;UE et les Cara\u00efbes, notant que l&rsquo;UE est \u00e0 la fois un <em>\u00ab\u00a0partenaire solide en mati\u00e8re de commerce et d&rsquo;investissement\u00a0\u00bb<\/em> et une <em>\u00ab\u00a0destination pour les exportations et le commerce des Cara\u00efbes\u00a0\u00bb.<\/em> Elle a insist\u00e9 sur le fait que l&rsquo;UE est un march\u00e9 de 450 millions de consommateurs r\u00e9partis dans 27 pays, exempt de droits de douane et de quotas, et qu&rsquo;elle est la deuxi\u00e8me destination des exportations carib\u00e9ennes. Mettant en avant des initiatives telles que l&rsquo;acc\u00e9l\u00e9rateur num\u00e9rique de l&rsquo;UE et le soutien aux infrastructures intelligentes sur le plan climatique pour les MPME, l&rsquo;ambassadeur Askola a d\u00e9clar\u00e9 : \u00ab\u00a0Gr\u00e2ce \u00e0 la passerelle mondiale, nous sommes en mesure d&rsquo;offrir des services de qualit\u00e9 \u00e0 nos clients : <em>\u00ab\u00a0Gr\u00e2ce \u00e0 la passerelle mondiale, nous visons \u00e0 mobiliser des financements d&rsquo;investissement et \u00e0 construire une Cara\u00efbe r\u00e9siliente et durable qui prosp\u00e8re gr\u00e2ce \u00e0 de v\u00e9ritables partenariats.\u00a0\u00bb<\/em> <\/p>\n\n<p>Le s\u00e9nateur Aubyn Hill, ministre jama\u00efcain de l&rsquo;industrie, de l&rsquo;investissement et du commerce, a soulign\u00e9 l&rsquo;ambition de son pays d&rsquo;\u00eatre <em>\u00ab\u00a0la destination d&rsquo;investissement la plus attrayante de la r\u00e9gion\u00a0\u00bb, en<\/em> insistant sur l&rsquo;importance de favoriser les investissements de grande valeur, de stimuler le commerce r\u00e9gional et d&rsquo;encourager une coop\u00e9ration plus forte. <\/p>\n\n<p>En pronon\u00e7ant le discours d&rsquo;ouverture <em>intitul\u00e9 \u00ab\u00a0Investir dans l&rsquo;avenir : Une vision pour la croissance et la comp\u00e9titivit\u00e9 des Cara\u00efbes\u00a0\u00bb,<\/em> M. Fayval Williams, ministre des finances et de la fonction publique de la Jama\u00efque, a soulign\u00e9 le r\u00f4le transformateur des partenariats public-priv\u00e9 : <em>\u00ab\u00a0Les petits \u00c9tats peuvent concr\u00e9tiser des visions audacieuses en mati\u00e8re de croissance et d&rsquo;innovation, mais cette t\u00e2che n&rsquo;incombe pas aux seuls gouvernements. Il faut une collaboration \u00e9troite avec le secteur priv\u00e9 et les partenaires du d\u00e9veloppement pour construire une \u00e9conomie carib\u00e9enne v\u00e9ritablement pr\u00eate pour l&rsquo;avenir.\u00a0\u00bb<\/em> <\/p>\n\n<p>Au cours des deux prochains jours, les FIC accueilleront des vitrines d&rsquo;investissement sectorielles et des dialogues de haut niveau ax\u00e9s sur quatre piliers strat\u00e9giques : Transition vers une \u00e9conomie verte, Transformation num\u00e9rique et innovation, Agriculture durable et s\u00e9curit\u00e9 alimentaire, et Logistique et transport. Plus de 80 millions USD de projets pr\u00eats \u00e0 \u00eatre investis seront pr\u00e9sent\u00e9s \u00e0 des investisseurs de plus de 40 pays. <\/p>\n\n<p>\u00ab\u00a0<em>Le CIF est plus qu&rsquo;un \u00e9v\u00e9nement : c&rsquo;est la plateforme o\u00f9 les id\u00e9es transformatrices rencontrent les capitaux et les partenariats, fa\u00e7onnant l&rsquo;avenir des Cara\u00efbes pour les g\u00e9n\u00e9rations \u00e0 venir\u00a0\u00bb,<\/em> a conclu M. Sinanan.<\/p>\n\n<p>Le FIC 2025 est rendu possible gr\u00e2ce au soutien de partenaires strat\u00e9giques et de sponsors, notamment la Republic Bank, la Banque interam\u00e9ricaine de d\u00e9veloppement (BID) et l&rsquo;Autorit\u00e9 de la zone \u00e9conomique sp\u00e9ciale de la Jama\u00efque (Jamaica Special Economic Zone Authority).<\/p>\n\n<p>Pour plus d&rsquo;informations et des mises \u00e0 jour sur l&rsquo;\u00e9v\u00e9nement, visitez le site <a href=\"http:\/\/www.caribbeaninvestmentforum.com\"><strong>www.caribbeaninvestmentforum.com<\/strong><\/a><\/p>\n","protected":false},"excerpt":{"rendered":"<p>Le quatri\u00e8me Forum d&rsquo;investissement des Cara\u00efbes (CIF) s&rsquo;est ouvert hier soir \u00e0 Montego Bay, r\u00e9unissant des chefs de gouvernement, des investisseurs internationaux et des partenaires de d\u00e9veloppement afin d&rsquo;acc\u00e9l\u00e9rer la croissance durable et la transformation r\u00e9gionale. Organis\u00e9 par l&rsquo;Agence de d\u00e9veloppement des exportations des Cara\u00efbes en collaboration avec le minist\u00e8re de l&rsquo;industrie, de l&rsquo;investissement et [&hellip;]<\/p>\n","protected":false},"author":10,"featured_media":0,"menu_order":0,"template":"","tags":[],"class_list":["post-380417","news","type-news","status-publish","hentry"],"acf":[],"yoast_head":"<!-- This site is optimized with the Yoast SEO plugin v27.1.1 - https:\/\/yoast.com\/product\/yoast-seo-wordpress\/ -->\n<title>de Le Caribbean Investment Forum 2025 s&#039;ouvre sur un appel visionnaire en faveur d&#039;une croissance durable et de la comp\u00e9titivit\u00e9 r\u00e9gionale - Exportation Cara\u00efbes<\/title>\n<meta name=\"robots\" content=\"index, follow, max-snippet:-1, max-image-preview:large, max-video-preview:-1\" \/>\n<link rel=\"canonical\" href=\"https:\/\/content.carib-export.com\/fr\/news\/caribbean-investment-forum-2025-opens-with-visionary-call-for-sustainable-growth-and-regional-competitiveness\/\" \/>\n<meta property=\"og:locale\" content=\"fr_FR\" \/>\n<meta property=\"og:type\" content=\"article\" \/>\n<meta property=\"og:title\" content=\"de Le Caribbean Investment Forum 2025 s&#039;ouvre sur un appel visionnaire en faveur d&#039;une croissance durable et de la comp\u00e9titivit\u00e9 r\u00e9gionale - Exportation Cara\u00efbes\" \/>\n<meta property=\"og:description\" content=\"Le quatri\u00e8me Forum d&rsquo;investissement des Cara\u00efbes (CIF) s&rsquo;est ouvert hier soir \u00e0 Montego Bay, r\u00e9unissant des chefs de gouvernement, des investisseurs internationaux et des partenaires de d\u00e9veloppement afin d&rsquo;acc\u00e9l\u00e9rer la croissance durable et la transformation r\u00e9gionale. Organis\u00e9 par l&rsquo;Agence de d\u00e9veloppement des exportations des Cara\u00efbes en collaboration avec le minist\u00e8re de l&rsquo;industrie, de l&rsquo;investissement et [&hellip;]\" \/>\n<meta property=\"og:url\" content=\"https:\/\/content.carib-export.com\/fr\/news\/caribbean-investment-forum-2025-opens-with-visionary-call-for-sustainable-growth-and-regional-competitiveness\/\" \/>\n<meta property=\"og:site_name\" content=\"Exportation Cara\u00efbes\" \/>\n<meta property=\"article:publisher\" content=\"https:\/\/www.facebook.com\/CaribbeanExport\" \/>\n<meta property=\"article:modified_time\" content=\"2025-07-30T19:14:47+00:00\" \/>\n<meta property=\"og:image\" content=\"https:\/\/content.carib-export.com\/wp-content\/uploads\/2019\/06\/CEDA-default-square.jpg\" \/>\n\t<meta property=\"og:image:width\" content=\"1000\" \/>\n\t<meta property=\"og:image:height\" content=\"1000\" \/>\n\t<meta property=\"og:image:type\" content=\"image\/jpeg\" \/>\n<meta name=\"twitter:card\" content=\"summary_large_image\" \/>\n<meta name=\"twitter:site\" content=\"@CaribXport\" \/>\n<meta name=\"twitter:label1\" content=\"Dur\u00e9e de lecture estim\u00e9e\" \/>\n\t<meta name=\"twitter:data1\" content=\"4 minutes\" \/>\n<script type=\"application\/ld+json\" class=\"yoast-schema-graph\">{\"@context\":\"https:\/\/schema.org\",\"@graph\":[{\"@type\":\"WebPage\",\"@id\":\"https:\/\/content.carib-export.com\/fr\/news\/caribbean-investment-forum-2025-opens-with-visionary-call-for-sustainable-growth-and-regional-competitiveness\/\",\"url\":\"https:\/\/content.carib-export.com\/fr\/news\/caribbean-investment-forum-2025-opens-with-visionary-call-for-sustainable-growth-and-regional-competitiveness\/\",\"name\":\"de Le Caribbean Investment Forum 2025 s'ouvre sur un appel visionnaire en faveur d'une croissance durable et de la comp\u00e9titivit\u00e9 r\u00e9gionale - Exportation Cara\u00efbes\",\"isPartOf\":{\"@id\":\"https:\/\/content.carib-export.com\/fr\/#website\"},\"datePublished\":\"2025-07-30T16:57:13+00:00\",\"dateModified\":\"2025-07-30T19:14:47+00:00\",\"breadcrumb\":{\"@id\":\"https:\/\/content.carib-export.com\/fr\/news\/caribbean-investment-forum-2025-opens-with-visionary-call-for-sustainable-growth-and-regional-competitiveness\/#breadcrumb\"},\"inLanguage\":\"fr-FR\",\"potentialAction\":[{\"@type\":\"ReadAction\",\"target\":[\"https:\/\/content.carib-export.com\/fr\/news\/caribbean-investment-forum-2025-opens-with-visionary-call-for-sustainable-growth-and-regional-competitiveness\/\"]}]},{\"@type\":\"BreadcrumbList\",\"@id\":\"https:\/\/content.carib-export.com\/fr\/news\/caribbean-investment-forum-2025-opens-with-visionary-call-for-sustainable-growth-and-regional-competitiveness\/#breadcrumb\",\"itemListElement\":[{\"@type\":\"ListItem\",\"position\":1,\"name\":\"Accueil\",\"item\":\"https:\/\/content.carib-export.com\/fr\/home\/\"},{\"@type\":\"ListItem\",\"position\":2,\"name\":\"News\",\"item\":\"https:\/\/content.carib-export.com\/fr\/news\/\"},{\"@type\":\"ListItem\",\"position\":3,\"name\":\"Le Caribbean Investment Forum 2025 s&#8217;ouvre sur un appel visionnaire en faveur d&#8217;une croissance durable et de la comp\u00e9titivit\u00e9 r\u00e9gionale\"}]},{\"@type\":\"WebSite\",\"@id\":\"https:\/\/content.carib-export.com\/fr\/#website\",\"url\":\"https:\/\/content.carib-export.com\/fr\/\",\"name\":\"Exportation Cara\u00efbes\",\"description\":\"La seule agence r\u00e9gionale de promotion du commerce et des investissements du groupe Afrique, Cara\u00efbes et Pacifique.\",\"publisher\":{\"@id\":\"https:\/\/content.carib-export.com\/fr\/#organization\"},\"potentialAction\":[{\"@type\":\"SearchAction\",\"target\":{\"@type\":\"EntryPoint\",\"urlTemplate\":\"https:\/\/content.carib-export.com\/fr\/?s={search_term_string}\"},\"query-input\":{\"@type\":\"PropertyValueSpecification\",\"valueRequired\":true,\"valueName\":\"search_term_string\"}}],\"inLanguage\":\"fr-FR\"},{\"@type\":\"Organization\",\"@id\":\"https:\/\/content.carib-export.com\/fr\/#organization\",\"name\":\"Agence carib\u00e9enne de d\u00e9veloppement des exportations\",\"url\":\"https:\/\/content.carib-export.com\/fr\/\",\"logo\":{\"@type\":\"ImageObject\",\"inLanguage\":\"fr-FR\",\"@id\":\"https:\/\/content.carib-export.com\/fr\/#\/schema\/logo\/image\/\",\"url\":\"https:\/\/content.carib-export.com\/wp-content\/uploads\/2013\/03\/CE-Logo-2013.jpg\",\"contentUrl\":\"https:\/\/content.carib-export.com\/wp-content\/uploads\/2013\/03\/CE-Logo-2013.jpg\",\"width\":1024,\"height\":244,\"caption\":\"Agence carib\u00e9enne de d\u00e9veloppement des exportations\"},\"image\":{\"@id\":\"https:\/\/content.carib-export.com\/fr\/#\/schema\/logo\/image\/\"},\"sameAs\":[\"https:\/\/www.facebook.com\/CaribbeanExport\",\"https:\/\/x.com\/CaribXport\",\"https:\/\/www.instagram.com\/caribbeanexport\",\"https:\/\/www.linkedin.com\/company\/caribbeanexport\",\"https:\/\/www.youtube.com\/user\/TheCaribbeanExport\"]}]}<\/script>\n<!-- \/ Yoast SEO plugin. -->","yoast_head_json":{"title":"de Le Caribbean Investment Forum 2025 s'ouvre sur un appel visionnaire en faveur d'une croissance durable et de la comp\u00e9titivit\u00e9 r\u00e9gionale - Exportation Cara\u00efbes","robots":{"index":"index","follow":"follow","max-snippet":"max-snippet:-1","max-image-preview":"max-image-preview:large","max-video-preview":"max-video-preview:-1"},"canonical":"https:\/\/content.carib-export.com\/fr\/news\/caribbean-investment-forum-2025-opens-with-visionary-call-for-sustainable-growth-and-regional-competitiveness\/","og_locale":"fr_FR","og_type":"article","og_title":"de Le Caribbean Investment Forum 2025 s'ouvre sur un appel visionnaire en faveur d'une croissance durable et de la comp\u00e9titivit\u00e9 r\u00e9gionale - Exportation Cara\u00efbes","og_description":"Le quatri\u00e8me Forum d&rsquo;investissement des Cara\u00efbes (CIF) s&rsquo;est ouvert hier soir \u00e0 Montego Bay, r\u00e9unissant des chefs de gouvernement, des investisseurs internationaux et des partenaires de d\u00e9veloppement afin d&rsquo;acc\u00e9l\u00e9rer la croissance durable et la transformation r\u00e9gionale. Organis\u00e9 par l&rsquo;Agence de d\u00e9veloppement des exportations des Cara\u00efbes en collaboration avec le minist\u00e8re de l&rsquo;industrie, de l&rsquo;investissement et [&hellip;]","og_url":"https:\/\/content.carib-export.com\/fr\/news\/caribbean-investment-forum-2025-opens-with-visionary-call-for-sustainable-growth-and-regional-competitiveness\/","og_site_name":"Exportation Cara\u00efbes","article_publisher":"https:\/\/www.facebook.com\/CaribbeanExport","article_modified_time":"2025-07-30T19:14:47+00:00","og_image":[{"width":1000,"height":1000,"url":"https:\/\/content.carib-export.com\/wp-content\/uploads\/2019\/06\/CEDA-default-square.jpg","type":"image\/jpeg"}],"twitter_card":"summary_large_image","twitter_site":"@CaribXport","twitter_misc":{"Dur\u00e9e de lecture estim\u00e9e":"4 minutes"},"schema":{"@context":"https:\/\/schema.org","@graph":[{"@type":"WebPage","@id":"https:\/\/content.carib-export.com\/fr\/news\/caribbean-investment-forum-2025-opens-with-visionary-call-for-sustainable-growth-and-regional-competitiveness\/","url":"https:\/\/content.carib-export.com\/fr\/news\/caribbean-investment-forum-2025-opens-with-visionary-call-for-sustainable-growth-and-regional-competitiveness\/","name":"de Le Caribbean Investment Forum 2025 s'ouvre sur un appel visionnaire en faveur d'une croissance durable et de la comp\u00e9titivit\u00e9 r\u00e9gionale - Exportation Cara\u00efbes","isPartOf":{"@id":"https:\/\/content.carib-export.com\/fr\/#website"},"datePublished":"2025-07-30T16:57:13+00:00","dateModified":"2025-07-30T19:14:47+00:00","breadcrumb":{"@id":"https:\/\/content.carib-export.com\/fr\/news\/caribbean-investment-forum-2025-opens-with-visionary-call-for-sustainable-growth-and-regional-competitiveness\/#breadcrumb"},"inLanguage":"fr-FR","potentialAction":[{"@type":"ReadAction","target":["https:\/\/content.carib-export.com\/fr\/news\/caribbean-investment-forum-2025-opens-with-visionary-call-for-sustainable-growth-and-regional-competitiveness\/"]}]},{"@type":"BreadcrumbList","@id":"https:\/\/content.carib-export.com\/fr\/news\/caribbean-investment-forum-2025-opens-with-visionary-call-for-sustainable-growth-and-regional-competitiveness\/#breadcrumb","itemListElement":[{"@type":"ListItem","position":1,"name":"Accueil","item":"https:\/\/content.carib-export.com\/fr\/home\/"},{"@type":"ListItem","position":2,"name":"News","item":"https:\/\/content.carib-export.com\/fr\/news\/"},{"@type":"ListItem","position":3,"name":"Le Caribbean Investment Forum 2025 s&#8217;ouvre sur un appel visionnaire en faveur d&#8217;une croissance durable et de la comp\u00e9titivit\u00e9 r\u00e9gionale"}]},{"@type":"WebSite","@id":"https:\/\/content.carib-export.com\/fr\/#website","url":"https:\/\/content.carib-export.com\/fr\/","name":"Exportation Cara\u00efbes","description":"La seule agence r\u00e9gionale de promotion du commerce et des investissements du groupe Afrique, Cara\u00efbes et Pacifique.","publisher":{"@id":"https:\/\/content.carib-export.com\/fr\/#organization"},"potentialAction":[{"@type":"SearchAction","target":{"@type":"EntryPoint","urlTemplate":"https:\/\/content.carib-export.com\/fr\/?s={search_term_string}"},"query-input":{"@type":"PropertyValueSpecification","valueRequired":true,"valueName":"search_term_string"}}],"inLanguage":"fr-FR"},{"@type":"Organization","@id":"https:\/\/content.carib-export.com\/fr\/#organization","name":"Agence carib\u00e9enne de d\u00e9veloppement des exportations","url":"https:\/\/content.carib-export.com\/fr\/","logo":{"@type":"ImageObject","inLanguage":"fr-FR","@id":"https:\/\/content.carib-export.com\/fr\/#\/schema\/logo\/image\/","url":"https:\/\/content.carib-export.com\/wp-content\/uploads\/2013\/03\/CE-Logo-2013.jpg","contentUrl":"https:\/\/content.carib-export.com\/wp-content\/uploads\/2013\/03\/CE-Logo-2013.jpg","width":1024,"height":244,"caption":"Agence carib\u00e9enne de d\u00e9veloppement des exportations"},"image":{"@id":"https:\/\/content.carib-export.com\/fr\/#\/schema\/logo\/image\/"},"sameAs":["https:\/\/www.facebook.com\/CaribbeanExport","https:\/\/x.com\/CaribXport","https:\/\/www.instagram.com\/caribbeanexport","https:\/\/www.linkedin.com\/company\/caribbeanexport","https:\/\/www.youtube.com\/user\/TheCaribbeanExport"]}]}},"_links":{"self":[{"href":"https:\/\/content.carib-export.com\/fr\/wp-json\/wp\/v2\/news\/380417","targetHints":{"allow":["GET"]}}],"collection":[{"href":"https:\/\/content.carib-export.com\/fr\/wp-json\/wp\/v2\/news"}],"about":[{"href":"https:\/\/content.carib-export.com\/fr\/wp-json\/wp\/v2\/types\/news"}],"author":[{"embeddable":true,"href":"https:\/\/content.carib-export.com\/fr\/wp-json\/wp\/v2\/users\/10"}],"version-history":[{"count":0,"href":"https:\/\/content.carib-export.com\/fr\/wp-json\/wp\/v2\/news\/380417\/revisions"}],"wp:attachment":[{"href":"https:\/\/content.carib-export.com\/fr\/wp-json\/wp\/v2\/media?parent=380417"}],"wp:term":[{"taxonomy":"post_tag","embeddable":true,"href":"https:\/\/content.carib-export.com\/fr\/wp-json\/wp\/v2\/tags?post=380417"}],"curies":[{"name":"wp","href":"https:\/\/api.w.org\/{rel}","templated":true}]}}