{"id":380477,"date":"2025-07-31T20:15:16","date_gmt":"2025-08-01T00:15:16","guid":{"rendered":"https:\/\/content.carib-export.com\/news\/caribbean-investment-forum-2025-concludes-with-strong-momentum-for-regional-growth-and-announces-2026-host\/"},"modified":"2025-07-31T20:18:03","modified_gmt":"2025-08-01T00:18:03","slug":"caribbean-investment-forum-2025-concludes-with-strong-momentum-for-regional-growth-and-announces-2026-host","status":"publish","type":"news","link":"https:\/\/content.carib-export.com\/fr\/news\/caribbean-investment-forum-2025-concludes-with-strong-momentum-for-regional-growth-and-announces-2026-host\/","title":{"rendered":"Le Forum d&rsquo;investissement des Cara\u00efbes 2025 s&rsquo;ach\u00e8ve sur une forte dynamique de croissance r\u00e9gionale et annonce l&rsquo;organisation de l&rsquo;\u00e9dition 2026"},"content":{"rendered":"\n<p>Le <a href=\"www.caribbeaninvestmentforum.com\">Caribbean Investment Forum<\/a> (CIF) 2025 s&rsquo;est achev\u00e9 aujourd&rsquo;hui apr\u00e8s deux jours de transformation \u00e0 Montego Bay, en Jama\u00efque, et a rempli sa mission de positionner les Cara\u00efbes comme une r\u00e9gion audacieuse, r\u00e9siliente et propice \u00e0 l&rsquo;investissement, riche en opportunit\u00e9s et en innovations.<\/p>\n\n<p>Le forum a rassembl\u00e9 plus de 450 participants de 39 pays, dont des investisseurs, des entrepreneurs, des responsables gouvernementaux et des partenaires de d\u00e9veloppement, afin d&rsquo;explorer les voies d&rsquo;une croissance \u00e9conomique durable.<\/p>\n\n<p>M. Leo Naut, directeur ex\u00e9cutif adjoint de l&rsquo;Agence de d\u00e9veloppement des exportations des Cara\u00efbes, et Mme Shullette Cox, pr\u00e9sidente de JAMPRO, ont prononc\u00e9 le discours de cl\u00f4ture. Tous deux ont soulign\u00e9 que le forum avait non seulement r\u00e9pondu aux attentes, mais les avait d\u00e9pass\u00e9es, cr\u00e9ant des liens significatifs et des r\u00e9sultats tangibles pour la r\u00e9gion. <\/p>\n\n<p>\u00ab\u00a0Des projets bancables \u00e0 l&rsquo;innovation des startups, le FIC 2025 a montr\u00e9 que lorsque nous travaillons ensemble, nous cr\u00e9ons de r\u00e9elles opportunit\u00e9s de croissance et de r\u00e9silience dans les Cara\u00efbes\u00a0\u00bb, a d\u00e9clar\u00e9 M. Naut.<\/p>\n\n<p>Faisant \u00e9cho \u00e0 ce sentiment, Mme Cox a soulign\u00e9 l&rsquo;engagement de la Jama\u00efque \u00e0 mener des initiatives r\u00e9gionales d&rsquo;investissement :<br\/>\u00ab\u00a0Mission accomplie\u00a0\u00bb, a-t-elle d\u00e9clar\u00e9. \u00ab\u00a0Nous avons pr\u00e9sent\u00e9 les Cara\u00efbes non seulement comme des destinations magnifiques, mais aussi comme une r\u00e9gion unifi\u00e9e, innovante et propice aux investissements. Cette semaine, nous avons suscit\u00e9 des id\u00e9es, forg\u00e9 des partenariats et gagn\u00e9 la confiance des investisseurs. Maintenant, le travail continue &#8211; transformer le potentiel en plans, et les plans en partenariats qui ont un impact r\u00e9el pour nos entreprises et nos populations\u00a0\u00bb. <\/p>\n\n<p>Le forum a donn\u00e9 lieu \u00e0 de solides discussions sur des secteurs cl\u00e9s &#8211; notamment l&rsquo;agro-industrie, la transformation num\u00e9rique, la logistique et l&rsquo;\u00e9conomie verte &#8211; et a d\u00e9voil\u00e9 douze projets pr\u00eats \u00e0 \u00eatre investis, d&rsquo;une valeur de plus de 80 millions de dollars am\u00e9ricains. L&rsquo;Investment Sprint inaugural a mis en valeur les talents entrepreneuriaux de la r\u00e9gion, tandis que l&rsquo;oratrice principale, Pamela Coke-Hamilton, a pr\u00e9sent\u00e9 un puissant plan directeur pour la r\u00e9silience commerciale. <\/p>\n\n<p>Lors de la c\u00e9r\u00e9monie de cl\u00f4ture, Lynette Holder, pr\u00e9sidente du conseil d&rsquo;administration de Caribbean Export, a annonc\u00e9 que la Barbade accueillerait le prochain <a href=\"https:\/\/youtu.be\/Ctit9cRK_JI\">Forum d&rsquo;investissement des Cara\u00efbes en 2026<\/a>.<\/p>\n\n<p>\u00ab\u00a0La Barbade est un centre florissant pour l&rsquo;innovation, la durabilit\u00e9 et la croissance des entreprises\u00a0\u00bb, a d\u00e9clar\u00e9 M. Holder. \u00ab\u00a0Nous sommes impatients de vous accueillir en 2026 pour une exp\u00e9rience inoubliable o\u00f9 les id\u00e9es se rencontrent, les partenariats se d\u00e9veloppent et l&rsquo;avenir de l&rsquo;investissement dans les Cara\u00efbes se dessine. <\/p>\n\n<p>Caribbean Export et JAMPRO ont exprim\u00e9 leur gratitude \u00e0 tous les partenaires et sponsors, ainsi qu&rsquo;au gouvernement jama\u00efcain &#8211; en particulier le minist\u00e8re de l&rsquo;industrie, de l&rsquo;investissement et du commerce &#8211; pour leur soutien et leur hospitalit\u00e9 exceptionnels.<\/p>\n\n<p>Avec un nouvel \u00e9lan et la Barbade pr\u00eate \u00e0 accueillir l&rsquo;\u00e9dition 2026, le CIF poursuit sa mission d&rsquo;attirer les investissements mondiaux et de stimuler une croissance \u00e9conomique transformatrice dans les Cara\u00efbes.<\/p>\n\n<figure class=\"wp-block-embed is-type-video is-provider-youtube wp-block-embed-youtube wp-embed-aspect-16-9 wp-has-aspect-ratio\"><div class=\"wp-block-embed__wrapper\">\n<iframe loading=\"lazy\" title=\"Caribbean Investment Forum 2026 - Barbados\" width=\"640\" height=\"360\" src=\"https:\/\/www.youtube.com\/embed\/Ctit9cRK_JI?feature=oembed\" frameborder=\"0\" allow=\"accelerometer; autoplay; clipboard-write; encrypted-media; gyroscope; picture-in-picture; web-share\" referrerpolicy=\"strict-origin-when-cross-origin\" allowfullscreen><\/iframe>\n<\/div><\/figure>\n\n<p>Pour plus d&rsquo;informations et des mises \u00e0 jour sur l&rsquo;\u00e9v\u00e9nement, visitez le site <a href=\"http:\/\/www.caribbeaninvestmentforum.com\"><strong>www.caribbeaninvestmentforum.com<\/strong><\/a><\/p>\n","protected":false},"excerpt":{"rendered":"<p>Le Caribbean Investment Forum (CIF) 2025 s&rsquo;est achev\u00e9 aujourd&rsquo;hui apr\u00e8s deux jours de transformation \u00e0 Montego Bay, en Jama\u00efque, et a rempli sa mission de positionner les Cara\u00efbes comme une r\u00e9gion audacieuse, r\u00e9siliente et propice \u00e0 l&rsquo;investissement, riche en opportunit\u00e9s et en innovations. Le forum a rassembl\u00e9 plus de 450 participants de 39 pays, dont [&hellip;]<\/p>\n","protected":false},"author":10,"featured_media":0,"menu_order":0,"template":"","tags":[],"class_list":["post-380477","news","type-news","status-publish","hentry"],"acf":[],"yoast_head":"<!-- This site is optimized with the Yoast SEO plugin v27.1.1 - https:\/\/yoast.com\/product\/yoast-seo-wordpress\/ -->\n<title>de Le Forum d&#039;investissement des Cara\u00efbes 2025 s&#039;ach\u00e8ve sur une forte dynamique de croissance r\u00e9gionale et annonce l&#039;organisation de l&#039;\u00e9dition 2026 - Exportation Cara\u00efbes<\/title>\n<meta name=\"robots\" content=\"index, follow, max-snippet:-1, max-image-preview:large, max-video-preview:-1\" \/>\n<link rel=\"canonical\" href=\"https:\/\/content.carib-export.com\/fr\/news\/caribbean-investment-forum-2025-concludes-with-strong-momentum-for-regional-growth-and-announces-2026-host\/\" \/>\n<meta property=\"og:locale\" content=\"fr_FR\" \/>\n<meta property=\"og:type\" content=\"article\" \/>\n<meta property=\"og:title\" content=\"de Le Forum d&#039;investissement des Cara\u00efbes 2025 s&#039;ach\u00e8ve sur une forte dynamique de croissance r\u00e9gionale et annonce l&#039;organisation de l&#039;\u00e9dition 2026 - Exportation Cara\u00efbes\" \/>\n<meta property=\"og:description\" content=\"Le Caribbean Investment Forum (CIF) 2025 s&rsquo;est achev\u00e9 aujourd&rsquo;hui apr\u00e8s deux jours de transformation \u00e0 Montego Bay, en Jama\u00efque, et a rempli sa mission de positionner les Cara\u00efbes comme une r\u00e9gion audacieuse, r\u00e9siliente et propice \u00e0 l&rsquo;investissement, riche en opportunit\u00e9s et en innovations. Le forum a rassembl\u00e9 plus de 450 participants de 39 pays, dont [&hellip;]\" \/>\n<meta property=\"og:url\" content=\"https:\/\/content.carib-export.com\/fr\/news\/caribbean-investment-forum-2025-concludes-with-strong-momentum-for-regional-growth-and-announces-2026-host\/\" \/>\n<meta property=\"og:site_name\" content=\"Exportation Cara\u00efbes\" \/>\n<meta property=\"article:publisher\" content=\"https:\/\/www.facebook.com\/CaribbeanExport\" \/>\n<meta property=\"article:modified_time\" content=\"2025-08-01T00:18:03+00:00\" \/>\n<meta property=\"og:image\" content=\"https:\/\/content.carib-export.com\/wp-content\/uploads\/2019\/06\/CEDA-default-square.jpg\" \/>\n\t<meta property=\"og:image:width\" content=\"1000\" \/>\n\t<meta property=\"og:image:height\" content=\"1000\" \/>\n\t<meta property=\"og:image:type\" content=\"image\/jpeg\" \/>\n<meta name=\"twitter:card\" content=\"summary_large_image\" \/>\n<meta name=\"twitter:site\" content=\"@CaribXport\" \/>\n<meta name=\"twitter:label1\" content=\"Dur\u00e9e de lecture estim\u00e9e\" \/>\n\t<meta name=\"twitter:data1\" content=\"3 minutes\" \/>\n<script type=\"application\/ld+json\" class=\"yoast-schema-graph\">{\"@context\":\"https:\/\/schema.org\",\"@graph\":[{\"@type\":\"WebPage\",\"@id\":\"https:\/\/content.carib-export.com\/fr\/news\/caribbean-investment-forum-2025-concludes-with-strong-momentum-for-regional-growth-and-announces-2026-host\/\",\"url\":\"https:\/\/content.carib-export.com\/fr\/news\/caribbean-investment-forum-2025-concludes-with-strong-momentum-for-regional-growth-and-announces-2026-host\/\",\"name\":\"de Le Forum d'investissement des Cara\u00efbes 2025 s'ach\u00e8ve sur une forte dynamique de croissance r\u00e9gionale et annonce l'organisation de l'\u00e9dition 2026 - Exportation Cara\u00efbes\",\"isPartOf\":{\"@id\":\"https:\/\/content.carib-export.com\/fr\/#website\"},\"datePublished\":\"2025-08-01T00:15:16+00:00\",\"dateModified\":\"2025-08-01T00:18:03+00:00\",\"breadcrumb\":{\"@id\":\"https:\/\/content.carib-export.com\/fr\/news\/caribbean-investment-forum-2025-concludes-with-strong-momentum-for-regional-growth-and-announces-2026-host\/#breadcrumb\"},\"inLanguage\":\"fr-FR\",\"potentialAction\":[{\"@type\":\"ReadAction\",\"target\":[\"https:\/\/content.carib-export.com\/fr\/news\/caribbean-investment-forum-2025-concludes-with-strong-momentum-for-regional-growth-and-announces-2026-host\/\"]}]},{\"@type\":\"BreadcrumbList\",\"@id\":\"https:\/\/content.carib-export.com\/fr\/news\/caribbean-investment-forum-2025-concludes-with-strong-momentum-for-regional-growth-and-announces-2026-host\/#breadcrumb\",\"itemListElement\":[{\"@type\":\"ListItem\",\"position\":1,\"name\":\"Accueil\",\"item\":\"https:\/\/content.carib-export.com\/fr\/home\/\"},{\"@type\":\"ListItem\",\"position\":2,\"name\":\"News\",\"item\":\"https:\/\/content.carib-export.com\/fr\/news\/\"},{\"@type\":\"ListItem\",\"position\":3,\"name\":\"Le Forum d&rsquo;investissement des Cara\u00efbes 2025 s&rsquo;ach\u00e8ve sur une forte dynamique de croissance r\u00e9gionale et annonce l&rsquo;organisation de l&rsquo;\u00e9dition 2026\"}]},{\"@type\":\"WebSite\",\"@id\":\"https:\/\/content.carib-export.com\/fr\/#website\",\"url\":\"https:\/\/content.carib-export.com\/fr\/\",\"name\":\"Exportation Cara\u00efbes\",\"description\":\"La seule agence r\u00e9gionale de promotion du commerce et des investissements du groupe Afrique, Cara\u00efbes et Pacifique.\",\"publisher\":{\"@id\":\"https:\/\/content.carib-export.com\/fr\/#organization\"},\"potentialAction\":[{\"@type\":\"SearchAction\",\"target\":{\"@type\":\"EntryPoint\",\"urlTemplate\":\"https:\/\/content.carib-export.com\/fr\/?s={search_term_string}\"},\"query-input\":{\"@type\":\"PropertyValueSpecification\",\"valueRequired\":true,\"valueName\":\"search_term_string\"}}],\"inLanguage\":\"fr-FR\"},{\"@type\":\"Organization\",\"@id\":\"https:\/\/content.carib-export.com\/fr\/#organization\",\"name\":\"Agence carib\u00e9enne de d\u00e9veloppement des exportations\",\"url\":\"https:\/\/content.carib-export.com\/fr\/\",\"logo\":{\"@type\":\"ImageObject\",\"inLanguage\":\"fr-FR\",\"@id\":\"https:\/\/content.carib-export.com\/fr\/#\/schema\/logo\/image\/\",\"url\":\"https:\/\/content.carib-export.com\/wp-content\/uploads\/2013\/03\/CE-Logo-2013.jpg\",\"contentUrl\":\"https:\/\/content.carib-export.com\/wp-content\/uploads\/2013\/03\/CE-Logo-2013.jpg\",\"width\":1024,\"height\":244,\"caption\":\"Agence carib\u00e9enne de d\u00e9veloppement des exportations\"},\"image\":{\"@id\":\"https:\/\/content.carib-export.com\/fr\/#\/schema\/logo\/image\/\"},\"sameAs\":[\"https:\/\/www.facebook.com\/CaribbeanExport\",\"https:\/\/x.com\/CaribXport\",\"https:\/\/www.instagram.com\/caribbeanexport\",\"https:\/\/www.linkedin.com\/company\/caribbeanexport\",\"https:\/\/www.youtube.com\/user\/TheCaribbeanExport\"]}]}<\/script>\n<!-- \/ Yoast SEO plugin. -->","yoast_head_json":{"title":"de Le Forum d'investissement des Cara\u00efbes 2025 s'ach\u00e8ve sur une forte dynamique de croissance r\u00e9gionale et annonce l'organisation de l'\u00e9dition 2026 - Exportation Cara\u00efbes","robots":{"index":"index","follow":"follow","max-snippet":"max-snippet:-1","max-image-preview":"max-image-preview:large","max-video-preview":"max-video-preview:-1"},"canonical":"https:\/\/content.carib-export.com\/fr\/news\/caribbean-investment-forum-2025-concludes-with-strong-momentum-for-regional-growth-and-announces-2026-host\/","og_locale":"fr_FR","og_type":"article","og_title":"de Le Forum d'investissement des Cara\u00efbes 2025 s'ach\u00e8ve sur une forte dynamique de croissance r\u00e9gionale et annonce l'organisation de l'\u00e9dition 2026 - Exportation Cara\u00efbes","og_description":"Le Caribbean Investment Forum (CIF) 2025 s&rsquo;est achev\u00e9 aujourd&rsquo;hui apr\u00e8s deux jours de transformation \u00e0 Montego Bay, en Jama\u00efque, et a rempli sa mission de positionner les Cara\u00efbes comme une r\u00e9gion audacieuse, r\u00e9siliente et propice \u00e0 l&rsquo;investissement, riche en opportunit\u00e9s et en innovations. Le forum a rassembl\u00e9 plus de 450 participants de 39 pays, dont [&hellip;]","og_url":"https:\/\/content.carib-export.com\/fr\/news\/caribbean-investment-forum-2025-concludes-with-strong-momentum-for-regional-growth-and-announces-2026-host\/","og_site_name":"Exportation Cara\u00efbes","article_publisher":"https:\/\/www.facebook.com\/CaribbeanExport","article_modified_time":"2025-08-01T00:18:03+00:00","og_image":[{"width":1000,"height":1000,"url":"https:\/\/content.carib-export.com\/wp-content\/uploads\/2019\/06\/CEDA-default-square.jpg","type":"image\/jpeg"}],"twitter_card":"summary_large_image","twitter_site":"@CaribXport","twitter_misc":{"Dur\u00e9e de lecture estim\u00e9e":"3 minutes"},"schema":{"@context":"https:\/\/schema.org","@graph":[{"@type":"WebPage","@id":"https:\/\/content.carib-export.com\/fr\/news\/caribbean-investment-forum-2025-concludes-with-strong-momentum-for-regional-growth-and-announces-2026-host\/","url":"https:\/\/content.carib-export.com\/fr\/news\/caribbean-investment-forum-2025-concludes-with-strong-momentum-for-regional-growth-and-announces-2026-host\/","name":"de Le Forum d'investissement des Cara\u00efbes 2025 s'ach\u00e8ve sur une forte dynamique de croissance r\u00e9gionale et annonce l'organisation de l'\u00e9dition 2026 - Exportation Cara\u00efbes","isPartOf":{"@id":"https:\/\/content.carib-export.com\/fr\/#website"},"datePublished":"2025-08-01T00:15:16+00:00","dateModified":"2025-08-01T00:18:03+00:00","breadcrumb":{"@id":"https:\/\/content.carib-export.com\/fr\/news\/caribbean-investment-forum-2025-concludes-with-strong-momentum-for-regional-growth-and-announces-2026-host\/#breadcrumb"},"inLanguage":"fr-FR","potentialAction":[{"@type":"ReadAction","target":["https:\/\/content.carib-export.com\/fr\/news\/caribbean-investment-forum-2025-concludes-with-strong-momentum-for-regional-growth-and-announces-2026-host\/"]}]},{"@type":"BreadcrumbList","@id":"https:\/\/content.carib-export.com\/fr\/news\/caribbean-investment-forum-2025-concludes-with-strong-momentum-for-regional-growth-and-announces-2026-host\/#breadcrumb","itemListElement":[{"@type":"ListItem","position":1,"name":"Accueil","item":"https:\/\/content.carib-export.com\/fr\/home\/"},{"@type":"ListItem","position":2,"name":"News","item":"https:\/\/content.carib-export.com\/fr\/news\/"},{"@type":"ListItem","position":3,"name":"Le Forum d&rsquo;investissement des Cara\u00efbes 2025 s&rsquo;ach\u00e8ve sur une forte dynamique de croissance r\u00e9gionale et annonce l&rsquo;organisation de l&rsquo;\u00e9dition 2026"}]},{"@type":"WebSite","@id":"https:\/\/content.carib-export.com\/fr\/#website","url":"https:\/\/content.carib-export.com\/fr\/","name":"Exportation Cara\u00efbes","description":"La seule agence r\u00e9gionale de promotion du commerce et des investissements du groupe Afrique, Cara\u00efbes et Pacifique.","publisher":{"@id":"https:\/\/content.carib-export.com\/fr\/#organization"},"potentialAction":[{"@type":"SearchAction","target":{"@type":"EntryPoint","urlTemplate":"https:\/\/content.carib-export.com\/fr\/?s={search_term_string}"},"query-input":{"@type":"PropertyValueSpecification","valueRequired":true,"valueName":"search_term_string"}}],"inLanguage":"fr-FR"},{"@type":"Organization","@id":"https:\/\/content.carib-export.com\/fr\/#organization","name":"Agence carib\u00e9enne de d\u00e9veloppement des exportations","url":"https:\/\/content.carib-export.com\/fr\/","logo":{"@type":"ImageObject","inLanguage":"fr-FR","@id":"https:\/\/content.carib-export.com\/fr\/#\/schema\/logo\/image\/","url":"https:\/\/content.carib-export.com\/wp-content\/uploads\/2013\/03\/CE-Logo-2013.jpg","contentUrl":"https:\/\/content.carib-export.com\/wp-content\/uploads\/2013\/03\/CE-Logo-2013.jpg","width":1024,"height":244,"caption":"Agence carib\u00e9enne de d\u00e9veloppement des exportations"},"image":{"@id":"https:\/\/content.carib-export.com\/fr\/#\/schema\/logo\/image\/"},"sameAs":["https:\/\/www.facebook.com\/CaribbeanExport","https:\/\/x.com\/CaribXport","https:\/\/www.instagram.com\/caribbeanexport","https:\/\/www.linkedin.com\/company\/caribbeanexport","https:\/\/www.youtube.com\/user\/TheCaribbeanExport"]}]}},"_links":{"self":[{"href":"https:\/\/content.carib-export.com\/fr\/wp-json\/wp\/v2\/news\/380477","targetHints":{"allow":["GET"]}}],"collection":[{"href":"https:\/\/content.carib-export.com\/fr\/wp-json\/wp\/v2\/news"}],"about":[{"href":"https:\/\/content.carib-export.com\/fr\/wp-json\/wp\/v2\/types\/news"}],"author":[{"embeddable":true,"href":"https:\/\/content.carib-export.com\/fr\/wp-json\/wp\/v2\/users\/10"}],"version-history":[{"count":0,"href":"https:\/\/content.carib-export.com\/fr\/wp-json\/wp\/v2\/news\/380477\/revisions"}],"wp:attachment":[{"href":"https:\/\/content.carib-export.com\/fr\/wp-json\/wp\/v2\/media?parent=380477"}],"wp:term":[{"taxonomy":"post_tag","embeddable":true,"href":"https:\/\/content.carib-export.com\/fr\/wp-json\/wp\/v2\/tags?post=380477"}],"curies":[{"name":"wp","href":"https:\/\/api.w.org\/{rel}","templated":true}]}}