{"id":297659,"date":"2022-08-10T08:05:00","date_gmt":"2022-08-10T12:05:00","guid":{"rendered":"https:\/\/content.carib-export.com\/caribbean-flavours-delight-tastebuds-and-spice-up-the-global-food-market\/"},"modified":"2022-08-22T12:13:00","modified_gmt":"2022-08-22T16:13:00","slug":"caribbean-flavours-delight-tastebuds-and-spice-up-the-global-food-market","status":"publish","type":"post","link":"https:\/\/content.carib-export.com\/fr\/blog\/caribbean-flavours-delight-tastebuds-and-spice-up-the-global-food-market\/","title":{"rendered":"Les saveurs des Cara\u00efbes ravissent les papilles gustatives et pimentent le march\u00e9 alimentaire mondial"},"content":{"rendered":"<div id=\"bsf_rt_marker\"><\/div>\n<p>Audacieuse, percutante, fra\u00eeche, vari\u00e9e, color\u00e9e, chaude et \u00e9pic\u00e9e\u00a0\u00bb, voil\u00e0 quelques-uns des mots que l&rsquo;on pourrait utiliser pour d\u00e9crire la cuisine carib\u00e9enne, qui fait de plus en plus d&rsquo;adeptes dans les supermarch\u00e9s et sur les \u00e9tals de rue, mais aussi dans les restaurants haut de gamme.<\/p>\n\n<p>La nourriture carib\u00e9enne est sur le point d&rsquo;\u00eatre reconnue dans le monde entier depuis un certain temps et a r\u00e9cemment \u00e9t\u00e9 identifi\u00e9e comme l&rsquo;une des principales tendances \u00e0 suivre en 2022 par la <a href=\"https:\/\/restaurant.org\/education-and-resources\/resource-library\/whats-hot-in-2022\/\" target=\"_blank\" rel=\"noreferrer noopener\">National Restaurant Association<\/a>.<\/p>\n\n<p>Le tr\u00e8s respect\u00e9 rapport annuel sur les tendances de l&rsquo;hospitalit\u00e9 pour 2022 du cabinet de conseil af&amp;co. et Carbonate, sp\u00e9cialiste de la communication, est all\u00e9 encore plus loin en d\u00e9signant la cuisine des Cara\u00efbes comme la \u00ab\u00a0cuisine de l&rsquo;ann\u00e9e\u00a0\u00bb.<\/p>\n\n<p>Le rapport annuel (\u00ab\u00a0<a href=\"https:\/\/www.afandco.com\/\" target=\"_blank\" rel=\"noreferrer noopener\">Through the Looking Glass : Finding Your Way in a New Era of Hospitality<\/a>\u00ab\u00a0), qui en est \u00e0 sa 14e \u00e9dition, cherche \u00e0 identifier les tendances et les pratiques qui fa\u00e7onneront le secteur de l&rsquo;h\u00f4tellerie en 2022 en identifiant les influences cl\u00e9s dans les domaines de l&rsquo;alimentation, des boissons, de la durabilit\u00e9 et autres.<\/p>\n\n<p>Le rapport indique : \u00ab\u00a0La cuisine des Cara\u00efbes est chaude ! &#8211; et nous ne parlons pas des chilis. La cuisine carib\u00e9enne occupe le devant de la sc\u00e8ne, les chefs explorant la diversit\u00e9 des saveurs, des ingr\u00e9dients et des influences culinaires de cette r\u00e9gion. Le terme \u00ab\u00a0Cara\u00efbes\u00a0\u00bb est un terme g\u00e9n\u00e9rique qui d\u00e9signe les \u00eeles des Antilles et de la mer des Cara\u00efbes, ainsi que les pays c\u00f4tiers comme le Belize et la Guyane. La r\u00e9gion englobe un m\u00e9lange de traditions culinaires, notamment africaines, cr\u00e9oles, cajuns, europ\u00e9ennes, latino-am\u00e9ricaines, etc.\u00a0\u00bb.<\/p>\n\n<p>La diversit\u00e9 des Cara\u00efbes est l&rsquo;une de ses forces et la beaut\u00e9 de son attrait r\u00e9side dans le fait qu&rsquo;elle puise dans un large \u00e9ventail d&rsquo;origines. L&rsquo;Afrique influence principalement la combinaison des ingr\u00e9dients de base, l&rsquo;Inde et l&rsquo;Am\u00e9rique latine apportent les \u00e9pices et le piquant, et l&rsquo;Europe ajoute une touche d&rsquo;originalit\u00e9.<\/p>\n\n<p>L&rsquo;histoire et l&rsquo;h\u00e9ritage qui sous-tendent la cuisine carib\u00e9enne sont passionnants et uniques et ajoutent \u00e0 son attrait.<br\/>Un autre aspect majeur qui rend la nourriture des Cara\u00efbes si populaire est l&rsquo;assaisonnement. L&rsquo;assaisonnement des Cara\u00efbes est l'\u00a0\u00bbarme secr\u00e8te\u00a0\u00bb de la r\u00e9gion. On peut le trouver sur les fruits de mer, les l\u00e9gumes ou la viande et il a une touche culinaire particuli\u00e8re dans chaque \u00eele. En Jama\u00efque, l&rsquo;assaisonnement jerk est le plus utilis\u00e9, tandis que d&rsquo;autres appellent simplement leur m\u00e9lange \u00ab\u00a0assaisonnement vert\u00a0\u00bb.<\/p>\n\n<p>La plupart des recettes d&rsquo;assaisonnement contiennent de l&rsquo;ail, des oignons, du c\u00e9leri, des oignons verts, des piments scotch bonnet et des herbes comme le thym, la marjolaine, le romarin ou l&rsquo;estragon.<\/p>\n\n<p>La combinaison exacte des herbes et \u00e9pices n\u00e9cessaires dans les diff\u00e9rents assaisonnements des Cara\u00efbes est g\u00e9n\u00e9ralement une information confidentielle, contenue dans un muscle de m\u00e9moire qui se transmet de g\u00e9n\u00e9ration en g\u00e9n\u00e9ration depuis des d\u00e9cennies. Mais quelles que soient les herbes et les \u00e9pices utilis\u00e9es, les quantit\u00e9s et la dur\u00e9e de la marinade, elles font ressortir le meilleur des aliments qu&rsquo;elles accompagnent.<\/p>\n\n<p>\u00c0 Saint-Vincent-et-les-Grenadines, l&rsquo;assaisonnement <a href=\"https:\/\/pringasflavours.wixsite.com\/pringasflavours\/home\" target=\"_blank\" rel=\"noreferrer noopener\">Pringa&rsquo;s <\/a>est une marque respect\u00e9e et \u00e9tablie de longue date, connue pour utiliser des herbes et des \u00e9pices enti\u00e8rement naturelles ainsi que des fruits de saison, sans conservateurs ni additifs inutiles.<\/p>\n\n<p>L&rsquo;entreprise est en activit\u00e9 depuis 1997, apr\u00e8s avoir d\u00e9marr\u00e9 la production dans un petit atelier au sein de la communaut\u00e9. Les herbes de Pringa sont cultiv\u00e9es par des agriculteurs locaux et, peu apr\u00e8s avoir \u00e9t\u00e9 fra\u00eechement cueillies, elles sont transport\u00e9es vers l&rsquo;usine de traitement voisine pour \u00eatre mises en bouteille.<\/p>\n\n<p>La gamme de produits \u00ab\u00a0Natural Flavour\u00a0\u00bb de Pringa comprend des sauces au poivre, des assaisonnements verts, des gel\u00e9es et des chips. Toute la gamme sera pr\u00e9sent\u00e9e au salon Speciality and Fine Food qui se tiendra \u00e0 l&rsquo;Olympia de Londres les 5 et 6 septembre 2022.<\/p>\n\n<p>Pringa&rsquo;s fait partie d&rsquo;une d\u00e9l\u00e9gation \u00ab\u00a0<a href=\"https:\/\/www.carib-export.com\/absolutely-caribbean-speciality-fine-food-fair-2022\/\" target=\"_blank\" rel=\"noreferrer noopener\">Absolutely Caribbean<\/a>\u00a0\u00bb compos\u00e9e de petits producteurs des Cara\u00efbes qui b\u00e9n\u00e9ficient du soutien de l&rsquo;Agence de d\u00e9veloppement des exportations des Cara\u00efbes et de l&rsquo;Union europ\u00e9enne. Chaque entreprise fabrique des produits alimentaires sains, \u00e9quilibr\u00e9s, naturels et savoureux.<\/p>\n\n<p>La pand\u00e9mie de COVID-19 a incit\u00e9 les consommateurs \u00e0 examiner de pr\u00e8s la provenance des aliments qu&rsquo;ils consomment. M\u00eame si le pire de la pand\u00e9mie semble pass\u00e9, beaucoup cherchent encore \u00e0 manger des produits aussi sains et authentiques que possible, mais ils sont aussi de plus en plus dispos\u00e9s \u00e0 explorer \u00e0 nouveau de nouveaux go\u00fbts, de nouvelles saveurs et de nouveaux aliments.<\/p>\n\n<p>La plupart des recettes des Cara\u00efbes peuvent \u00eatre facilement recr\u00e9\u00e9es \u00e0 la maison, surtout si vous avez une marque d&rsquo;assaisonnement fiable \u00e0 port\u00e9e de main. Mais les distributeurs, les d\u00e9taillants et les restaurateurs peuvent \u00e9galement tirer parti de la demande en trouvant un producteur d&rsquo;assaisonnements fiable bas\u00e9 aux Cara\u00efbes.<\/p>\n\n<p>La cuisine carib\u00e9enne a continuellement \u00e9volu\u00e9, mais elle a encore de nombreuses possibilit\u00e9s de croissance. Ainsi, contrairement \u00e0 d&rsquo;autres march\u00e9s, la cuisine carib\u00e9enne a de l&rsquo;espace pour s&rsquo;installer et beaucoup de nouvelles palettes \u00e0 convertir.<\/p>\n","protected":false},"excerpt":{"rendered":"<p>Audacieuse, percutante, fra\u00eeche, vari\u00e9e, color\u00e9e, chaude et \u00e9pic\u00e9e\u00a0\u00bb, voil\u00e0 quelques-uns des mots que l&rsquo;on pourrait utiliser pour d\u00e9crire la cuisine carib\u00e9enne, qui fait de plus en plus d&rsquo;adeptes dans les supermarch\u00e9s et sur les \u00e9tals de rue, mais aussi dans les restaurants haut de gamme. La nourriture carib\u00e9enne est sur le point d&rsquo;\u00eatre reconnue dans [&hellip;]<\/p>\n","protected":false},"author":3,"featured_media":295245,"comment_status":"closed","ping_status":"closed","sticky":false,"template":"","format":"standard","meta":{"_acf_changed":false,"inline_featured_image":false,"footnotes":""},"categories":[4509],"tags":[],"class_list":["post-297659","post","type-post","status-publish","format-standard","has-post-thumbnail","hentry","category-blog"],"acf":[],"yoast_head":"<!-- This site is optimized with the Yoast SEO plugin v27.1.1 - https:\/\/yoast.com\/product\/yoast-seo-wordpress\/ -->\n<title>de Les saveurs des Cara\u00efbes ravissent les papilles gustatives et pimentent le march\u00e9 alimentaire mondial - Exportation Cara\u00efbes<\/title>\n<meta name=\"description\" content=\"La marque Pringa&#039;s de Saint-Vincent-et-les-Grenadines utilise des herbes et des \u00e9pices enti\u00e8rement naturelles ainsi que des fruits de saison, sans conservateurs ni additifs inutiles.\" \/>\n<meta name=\"robots\" content=\"index, follow, max-snippet:-1, max-image-preview:large, max-video-preview:-1\" \/>\n<link rel=\"canonical\" href=\"https:\/\/content.carib-export.com\/fr\/blog\/caribbean-flavours-delight-tastebuds-and-spice-up-the-global-food-market\/\" \/>\n<meta property=\"og:locale\" content=\"fr_FR\" \/>\n<meta property=\"og:type\" content=\"article\" \/>\n<meta property=\"og:title\" content=\"Les saveurs des Cara\u00efbes ravissent les papilles gustatives et pimentent le march\u00e9 alimentaire mondial\" \/>\n<meta property=\"og:description\" content=\"La marque Pringa&#039;s de Saint-Vincent-et-les-Grenadines utilise des herbes et des \u00e9pices enti\u00e8rement naturelles ainsi que des fruits de saison, sans conservateurs ni additifs inutiles.\" \/>\n<meta property=\"og:url\" content=\"https:\/\/content.carib-export.com\/fr\/blog\/caribbean-flavours-delight-tastebuds-and-spice-up-the-global-food-market\/\" \/>\n<meta property=\"og:site_name\" content=\"Exportation Cara\u00efbes\" \/>\n<meta property=\"article:publisher\" content=\"https:\/\/www.facebook.com\/CaribbeanExport\" \/>\n<meta property=\"article:author\" content=\"https:\/\/www.facebook.com\/CaribbeanExport\" \/>\n<meta property=\"article:published_time\" content=\"2022-08-10T12:05:00+00:00\" \/>\n<meta property=\"article:modified_time\" content=\"2022-08-22T16:13:00+00:00\" \/>\n<meta property=\"og:image\" content=\"https:\/\/content.carib-export.com\/wp-content\/uploads\/2022\/08\/MG_2024-1024x683.jpg\" \/>\n<meta name=\"author\" content=\"Caribbean Export\" \/>\n<meta name=\"twitter:card\" content=\"summary_large_image\" \/>\n<meta name=\"twitter:title\" content=\"Les saveurs des Cara\u00efbes ravissent les papilles gustatives et pimentent le march\u00e9 alimentaire mondial\" \/>\n<meta name=\"twitter:description\" content=\"La marque Pringa&#039;s de Saint-Vincent-et-les-Grenadines utilise des herbes et des \u00e9pices enti\u00e8rement naturelles ainsi que des fruits de saison, sans conservateurs ni additifs inutiles.\" \/>\n<meta name=\"twitter:image\" content=\"https:\/\/content.carib-export.com\/wp-content\/uploads\/2022\/08\/MG_2024-1024x683.jpg\" \/>\n<meta name=\"twitter:creator\" content=\"@CaribXport\" \/>\n<meta name=\"twitter:site\" content=\"@CaribXport\" \/>\n<meta name=\"twitter:label1\" content=\"\u00c9crit par\" \/>\n\t<meta name=\"twitter:data1\" content=\"Caribbean Export\" \/>\n\t<meta name=\"twitter:label2\" content=\"Dur\u00e9e de lecture estim\u00e9e\" \/>\n\t<meta name=\"twitter:data2\" content=\"4 minutes\" \/>\n<script type=\"application\/ld+json\" class=\"yoast-schema-graph\">{\"@context\":\"https:\/\/schema.org\",\"@graph\":[{\"@type\":\"Article\",\"@id\":\"https:\/\/content.carib-export.com\/fr\/blog\/caribbean-flavours-delight-tastebuds-and-spice-up-the-global-food-market\/#article\",\"isPartOf\":{\"@id\":\"https:\/\/content.carib-export.com\/fr\/blog\/caribbean-flavours-delight-tastebuds-and-spice-up-the-global-food-market\/\"},\"author\":{\"name\":\"Caribbean Export\",\"@id\":\"https:\/\/content.carib-export.com\/fr\/#\/schema\/person\/63f73e994fff6abf0f7c512d0be1ee1a\"},\"headline\":\"Les saveurs des Cara\u00efbes ravissent les papilles gustatives et pimentent le march\u00e9 alimentaire mondial\",\"datePublished\":\"2022-08-10T12:05:00+00:00\",\"dateModified\":\"2022-08-22T16:13:00+00:00\",\"mainEntityOfPage\":{\"@id\":\"https:\/\/content.carib-export.com\/fr\/blog\/caribbean-flavours-delight-tastebuds-and-spice-up-the-global-food-market\/\"},\"wordCount\":901,\"publisher\":{\"@id\":\"https:\/\/content.carib-export.com\/fr\/#organization\"},\"image\":{\"@id\":\"https:\/\/content.carib-export.com\/fr\/blog\/caribbean-flavours-delight-tastebuds-and-spice-up-the-global-food-market\/#primaryimage\"},\"thumbnailUrl\":\"https:\/\/content.carib-export.com\/wp-content\/uploads\/2022\/08\/New-website-featured-image-1500-x-1125.png\",\"articleSection\":[\"Blog\"],\"inLanguage\":\"fr-FR\"},{\"@type\":\"WebPage\",\"@id\":\"https:\/\/content.carib-export.com\/fr\/blog\/caribbean-flavours-delight-tastebuds-and-spice-up-the-global-food-market\/\",\"url\":\"https:\/\/content.carib-export.com\/fr\/blog\/caribbean-flavours-delight-tastebuds-and-spice-up-the-global-food-market\/\",\"name\":\"de Les saveurs des Cara\u00efbes ravissent les papilles gustatives et pimentent le march\u00e9 alimentaire mondial - Exportation Cara\u00efbes\",\"isPartOf\":{\"@id\":\"https:\/\/content.carib-export.com\/fr\/#website\"},\"primaryImageOfPage\":{\"@id\":\"https:\/\/content.carib-export.com\/fr\/blog\/caribbean-flavours-delight-tastebuds-and-spice-up-the-global-food-market\/#primaryimage\"},\"image\":{\"@id\":\"https:\/\/content.carib-export.com\/fr\/blog\/caribbean-flavours-delight-tastebuds-and-spice-up-the-global-food-market\/#primaryimage\"},\"thumbnailUrl\":\"https:\/\/content.carib-export.com\/wp-content\/uploads\/2022\/08\/New-website-featured-image-1500-x-1125.png\",\"datePublished\":\"2022-08-10T12:05:00+00:00\",\"dateModified\":\"2022-08-22T16:13:00+00:00\",\"description\":\"La marque Pringa's de Saint-Vincent-et-les-Grenadines utilise des herbes et des \u00e9pices enti\u00e8rement naturelles ainsi que des fruits de saison, sans conservateurs ni additifs inutiles.\",\"breadcrumb\":{\"@id\":\"https:\/\/content.carib-export.com\/fr\/blog\/caribbean-flavours-delight-tastebuds-and-spice-up-the-global-food-market\/#breadcrumb\"},\"inLanguage\":\"fr-FR\",\"potentialAction\":[{\"@type\":\"ReadAction\",\"target\":[\"https:\/\/content.carib-export.com\/fr\/blog\/caribbean-flavours-delight-tastebuds-and-spice-up-the-global-food-market\/\"]}]},{\"@type\":\"ImageObject\",\"inLanguage\":\"fr-FR\",\"@id\":\"https:\/\/content.carib-export.com\/fr\/blog\/caribbean-flavours-delight-tastebuds-and-spice-up-the-global-food-market\/#primaryimage\",\"url\":\"https:\/\/content.carib-export.com\/wp-content\/uploads\/2022\/08\/New-website-featured-image-1500-x-1125.png\",\"contentUrl\":\"https:\/\/content.carib-export.com\/wp-content\/uploads\/2022\/08\/New-website-featured-image-1500-x-1125.png\",\"width\":1500,\"height\":1125,\"caption\":\"Pringas- Hot-sauce\"},{\"@type\":\"BreadcrumbList\",\"@id\":\"https:\/\/content.carib-export.com\/fr\/blog\/caribbean-flavours-delight-tastebuds-and-spice-up-the-global-food-market\/#breadcrumb\",\"itemListElement\":[{\"@type\":\"ListItem\",\"position\":1,\"name\":\"Accueil\",\"item\":\"https:\/\/content.carib-export.com\/fr\/home\/\"},{\"@type\":\"ListItem\",\"position\":2,\"name\":\"Blog\",\"item\":\"https:\/\/content.carib-export.com\/fr\/blog\/\"},{\"@type\":\"ListItem\",\"position\":3,\"name\":\"Les saveurs des Cara\u00efbes ravissent les papilles gustatives et pimentent le march\u00e9 alimentaire mondial\"}]},{\"@type\":\"WebSite\",\"@id\":\"https:\/\/content.carib-export.com\/fr\/#website\",\"url\":\"https:\/\/content.carib-export.com\/fr\/\",\"name\":\"Exportation Cara\u00efbes\",\"description\":\"La seule agence r\u00e9gionale de promotion du commerce et des investissements du groupe Afrique, Cara\u00efbes et Pacifique.\",\"publisher\":{\"@id\":\"https:\/\/content.carib-export.com\/fr\/#organization\"},\"potentialAction\":[{\"@type\":\"SearchAction\",\"target\":{\"@type\":\"EntryPoint\",\"urlTemplate\":\"https:\/\/content.carib-export.com\/fr\/?s={search_term_string}\"},\"query-input\":{\"@type\":\"PropertyValueSpecification\",\"valueRequired\":true,\"valueName\":\"search_term_string\"}}],\"inLanguage\":\"fr-FR\"},{\"@type\":\"Organization\",\"@id\":\"https:\/\/content.carib-export.com\/fr\/#organization\",\"name\":\"Agence carib\u00e9enne de d\u00e9veloppement des exportations\",\"url\":\"https:\/\/content.carib-export.com\/fr\/\",\"logo\":{\"@type\":\"ImageObject\",\"inLanguage\":\"fr-FR\",\"@id\":\"https:\/\/content.carib-export.com\/fr\/#\/schema\/logo\/image\/\",\"url\":\"https:\/\/content.carib-export.com\/wp-content\/uploads\/2013\/03\/CE-Logo-2013.jpg\",\"contentUrl\":\"https:\/\/content.carib-export.com\/wp-content\/uploads\/2013\/03\/CE-Logo-2013.jpg\",\"width\":1024,\"height\":244,\"caption\":\"Agence carib\u00e9enne de d\u00e9veloppement des exportations\"},\"image\":{\"@id\":\"https:\/\/content.carib-export.com\/fr\/#\/schema\/logo\/image\/\"},\"sameAs\":[\"https:\/\/www.facebook.com\/CaribbeanExport\",\"https:\/\/x.com\/CaribXport\",\"https:\/\/www.instagram.com\/caribbeanexport\",\"https:\/\/www.linkedin.com\/company\/caribbeanexport\",\"https:\/\/www.youtube.com\/user\/TheCaribbeanExport\"]},{\"@type\":\"Person\",\"@id\":\"https:\/\/content.carib-export.com\/fr\/#\/schema\/person\/63f73e994fff6abf0f7c512d0be1ee1a\",\"name\":\"Caribbean Export\",\"image\":{\"@type\":\"ImageObject\",\"inLanguage\":\"fr-FR\",\"@id\":\"https:\/\/content.carib-export.com\/fr\/#\/schema\/person\/image\/\",\"url\":\"https:\/\/secure.gravatar.com\/avatar\/ad516503a11cd5ca435acc9bb6523536?s=96\",\"contentUrl\":\"https:\/\/secure.gravatar.com\/avatar\/ad516503a11cd5ca435acc9bb6523536?s=96\",\"caption\":\"Caribbean Export\"},\"description\":\"Building business, transforming lives for a resilient Caribbean.\",\"sameAs\":[\"https:\/\/www.facebook.com\/CaribbeanExport\",\"https:\/\/www.instagram.com\/caribbeanexport\/\",\"linkedin.com\/company\/caribbeanexport\/\",\"https:\/\/x.com\/CaribXport\",\"https:\/\/www.youtube.com\/user\/TheCaribbeanExport\/videos\"],\"url\":\"https:\/\/content.carib-export.com\/fr\/author\/demo\/\"}]}<\/script>\n<!-- \/ Yoast SEO plugin. -->","yoast_head_json":{"title":"de Les saveurs des Cara\u00efbes ravissent les papilles gustatives et pimentent le march\u00e9 alimentaire mondial - Exportation Cara\u00efbes","description":"La marque Pringa's de Saint-Vincent-et-les-Grenadines utilise des herbes et des \u00e9pices enti\u00e8rement naturelles ainsi que des fruits de saison, sans conservateurs ni additifs inutiles.","robots":{"index":"index","follow":"follow","max-snippet":"max-snippet:-1","max-image-preview":"max-image-preview:large","max-video-preview":"max-video-preview:-1"},"canonical":"https:\/\/content.carib-export.com\/fr\/blog\/caribbean-flavours-delight-tastebuds-and-spice-up-the-global-food-market\/","og_locale":"fr_FR","og_type":"article","og_title":"Les saveurs des Cara\u00efbes ravissent les papilles gustatives et pimentent le march\u00e9 alimentaire mondial","og_description":"La marque Pringa's de Saint-Vincent-et-les-Grenadines utilise des herbes et des \u00e9pices enti\u00e8rement naturelles ainsi que des fruits de saison, sans conservateurs ni additifs inutiles.","og_url":"https:\/\/content.carib-export.com\/fr\/blog\/caribbean-flavours-delight-tastebuds-and-spice-up-the-global-food-market\/","og_site_name":"Exportation Cara\u00efbes","article_publisher":"https:\/\/www.facebook.com\/CaribbeanExport","article_author":"https:\/\/www.facebook.com\/CaribbeanExport","article_published_time":"2022-08-10T12:05:00+00:00","article_modified_time":"2022-08-22T16:13:00+00:00","og_image":[{"url":"https:\/\/content.carib-export.com\/wp-content\/uploads\/2022\/08\/MG_2024-1024x683.jpg","type":"","width":"","height":""}],"author":"Caribbean Export","twitter_card":"summary_large_image","twitter_title":"Les saveurs des Cara\u00efbes ravissent les papilles gustatives et pimentent le march\u00e9 alimentaire mondial","twitter_description":"La marque Pringa's de Saint-Vincent-et-les-Grenadines utilise des herbes et des \u00e9pices enti\u00e8rement naturelles ainsi que des fruits de saison, sans conservateurs ni additifs inutiles.","twitter_image":"https:\/\/content.carib-export.com\/wp-content\/uploads\/2022\/08\/MG_2024-1024x683.jpg","twitter_creator":"@CaribXport","twitter_site":"@CaribXport","twitter_misc":{"\u00c9crit par":"Caribbean Export","Dur\u00e9e de lecture estim\u00e9e":"4 minutes"},"schema":{"@context":"https:\/\/schema.org","@graph":[{"@type":"Article","@id":"https:\/\/content.carib-export.com\/fr\/blog\/caribbean-flavours-delight-tastebuds-and-spice-up-the-global-food-market\/#article","isPartOf":{"@id":"https:\/\/content.carib-export.com\/fr\/blog\/caribbean-flavours-delight-tastebuds-and-spice-up-the-global-food-market\/"},"author":{"name":"Caribbean Export","@id":"https:\/\/content.carib-export.com\/fr\/#\/schema\/person\/63f73e994fff6abf0f7c512d0be1ee1a"},"headline":"Les saveurs des Cara\u00efbes ravissent les papilles gustatives et pimentent le march\u00e9 alimentaire mondial","datePublished":"2022-08-10T12:05:00+00:00","dateModified":"2022-08-22T16:13:00+00:00","mainEntityOfPage":{"@id":"https:\/\/content.carib-export.com\/fr\/blog\/caribbean-flavours-delight-tastebuds-and-spice-up-the-global-food-market\/"},"wordCount":901,"publisher":{"@id":"https:\/\/content.carib-export.com\/fr\/#organization"},"image":{"@id":"https:\/\/content.carib-export.com\/fr\/blog\/caribbean-flavours-delight-tastebuds-and-spice-up-the-global-food-market\/#primaryimage"},"thumbnailUrl":"https:\/\/content.carib-export.com\/wp-content\/uploads\/2022\/08\/New-website-featured-image-1500-x-1125.png","articleSection":["Blog"],"inLanguage":"fr-FR"},{"@type":"WebPage","@id":"https:\/\/content.carib-export.com\/fr\/blog\/caribbean-flavours-delight-tastebuds-and-spice-up-the-global-food-market\/","url":"https:\/\/content.carib-export.com\/fr\/blog\/caribbean-flavours-delight-tastebuds-and-spice-up-the-global-food-market\/","name":"de Les saveurs des Cara\u00efbes ravissent les papilles gustatives et pimentent le march\u00e9 alimentaire mondial - Exportation Cara\u00efbes","isPartOf":{"@id":"https:\/\/content.carib-export.com\/fr\/#website"},"primaryImageOfPage":{"@id":"https:\/\/content.carib-export.com\/fr\/blog\/caribbean-flavours-delight-tastebuds-and-spice-up-the-global-food-market\/#primaryimage"},"image":{"@id":"https:\/\/content.carib-export.com\/fr\/blog\/caribbean-flavours-delight-tastebuds-and-spice-up-the-global-food-market\/#primaryimage"},"thumbnailUrl":"https:\/\/content.carib-export.com\/wp-content\/uploads\/2022\/08\/New-website-featured-image-1500-x-1125.png","datePublished":"2022-08-10T12:05:00+00:00","dateModified":"2022-08-22T16:13:00+00:00","description":"La marque Pringa's de Saint-Vincent-et-les-Grenadines utilise des herbes et des \u00e9pices enti\u00e8rement naturelles ainsi que des fruits de saison, sans conservateurs ni additifs inutiles.","breadcrumb":{"@id":"https:\/\/content.carib-export.com\/fr\/blog\/caribbean-flavours-delight-tastebuds-and-spice-up-the-global-food-market\/#breadcrumb"},"inLanguage":"fr-FR","potentialAction":[{"@type":"ReadAction","target":["https:\/\/content.carib-export.com\/fr\/blog\/caribbean-flavours-delight-tastebuds-and-spice-up-the-global-food-market\/"]}]},{"@type":"ImageObject","inLanguage":"fr-FR","@id":"https:\/\/content.carib-export.com\/fr\/blog\/caribbean-flavours-delight-tastebuds-and-spice-up-the-global-food-market\/#primaryimage","url":"https:\/\/content.carib-export.com\/wp-content\/uploads\/2022\/08\/New-website-featured-image-1500-x-1125.png","contentUrl":"https:\/\/content.carib-export.com\/wp-content\/uploads\/2022\/08\/New-website-featured-image-1500-x-1125.png","width":1500,"height":1125,"caption":"Pringas- Hot-sauce"},{"@type":"BreadcrumbList","@id":"https:\/\/content.carib-export.com\/fr\/blog\/caribbean-flavours-delight-tastebuds-and-spice-up-the-global-food-market\/#breadcrumb","itemListElement":[{"@type":"ListItem","position":1,"name":"Accueil","item":"https:\/\/content.carib-export.com\/fr\/home\/"},{"@type":"ListItem","position":2,"name":"Blog","item":"https:\/\/content.carib-export.com\/fr\/blog\/"},{"@type":"ListItem","position":3,"name":"Les saveurs des Cara\u00efbes ravissent les papilles gustatives et pimentent le march\u00e9 alimentaire mondial"}]},{"@type":"WebSite","@id":"https:\/\/content.carib-export.com\/fr\/#website","url":"https:\/\/content.carib-export.com\/fr\/","name":"Exportation Cara\u00efbes","description":"La seule agence r\u00e9gionale de promotion du commerce et des investissements du groupe Afrique, Cara\u00efbes et Pacifique.","publisher":{"@id":"https:\/\/content.carib-export.com\/fr\/#organization"},"potentialAction":[{"@type":"SearchAction","target":{"@type":"EntryPoint","urlTemplate":"https:\/\/content.carib-export.com\/fr\/?s={search_term_string}"},"query-input":{"@type":"PropertyValueSpecification","valueRequired":true,"valueName":"search_term_string"}}],"inLanguage":"fr-FR"},{"@type":"Organization","@id":"https:\/\/content.carib-export.com\/fr\/#organization","name":"Agence carib\u00e9enne de d\u00e9veloppement des exportations","url":"https:\/\/content.carib-export.com\/fr\/","logo":{"@type":"ImageObject","inLanguage":"fr-FR","@id":"https:\/\/content.carib-export.com\/fr\/#\/schema\/logo\/image\/","url":"https:\/\/content.carib-export.com\/wp-content\/uploads\/2013\/03\/CE-Logo-2013.jpg","contentUrl":"https:\/\/content.carib-export.com\/wp-content\/uploads\/2013\/03\/CE-Logo-2013.jpg","width":1024,"height":244,"caption":"Agence carib\u00e9enne de d\u00e9veloppement des exportations"},"image":{"@id":"https:\/\/content.carib-export.com\/fr\/#\/schema\/logo\/image\/"},"sameAs":["https:\/\/www.facebook.com\/CaribbeanExport","https:\/\/x.com\/CaribXport","https:\/\/www.instagram.com\/caribbeanexport","https:\/\/www.linkedin.com\/company\/caribbeanexport","https:\/\/www.youtube.com\/user\/TheCaribbeanExport"]},{"@type":"Person","@id":"https:\/\/content.carib-export.com\/fr\/#\/schema\/person\/63f73e994fff6abf0f7c512d0be1ee1a","name":"Caribbean Export","image":{"@type":"ImageObject","inLanguage":"fr-FR","@id":"https:\/\/content.carib-export.com\/fr\/#\/schema\/person\/image\/","url":"https:\/\/secure.gravatar.com\/avatar\/ad516503a11cd5ca435acc9bb6523536?s=96","contentUrl":"https:\/\/secure.gravatar.com\/avatar\/ad516503a11cd5ca435acc9bb6523536?s=96","caption":"Caribbean Export"},"description":"Building business, transforming lives for a resilient Caribbean.","sameAs":["https:\/\/www.facebook.com\/CaribbeanExport","https:\/\/www.instagram.com\/caribbeanexport\/","linkedin.com\/company\/caribbeanexport\/","https:\/\/x.com\/CaribXport","https:\/\/www.youtube.com\/user\/TheCaribbeanExport\/videos"],"url":"https:\/\/content.carib-export.com\/fr\/author\/demo\/"}]}},"_links":{"self":[{"href":"https:\/\/content.carib-export.com\/fr\/wp-json\/wp\/v2\/posts\/297659","targetHints":{"allow":["GET"]}}],"collection":[{"href":"https:\/\/content.carib-export.com\/fr\/wp-json\/wp\/v2\/posts"}],"about":[{"href":"https:\/\/content.carib-export.com\/fr\/wp-json\/wp\/v2\/types\/post"}],"author":[{"embeddable":true,"href":"https:\/\/content.carib-export.com\/fr\/wp-json\/wp\/v2\/users\/3"}],"replies":[{"embeddable":true,"href":"https:\/\/content.carib-export.com\/fr\/wp-json\/wp\/v2\/comments?post=297659"}],"version-history":[{"count":0,"href":"https:\/\/content.carib-export.com\/fr\/wp-json\/wp\/v2\/posts\/297659\/revisions"}],"wp:featuredmedia":[{"embeddable":true,"href":"https:\/\/content.carib-export.com\/fr\/wp-json\/wp\/v2\/media\/295245"}],"wp:attachment":[{"href":"https:\/\/content.carib-export.com\/fr\/wp-json\/wp\/v2\/media?parent=297659"}],"wp:term":[{"taxonomy":"category","embeddable":true,"href":"https:\/\/content.carib-export.com\/fr\/wp-json\/wp\/v2\/categories?post=297659"},{"taxonomy":"post_tag","embeddable":true,"href":"https:\/\/content.carib-export.com\/fr\/wp-json\/wp\/v2\/tags?post=297659"}],"curies":[{"name":"wp","href":"https:\/\/api.w.org\/{rel}","templated":true}]}}