{"id":307245,"date":"2023-02-02T13:42:33","date_gmt":"2023-02-02T17:42:33","guid":{"rendered":"https:\/\/content.carib-export.com\/virtual-e-commerce-accelerator-programme-gets-underway\/"},"modified":"2023-02-02T14:04:46","modified_gmt":"2023-02-02T18:04:46","slug":"virtual-e-commerce-accelerator-programme-gets-underway","status":"publish","type":"post","link":"https:\/\/content.carib-export.com\/fr\/blog\/virtual-e-commerce-accelerator-programme-gets-underway\/","title":{"rendered":"Le programme d&rsquo;acc\u00e9l\u00e9ration virtuelle du commerce \u00e9lectronique d\u00e9marre"},"content":{"rendered":"<div id=\"bsf_rt_marker\"><\/div>\n<p>Trente organisations de soutien aux entreprises (OSE) et 150 entreprises de toute la r\u00e9gion participeront \u00e0 une initiative conjointe de formation en ligne d&rsquo;une dur\u00e9e de cinq mois afin de soutenir l&rsquo;adoption du commerce \u00e9lectronique dans le cadre de leurs strat\u00e9gies et op\u00e9rations commerciales. Le soutien technique fourni dans le cadre du programme d&rsquo;acc\u00e9l\u00e9ration du commerce \u00e9lectronique virtuel (VEAP) a d\u00e9but\u00e9 aujourd&rsquo;hui, jeudi 2 f\u00e9vrier 2023.<\/p>\n\n<p>Deux sp\u00e9cialistes de la transformation num\u00e9rique des Cara\u00efbes, Gilbert Williams et Leighton Campbell, facilitent la formation et l&rsquo;accompagnement. Ces ma\u00eetres formateurs ont rencontr\u00e9 des repr\u00e9sentants d&rsquo;OSB de 13 \u00c9tats membres pendant cinq semaines afin de les pr\u00e9parer au contenu et \u00e0 la strat\u00e9gie de base qui permettront \u00e0 chacune d&rsquo;entre elles de travailler avec au moins cinq entreprises pendant le reste du programme. Les ASF travailleront en collaboration avec les ma\u00eetres-formateurs pour aider les entreprises \u00e0 adopter avec succ\u00e8s le commerce \u00e9lectronique, ce qui leur permettra d&rsquo;augmenter leurs ventes et d&rsquo;\u00e9largir leur march\u00e9.<\/p>\n\n<p>\u00ab\u00a0Le VEAP fait partie du programme plus large de transformation num\u00e9rique des entreprises de Caribbean Export. Les principaux \u00e9l\u00e9ments de conception du programme comprennent le renforcement de la capacit\u00e9 des ASF \u00e0 proposer des initiatives d&rsquo;adoption du commerce \u00e9lectronique \u00e0 leurs clients pendant et apr\u00e8s la dur\u00e9e du projet. Je suis convaincu que nous avons d\u00e9velopp\u00e9 une m\u00e9thodologie unique et ad\u00e9quate pour atteindre ce r\u00e9sultat\u00a0\u00bb. &#8211; a d\u00e9clar\u00e9 Phillip Jackson, responsable du programme et conseiller pour l&rsquo;innovation et les affaires num\u00e9riques.<\/p>\n\n<p>Le VEAP est une coop\u00e9ration technique (CT) de 18 mois soutenue par une subvention de l&rsquo;Agence fran\u00e7aise de d\u00e9veloppement par l&rsquo;interm\u00e9diaire d&rsquo;Expertise France, l&rsquo;agence fran\u00e7aise de coop\u00e9ration technique internationale, et mise en \u0153uvre par la Caribbean Export Development Agency. <\/p>\n\n<p>La formation actuelle sera suivie d&rsquo;une deuxi\u00e8me tranche du programme qui int\u00e9grera les enseignements tir\u00e9s de la premi\u00e8re it\u00e9ration. La deuxi\u00e8me phase s&rsquo;adressera \u00e0 une nouvelle cohorte d&rsquo;entreprises.<\/p>\n\n<p>Pour plus d&rsquo;informations ou pour vous impliquer, contactez Phillip Jackson \u00e0 : <strong>pjackson[at]carib-export.com<\/strong><\/p>\n","protected":false},"excerpt":{"rendered":"<p>Trente organisations de soutien aux entreprises (OSE) et 150 entreprises de toute la r\u00e9gion participeront \u00e0 une initiative conjointe de formation en ligne d&rsquo;une dur\u00e9e de cinq mois afin de soutenir l&rsquo;adoption du commerce \u00e9lectronique dans le cadre de leurs strat\u00e9gies et op\u00e9rations commerciales. Le soutien technique fourni dans le cadre du programme d&rsquo;acc\u00e9l\u00e9ration du [&hellip;]<\/p>\n","protected":false},"author":16,"featured_media":307253,"comment_status":"closed","ping_status":"closed","sticky":false,"template":"","format":"standard","meta":{"_acf_changed":false,"inline_featured_image":false,"footnotes":""},"categories":[4509],"tags":[],"class_list":["post-307245","post","type-post","status-publish","format-standard","has-post-thumbnail","hentry","category-blog"],"acf":[],"yoast_head":"<!-- This site is optimized with the Yoast SEO plugin v27.1.1 - https:\/\/yoast.com\/product\/yoast-seo-wordpress\/ -->\n<title>de Le programme d&#039;acc\u00e9l\u00e9ration virtuelle du commerce \u00e9lectronique d\u00e9marre - Exportation Cara\u00efbes<\/title>\n<meta name=\"description\" content=\"Trente organisations de soutien aux entreprises et 150 entreprises de toute la r\u00e9gion participeront \u00e0 une initiative conjointe de formation en ligne d&#039;une dur\u00e9e de cinq mois.\" \/>\n<meta name=\"robots\" content=\"index, follow, max-snippet:-1, max-image-preview:large, max-video-preview:-1\" \/>\n<link rel=\"canonical\" href=\"https:\/\/content.carib-export.com\/fr\/blog\/virtual-e-commerce-accelerator-programme-gets-underway\/\" \/>\n<meta property=\"og:locale\" content=\"fr_FR\" \/>\n<meta property=\"og:type\" content=\"article\" \/>\n<meta property=\"og:title\" content=\"Le programme d&#039;acc\u00e9l\u00e9ration virtuelle du commerce \u00e9lectronique d\u00e9marre\" \/>\n<meta property=\"og:description\" content=\"Trente organisations de soutien aux entreprises et 150 entreprises de toute la r\u00e9gion participeront \u00e0 une initiative conjointe de formation en ligne d&#039;une dur\u00e9e de cinq mois.\" \/>\n<meta property=\"og:url\" content=\"https:\/\/content.carib-export.com\/fr\/blog\/virtual-e-commerce-accelerator-programme-gets-underway\/\" \/>\n<meta property=\"og:site_name\" content=\"Exportation Cara\u00efbes\" \/>\n<meta property=\"article:publisher\" content=\"https:\/\/www.facebook.com\/CaribbeanExport\" \/>\n<meta property=\"article:published_time\" content=\"2023-02-02T17:42:33+00:00\" \/>\n<meta property=\"article:modified_time\" content=\"2023-02-02T18:04:46+00:00\" \/>\n<meta property=\"og:image\" content=\"https:\/\/content.carib-export.com\/wp-content\/uploads\/2023\/02\/New-website-featured-image-1500-x-1125-19-1024x768.png\" \/>\n<meta name=\"author\" content=\"marketing team\" \/>\n<meta name=\"twitter:card\" content=\"summary_large_image\" \/>\n<meta name=\"twitter:title\" content=\"Le programme d&#039;acc\u00e9l\u00e9ration virtuelle du commerce \u00e9lectronique d\u00e9marre\" \/>\n<meta name=\"twitter:description\" content=\"Trente organisations de soutien aux entreprises et 150 entreprises de toute la r\u00e9gion participeront \u00e0 une initiative conjointe de formation en ligne d&#039;une dur\u00e9e de cinq mois.\" \/>\n<meta name=\"twitter:image\" content=\"https:\/\/content.carib-export.com\/wp-content\/uploads\/2023\/02\/New-website-featured-image-1500-x-1125-19-1024x768.png\" \/>\n<meta name=\"twitter:creator\" content=\"@CaribXport\" \/>\n<meta name=\"twitter:site\" content=\"@CaribXport\" \/>\n<meta name=\"twitter:label1\" content=\"\u00c9crit par\" \/>\n\t<meta name=\"twitter:data1\" content=\"marketing team\" \/>\n\t<meta name=\"twitter:label2\" content=\"Dur\u00e9e de lecture estim\u00e9e\" \/>\n\t<meta name=\"twitter:data2\" content=\"2 minutes\" \/>\n<script type=\"application\/ld+json\" class=\"yoast-schema-graph\">{\"@context\":\"https:\/\/schema.org\",\"@graph\":[{\"@type\":\"Article\",\"@id\":\"https:\/\/content.carib-export.com\/fr\/blog\/virtual-e-commerce-accelerator-programme-gets-underway\/#article\",\"isPartOf\":{\"@id\":\"https:\/\/content.carib-export.com\/fr\/blog\/virtual-e-commerce-accelerator-programme-gets-underway\/\"},\"author\":{\"name\":\"marketing team\",\"@id\":\"https:\/\/content.carib-export.com\/fr\/#\/schema\/person\/690d67729ee7f8ec5fcbc5cb3f853981\"},\"headline\":\"Le programme d&rsquo;acc\u00e9l\u00e9ration virtuelle du commerce \u00e9lectronique d\u00e9marre\",\"datePublished\":\"2023-02-02T17:42:33+00:00\",\"dateModified\":\"2023-02-02T18:04:46+00:00\",\"mainEntityOfPage\":{\"@id\":\"https:\/\/content.carib-export.com\/fr\/blog\/virtual-e-commerce-accelerator-programme-gets-underway\/\"},\"wordCount\":360,\"publisher\":{\"@id\":\"https:\/\/content.carib-export.com\/fr\/#organization\"},\"image\":{\"@id\":\"https:\/\/content.carib-export.com\/fr\/blog\/virtual-e-commerce-accelerator-programme-gets-underway\/#primaryimage\"},\"thumbnailUrl\":\"https:\/\/content.carib-export.com\/wp-content\/uploads\/2023\/02\/VEAP-BSO-Business-Training-Image.png\",\"articleSection\":[\"Blog\"],\"inLanguage\":\"fr-FR\"},{\"@type\":\"WebPage\",\"@id\":\"https:\/\/content.carib-export.com\/fr\/blog\/virtual-e-commerce-accelerator-programme-gets-underway\/\",\"url\":\"https:\/\/content.carib-export.com\/fr\/blog\/virtual-e-commerce-accelerator-programme-gets-underway\/\",\"name\":\"de Le programme d'acc\u00e9l\u00e9ration virtuelle du commerce \u00e9lectronique d\u00e9marre - Exportation Cara\u00efbes\",\"isPartOf\":{\"@id\":\"https:\/\/content.carib-export.com\/fr\/#website\"},\"primaryImageOfPage\":{\"@id\":\"https:\/\/content.carib-export.com\/fr\/blog\/virtual-e-commerce-accelerator-programme-gets-underway\/#primaryimage\"},\"image\":{\"@id\":\"https:\/\/content.carib-export.com\/fr\/blog\/virtual-e-commerce-accelerator-programme-gets-underway\/#primaryimage\"},\"thumbnailUrl\":\"https:\/\/content.carib-export.com\/wp-content\/uploads\/2023\/02\/VEAP-BSO-Business-Training-Image.png\",\"datePublished\":\"2023-02-02T17:42:33+00:00\",\"dateModified\":\"2023-02-02T18:04:46+00:00\",\"description\":\"Trente organisations de soutien aux entreprises et 150 entreprises de toute la r\u00e9gion participeront \u00e0 une initiative conjointe de formation en ligne d'une dur\u00e9e de cinq mois.\",\"breadcrumb\":{\"@id\":\"https:\/\/content.carib-export.com\/fr\/blog\/virtual-e-commerce-accelerator-programme-gets-underway\/#breadcrumb\"},\"inLanguage\":\"fr-FR\",\"potentialAction\":[{\"@type\":\"ReadAction\",\"target\":[\"https:\/\/content.carib-export.com\/fr\/blog\/virtual-e-commerce-accelerator-programme-gets-underway\/\"]}]},{\"@type\":\"ImageObject\",\"inLanguage\":\"fr-FR\",\"@id\":\"https:\/\/content.carib-export.com\/fr\/blog\/virtual-e-commerce-accelerator-programme-gets-underway\/#primaryimage\",\"url\":\"https:\/\/content.carib-export.com\/wp-content\/uploads\/2023\/02\/VEAP-BSO-Business-Training-Image.png\",\"contentUrl\":\"https:\/\/content.carib-export.com\/wp-content\/uploads\/2023\/02\/VEAP-BSO-Business-Training-Image.png\",\"width\":1500,\"height\":1125},{\"@type\":\"BreadcrumbList\",\"@id\":\"https:\/\/content.carib-export.com\/fr\/blog\/virtual-e-commerce-accelerator-programme-gets-underway\/#breadcrumb\",\"itemListElement\":[{\"@type\":\"ListItem\",\"position\":1,\"name\":\"Accueil\",\"item\":\"https:\/\/content.carib-export.com\/fr\/home\/\"},{\"@type\":\"ListItem\",\"position\":2,\"name\":\"Blog\",\"item\":\"https:\/\/content.carib-export.com\/fr\/blog\/\"},{\"@type\":\"ListItem\",\"position\":3,\"name\":\"Le programme d&#8217;acc\u00e9l\u00e9ration virtuelle du commerce \u00e9lectronique d\u00e9marre\"}]},{\"@type\":\"WebSite\",\"@id\":\"https:\/\/content.carib-export.com\/fr\/#website\",\"url\":\"https:\/\/content.carib-export.com\/fr\/\",\"name\":\"Exportation Cara\u00efbes\",\"description\":\"La seule agence r\u00e9gionale de promotion du commerce et des investissements du groupe Afrique, Cara\u00efbes et Pacifique.\",\"publisher\":{\"@id\":\"https:\/\/content.carib-export.com\/fr\/#organization\"},\"potentialAction\":[{\"@type\":\"SearchAction\",\"target\":{\"@type\":\"EntryPoint\",\"urlTemplate\":\"https:\/\/content.carib-export.com\/fr\/?s={search_term_string}\"},\"query-input\":{\"@type\":\"PropertyValueSpecification\",\"valueRequired\":true,\"valueName\":\"search_term_string\"}}],\"inLanguage\":\"fr-FR\"},{\"@type\":\"Organization\",\"@id\":\"https:\/\/content.carib-export.com\/fr\/#organization\",\"name\":\"Agence carib\u00e9enne de d\u00e9veloppement des exportations\",\"url\":\"https:\/\/content.carib-export.com\/fr\/\",\"logo\":{\"@type\":\"ImageObject\",\"inLanguage\":\"fr-FR\",\"@id\":\"https:\/\/content.carib-export.com\/fr\/#\/schema\/logo\/image\/\",\"url\":\"https:\/\/content.carib-export.com\/wp-content\/uploads\/2013\/03\/CE-Logo-2013.jpg\",\"contentUrl\":\"https:\/\/content.carib-export.com\/wp-content\/uploads\/2013\/03\/CE-Logo-2013.jpg\",\"width\":1024,\"height\":244,\"caption\":\"Agence carib\u00e9enne de d\u00e9veloppement des exportations\"},\"image\":{\"@id\":\"https:\/\/content.carib-export.com\/fr\/#\/schema\/logo\/image\/\"},\"sameAs\":[\"https:\/\/www.facebook.com\/CaribbeanExport\",\"https:\/\/x.com\/CaribXport\",\"https:\/\/www.instagram.com\/caribbeanexport\",\"https:\/\/www.linkedin.com\/company\/caribbeanexport\",\"https:\/\/www.youtube.com\/user\/TheCaribbeanExport\"]},{\"@type\":\"Person\",\"@id\":\"https:\/\/content.carib-export.com\/fr\/#\/schema\/person\/690d67729ee7f8ec5fcbc5cb3f853981\",\"name\":\"marketing team\",\"image\":{\"@type\":\"ImageObject\",\"inLanguage\":\"fr-FR\",\"@id\":\"https:\/\/content.carib-export.com\/fr\/#\/schema\/person\/image\/\",\"url\":\"https:\/\/secure.gravatar.com\/avatar\/ad516503a11cd5ca435acc9bb6523536?s=96\",\"contentUrl\":\"https:\/\/secure.gravatar.com\/avatar\/ad516503a11cd5ca435acc9bb6523536?s=96\",\"caption\":\"marketing team\"},\"url\":\"https:\/\/content.carib-export.com\/fr\/author\/test\/\"}]}<\/script>\n<!-- \/ Yoast SEO plugin. -->","yoast_head_json":{"title":"de Le programme d'acc\u00e9l\u00e9ration virtuelle du commerce \u00e9lectronique d\u00e9marre - Exportation Cara\u00efbes","description":"Trente organisations de soutien aux entreprises et 150 entreprises de toute la r\u00e9gion participeront \u00e0 une initiative conjointe de formation en ligne d'une dur\u00e9e de cinq mois.","robots":{"index":"index","follow":"follow","max-snippet":"max-snippet:-1","max-image-preview":"max-image-preview:large","max-video-preview":"max-video-preview:-1"},"canonical":"https:\/\/content.carib-export.com\/fr\/blog\/virtual-e-commerce-accelerator-programme-gets-underway\/","og_locale":"fr_FR","og_type":"article","og_title":"Le programme d'acc\u00e9l\u00e9ration virtuelle du commerce \u00e9lectronique d\u00e9marre","og_description":"Trente organisations de soutien aux entreprises et 150 entreprises de toute la r\u00e9gion participeront \u00e0 une initiative conjointe de formation en ligne d'une dur\u00e9e de cinq mois.","og_url":"https:\/\/content.carib-export.com\/fr\/blog\/virtual-e-commerce-accelerator-programme-gets-underway\/","og_site_name":"Exportation Cara\u00efbes","article_publisher":"https:\/\/www.facebook.com\/CaribbeanExport","article_published_time":"2023-02-02T17:42:33+00:00","article_modified_time":"2023-02-02T18:04:46+00:00","og_image":[{"url":"https:\/\/content.carib-export.com\/wp-content\/uploads\/2023\/02\/New-website-featured-image-1500-x-1125-19-1024x768.png","type":"","width":"","height":""}],"author":"marketing team","twitter_card":"summary_large_image","twitter_title":"Le programme d'acc\u00e9l\u00e9ration virtuelle du commerce \u00e9lectronique d\u00e9marre","twitter_description":"Trente organisations de soutien aux entreprises et 150 entreprises de toute la r\u00e9gion participeront \u00e0 une initiative conjointe de formation en ligne d'une dur\u00e9e de cinq mois.","twitter_image":"https:\/\/content.carib-export.com\/wp-content\/uploads\/2023\/02\/New-website-featured-image-1500-x-1125-19-1024x768.png","twitter_creator":"@CaribXport","twitter_site":"@CaribXport","twitter_misc":{"\u00c9crit par":"marketing team","Dur\u00e9e de lecture estim\u00e9e":"2 minutes"},"schema":{"@context":"https:\/\/schema.org","@graph":[{"@type":"Article","@id":"https:\/\/content.carib-export.com\/fr\/blog\/virtual-e-commerce-accelerator-programme-gets-underway\/#article","isPartOf":{"@id":"https:\/\/content.carib-export.com\/fr\/blog\/virtual-e-commerce-accelerator-programme-gets-underway\/"},"author":{"name":"marketing team","@id":"https:\/\/content.carib-export.com\/fr\/#\/schema\/person\/690d67729ee7f8ec5fcbc5cb3f853981"},"headline":"Le programme d&rsquo;acc\u00e9l\u00e9ration virtuelle du commerce \u00e9lectronique d\u00e9marre","datePublished":"2023-02-02T17:42:33+00:00","dateModified":"2023-02-02T18:04:46+00:00","mainEntityOfPage":{"@id":"https:\/\/content.carib-export.com\/fr\/blog\/virtual-e-commerce-accelerator-programme-gets-underway\/"},"wordCount":360,"publisher":{"@id":"https:\/\/content.carib-export.com\/fr\/#organization"},"image":{"@id":"https:\/\/content.carib-export.com\/fr\/blog\/virtual-e-commerce-accelerator-programme-gets-underway\/#primaryimage"},"thumbnailUrl":"https:\/\/content.carib-export.com\/wp-content\/uploads\/2023\/02\/VEAP-BSO-Business-Training-Image.png","articleSection":["Blog"],"inLanguage":"fr-FR"},{"@type":"WebPage","@id":"https:\/\/content.carib-export.com\/fr\/blog\/virtual-e-commerce-accelerator-programme-gets-underway\/","url":"https:\/\/content.carib-export.com\/fr\/blog\/virtual-e-commerce-accelerator-programme-gets-underway\/","name":"de Le programme d'acc\u00e9l\u00e9ration virtuelle du commerce \u00e9lectronique d\u00e9marre - Exportation Cara\u00efbes","isPartOf":{"@id":"https:\/\/content.carib-export.com\/fr\/#website"},"primaryImageOfPage":{"@id":"https:\/\/content.carib-export.com\/fr\/blog\/virtual-e-commerce-accelerator-programme-gets-underway\/#primaryimage"},"image":{"@id":"https:\/\/content.carib-export.com\/fr\/blog\/virtual-e-commerce-accelerator-programme-gets-underway\/#primaryimage"},"thumbnailUrl":"https:\/\/content.carib-export.com\/wp-content\/uploads\/2023\/02\/VEAP-BSO-Business-Training-Image.png","datePublished":"2023-02-02T17:42:33+00:00","dateModified":"2023-02-02T18:04:46+00:00","description":"Trente organisations de soutien aux entreprises et 150 entreprises de toute la r\u00e9gion participeront \u00e0 une initiative conjointe de formation en ligne d'une dur\u00e9e de cinq mois.","breadcrumb":{"@id":"https:\/\/content.carib-export.com\/fr\/blog\/virtual-e-commerce-accelerator-programme-gets-underway\/#breadcrumb"},"inLanguage":"fr-FR","potentialAction":[{"@type":"ReadAction","target":["https:\/\/content.carib-export.com\/fr\/blog\/virtual-e-commerce-accelerator-programme-gets-underway\/"]}]},{"@type":"ImageObject","inLanguage":"fr-FR","@id":"https:\/\/content.carib-export.com\/fr\/blog\/virtual-e-commerce-accelerator-programme-gets-underway\/#primaryimage","url":"https:\/\/content.carib-export.com\/wp-content\/uploads\/2023\/02\/VEAP-BSO-Business-Training-Image.png","contentUrl":"https:\/\/content.carib-export.com\/wp-content\/uploads\/2023\/02\/VEAP-BSO-Business-Training-Image.png","width":1500,"height":1125},{"@type":"BreadcrumbList","@id":"https:\/\/content.carib-export.com\/fr\/blog\/virtual-e-commerce-accelerator-programme-gets-underway\/#breadcrumb","itemListElement":[{"@type":"ListItem","position":1,"name":"Accueil","item":"https:\/\/content.carib-export.com\/fr\/home\/"},{"@type":"ListItem","position":2,"name":"Blog","item":"https:\/\/content.carib-export.com\/fr\/blog\/"},{"@type":"ListItem","position":3,"name":"Le programme d&#8217;acc\u00e9l\u00e9ration virtuelle du commerce \u00e9lectronique d\u00e9marre"}]},{"@type":"WebSite","@id":"https:\/\/content.carib-export.com\/fr\/#website","url":"https:\/\/content.carib-export.com\/fr\/","name":"Exportation Cara\u00efbes","description":"La seule agence r\u00e9gionale de promotion du commerce et des investissements du groupe Afrique, Cara\u00efbes et Pacifique.","publisher":{"@id":"https:\/\/content.carib-export.com\/fr\/#organization"},"potentialAction":[{"@type":"SearchAction","target":{"@type":"EntryPoint","urlTemplate":"https:\/\/content.carib-export.com\/fr\/?s={search_term_string}"},"query-input":{"@type":"PropertyValueSpecification","valueRequired":true,"valueName":"search_term_string"}}],"inLanguage":"fr-FR"},{"@type":"Organization","@id":"https:\/\/content.carib-export.com\/fr\/#organization","name":"Agence carib\u00e9enne de d\u00e9veloppement des exportations","url":"https:\/\/content.carib-export.com\/fr\/","logo":{"@type":"ImageObject","inLanguage":"fr-FR","@id":"https:\/\/content.carib-export.com\/fr\/#\/schema\/logo\/image\/","url":"https:\/\/content.carib-export.com\/wp-content\/uploads\/2013\/03\/CE-Logo-2013.jpg","contentUrl":"https:\/\/content.carib-export.com\/wp-content\/uploads\/2013\/03\/CE-Logo-2013.jpg","width":1024,"height":244,"caption":"Agence carib\u00e9enne de d\u00e9veloppement des exportations"},"image":{"@id":"https:\/\/content.carib-export.com\/fr\/#\/schema\/logo\/image\/"},"sameAs":["https:\/\/www.facebook.com\/CaribbeanExport","https:\/\/x.com\/CaribXport","https:\/\/www.instagram.com\/caribbeanexport","https:\/\/www.linkedin.com\/company\/caribbeanexport","https:\/\/www.youtube.com\/user\/TheCaribbeanExport"]},{"@type":"Person","@id":"https:\/\/content.carib-export.com\/fr\/#\/schema\/person\/690d67729ee7f8ec5fcbc5cb3f853981","name":"marketing team","image":{"@type":"ImageObject","inLanguage":"fr-FR","@id":"https:\/\/content.carib-export.com\/fr\/#\/schema\/person\/image\/","url":"https:\/\/secure.gravatar.com\/avatar\/ad516503a11cd5ca435acc9bb6523536?s=96","contentUrl":"https:\/\/secure.gravatar.com\/avatar\/ad516503a11cd5ca435acc9bb6523536?s=96","caption":"marketing team"},"url":"https:\/\/content.carib-export.com\/fr\/author\/test\/"}]}},"_links":{"self":[{"href":"https:\/\/content.carib-export.com\/fr\/wp-json\/wp\/v2\/posts\/307245","targetHints":{"allow":["GET"]}}],"collection":[{"href":"https:\/\/content.carib-export.com\/fr\/wp-json\/wp\/v2\/posts"}],"about":[{"href":"https:\/\/content.carib-export.com\/fr\/wp-json\/wp\/v2\/types\/post"}],"author":[{"embeddable":true,"href":"https:\/\/content.carib-export.com\/fr\/wp-json\/wp\/v2\/users\/16"}],"replies":[{"embeddable":true,"href":"https:\/\/content.carib-export.com\/fr\/wp-json\/wp\/v2\/comments?post=307245"}],"version-history":[{"count":0,"href":"https:\/\/content.carib-export.com\/fr\/wp-json\/wp\/v2\/posts\/307245\/revisions"}],"wp:featuredmedia":[{"embeddable":true,"href":"https:\/\/content.carib-export.com\/fr\/wp-json\/wp\/v2\/media\/307253"}],"wp:attachment":[{"href":"https:\/\/content.carib-export.com\/fr\/wp-json\/wp\/v2\/media?parent=307245"}],"wp:term":[{"taxonomy":"category","embeddable":true,"href":"https:\/\/content.carib-export.com\/fr\/wp-json\/wp\/v2\/categories?post=307245"},{"taxonomy":"post_tag","embeddable":true,"href":"https:\/\/content.carib-export.com\/fr\/wp-json\/wp\/v2\/tags?post=307245"}],"curies":[{"name":"wp","href":"https:\/\/api.w.org\/{rel}","templated":true}]}}