{"id":310989,"date":"2023-05-19T12:56:28","date_gmt":"2023-05-19T16:56:28","guid":{"rendered":"https:\/\/content.carib-export.com\/caribbean-investment-forum-the-premier-investment-event-in-the-caribbean-coming-to-the-bahamas-in-october\/"},"modified":"2023-05-22T10:32:17","modified_gmt":"2023-05-22T14:32:17","slug":"caribbean-investment-forum-the-premier-investment-event-in-the-caribbean-coming-to-the-bahamas-in-october","status":"publish","type":"post","link":"https:\/\/content.carib-export.com\/fr\/blog\/caribbean-investment-forum-the-premier-investment-event-in-the-caribbean-coming-to-the-bahamas-in-october\/","title":{"rendered":"Forum d&rsquo;investissement des Cara\u00efbes : Le premier \u00e9v\u00e9nement en mati\u00e8re d&rsquo;investissement dans les Cara\u00efbes, qui se tiendra aux Bahamas en octobre"},"content":{"rendered":"<div id=\"bsf_rt_marker\"><\/div>\n<p>Au cours de cette semaine, une d\u00e9l\u00e9gation de Caribbean Export s&rsquo;est rendue aux Bahamas pour y tenir des r\u00e9unions cruciales avec les principales parties prenantes, tout en intensifiant les pr\u00e9paratifs de la deuxi\u00e8me \u00e9dition du Forum d&rsquo;investissement des Cara\u00efbes (CIF). Cet \u00e9v\u00e9nement est pr\u00e9vu du 23 au 25 octobre 2023 \u00e0 l&rsquo;Atlantis, Paradise Island, Bahamas. En collaboration avec l&rsquo;Union europ\u00e9enne et le CARICOM, l&rsquo;Agence travaillera en partenariat avec le gouvernement des Bahamas, en \u00e9troite collaboration avec les \u00e9quipes du minist\u00e8re du tourisme et de l&rsquo;aviation.<\/p>\n\n<p>Le FIC vise \u00e0 atteindre trois objectifs majeurs : (1) attirer des investissements cibl\u00e9s dans des secteurs prioritaires, en particulier ceux qui sont essentiels \u00e0 la transition de la r\u00e9gion vers une \u00e9conomie plus verte et plus intelligente. Ces secteurs englobent l&rsquo;\u00e9conomie num\u00e9rique, l&rsquo;agro-technologie, les \u00e9nergies renouvelables, les transports et la logistique. (2) Am\u00e9liorer la visibilit\u00e9 de la r\u00e9gion et du pays d&rsquo;accueil en tant que destinations attrayantes pour les investissements. (3) Faciliter la mise en r\u00e9seau et la collaboration entre les investisseurs de la r\u00e9gion, afin de parvenir \u00e0 des accords sur les priorit\u00e9s essentielles qui acc\u00e9l\u00e9reront la transition de la r\u00e9gion vers une \u00e9conomie plus verte et plus intelligente. L&rsquo;objectif principal est de cr\u00e9er une plateforme permettant aux entreprises d&rsquo;entrer en contact les unes avec les autres et de favoriser de nouvelles opportunit\u00e9s commerciales.<\/p>\n\n<p>Apr\u00e8s le FIC inaugural, l&rsquo;accent sera mis en 2023 sur les opportunit\u00e9s d&rsquo;investissement dans les secteurs prioritaires identifi\u00e9s et sur les r\u00e9alisations du FIC inaugural, qui a eu lieu \u00e0 Trinit\u00e9-et-Tobago en novembre dernier, et sur l&rsquo;acc\u00e9l\u00e9ration de la mission de l&rsquo;Agence qui consiste \u00e0 cr\u00e9er une Cara\u00efbe plus durable sur le plan environnemental et plus avanc\u00e9e sur le plan technologique.<\/p>\n\n<p>Le FIC 2023 se concentrera sur l&rsquo;aide aux entreprises pour attirer les investissements dans ces domaines cl\u00e9s, y compris l&rsquo;adoption de pratiques d&rsquo;\u00e9nergie renouvelable pour am\u00e9liorer la comp\u00e9titivit\u00e9 et tirer parti de l&rsquo;\u00e9conomie verte, l&rsquo;int\u00e9gration de la technologie dans les op\u00e9rations commerciales, englobant les TIC, la num\u00e9risation des processus et FinTech, le d\u00e9veloppement et la mise en \u0153uvre de la technologie dans l&rsquo;agriculture et le soutien de l&rsquo;objectif de la CARICOM de r\u00e9duire la facture des importations alimentaires de la r\u00e9gion de 25% d&rsquo;ici 2025, et l&rsquo;am\u00e9lioration de l&rsquo;infrastructure de la r\u00e9gion en ce qui concerne le transport et la logistique.<\/p>\n\n<p>On s&rsquo;attend \u00e0 ce que l&rsquo;\u00e9v\u00e9nement de cette ann\u00e9e d\u00e9passe les r\u00e9sultats de l&rsquo;ann\u00e9e derni\u00e8re et attire plus de 800 professionnels du monde des affaires cherchant \u00e0 investir dans les Cara\u00efbes ou \u00e0 obtenir des investissements dans leurs projets de plusieurs millions de dollars.<\/p>\n\n<p>Cet \u00e9v\u00e9nement constitue la principale plateforme pour attirer les investissements dans la r\u00e9gion et offre l&rsquo;occasion de pr\u00e9senter les Cara\u00efbes comme une destination attrayante pour les investissements, capable de g\u00e9n\u00e9rer une croissance transformatrice. Le CIF se distingue par sa focalisation exclusive sur l&rsquo;investissement, avec pour objectif principal d&rsquo;attirer des hommes d&rsquo;affaires de la r\u00e9gion et des investisseurs soigneusement s\u00e9lectionn\u00e9s du monde entier qui sont int\u00e9ress\u00e9s \u00e0 participer et \u00e0 contribuer \u00e0 l&rsquo;\u00e9v\u00e9nement.<\/p>\n","protected":false},"excerpt":{"rendered":"<p>Au cours de cette semaine, une d\u00e9l\u00e9gation de Caribbean Export s&rsquo;est rendue aux Bahamas pour y tenir des r\u00e9unions cruciales avec les principales parties prenantes, tout en intensifiant les pr\u00e9paratifs de la deuxi\u00e8me \u00e9dition du Forum d&rsquo;investissement des Cara\u00efbes (CIF). Cet \u00e9v\u00e9nement est pr\u00e9vu du 23 au 25 octobre 2023 \u00e0 l&rsquo;Atlantis, Paradise Island, Bahamas. [&hellip;]<\/p>\n","protected":false},"author":10,"featured_media":310959,"comment_status":"closed","ping_status":"closed","sticky":false,"template":"","format":"standard","meta":{"_acf_changed":false,"inline_featured_image":false,"footnotes":""},"categories":[4509],"tags":[],"class_list":["post-310989","post","type-post","status-publish","format-standard","has-post-thumbnail","hentry","category-blog"],"acf":[],"yoast_head":"<!-- This site is optimized with the Yoast SEO plugin v27.1.1 - https:\/\/yoast.com\/product\/yoast-seo-wordpress\/ -->\n<title>de Forum d&#039;investissement des Cara\u00efbes : Le premier \u00e9v\u00e9nement en mati\u00e8re d&#039;investissement dans les Cara\u00efbes, qui se tiendra aux Bahamas en octobre - Exportation Cara\u00efbes<\/title>\n<meta name=\"robots\" content=\"index, follow, max-snippet:-1, max-image-preview:large, max-video-preview:-1\" \/>\n<link rel=\"canonical\" href=\"https:\/\/content.carib-export.com\/fr\/blog\/caribbean-investment-forum-the-premier-investment-event-in-the-caribbean-coming-to-the-bahamas-in-october\/\" \/>\n<meta property=\"og:locale\" content=\"fr_FR\" \/>\n<meta property=\"og:type\" content=\"article\" \/>\n<meta property=\"og:title\" content=\"CIF 2023, aux Bahamas en octobre\" \/>\n<meta property=\"og:description\" content=\"Au cours de cette semaine, une d\u00e9l\u00e9gation de Caribbean Export s&#039;est rendue aux Bahamas pour y tenir des r\u00e9unions cruciales avec les principales parties prenantes, tout en intensifiant les pr\u00e9paratifs de la deuxi\u00e8me \u00e9dition du Forum d&#039;investissement des Cara\u00efbes (CIF).\" \/>\n<meta property=\"og:url\" content=\"https:\/\/content.carib-export.com\/fr\/blog\/caribbean-investment-forum-the-premier-investment-event-in-the-caribbean-coming-to-the-bahamas-in-october\/\" \/>\n<meta property=\"og:site_name\" content=\"Exportation Cara\u00efbes\" \/>\n<meta property=\"article:publisher\" content=\"https:\/\/www.facebook.com\/CaribbeanExport\" \/>\n<meta property=\"article:published_time\" content=\"2023-05-19T16:56:28+00:00\" \/>\n<meta property=\"article:modified_time\" content=\"2023-05-22T14:32:17+00:00\" \/>\n<meta property=\"og:image\" content=\"https:\/\/content.carib-export.com\/wp-content\/uploads\/2023\/05\/Bhamas-Gov-1024x768.png\" \/>\n<meta name=\"author\" content=\"JoEllen Laryea\" \/>\n<meta name=\"twitter:card\" content=\"summary_large_image\" \/>\n<meta name=\"twitter:title\" content=\"CIF 2023, aux Bahamas en octobre\" \/>\n<meta name=\"twitter:description\" content=\"Au cours de cette semaine, une d\u00e9l\u00e9gation de Caribbean Export s&#039;est rendue aux Bahamas pour y tenir des r\u00e9unions cruciales avec les principales parties prenantes, tout en intensifiant les pr\u00e9paratifs de la deuxi\u00e8me \u00e9dition du Forum d&#039;investissement des Cara\u00efbes (CIF).\" \/>\n<meta name=\"twitter:image\" content=\"https:\/\/content.carib-export.com\/wp-content\/uploads\/2023\/05\/Bhamas-Gov-1024x768.png\" \/>\n<meta name=\"twitter:creator\" content=\"@JoEllenLaryea\" \/>\n<meta name=\"twitter:site\" content=\"@CaribXport\" \/>\n<meta name=\"twitter:label1\" content=\"\u00c9crit par\" \/>\n\t<meta name=\"twitter:data1\" content=\"JoEllen Laryea\" \/>\n\t<meta name=\"twitter:label2\" content=\"Dur\u00e9e de lecture estim\u00e9e\" \/>\n\t<meta name=\"twitter:data2\" content=\"3 minutes\" \/>\n<script type=\"application\/ld+json\" class=\"yoast-schema-graph\">{\"@context\":\"https:\/\/schema.org\",\"@graph\":[{\"@type\":\"Article\",\"@id\":\"https:\/\/content.carib-export.com\/fr\/blog\/caribbean-investment-forum-the-premier-investment-event-in-the-caribbean-coming-to-the-bahamas-in-october\/#article\",\"isPartOf\":{\"@id\":\"https:\/\/content.carib-export.com\/fr\/blog\/caribbean-investment-forum-the-premier-investment-event-in-the-caribbean-coming-to-the-bahamas-in-october\/\"},\"author\":{\"name\":\"JoEllen Laryea\",\"@id\":\"https:\/\/content.carib-export.com\/fr\/#\/schema\/person\/216a73591d0aad2b1a260bf23de750f3\"},\"headline\":\"Forum d&rsquo;investissement des Cara\u00efbes : Le premier \u00e9v\u00e9nement en mati\u00e8re d&rsquo;investissement dans les Cara\u00efbes, qui se tiendra aux Bahamas en octobre\",\"datePublished\":\"2023-05-19T16:56:28+00:00\",\"dateModified\":\"2023-05-22T14:32:17+00:00\",\"mainEntityOfPage\":{\"@id\":\"https:\/\/content.carib-export.com\/fr\/blog\/caribbean-investment-forum-the-premier-investment-event-in-the-caribbean-coming-to-the-bahamas-in-october\/\"},\"wordCount\":567,\"publisher\":{\"@id\":\"https:\/\/content.carib-export.com\/fr\/#organization\"},\"image\":{\"@id\":\"https:\/\/content.carib-export.com\/fr\/blog\/caribbean-investment-forum-the-premier-investment-event-in-the-caribbean-coming-to-the-bahamas-in-october\/#primaryimage\"},\"thumbnailUrl\":\"https:\/\/content.carib-export.com\/wp-content\/uploads\/2023\/05\/Bhamas-Gov.png\",\"articleSection\":[\"Blog\"],\"inLanguage\":\"fr-FR\"},{\"@type\":\"WebPage\",\"@id\":\"https:\/\/content.carib-export.com\/fr\/blog\/caribbean-investment-forum-the-premier-investment-event-in-the-caribbean-coming-to-the-bahamas-in-october\/\",\"url\":\"https:\/\/content.carib-export.com\/fr\/blog\/caribbean-investment-forum-the-premier-investment-event-in-the-caribbean-coming-to-the-bahamas-in-october\/\",\"name\":\"de Forum d'investissement des Cara\u00efbes : Le premier \u00e9v\u00e9nement en mati\u00e8re d'investissement dans les Cara\u00efbes, qui se tiendra aux Bahamas en octobre - Exportation Cara\u00efbes\",\"isPartOf\":{\"@id\":\"https:\/\/content.carib-export.com\/fr\/#website\"},\"primaryImageOfPage\":{\"@id\":\"https:\/\/content.carib-export.com\/fr\/blog\/caribbean-investment-forum-the-premier-investment-event-in-the-caribbean-coming-to-the-bahamas-in-october\/#primaryimage\"},\"image\":{\"@id\":\"https:\/\/content.carib-export.com\/fr\/blog\/caribbean-investment-forum-the-premier-investment-event-in-the-caribbean-coming-to-the-bahamas-in-october\/#primaryimage\"},\"thumbnailUrl\":\"https:\/\/content.carib-export.com\/wp-content\/uploads\/2023\/05\/Bhamas-Gov.png\",\"datePublished\":\"2023-05-19T16:56:28+00:00\",\"dateModified\":\"2023-05-22T14:32:17+00:00\",\"breadcrumb\":{\"@id\":\"https:\/\/content.carib-export.com\/fr\/blog\/caribbean-investment-forum-the-premier-investment-event-in-the-caribbean-coming-to-the-bahamas-in-october\/#breadcrumb\"},\"inLanguage\":\"fr-FR\",\"potentialAction\":[{\"@type\":\"ReadAction\",\"target\":[\"https:\/\/content.carib-export.com\/fr\/blog\/caribbean-investment-forum-the-premier-investment-event-in-the-caribbean-coming-to-the-bahamas-in-october\/\"]}]},{\"@type\":\"ImageObject\",\"inLanguage\":\"fr-FR\",\"@id\":\"https:\/\/content.carib-export.com\/fr\/blog\/caribbean-investment-forum-the-premier-investment-event-in-the-caribbean-coming-to-the-bahamas-in-october\/#primaryimage\",\"url\":\"https:\/\/content.carib-export.com\/wp-content\/uploads\/2023\/05\/Bhamas-Gov.png\",\"contentUrl\":\"https:\/\/content.carib-export.com\/wp-content\/uploads\/2023\/05\/Bhamas-Gov.png\",\"width\":1500,\"height\":1125},{\"@type\":\"BreadcrumbList\",\"@id\":\"https:\/\/content.carib-export.com\/fr\/blog\/caribbean-investment-forum-the-premier-investment-event-in-the-caribbean-coming-to-the-bahamas-in-october\/#breadcrumb\",\"itemListElement\":[{\"@type\":\"ListItem\",\"position\":1,\"name\":\"Accueil\",\"item\":\"https:\/\/content.carib-export.com\/fr\/home\/\"},{\"@type\":\"ListItem\",\"position\":2,\"name\":\"Blog\",\"item\":\"https:\/\/content.carib-export.com\/fr\/blog\/\"},{\"@type\":\"ListItem\",\"position\":3,\"name\":\"Forum d&#8217;investissement des Cara\u00efbes : Le premier \u00e9v\u00e9nement en mati\u00e8re d&#8217;investissement dans les Cara\u00efbes, qui se tiendra aux Bahamas en octobre\"}]},{\"@type\":\"WebSite\",\"@id\":\"https:\/\/content.carib-export.com\/fr\/#website\",\"url\":\"https:\/\/content.carib-export.com\/fr\/\",\"name\":\"Exportation Cara\u00efbes\",\"description\":\"La seule agence r\u00e9gionale de promotion du commerce et des investissements du groupe Afrique, Cara\u00efbes et Pacifique.\",\"publisher\":{\"@id\":\"https:\/\/content.carib-export.com\/fr\/#organization\"},\"potentialAction\":[{\"@type\":\"SearchAction\",\"target\":{\"@type\":\"EntryPoint\",\"urlTemplate\":\"https:\/\/content.carib-export.com\/fr\/?s={search_term_string}\"},\"query-input\":{\"@type\":\"PropertyValueSpecification\",\"valueRequired\":true,\"valueName\":\"search_term_string\"}}],\"inLanguage\":\"fr-FR\"},{\"@type\":\"Organization\",\"@id\":\"https:\/\/content.carib-export.com\/fr\/#organization\",\"name\":\"Agence carib\u00e9enne de d\u00e9veloppement des exportations\",\"url\":\"https:\/\/content.carib-export.com\/fr\/\",\"logo\":{\"@type\":\"ImageObject\",\"inLanguage\":\"fr-FR\",\"@id\":\"https:\/\/content.carib-export.com\/fr\/#\/schema\/logo\/image\/\",\"url\":\"https:\/\/content.carib-export.com\/wp-content\/uploads\/2013\/03\/CE-Logo-2013.jpg\",\"contentUrl\":\"https:\/\/content.carib-export.com\/wp-content\/uploads\/2013\/03\/CE-Logo-2013.jpg\",\"width\":1024,\"height\":244,\"caption\":\"Agence carib\u00e9enne de d\u00e9veloppement des exportations\"},\"image\":{\"@id\":\"https:\/\/content.carib-export.com\/fr\/#\/schema\/logo\/image\/\"},\"sameAs\":[\"https:\/\/www.facebook.com\/CaribbeanExport\",\"https:\/\/x.com\/CaribXport\",\"https:\/\/www.instagram.com\/caribbeanexport\",\"https:\/\/www.linkedin.com\/company\/caribbeanexport\",\"https:\/\/www.youtube.com\/user\/TheCaribbeanExport\"]},{\"@type\":\"Person\",\"@id\":\"https:\/\/content.carib-export.com\/fr\/#\/schema\/person\/216a73591d0aad2b1a260bf23de750f3\",\"name\":\"JoEllen Laryea\",\"image\":{\"@type\":\"ImageObject\",\"inLanguage\":\"fr-FR\",\"@id\":\"https:\/\/content.carib-export.com\/fr\/#\/schema\/person\/image\/\",\"url\":\"https:\/\/content.carib-export.com\/wp-content\/uploads\/2025\/03\/cropped-JoEllen-Laryea-2020-96x96.png\",\"contentUrl\":\"https:\/\/content.carib-export.com\/wp-content\/uploads\/2025\/03\/cropped-JoEllen-Laryea-2020-96x96.png\",\"caption\":\"JoEllen Laryea\"},\"description\":\"JoEllen is the Manager (Ag) for Partnerships, Advocacy and Reporting with Caribbean Export and manages all aspects of the Agency's communications within her portfolio.\",\"sameAs\":[\"https:\/\/www.linkedin.com\/in\/joellen-laryea-b440711\/\",\"https:\/\/x.com\/JoEllenLaryea\"],\"url\":\"https:\/\/content.carib-export.com\/fr\/author\/joellenl\/\"}]}<\/script>\n<!-- \/ Yoast SEO plugin. -->","yoast_head_json":{"title":"de Forum d'investissement des Cara\u00efbes : Le premier \u00e9v\u00e9nement en mati\u00e8re d'investissement dans les Cara\u00efbes, qui se tiendra aux Bahamas en octobre - Exportation Cara\u00efbes","robots":{"index":"index","follow":"follow","max-snippet":"max-snippet:-1","max-image-preview":"max-image-preview:large","max-video-preview":"max-video-preview:-1"},"canonical":"https:\/\/content.carib-export.com\/fr\/blog\/caribbean-investment-forum-the-premier-investment-event-in-the-caribbean-coming-to-the-bahamas-in-october\/","og_locale":"fr_FR","og_type":"article","og_title":"CIF 2023, aux Bahamas en octobre","og_description":"Au cours de cette semaine, une d\u00e9l\u00e9gation de Caribbean Export s'est rendue aux Bahamas pour y tenir des r\u00e9unions cruciales avec les principales parties prenantes, tout en intensifiant les pr\u00e9paratifs de la deuxi\u00e8me \u00e9dition du Forum d'investissement des Cara\u00efbes (CIF).","og_url":"https:\/\/content.carib-export.com\/fr\/blog\/caribbean-investment-forum-the-premier-investment-event-in-the-caribbean-coming-to-the-bahamas-in-october\/","og_site_name":"Exportation Cara\u00efbes","article_publisher":"https:\/\/www.facebook.com\/CaribbeanExport","article_published_time":"2023-05-19T16:56:28+00:00","article_modified_time":"2023-05-22T14:32:17+00:00","og_image":[{"url":"https:\/\/content.carib-export.com\/wp-content\/uploads\/2023\/05\/Bhamas-Gov-1024x768.png","type":"","width":"","height":""}],"author":"JoEllen Laryea","twitter_card":"summary_large_image","twitter_title":"CIF 2023, aux Bahamas en octobre","twitter_description":"Au cours de cette semaine, une d\u00e9l\u00e9gation de Caribbean Export s'est rendue aux Bahamas pour y tenir des r\u00e9unions cruciales avec les principales parties prenantes, tout en intensifiant les pr\u00e9paratifs de la deuxi\u00e8me \u00e9dition du Forum d'investissement des Cara\u00efbes (CIF).","twitter_image":"https:\/\/content.carib-export.com\/wp-content\/uploads\/2023\/05\/Bhamas-Gov-1024x768.png","twitter_creator":"@JoEllenLaryea","twitter_site":"@CaribXport","twitter_misc":{"\u00c9crit par":"JoEllen Laryea","Dur\u00e9e de lecture estim\u00e9e":"3 minutes"},"schema":{"@context":"https:\/\/schema.org","@graph":[{"@type":"Article","@id":"https:\/\/content.carib-export.com\/fr\/blog\/caribbean-investment-forum-the-premier-investment-event-in-the-caribbean-coming-to-the-bahamas-in-october\/#article","isPartOf":{"@id":"https:\/\/content.carib-export.com\/fr\/blog\/caribbean-investment-forum-the-premier-investment-event-in-the-caribbean-coming-to-the-bahamas-in-october\/"},"author":{"name":"JoEllen Laryea","@id":"https:\/\/content.carib-export.com\/fr\/#\/schema\/person\/216a73591d0aad2b1a260bf23de750f3"},"headline":"Forum d&rsquo;investissement des Cara\u00efbes : Le premier \u00e9v\u00e9nement en mati\u00e8re d&rsquo;investissement dans les Cara\u00efbes, qui se tiendra aux Bahamas en octobre","datePublished":"2023-05-19T16:56:28+00:00","dateModified":"2023-05-22T14:32:17+00:00","mainEntityOfPage":{"@id":"https:\/\/content.carib-export.com\/fr\/blog\/caribbean-investment-forum-the-premier-investment-event-in-the-caribbean-coming-to-the-bahamas-in-october\/"},"wordCount":567,"publisher":{"@id":"https:\/\/content.carib-export.com\/fr\/#organization"},"image":{"@id":"https:\/\/content.carib-export.com\/fr\/blog\/caribbean-investment-forum-the-premier-investment-event-in-the-caribbean-coming-to-the-bahamas-in-october\/#primaryimage"},"thumbnailUrl":"https:\/\/content.carib-export.com\/wp-content\/uploads\/2023\/05\/Bhamas-Gov.png","articleSection":["Blog"],"inLanguage":"fr-FR"},{"@type":"WebPage","@id":"https:\/\/content.carib-export.com\/fr\/blog\/caribbean-investment-forum-the-premier-investment-event-in-the-caribbean-coming-to-the-bahamas-in-october\/","url":"https:\/\/content.carib-export.com\/fr\/blog\/caribbean-investment-forum-the-premier-investment-event-in-the-caribbean-coming-to-the-bahamas-in-october\/","name":"de Forum d'investissement des Cara\u00efbes : Le premier \u00e9v\u00e9nement en mati\u00e8re d'investissement dans les Cara\u00efbes, qui se tiendra aux Bahamas en octobre - Exportation Cara\u00efbes","isPartOf":{"@id":"https:\/\/content.carib-export.com\/fr\/#website"},"primaryImageOfPage":{"@id":"https:\/\/content.carib-export.com\/fr\/blog\/caribbean-investment-forum-the-premier-investment-event-in-the-caribbean-coming-to-the-bahamas-in-october\/#primaryimage"},"image":{"@id":"https:\/\/content.carib-export.com\/fr\/blog\/caribbean-investment-forum-the-premier-investment-event-in-the-caribbean-coming-to-the-bahamas-in-october\/#primaryimage"},"thumbnailUrl":"https:\/\/content.carib-export.com\/wp-content\/uploads\/2023\/05\/Bhamas-Gov.png","datePublished":"2023-05-19T16:56:28+00:00","dateModified":"2023-05-22T14:32:17+00:00","breadcrumb":{"@id":"https:\/\/content.carib-export.com\/fr\/blog\/caribbean-investment-forum-the-premier-investment-event-in-the-caribbean-coming-to-the-bahamas-in-october\/#breadcrumb"},"inLanguage":"fr-FR","potentialAction":[{"@type":"ReadAction","target":["https:\/\/content.carib-export.com\/fr\/blog\/caribbean-investment-forum-the-premier-investment-event-in-the-caribbean-coming-to-the-bahamas-in-october\/"]}]},{"@type":"ImageObject","inLanguage":"fr-FR","@id":"https:\/\/content.carib-export.com\/fr\/blog\/caribbean-investment-forum-the-premier-investment-event-in-the-caribbean-coming-to-the-bahamas-in-october\/#primaryimage","url":"https:\/\/content.carib-export.com\/wp-content\/uploads\/2023\/05\/Bhamas-Gov.png","contentUrl":"https:\/\/content.carib-export.com\/wp-content\/uploads\/2023\/05\/Bhamas-Gov.png","width":1500,"height":1125},{"@type":"BreadcrumbList","@id":"https:\/\/content.carib-export.com\/fr\/blog\/caribbean-investment-forum-the-premier-investment-event-in-the-caribbean-coming-to-the-bahamas-in-october\/#breadcrumb","itemListElement":[{"@type":"ListItem","position":1,"name":"Accueil","item":"https:\/\/content.carib-export.com\/fr\/home\/"},{"@type":"ListItem","position":2,"name":"Blog","item":"https:\/\/content.carib-export.com\/fr\/blog\/"},{"@type":"ListItem","position":3,"name":"Forum d&#8217;investissement des Cara\u00efbes : Le premier \u00e9v\u00e9nement en mati\u00e8re d&#8217;investissement dans les Cara\u00efbes, qui se tiendra aux Bahamas en octobre"}]},{"@type":"WebSite","@id":"https:\/\/content.carib-export.com\/fr\/#website","url":"https:\/\/content.carib-export.com\/fr\/","name":"Exportation Cara\u00efbes","description":"La seule agence r\u00e9gionale de promotion du commerce et des investissements du groupe Afrique, Cara\u00efbes et Pacifique.","publisher":{"@id":"https:\/\/content.carib-export.com\/fr\/#organization"},"potentialAction":[{"@type":"SearchAction","target":{"@type":"EntryPoint","urlTemplate":"https:\/\/content.carib-export.com\/fr\/?s={search_term_string}"},"query-input":{"@type":"PropertyValueSpecification","valueRequired":true,"valueName":"search_term_string"}}],"inLanguage":"fr-FR"},{"@type":"Organization","@id":"https:\/\/content.carib-export.com\/fr\/#organization","name":"Agence carib\u00e9enne de d\u00e9veloppement des exportations","url":"https:\/\/content.carib-export.com\/fr\/","logo":{"@type":"ImageObject","inLanguage":"fr-FR","@id":"https:\/\/content.carib-export.com\/fr\/#\/schema\/logo\/image\/","url":"https:\/\/content.carib-export.com\/wp-content\/uploads\/2013\/03\/CE-Logo-2013.jpg","contentUrl":"https:\/\/content.carib-export.com\/wp-content\/uploads\/2013\/03\/CE-Logo-2013.jpg","width":1024,"height":244,"caption":"Agence carib\u00e9enne de d\u00e9veloppement des exportations"},"image":{"@id":"https:\/\/content.carib-export.com\/fr\/#\/schema\/logo\/image\/"},"sameAs":["https:\/\/www.facebook.com\/CaribbeanExport","https:\/\/x.com\/CaribXport","https:\/\/www.instagram.com\/caribbeanexport","https:\/\/www.linkedin.com\/company\/caribbeanexport","https:\/\/www.youtube.com\/user\/TheCaribbeanExport"]},{"@type":"Person","@id":"https:\/\/content.carib-export.com\/fr\/#\/schema\/person\/216a73591d0aad2b1a260bf23de750f3","name":"JoEllen Laryea","image":{"@type":"ImageObject","inLanguage":"fr-FR","@id":"https:\/\/content.carib-export.com\/fr\/#\/schema\/person\/image\/","url":"https:\/\/content.carib-export.com\/wp-content\/uploads\/2025\/03\/cropped-JoEllen-Laryea-2020-96x96.png","contentUrl":"https:\/\/content.carib-export.com\/wp-content\/uploads\/2025\/03\/cropped-JoEllen-Laryea-2020-96x96.png","caption":"JoEllen Laryea"},"description":"JoEllen is the Manager (Ag) for Partnerships, Advocacy and Reporting with Caribbean Export and manages all aspects of the Agency's communications within her portfolio.","sameAs":["https:\/\/www.linkedin.com\/in\/joellen-laryea-b440711\/","https:\/\/x.com\/JoEllenLaryea"],"url":"https:\/\/content.carib-export.com\/fr\/author\/joellenl\/"}]}},"_links":{"self":[{"href":"https:\/\/content.carib-export.com\/fr\/wp-json\/wp\/v2\/posts\/310989","targetHints":{"allow":["GET"]}}],"collection":[{"href":"https:\/\/content.carib-export.com\/fr\/wp-json\/wp\/v2\/posts"}],"about":[{"href":"https:\/\/content.carib-export.com\/fr\/wp-json\/wp\/v2\/types\/post"}],"author":[{"embeddable":true,"href":"https:\/\/content.carib-export.com\/fr\/wp-json\/wp\/v2\/users\/10"}],"replies":[{"embeddable":true,"href":"https:\/\/content.carib-export.com\/fr\/wp-json\/wp\/v2\/comments?post=310989"}],"version-history":[{"count":0,"href":"https:\/\/content.carib-export.com\/fr\/wp-json\/wp\/v2\/posts\/310989\/revisions"}],"wp:featuredmedia":[{"embeddable":true,"href":"https:\/\/content.carib-export.com\/fr\/wp-json\/wp\/v2\/media\/310959"}],"wp:attachment":[{"href":"https:\/\/content.carib-export.com\/fr\/wp-json\/wp\/v2\/media?parent=310989"}],"wp:term":[{"taxonomy":"category","embeddable":true,"href":"https:\/\/content.carib-export.com\/fr\/wp-json\/wp\/v2\/categories?post=310989"},{"taxonomy":"post_tag","embeddable":true,"href":"https:\/\/content.carib-export.com\/fr\/wp-json\/wp\/v2\/tags?post=310989"}],"curies":[{"name":"wp","href":"https:\/\/api.w.org\/{rel}","templated":true}]}}