{"id":314345,"date":"2023-09-07T10:57:05","date_gmt":"2023-09-07T14:57:05","guid":{"rendered":"https:\/\/content.carib-export.com\/strengthening-bonds-africa-caricom-day-celebrated-on-september-7\/"},"modified":"2023-09-07T11:30:28","modified_gmt":"2023-09-07T15:30:28","slug":"strengthening-bonds-africa-caricom-day-celebrated-on-september-7","status":"publish","type":"post","link":"https:\/\/content.carib-export.com\/fr\/blog\/strengthening-bonds-africa-caricom-day-celebrated-on-september-7\/","title":{"rendered":"Renforcer les liens : Journ\u00e9e Afrique-CARICOM c\u00e9l\u00e9br\u00e9e le 7 septembre"},"content":{"rendered":"<div id=\"bsf_rt_marker\"><\/div>\n<p>La Journ\u00e9e Afrique-CARICOM, c\u00e9l\u00e9br\u00e9e le 7 septembre, est un rappel important des liens culturels et \u00e9conomiques durables entre le continent africain et la r\u00e9gion des Cara\u00efbes. Cette c\u00e9l\u00e9bration annuelle ne se contente pas de comm\u00e9morer des histoires communes, elle met \u00e9galement en lumi\u00e8re le potentiel prometteur de relations commerciales renforc\u00e9es.<\/p>\n\n<p>Au-del\u00e0 des liens culturels qui unissent ces r\u00e9gions, il existe une vaste opportunit\u00e9 d&rsquo;<a href=\"https:\/\/carib-export.com\/news\/taking-forward-the-africa-caribbean-trade-and-investment-partnership\/\">approfondir la coop\u00e9ration \u00e9conomique<\/a>. Des organisations telles que l&rsquo;Agence de d\u00e9veloppement des exportations des Cara\u00efbes (Caribbean Export) jouent un r\u00f4le essentiel dans la r\u00e9alisation de ce potentiel.<\/p>\n\n<p>Tout au long de l&rsquo;ann\u00e9e 2023, Caribbean Export a fait preuve d&rsquo;un engagement in\u00e9branlable pour faire progresser le commerce et l&rsquo;investissement entre ces deux r\u00e9gions dynamiques. Ses efforts ont notamment consist\u00e9 en une <a href=\"https:\/\/carib-export.com\/news\/caribbean-export-embarks-on-pioneering-trade-mission-to-west-africa-fostering-business-cooperation-and-economic-growth\/\">mission r\u00e9ussie sur certains march\u00e9s africains<\/a>, strat\u00e9giquement con\u00e7ue pour renforcer la coop\u00e9ration, stimuler le commerce et l&rsquo;investissement, et cultiver des partenariats dans des secteurs cl\u00e9s, notamment les \u00e9nergies renouvelables, l&rsquo;agriculture, l&rsquo;AgTech, les TIC et la Fintech. L&rsquo;Agence a notamment re\u00e7u la prestigieuse nomination d&rsquo;ambassadeur pour le premier forum sur le commerce et l&rsquo;investissement en Afrique,<a href=\"https:\/\/www.intrafricantradefair.com\/en\"> IATF2023<\/a>.<\/p>\n\n<p>Dans un r\u00e9cent article d&rsquo;opinion r\u00e9dig\u00e9 par le directeur ex\u00e9cutif de l&rsquo;Agence, Deodat Maharaj, et publi\u00e9 par l&rsquo;<a href=\"https:\/\/www.theafricareport.com\/321147\/nairobi-declaration-must-leverage-trade-know-how-to-address-climate-emergency\/\"> Overseas Development Institute<\/a>, l&rsquo;appel \u00e0 des engagements commerciaux solides et directs dans des secteurs critiques a \u00e9t\u00e9 r\u00e9it\u00e9r\u00e9. M. Maharaj plaide avec passion pour que ces engagements servent de catalyseurs \u00e0 une transformation \u00e9conomique durable dans les deux r\u00e9gions.<\/p>\n\n<p>En encourageant le commerce et l&rsquo;investissement tout en facilitant le transfert de connaissances et en partageant des informations sur le march\u00e9, ces r\u00e9gions sont pr\u00eates \u00e0 conna\u00eetre une croissance et une \u00e9volution continues. Cette relation renforc\u00e9e promet d&rsquo;ouvrir de nouvelles perspectives, de cr\u00e9er des emplois et de favoriser la prosp\u00e9rit\u00e9 des diverses populations qu&rsquo;elle dessert. L&rsquo;avenir est sans aucun doute prometteur pour l&rsquo;Afrique et les Cara\u00efbes, qui s&rsquo;engagent sur la voie du progr\u00e8s mutuel et de la r\u00e9ussite partag\u00e9e.<\/p>\n","protected":false},"excerpt":{"rendered":"<p>La Journ\u00e9e Afrique-CARICOM, c\u00e9l\u00e9br\u00e9e le 7 septembre, est un rappel important des liens culturels et \u00e9conomiques durables entre le continent africain et la r\u00e9gion des Cara\u00efbes. Cette c\u00e9l\u00e9bration annuelle ne se contente pas de comm\u00e9morer des histoires communes, elle met \u00e9galement en lumi\u00e8re le potentiel prometteur de relations commerciales renforc\u00e9es. Au-del\u00e0 des liens culturels qui [&hellip;]<\/p>\n","protected":false},"author":9,"featured_media":314334,"comment_status":"closed","ping_status":"closed","sticky":false,"template":"","format":"standard","meta":{"_acf_changed":false,"inline_featured_image":false,"footnotes":""},"categories":[4509],"tags":[],"class_list":["post-314345","post","type-post","status-publish","format-standard","has-post-thumbnail","hentry","category-blog"],"acf":[],"yoast_head":"<!-- This site is optimized with the Yoast SEO plugin v27.1.1 - https:\/\/yoast.com\/product\/yoast-seo-wordpress\/ -->\n<title>de Renforcer les liens : Journ\u00e9e Afrique-CARICOM c\u00e9l\u00e9br\u00e9e le 7 septembre - Exportation Cara\u00efbes<\/title>\n<meta name=\"description\" content=\"La Journ\u00e9e Afrique-CARICOM, c\u00e9l\u00e9br\u00e9e le 7 septembre, est un rappel important des liens culturels et \u00e9conomiques durables entre le continent africain et la r\u00e9gion des Cara\u00efbes.\" \/>\n<meta name=\"robots\" content=\"index, follow, max-snippet:-1, max-image-preview:large, max-video-preview:-1\" \/>\n<link rel=\"canonical\" href=\"https:\/\/content.carib-export.com\/fr\/blog\/strengthening-bonds-africa-caricom-day-celebrated-on-september-7\/\" \/>\n<meta property=\"og:locale\" content=\"fr_FR\" \/>\n<meta property=\"og:type\" content=\"article\" \/>\n<meta property=\"og:title\" content=\"Renforcer les liens : C\u00e9l\u00e9bration de la Journ\u00e9e Afrique-Caricom le 7 septembre\" \/>\n<meta property=\"og:description\" content=\"La Journ\u00e9e Afrique-CARICOM, c\u00e9l\u00e9br\u00e9e le 7 septembre, est un rappel important des liens culturels et \u00e9conomiques durables entre le continent africain et la r\u00e9gion des Cara\u00efbes.\" \/>\n<meta property=\"og:url\" content=\"https:\/\/content.carib-export.com\/fr\/blog\/strengthening-bonds-africa-caricom-day-celebrated-on-september-7\/\" \/>\n<meta property=\"og:site_name\" content=\"Exportation Cara\u00efbes\" \/>\n<meta property=\"article:publisher\" content=\"https:\/\/www.facebook.com\/CaribbeanExport\" \/>\n<meta property=\"article:published_time\" content=\"2023-09-07T14:57:05+00:00\" \/>\n<meta property=\"article:modified_time\" content=\"2023-09-07T15:30:28+00:00\" \/>\n<meta property=\"og:image\" content=\"https:\/\/content.carib-export.com\/wp-content\/uploads\/2023\/09\/New-website-featured-image-1500-x-1125-33.png\" \/>\n\t<meta property=\"og:image:width\" content=\"1500\" \/>\n\t<meta property=\"og:image:height\" content=\"1125\" \/>\n\t<meta property=\"og:image:type\" content=\"image\/png\" \/>\n<meta name=\"author\" content=\"Deidre Brathwaite\" \/>\n<meta name=\"twitter:card\" content=\"summary_large_image\" \/>\n<meta name=\"twitter:title\" content=\"Renforcer les liens : C\u00e9l\u00e9bration de la Journ\u00e9e Afrique-Caricom le 7 septembre\" \/>\n<meta name=\"twitter:description\" content=\"La Journ\u00e9e Afrique-CARICOM, c\u00e9l\u00e9br\u00e9e le 7 septembre, est un rappel important des liens culturels et \u00e9conomiques durables entre le continent africain et la r\u00e9gion des Cara\u00efbes.\" \/>\n<meta name=\"twitter:creator\" content=\"@https:\/\/twitter.com\/DkBInteractive\" \/>\n<meta name=\"twitter:site\" content=\"@CaribXport\" \/>\n<meta name=\"twitter:label1\" content=\"\u00c9crit par\" \/>\n\t<meta name=\"twitter:data1\" content=\"Deidre Brathwaite\" \/>\n\t<meta name=\"twitter:label2\" content=\"Dur\u00e9e de lecture estim\u00e9e\" \/>\n\t<meta name=\"twitter:data2\" content=\"2 minutes\" \/>\n<script type=\"application\/ld+json\" class=\"yoast-schema-graph\">{\"@context\":\"https:\/\/schema.org\",\"@graph\":[{\"@type\":\"Article\",\"@id\":\"https:\/\/content.carib-export.com\/fr\/blog\/strengthening-bonds-africa-caricom-day-celebrated-on-september-7\/#article\",\"isPartOf\":{\"@id\":\"https:\/\/content.carib-export.com\/fr\/blog\/strengthening-bonds-africa-caricom-day-celebrated-on-september-7\/\"},\"author\":{\"name\":\"Deidre Brathwaite\",\"@id\":\"https:\/\/content.carib-export.com\/fr\/#\/schema\/person\/52e67161560047831f389d6f37260884\"},\"headline\":\"Renforcer les liens : Journ\u00e9e Afrique-CARICOM c\u00e9l\u00e9br\u00e9e le 7 septembre\",\"datePublished\":\"2023-09-07T14:57:05+00:00\",\"dateModified\":\"2023-09-07T15:30:28+00:00\",\"mainEntityOfPage\":{\"@id\":\"https:\/\/content.carib-export.com\/fr\/blog\/strengthening-bonds-africa-caricom-day-celebrated-on-september-7\/\"},\"wordCount\":365,\"publisher\":{\"@id\":\"https:\/\/content.carib-export.com\/fr\/#organization\"},\"image\":{\"@id\":\"https:\/\/content.carib-export.com\/fr\/blog\/strengthening-bonds-africa-caricom-day-celebrated-on-september-7\/#primaryimage\"},\"thumbnailUrl\":\"https:\/\/content.carib-export.com\/wp-content\/uploads\/2023\/09\/New-website-featured-image-1500-x-1125-33.png\",\"articleSection\":[\"Blog\"],\"inLanguage\":\"fr-FR\"},{\"@type\":\"WebPage\",\"@id\":\"https:\/\/content.carib-export.com\/fr\/blog\/strengthening-bonds-africa-caricom-day-celebrated-on-september-7\/\",\"url\":\"https:\/\/content.carib-export.com\/fr\/blog\/strengthening-bonds-africa-caricom-day-celebrated-on-september-7\/\",\"name\":\"de Renforcer les liens : Journ\u00e9e Afrique-CARICOM c\u00e9l\u00e9br\u00e9e le 7 septembre - Exportation Cara\u00efbes\",\"isPartOf\":{\"@id\":\"https:\/\/content.carib-export.com\/fr\/#website\"},\"primaryImageOfPage\":{\"@id\":\"https:\/\/content.carib-export.com\/fr\/blog\/strengthening-bonds-africa-caricom-day-celebrated-on-september-7\/#primaryimage\"},\"image\":{\"@id\":\"https:\/\/content.carib-export.com\/fr\/blog\/strengthening-bonds-africa-caricom-day-celebrated-on-september-7\/#primaryimage\"},\"thumbnailUrl\":\"https:\/\/content.carib-export.com\/wp-content\/uploads\/2023\/09\/New-website-featured-image-1500-x-1125-33.png\",\"datePublished\":\"2023-09-07T14:57:05+00:00\",\"dateModified\":\"2023-09-07T15:30:28+00:00\",\"description\":\"La Journ\u00e9e Afrique-CARICOM, c\u00e9l\u00e9br\u00e9e le 7 septembre, est un rappel important des liens culturels et \u00e9conomiques durables entre le continent africain et la r\u00e9gion des Cara\u00efbes.\",\"breadcrumb\":{\"@id\":\"https:\/\/content.carib-export.com\/fr\/blog\/strengthening-bonds-africa-caricom-day-celebrated-on-september-7\/#breadcrumb\"},\"inLanguage\":\"fr-FR\",\"potentialAction\":[{\"@type\":\"ReadAction\",\"target\":[\"https:\/\/content.carib-export.com\/fr\/blog\/strengthening-bonds-africa-caricom-day-celebrated-on-september-7\/\"]}]},{\"@type\":\"ImageObject\",\"inLanguage\":\"fr-FR\",\"@id\":\"https:\/\/content.carib-export.com\/fr\/blog\/strengthening-bonds-africa-caricom-day-celebrated-on-september-7\/#primaryimage\",\"url\":\"https:\/\/content.carib-export.com\/wp-content\/uploads\/2023\/09\/New-website-featured-image-1500-x-1125-33.png\",\"contentUrl\":\"https:\/\/content.carib-export.com\/wp-content\/uploads\/2023\/09\/New-website-featured-image-1500-x-1125-33.png\",\"width\":1500,\"height\":1125},{\"@type\":\"BreadcrumbList\",\"@id\":\"https:\/\/content.carib-export.com\/fr\/blog\/strengthening-bonds-africa-caricom-day-celebrated-on-september-7\/#breadcrumb\",\"itemListElement\":[{\"@type\":\"ListItem\",\"position\":1,\"name\":\"Accueil\",\"item\":\"https:\/\/content.carib-export.com\/fr\/home\/\"},{\"@type\":\"ListItem\",\"position\":2,\"name\":\"Blog\",\"item\":\"https:\/\/content.carib-export.com\/fr\/blog\/\"},{\"@type\":\"ListItem\",\"position\":3,\"name\":\"Renforcer les liens : Journ\u00e9e Afrique-CARICOM c\u00e9l\u00e9br\u00e9e le 7 septembre\"}]},{\"@type\":\"WebSite\",\"@id\":\"https:\/\/content.carib-export.com\/fr\/#website\",\"url\":\"https:\/\/content.carib-export.com\/fr\/\",\"name\":\"Exportation Cara\u00efbes\",\"description\":\"La seule agence r\u00e9gionale de promotion du commerce et des investissements du groupe Afrique, Cara\u00efbes et Pacifique.\",\"publisher\":{\"@id\":\"https:\/\/content.carib-export.com\/fr\/#organization\"},\"potentialAction\":[{\"@type\":\"SearchAction\",\"target\":{\"@type\":\"EntryPoint\",\"urlTemplate\":\"https:\/\/content.carib-export.com\/fr\/?s={search_term_string}\"},\"query-input\":{\"@type\":\"PropertyValueSpecification\",\"valueRequired\":true,\"valueName\":\"search_term_string\"}}],\"inLanguage\":\"fr-FR\"},{\"@type\":\"Organization\",\"@id\":\"https:\/\/content.carib-export.com\/fr\/#organization\",\"name\":\"Agence carib\u00e9enne de d\u00e9veloppement des exportations\",\"url\":\"https:\/\/content.carib-export.com\/fr\/\",\"logo\":{\"@type\":\"ImageObject\",\"inLanguage\":\"fr-FR\",\"@id\":\"https:\/\/content.carib-export.com\/fr\/#\/schema\/logo\/image\/\",\"url\":\"https:\/\/content.carib-export.com\/wp-content\/uploads\/2013\/03\/CE-Logo-2013.jpg\",\"contentUrl\":\"https:\/\/content.carib-export.com\/wp-content\/uploads\/2013\/03\/CE-Logo-2013.jpg\",\"width\":1024,\"height\":244,\"caption\":\"Agence carib\u00e9enne de d\u00e9veloppement des exportations\"},\"image\":{\"@id\":\"https:\/\/content.carib-export.com\/fr\/#\/schema\/logo\/image\/\"},\"sameAs\":[\"https:\/\/www.facebook.com\/CaribbeanExport\",\"https:\/\/x.com\/CaribXport\",\"https:\/\/www.instagram.com\/caribbeanexport\",\"https:\/\/www.linkedin.com\/company\/caribbeanexport\",\"https:\/\/www.youtube.com\/user\/TheCaribbeanExport\"]},{\"@type\":\"Person\",\"@id\":\"https:\/\/content.carib-export.com\/fr\/#\/schema\/person\/52e67161560047831f389d6f37260884\",\"name\":\"Deidre Brathwaite\",\"image\":{\"@type\":\"ImageObject\",\"inLanguage\":\"fr-FR\",\"@id\":\"https:\/\/content.carib-export.com\/fr\/#\/schema\/person\/image\/\",\"url\":\"https:\/\/content.carib-export.com\/wp-content\/uploads\/2025\/03\/cropped-Deidre-Brathwaite-Digital-and-Social-Media-Officer-2-96x96.png\",\"contentUrl\":\"https:\/\/content.carib-export.com\/wp-content\/uploads\/2025\/03\/cropped-Deidre-Brathwaite-Digital-and-Social-Media-Officer-2-96x96.png\",\"caption\":\"Deidre Brathwaite\"},\"description\":\"Deidre is the Digital and Social Media Officer at Caribbean Export Development Agency. She currently manages the Agency\u2019s digital presence. She is a foodie and loves to travel.\",\"sameAs\":[\"https:\/\/www.instagram.com\/deidrebrathwaite\/\",\"https:\/\/www.linkedin.com\/in\/deidrebrathwaite\/\",\"https:\/\/x.com\/https:\/\/twitter.com\/DkBInteractive\"],\"url\":\"https:\/\/content.carib-export.com\/fr\/author\/deidreb\/\"}]}<\/script>\n<!-- \/ Yoast SEO plugin. -->","yoast_head_json":{"title":"de Renforcer les liens : Journ\u00e9e Afrique-CARICOM c\u00e9l\u00e9br\u00e9e le 7 septembre - Exportation Cara\u00efbes","description":"La Journ\u00e9e Afrique-CARICOM, c\u00e9l\u00e9br\u00e9e le 7 septembre, est un rappel important des liens culturels et \u00e9conomiques durables entre le continent africain et la r\u00e9gion des Cara\u00efbes.","robots":{"index":"index","follow":"follow","max-snippet":"max-snippet:-1","max-image-preview":"max-image-preview:large","max-video-preview":"max-video-preview:-1"},"canonical":"https:\/\/content.carib-export.com\/fr\/blog\/strengthening-bonds-africa-caricom-day-celebrated-on-september-7\/","og_locale":"fr_FR","og_type":"article","og_title":"Renforcer les liens : C\u00e9l\u00e9bration de la Journ\u00e9e Afrique-Caricom le 7 septembre","og_description":"La Journ\u00e9e Afrique-CARICOM, c\u00e9l\u00e9br\u00e9e le 7 septembre, est un rappel important des liens culturels et \u00e9conomiques durables entre le continent africain et la r\u00e9gion des Cara\u00efbes.","og_url":"https:\/\/content.carib-export.com\/fr\/blog\/strengthening-bonds-africa-caricom-day-celebrated-on-september-7\/","og_site_name":"Exportation Cara\u00efbes","article_publisher":"https:\/\/www.facebook.com\/CaribbeanExport","article_published_time":"2023-09-07T14:57:05+00:00","article_modified_time":"2023-09-07T15:30:28+00:00","og_image":[{"width":1500,"height":1125,"url":"https:\/\/content.carib-export.com\/wp-content\/uploads\/2023\/09\/New-website-featured-image-1500-x-1125-33.png","type":"image\/png"}],"author":"Deidre Brathwaite","twitter_card":"summary_large_image","twitter_title":"Renforcer les liens : C\u00e9l\u00e9bration de la Journ\u00e9e Afrique-Caricom le 7 septembre","twitter_description":"La Journ\u00e9e Afrique-CARICOM, c\u00e9l\u00e9br\u00e9e le 7 septembre, est un rappel important des liens culturels et \u00e9conomiques durables entre le continent africain et la r\u00e9gion des Cara\u00efbes.","twitter_creator":"@https:\/\/twitter.com\/DkBInteractive","twitter_site":"@CaribXport","twitter_misc":{"\u00c9crit par":"Deidre Brathwaite","Dur\u00e9e de lecture estim\u00e9e":"2 minutes"},"schema":{"@context":"https:\/\/schema.org","@graph":[{"@type":"Article","@id":"https:\/\/content.carib-export.com\/fr\/blog\/strengthening-bonds-africa-caricom-day-celebrated-on-september-7\/#article","isPartOf":{"@id":"https:\/\/content.carib-export.com\/fr\/blog\/strengthening-bonds-africa-caricom-day-celebrated-on-september-7\/"},"author":{"name":"Deidre Brathwaite","@id":"https:\/\/content.carib-export.com\/fr\/#\/schema\/person\/52e67161560047831f389d6f37260884"},"headline":"Renforcer les liens : Journ\u00e9e Afrique-CARICOM c\u00e9l\u00e9br\u00e9e le 7 septembre","datePublished":"2023-09-07T14:57:05+00:00","dateModified":"2023-09-07T15:30:28+00:00","mainEntityOfPage":{"@id":"https:\/\/content.carib-export.com\/fr\/blog\/strengthening-bonds-africa-caricom-day-celebrated-on-september-7\/"},"wordCount":365,"publisher":{"@id":"https:\/\/content.carib-export.com\/fr\/#organization"},"image":{"@id":"https:\/\/content.carib-export.com\/fr\/blog\/strengthening-bonds-africa-caricom-day-celebrated-on-september-7\/#primaryimage"},"thumbnailUrl":"https:\/\/content.carib-export.com\/wp-content\/uploads\/2023\/09\/New-website-featured-image-1500-x-1125-33.png","articleSection":["Blog"],"inLanguage":"fr-FR"},{"@type":"WebPage","@id":"https:\/\/content.carib-export.com\/fr\/blog\/strengthening-bonds-africa-caricom-day-celebrated-on-september-7\/","url":"https:\/\/content.carib-export.com\/fr\/blog\/strengthening-bonds-africa-caricom-day-celebrated-on-september-7\/","name":"de Renforcer les liens : Journ\u00e9e Afrique-CARICOM c\u00e9l\u00e9br\u00e9e le 7 septembre - Exportation Cara\u00efbes","isPartOf":{"@id":"https:\/\/content.carib-export.com\/fr\/#website"},"primaryImageOfPage":{"@id":"https:\/\/content.carib-export.com\/fr\/blog\/strengthening-bonds-africa-caricom-day-celebrated-on-september-7\/#primaryimage"},"image":{"@id":"https:\/\/content.carib-export.com\/fr\/blog\/strengthening-bonds-africa-caricom-day-celebrated-on-september-7\/#primaryimage"},"thumbnailUrl":"https:\/\/content.carib-export.com\/wp-content\/uploads\/2023\/09\/New-website-featured-image-1500-x-1125-33.png","datePublished":"2023-09-07T14:57:05+00:00","dateModified":"2023-09-07T15:30:28+00:00","description":"La Journ\u00e9e Afrique-CARICOM, c\u00e9l\u00e9br\u00e9e le 7 septembre, est un rappel important des liens culturels et \u00e9conomiques durables entre le continent africain et la r\u00e9gion des Cara\u00efbes.","breadcrumb":{"@id":"https:\/\/content.carib-export.com\/fr\/blog\/strengthening-bonds-africa-caricom-day-celebrated-on-september-7\/#breadcrumb"},"inLanguage":"fr-FR","potentialAction":[{"@type":"ReadAction","target":["https:\/\/content.carib-export.com\/fr\/blog\/strengthening-bonds-africa-caricom-day-celebrated-on-september-7\/"]}]},{"@type":"ImageObject","inLanguage":"fr-FR","@id":"https:\/\/content.carib-export.com\/fr\/blog\/strengthening-bonds-africa-caricom-day-celebrated-on-september-7\/#primaryimage","url":"https:\/\/content.carib-export.com\/wp-content\/uploads\/2023\/09\/New-website-featured-image-1500-x-1125-33.png","contentUrl":"https:\/\/content.carib-export.com\/wp-content\/uploads\/2023\/09\/New-website-featured-image-1500-x-1125-33.png","width":1500,"height":1125},{"@type":"BreadcrumbList","@id":"https:\/\/content.carib-export.com\/fr\/blog\/strengthening-bonds-africa-caricom-day-celebrated-on-september-7\/#breadcrumb","itemListElement":[{"@type":"ListItem","position":1,"name":"Accueil","item":"https:\/\/content.carib-export.com\/fr\/home\/"},{"@type":"ListItem","position":2,"name":"Blog","item":"https:\/\/content.carib-export.com\/fr\/blog\/"},{"@type":"ListItem","position":3,"name":"Renforcer les liens : Journ\u00e9e Afrique-CARICOM c\u00e9l\u00e9br\u00e9e le 7 septembre"}]},{"@type":"WebSite","@id":"https:\/\/content.carib-export.com\/fr\/#website","url":"https:\/\/content.carib-export.com\/fr\/","name":"Exportation Cara\u00efbes","description":"La seule agence r\u00e9gionale de promotion du commerce et des investissements du groupe Afrique, Cara\u00efbes et Pacifique.","publisher":{"@id":"https:\/\/content.carib-export.com\/fr\/#organization"},"potentialAction":[{"@type":"SearchAction","target":{"@type":"EntryPoint","urlTemplate":"https:\/\/content.carib-export.com\/fr\/?s={search_term_string}"},"query-input":{"@type":"PropertyValueSpecification","valueRequired":true,"valueName":"search_term_string"}}],"inLanguage":"fr-FR"},{"@type":"Organization","@id":"https:\/\/content.carib-export.com\/fr\/#organization","name":"Agence carib\u00e9enne de d\u00e9veloppement des exportations","url":"https:\/\/content.carib-export.com\/fr\/","logo":{"@type":"ImageObject","inLanguage":"fr-FR","@id":"https:\/\/content.carib-export.com\/fr\/#\/schema\/logo\/image\/","url":"https:\/\/content.carib-export.com\/wp-content\/uploads\/2013\/03\/CE-Logo-2013.jpg","contentUrl":"https:\/\/content.carib-export.com\/wp-content\/uploads\/2013\/03\/CE-Logo-2013.jpg","width":1024,"height":244,"caption":"Agence carib\u00e9enne de d\u00e9veloppement des exportations"},"image":{"@id":"https:\/\/content.carib-export.com\/fr\/#\/schema\/logo\/image\/"},"sameAs":["https:\/\/www.facebook.com\/CaribbeanExport","https:\/\/x.com\/CaribXport","https:\/\/www.instagram.com\/caribbeanexport","https:\/\/www.linkedin.com\/company\/caribbeanexport","https:\/\/www.youtube.com\/user\/TheCaribbeanExport"]},{"@type":"Person","@id":"https:\/\/content.carib-export.com\/fr\/#\/schema\/person\/52e67161560047831f389d6f37260884","name":"Deidre Brathwaite","image":{"@type":"ImageObject","inLanguage":"fr-FR","@id":"https:\/\/content.carib-export.com\/fr\/#\/schema\/person\/image\/","url":"https:\/\/content.carib-export.com\/wp-content\/uploads\/2025\/03\/cropped-Deidre-Brathwaite-Digital-and-Social-Media-Officer-2-96x96.png","contentUrl":"https:\/\/content.carib-export.com\/wp-content\/uploads\/2025\/03\/cropped-Deidre-Brathwaite-Digital-and-Social-Media-Officer-2-96x96.png","caption":"Deidre Brathwaite"},"description":"Deidre is the Digital and Social Media Officer at Caribbean Export Development Agency. She currently manages the Agency\u2019s digital presence. She is a foodie and loves to travel.","sameAs":["https:\/\/www.instagram.com\/deidrebrathwaite\/","https:\/\/www.linkedin.com\/in\/deidrebrathwaite\/","https:\/\/x.com\/https:\/\/twitter.com\/DkBInteractive"],"url":"https:\/\/content.carib-export.com\/fr\/author\/deidreb\/"}]}},"_links":{"self":[{"href":"https:\/\/content.carib-export.com\/fr\/wp-json\/wp\/v2\/posts\/314345","targetHints":{"allow":["GET"]}}],"collection":[{"href":"https:\/\/content.carib-export.com\/fr\/wp-json\/wp\/v2\/posts"}],"about":[{"href":"https:\/\/content.carib-export.com\/fr\/wp-json\/wp\/v2\/types\/post"}],"author":[{"embeddable":true,"href":"https:\/\/content.carib-export.com\/fr\/wp-json\/wp\/v2\/users\/9"}],"replies":[{"embeddable":true,"href":"https:\/\/content.carib-export.com\/fr\/wp-json\/wp\/v2\/comments?post=314345"}],"version-history":[{"count":0,"href":"https:\/\/content.carib-export.com\/fr\/wp-json\/wp\/v2\/posts\/314345\/revisions"}],"wp:featuredmedia":[{"embeddable":true,"href":"https:\/\/content.carib-export.com\/fr\/wp-json\/wp\/v2\/media\/314334"}],"wp:attachment":[{"href":"https:\/\/content.carib-export.com\/fr\/wp-json\/wp\/v2\/media?parent=314345"}],"wp:term":[{"taxonomy":"category","embeddable":true,"href":"https:\/\/content.carib-export.com\/fr\/wp-json\/wp\/v2\/categories?post=314345"},{"taxonomy":"post_tag","embeddable":true,"href":"https:\/\/content.carib-export.com\/fr\/wp-json\/wp\/v2\/tags?post=314345"}],"curies":[{"name":"wp","href":"https:\/\/api.w.org\/{rel}","templated":true}]}}