{"id":324680,"date":"2024-09-27T15:11:28","date_gmt":"2024-09-27T19:11:28","guid":{"rendered":"https:\/\/content.carib-export.com\/sustainable-development-in-the-caribbean-a-path-to-economic-resilience\/"},"modified":"2024-10-04T15:25:33","modified_gmt":"2024-10-04T19:25:33","slug":"sustainable-development-in-the-caribbean-a-path-to-economic-resilience","status":"publish","type":"post","link":"https:\/\/content.carib-export.com\/fr\/blog\/sustainable-development-in-the-caribbean-a-path-to-economic-resilience\/","title":{"rendered":"Le d\u00e9veloppement durable dans les Cara\u00efbes : une voie vers la r\u00e9silience \u00e9conomique"},"content":{"rendered":"<div id=\"bsf_rt_marker\"><\/div>\n<p>Le d\u00e9veloppement durable n&rsquo;est pas seulement un mot \u00e0 la mode dans les Cara\u00efbes, mais une voie essentielle pour assurer l&rsquo;avenir de la r\u00e9gion. Alors que le changement climatique s&rsquo;intensifie, le besoin de pratiques durables n&rsquo;a jamais \u00e9t\u00e9 aussi urgent. De l&rsquo;\u00e9l\u00e9vation du niveau de la mer \u00e0 l&rsquo;augmentation du nombre d&rsquo;ouragans, les Cara\u00efbes sont confront\u00e9es \u00e0 des d\u00e9fis environnementaux et \u00e9conomiques uniques qui n\u00e9cessitent des investissements importants dans des industries et des infrastructures durables.   <\/p>\n\n<p>Cette semaine, j&rsquo;ai assist\u00e9 au Caribbean Infrastructure Forum (CARIF) 2024 \u00e0 Miami, organis\u00e9 par New Energy Events, CIBC et KPMG. L&rsquo;une des discussions les plus attendues \u00e9tait le panel intitul\u00e9 \u00ab\u00a0<em>D\u00e9veloppement durable : Comment l&rsquo;investissement dans le d\u00e9veloppement durable se traduit-il en gains \u00e9conomiques pour le secteur priv\u00e9 ?<\/em> Damie Sinanan, aux c\u00f4t\u00e9s de repr\u00e9sentants des Nations unies et d&rsquo;entreprises du secteur priv\u00e9 telles que Sandals Resorts. La session \u00e9tait anim\u00e9e par Gillian Charles-Gollop, directrice g\u00e9n\u00e9rale de la banque d&rsquo;investissement de la CIBC. La discussion a mis en \u00e9vidence la fa\u00e7on dont les investissements dans la durabilit\u00e9 peuvent g\u00e9n\u00e9rer des avantages \u00e9conomiques substantiels pour les entreprises et la r\u00e9gion dans son ensemble.     <\/p>\n\n<p><strong>Les arguments en faveur du d\u00e9veloppement durable<\/strong> <\/p>\n\n<p>La r\u00e9gion des Cara\u00efbes est tr\u00e8s vuln\u00e9rable au changement climatique, ce qui rend le d\u00e9veloppement durable essentiel \u00e0 la survie et \u00e0 la croissance. Les menaces induites par le climat, telles que la hausse des temp\u00e9ratures, l&rsquo;\u00e9l\u00e9vation du niveau de la mer et les ph\u00e9nom\u00e8nes m\u00e9t\u00e9orologiques extr\u00eames comme les ouragans, causent d\u00e9j\u00e0 des dommages aux infrastructures et \u00e0 l&rsquo;\u00e9conomie. Comme l&rsquo;a soulign\u00e9 Gillian Charles-Gollop, de la Banque CIBC, des secteurs tels que l&rsquo;eau, l&rsquo;assainissement et l&rsquo;infrastructure \u00e9nerg\u00e9tique n\u00e9cessiteront des investissements consid\u00e9rables &#8211; jusqu&rsquo;\u00e0 2,2 billions de dollars d&rsquo;ici 2030 &#8211; pour atteindre les objectifs de d\u00e9veloppement durable (ODD) des Nations unies.   <\/p>\n\n<p>Au-del\u00e0 de la r\u00e9silience environnementale, les pratiques durables offrent une opportunit\u00e9 cruciale de diversification \u00e9conomique. La forte d\u00e9pendance des Cara\u00efbes \u00e0 l&rsquo;\u00e9gard du tourisme (qui repr\u00e9sente jusqu&rsquo;\u00e0 32 % du PIB dans certaines \u00eeles) rend leur \u00e9conomie particuli\u00e8rement vuln\u00e9rable aux chocs mondiaux. Investir dans des secteurs tels que les \u00e9nergies renouvelables, l&rsquo;agriculture durable et les industries circulaires peut contribuer \u00e0 att\u00e9nuer ces risques et \u00e0 promouvoir la stabilit\u00e9 \u00e9conomique.   <\/p>\n\n<p><strong>Des gains \u00e9conomiques pour le secteur priv\u00e9<\/strong> <\/p>\n\n<p>Au cours de la discussion, M. Sinanan a soulign\u00e9 que les investissements dans les technologies vertes et la r\u00e9silience climatique ne sont pas seulement essentiels pour la protection de l&rsquo;environnement, mais aussi pour stimuler la performance \u00e9conomique. Selon une \u00e9tude qu&rsquo;il a cit\u00e9e, les investissements dans les technologies vertes pourraient cr\u00e9er plus de 400 000 emplois dans les Cara\u00efbes d&rsquo;ici \u00e0 2030. Pour le secteur priv\u00e9, les investissements durables offrent des avantages directs, notamment des \u00e9conomies gr\u00e2ce \u00e0 une meilleure efficacit\u00e9, une r\u00e9duction de l&#8217;empreinte carbone et un renforcement de la comp\u00e9titivit\u00e9.  <\/p>\n\n<p>Par exemple, Sandals Resorts International, repr\u00e9sent\u00e9 par Kirstin McCarthy, a int\u00e9gr\u00e9 le d\u00e9veloppement durable dans ses activit\u00e9s principales. Mme McCarthy a expliqu\u00e9 comment l&rsquo;entreprise a r\u00e9ussi \u00e0 r\u00e9aliser des \u00e9conomies \u00e0 long terme en am\u00e9liorant l&rsquo;efficacit\u00e9 \u00e9nerg\u00e9tique de ses centres de vill\u00e9giature et en r\u00e9duisant sa consommation d&rsquo;eau. Elle a soulign\u00e9 que leur approche &#8211; \u00ab\u00a0construire mieux avec moins\u00a0\u00bb &#8211; permet non seulement de r\u00e9duire l&rsquo;impact sur l&rsquo;environnement, mais aussi d&rsquo;augmenter la rentabilit\u00e9. La strat\u00e9gie holistique de Sandals, qui int\u00e8gre le d\u00e9veloppement durable dans tous les aspects de ses activit\u00e9s, est un mod\u00e8le que d&rsquo;autres entreprises peuvent suivre.    <\/p>\n\n<p><strong>Partenariats public-priv\u00e9 : Un moteur essentiel de progr\u00e8s<\/strong> <\/p>\n\n<p>Les pan\u00e9listes ont convenu que la voie du d\u00e9veloppement durable dans les Cara\u00efbes n\u00e9cessite une collaboration entre les secteurs public et priv\u00e9. Giuseppe Mancinelli du Bureau des Nations Unies pour les services d&rsquo;appui aux projets (UNOPS) a soulign\u00e9 l&rsquo;importance des investissements dans les infrastructures pour atteindre les ODD. Il a soulign\u00e9 que les infrastructures r\u00e9silientes, qui repr\u00e9sentent 80 % des \u00e9missions de gaz \u00e0 effet de serre et 90 % des co\u00fbts d&rsquo;adaptation, jouent un r\u00f4le central dans la r\u00e9duction de la vuln\u00e9rabilit\u00e9 climatique tout en favorisant la croissance \u00e9conomique.   <\/p>\n\n<p>Par ailleurs, Jeremy Superfine, promoteur responsable de Cricket Square aux \u00eeles Ca\u00efmans, a soulign\u00e9 que le secteur public doit cr\u00e9er un environnement r\u00e9glementaire propice aux investissements du secteur priv\u00e9 dans le domaine de la durabilit\u00e9. Il a sugg\u00e9r\u00e9 que des r\u00e8gles et des politiques claires, associ\u00e9es \u00e0 des incitations financi\u00e8res, sont essentielles pour motiver les entreprises \u00e0 investir dans les technologies vertes et les infrastructures r\u00e9silientes.  <\/p>\n\n<p><strong>Conclusion : Construire ensemble un avenir durable<\/strong> <\/p>\n\n<p>En conclusion, le panel de CARIF2024 a soulign\u00e9 que l&rsquo;investissement dans la durabilit\u00e9 n&rsquo;est pas seulement un imp\u00e9ratif moral, mais aussi une n\u00e9cessit\u00e9 \u00e9conomique pour les Cara\u00efbes. Comme l&rsquo;a bien r\u00e9sum\u00e9 M. Sinanan, ces investissements offrent des avantages pratiques et tangibles, allant de la cr\u00e9ation d&#8217;emplois aux \u00e9conomies de co\u00fbts et \u00e0 la r\u00e9silience \u00e9conomique \u00e0 long terme. Pour que la r\u00e9gion tire pleinement parti des possibilit\u00e9s \u00e9conomiques offertes par le d\u00e9veloppement durable, la collaboration entre les secteurs public et priv\u00e9 est essentielle, tout comme la n\u00e9cessit\u00e9 de disposer de cadres r\u00e9glementaires clairs et de politiques tourn\u00e9es vers l&rsquo;avenir. En prenant des mesures audacieuses d\u00e8s aujourd&rsquo;hui, les Cara\u00efbes peuvent construire un avenir plus r\u00e9silient, plus diversifi\u00e9 et plus prosp\u00e8re, qui profitera \u00e0 la fois aux populations et \u00e0 la plan\u00e8te.    <\/p>\n\n<p><\/p>\n","protected":false},"excerpt":{"rendered":"<p>Le d\u00e9veloppement durable n&rsquo;est pas seulement un mot \u00e0 la mode dans les Cara\u00efbes, mais une voie essentielle pour assurer l&rsquo;avenir de la r\u00e9gion. Alors que le changement climatique s&rsquo;intensifie, le besoin de pratiques durables n&rsquo;a jamais \u00e9t\u00e9 aussi urgent. De l&rsquo;\u00e9l\u00e9vation du niveau de la mer \u00e0 l&rsquo;augmentation du nombre d&rsquo;ouragans, les Cara\u00efbes sont [&hellip;]<\/p>\n","protected":false},"author":10,"featured_media":324639,"comment_status":"closed","ping_status":"closed","sticky":false,"template":"","format":"standard","meta":{"_acf_changed":false,"inline_featured_image":false,"footnotes":""},"categories":[4509],"tags":[],"class_list":["post-324680","post","type-post","status-publish","format-standard","has-post-thumbnail","hentry","category-blog"],"acf":[],"yoast_head":"<!-- This site is optimized with the Yoast SEO plugin v27.1.1 - https:\/\/yoast.com\/product\/yoast-seo-wordpress\/ -->\n<title>de Le d\u00e9veloppement durable dans les Cara\u00efbes : une voie vers la r\u00e9silience \u00e9conomique - Exportation Cara\u00efbes<\/title>\n<meta name=\"robots\" content=\"index, follow, max-snippet:-1, max-image-preview:large, max-video-preview:-1\" \/>\n<link rel=\"canonical\" href=\"https:\/\/content.carib-export.com\/fr\/blog\/sustainable-development-in-the-caribbean-a-path-to-economic-resilience\/\" \/>\n<meta property=\"og:locale\" content=\"fr_FR\" \/>\n<meta property=\"og:type\" content=\"article\" \/>\n<meta property=\"og:title\" content=\"de Le d\u00e9veloppement durable dans les Cara\u00efbes : une voie vers la r\u00e9silience \u00e9conomique - Exportation Cara\u00efbes\" \/>\n<meta property=\"og:description\" content=\"Le d\u00e9veloppement durable n&rsquo;est pas seulement un mot \u00e0 la mode dans les Cara\u00efbes, mais une voie essentielle pour assurer l&rsquo;avenir de la r\u00e9gion. Alors que le changement climatique s&rsquo;intensifie, le besoin de pratiques durables n&rsquo;a jamais \u00e9t\u00e9 aussi urgent. De l&rsquo;\u00e9l\u00e9vation du niveau de la mer \u00e0 l&rsquo;augmentation du nombre d&rsquo;ouragans, les Cara\u00efbes sont [&hellip;]\" \/>\n<meta property=\"og:url\" content=\"https:\/\/content.carib-export.com\/fr\/blog\/sustainable-development-in-the-caribbean-a-path-to-economic-resilience\/\" \/>\n<meta property=\"og:site_name\" content=\"Exportation Cara\u00efbes\" \/>\n<meta property=\"article:publisher\" content=\"https:\/\/www.facebook.com\/CaribbeanExport\" \/>\n<meta property=\"article:published_time\" content=\"2024-09-27T19:11:28+00:00\" \/>\n<meta property=\"article:modified_time\" content=\"2024-10-04T19:25:33+00:00\" \/>\n<meta property=\"og:image\" content=\"https:\/\/content.carib-export.com\/wp-content\/uploads\/2024\/09\/CARIF-2024-Upd.jpg\" \/>\n\t<meta property=\"og:image:width\" content=\"1500\" \/>\n\t<meta property=\"og:image:height\" content=\"1000\" \/>\n\t<meta property=\"og:image:type\" content=\"image\/jpeg\" \/>\n<meta name=\"author\" content=\"JoEllen Laryea\" \/>\n<meta name=\"twitter:card\" content=\"summary_large_image\" \/>\n<meta name=\"twitter:creator\" content=\"@JoEllenLaryea\" \/>\n<meta name=\"twitter:site\" content=\"@CaribXport\" \/>\n<meta name=\"twitter:label1\" content=\"\u00c9crit par\" \/>\n\t<meta name=\"twitter:data1\" content=\"JoEllen Laryea\" \/>\n\t<meta name=\"twitter:label2\" content=\"Dur\u00e9e de lecture estim\u00e9e\" \/>\n\t<meta name=\"twitter:data2\" content=\"5 minutes\" \/>\n<script type=\"application\/ld+json\" class=\"yoast-schema-graph\">{\"@context\":\"https:\/\/schema.org\",\"@graph\":[{\"@type\":\"Article\",\"@id\":\"https:\/\/content.carib-export.com\/fr\/blog\/sustainable-development-in-the-caribbean-a-path-to-economic-resilience\/#article\",\"isPartOf\":{\"@id\":\"https:\/\/content.carib-export.com\/fr\/blog\/sustainable-development-in-the-caribbean-a-path-to-economic-resilience\/\"},\"author\":{\"name\":\"JoEllen Laryea\",\"@id\":\"https:\/\/content.carib-export.com\/fr\/#\/schema\/person\/216a73591d0aad2b1a260bf23de750f3\"},\"headline\":\"Le d\u00e9veloppement durable dans les Cara\u00efbes : une voie vers la r\u00e9silience \u00e9conomique\",\"datePublished\":\"2024-09-27T19:11:28+00:00\",\"dateModified\":\"2024-10-04T19:25:33+00:00\",\"mainEntityOfPage\":{\"@id\":\"https:\/\/content.carib-export.com\/fr\/blog\/sustainable-development-in-the-caribbean-a-path-to-economic-resilience\/\"},\"wordCount\":949,\"publisher\":{\"@id\":\"https:\/\/content.carib-export.com\/fr\/#organization\"},\"image\":{\"@id\":\"https:\/\/content.carib-export.com\/fr\/blog\/sustainable-development-in-the-caribbean-a-path-to-economic-resilience\/#primaryimage\"},\"thumbnailUrl\":\"https:\/\/content.carib-export.com\/wp-content\/uploads\/2024\/09\/CARIF-2024-Upd.jpg\",\"articleSection\":[\"Blog\"],\"inLanguage\":\"fr-FR\"},{\"@type\":\"WebPage\",\"@id\":\"https:\/\/content.carib-export.com\/fr\/blog\/sustainable-development-in-the-caribbean-a-path-to-economic-resilience\/\",\"url\":\"https:\/\/content.carib-export.com\/fr\/blog\/sustainable-development-in-the-caribbean-a-path-to-economic-resilience\/\",\"name\":\"de Le d\u00e9veloppement durable dans les Cara\u00efbes : une voie vers la r\u00e9silience \u00e9conomique - Exportation Cara\u00efbes\",\"isPartOf\":{\"@id\":\"https:\/\/content.carib-export.com\/fr\/#website\"},\"primaryImageOfPage\":{\"@id\":\"https:\/\/content.carib-export.com\/fr\/blog\/sustainable-development-in-the-caribbean-a-path-to-economic-resilience\/#primaryimage\"},\"image\":{\"@id\":\"https:\/\/content.carib-export.com\/fr\/blog\/sustainable-development-in-the-caribbean-a-path-to-economic-resilience\/#primaryimage\"},\"thumbnailUrl\":\"https:\/\/content.carib-export.com\/wp-content\/uploads\/2024\/09\/CARIF-2024-Upd.jpg\",\"datePublished\":\"2024-09-27T19:11:28+00:00\",\"dateModified\":\"2024-10-04T19:25:33+00:00\",\"breadcrumb\":{\"@id\":\"https:\/\/content.carib-export.com\/fr\/blog\/sustainable-development-in-the-caribbean-a-path-to-economic-resilience\/#breadcrumb\"},\"inLanguage\":\"fr-FR\",\"potentialAction\":[{\"@type\":\"ReadAction\",\"target\":[\"https:\/\/content.carib-export.com\/fr\/blog\/sustainable-development-in-the-caribbean-a-path-to-economic-resilience\/\"]}]},{\"@type\":\"ImageObject\",\"inLanguage\":\"fr-FR\",\"@id\":\"https:\/\/content.carib-export.com\/fr\/blog\/sustainable-development-in-the-caribbean-a-path-to-economic-resilience\/#primaryimage\",\"url\":\"https:\/\/content.carib-export.com\/wp-content\/uploads\/2024\/09\/CARIF-2024-Upd.jpg\",\"contentUrl\":\"https:\/\/content.carib-export.com\/wp-content\/uploads\/2024\/09\/CARIF-2024-Upd.jpg\",\"width\":1500,\"height\":1000},{\"@type\":\"BreadcrumbList\",\"@id\":\"https:\/\/content.carib-export.com\/fr\/blog\/sustainable-development-in-the-caribbean-a-path-to-economic-resilience\/#breadcrumb\",\"itemListElement\":[{\"@type\":\"ListItem\",\"position\":1,\"name\":\"Accueil\",\"item\":\"https:\/\/content.carib-export.com\/fr\/home\/\"},{\"@type\":\"ListItem\",\"position\":2,\"name\":\"Blog\",\"item\":\"https:\/\/content.carib-export.com\/fr\/blog\/\"},{\"@type\":\"ListItem\",\"position\":3,\"name\":\"Le d\u00e9veloppement durable dans les Cara\u00efbes : une voie vers la r\u00e9silience \u00e9conomique\"}]},{\"@type\":\"WebSite\",\"@id\":\"https:\/\/content.carib-export.com\/fr\/#website\",\"url\":\"https:\/\/content.carib-export.com\/fr\/\",\"name\":\"Exportation Cara\u00efbes\",\"description\":\"La seule agence r\u00e9gionale de promotion du commerce et des investissements du groupe Afrique, Cara\u00efbes et Pacifique.\",\"publisher\":{\"@id\":\"https:\/\/content.carib-export.com\/fr\/#organization\"},\"potentialAction\":[{\"@type\":\"SearchAction\",\"target\":{\"@type\":\"EntryPoint\",\"urlTemplate\":\"https:\/\/content.carib-export.com\/fr\/?s={search_term_string}\"},\"query-input\":{\"@type\":\"PropertyValueSpecification\",\"valueRequired\":true,\"valueName\":\"search_term_string\"}}],\"inLanguage\":\"fr-FR\"},{\"@type\":\"Organization\",\"@id\":\"https:\/\/content.carib-export.com\/fr\/#organization\",\"name\":\"Agence carib\u00e9enne de d\u00e9veloppement des exportations\",\"url\":\"https:\/\/content.carib-export.com\/fr\/\",\"logo\":{\"@type\":\"ImageObject\",\"inLanguage\":\"fr-FR\",\"@id\":\"https:\/\/content.carib-export.com\/fr\/#\/schema\/logo\/image\/\",\"url\":\"https:\/\/content.carib-export.com\/wp-content\/uploads\/2013\/03\/CE-Logo-2013.jpg\",\"contentUrl\":\"https:\/\/content.carib-export.com\/wp-content\/uploads\/2013\/03\/CE-Logo-2013.jpg\",\"width\":1024,\"height\":244,\"caption\":\"Agence carib\u00e9enne de d\u00e9veloppement des exportations\"},\"image\":{\"@id\":\"https:\/\/content.carib-export.com\/fr\/#\/schema\/logo\/image\/\"},\"sameAs\":[\"https:\/\/www.facebook.com\/CaribbeanExport\",\"https:\/\/x.com\/CaribXport\",\"https:\/\/www.instagram.com\/caribbeanexport\",\"https:\/\/www.linkedin.com\/company\/caribbeanexport\",\"https:\/\/www.youtube.com\/user\/TheCaribbeanExport\"]},{\"@type\":\"Person\",\"@id\":\"https:\/\/content.carib-export.com\/fr\/#\/schema\/person\/216a73591d0aad2b1a260bf23de750f3\",\"name\":\"JoEllen Laryea\",\"image\":{\"@type\":\"ImageObject\",\"inLanguage\":\"fr-FR\",\"@id\":\"https:\/\/content.carib-export.com\/fr\/#\/schema\/person\/image\/\",\"url\":\"https:\/\/content.carib-export.com\/wp-content\/uploads\/2025\/03\/cropped-JoEllen-Laryea-2020-96x96.png\",\"contentUrl\":\"https:\/\/content.carib-export.com\/wp-content\/uploads\/2025\/03\/cropped-JoEllen-Laryea-2020-96x96.png\",\"caption\":\"JoEllen Laryea\"},\"description\":\"JoEllen is the Manager (Ag) for Partnerships, Advocacy and Reporting with Caribbean Export and manages all aspects of the Agency's communications within her portfolio.\",\"sameAs\":[\"https:\/\/www.linkedin.com\/in\/joellen-laryea-b440711\/\",\"https:\/\/x.com\/JoEllenLaryea\"],\"url\":\"https:\/\/content.carib-export.com\/fr\/author\/joellenl\/\"}]}<\/script>\n<!-- \/ Yoast SEO plugin. -->","yoast_head_json":{"title":"de Le d\u00e9veloppement durable dans les Cara\u00efbes : une voie vers la r\u00e9silience \u00e9conomique - Exportation Cara\u00efbes","robots":{"index":"index","follow":"follow","max-snippet":"max-snippet:-1","max-image-preview":"max-image-preview:large","max-video-preview":"max-video-preview:-1"},"canonical":"https:\/\/content.carib-export.com\/fr\/blog\/sustainable-development-in-the-caribbean-a-path-to-economic-resilience\/","og_locale":"fr_FR","og_type":"article","og_title":"de Le d\u00e9veloppement durable dans les Cara\u00efbes : une voie vers la r\u00e9silience \u00e9conomique - Exportation Cara\u00efbes","og_description":"Le d\u00e9veloppement durable n&rsquo;est pas seulement un mot \u00e0 la mode dans les Cara\u00efbes, mais une voie essentielle pour assurer l&rsquo;avenir de la r\u00e9gion. Alors que le changement climatique s&rsquo;intensifie, le besoin de pratiques durables n&rsquo;a jamais \u00e9t\u00e9 aussi urgent. De l&rsquo;\u00e9l\u00e9vation du niveau de la mer \u00e0 l&rsquo;augmentation du nombre d&rsquo;ouragans, les Cara\u00efbes sont [&hellip;]","og_url":"https:\/\/content.carib-export.com\/fr\/blog\/sustainable-development-in-the-caribbean-a-path-to-economic-resilience\/","og_site_name":"Exportation Cara\u00efbes","article_publisher":"https:\/\/www.facebook.com\/CaribbeanExport","article_published_time":"2024-09-27T19:11:28+00:00","article_modified_time":"2024-10-04T19:25:33+00:00","og_image":[{"width":1500,"height":1000,"url":"https:\/\/content.carib-export.com\/wp-content\/uploads\/2024\/09\/CARIF-2024-Upd.jpg","type":"image\/jpeg"}],"author":"JoEllen Laryea","twitter_card":"summary_large_image","twitter_creator":"@JoEllenLaryea","twitter_site":"@CaribXport","twitter_misc":{"\u00c9crit par":"JoEllen Laryea","Dur\u00e9e de lecture estim\u00e9e":"5 minutes"},"schema":{"@context":"https:\/\/schema.org","@graph":[{"@type":"Article","@id":"https:\/\/content.carib-export.com\/fr\/blog\/sustainable-development-in-the-caribbean-a-path-to-economic-resilience\/#article","isPartOf":{"@id":"https:\/\/content.carib-export.com\/fr\/blog\/sustainable-development-in-the-caribbean-a-path-to-economic-resilience\/"},"author":{"name":"JoEllen Laryea","@id":"https:\/\/content.carib-export.com\/fr\/#\/schema\/person\/216a73591d0aad2b1a260bf23de750f3"},"headline":"Le d\u00e9veloppement durable dans les Cara\u00efbes : une voie vers la r\u00e9silience \u00e9conomique","datePublished":"2024-09-27T19:11:28+00:00","dateModified":"2024-10-04T19:25:33+00:00","mainEntityOfPage":{"@id":"https:\/\/content.carib-export.com\/fr\/blog\/sustainable-development-in-the-caribbean-a-path-to-economic-resilience\/"},"wordCount":949,"publisher":{"@id":"https:\/\/content.carib-export.com\/fr\/#organization"},"image":{"@id":"https:\/\/content.carib-export.com\/fr\/blog\/sustainable-development-in-the-caribbean-a-path-to-economic-resilience\/#primaryimage"},"thumbnailUrl":"https:\/\/content.carib-export.com\/wp-content\/uploads\/2024\/09\/CARIF-2024-Upd.jpg","articleSection":["Blog"],"inLanguage":"fr-FR"},{"@type":"WebPage","@id":"https:\/\/content.carib-export.com\/fr\/blog\/sustainable-development-in-the-caribbean-a-path-to-economic-resilience\/","url":"https:\/\/content.carib-export.com\/fr\/blog\/sustainable-development-in-the-caribbean-a-path-to-economic-resilience\/","name":"de Le d\u00e9veloppement durable dans les Cara\u00efbes : une voie vers la r\u00e9silience \u00e9conomique - Exportation Cara\u00efbes","isPartOf":{"@id":"https:\/\/content.carib-export.com\/fr\/#website"},"primaryImageOfPage":{"@id":"https:\/\/content.carib-export.com\/fr\/blog\/sustainable-development-in-the-caribbean-a-path-to-economic-resilience\/#primaryimage"},"image":{"@id":"https:\/\/content.carib-export.com\/fr\/blog\/sustainable-development-in-the-caribbean-a-path-to-economic-resilience\/#primaryimage"},"thumbnailUrl":"https:\/\/content.carib-export.com\/wp-content\/uploads\/2024\/09\/CARIF-2024-Upd.jpg","datePublished":"2024-09-27T19:11:28+00:00","dateModified":"2024-10-04T19:25:33+00:00","breadcrumb":{"@id":"https:\/\/content.carib-export.com\/fr\/blog\/sustainable-development-in-the-caribbean-a-path-to-economic-resilience\/#breadcrumb"},"inLanguage":"fr-FR","potentialAction":[{"@type":"ReadAction","target":["https:\/\/content.carib-export.com\/fr\/blog\/sustainable-development-in-the-caribbean-a-path-to-economic-resilience\/"]}]},{"@type":"ImageObject","inLanguage":"fr-FR","@id":"https:\/\/content.carib-export.com\/fr\/blog\/sustainable-development-in-the-caribbean-a-path-to-economic-resilience\/#primaryimage","url":"https:\/\/content.carib-export.com\/wp-content\/uploads\/2024\/09\/CARIF-2024-Upd.jpg","contentUrl":"https:\/\/content.carib-export.com\/wp-content\/uploads\/2024\/09\/CARIF-2024-Upd.jpg","width":1500,"height":1000},{"@type":"BreadcrumbList","@id":"https:\/\/content.carib-export.com\/fr\/blog\/sustainable-development-in-the-caribbean-a-path-to-economic-resilience\/#breadcrumb","itemListElement":[{"@type":"ListItem","position":1,"name":"Accueil","item":"https:\/\/content.carib-export.com\/fr\/home\/"},{"@type":"ListItem","position":2,"name":"Blog","item":"https:\/\/content.carib-export.com\/fr\/blog\/"},{"@type":"ListItem","position":3,"name":"Le d\u00e9veloppement durable dans les Cara\u00efbes : une voie vers la r\u00e9silience \u00e9conomique"}]},{"@type":"WebSite","@id":"https:\/\/content.carib-export.com\/fr\/#website","url":"https:\/\/content.carib-export.com\/fr\/","name":"Exportation Cara\u00efbes","description":"La seule agence r\u00e9gionale de promotion du commerce et des investissements du groupe Afrique, Cara\u00efbes et Pacifique.","publisher":{"@id":"https:\/\/content.carib-export.com\/fr\/#organization"},"potentialAction":[{"@type":"SearchAction","target":{"@type":"EntryPoint","urlTemplate":"https:\/\/content.carib-export.com\/fr\/?s={search_term_string}"},"query-input":{"@type":"PropertyValueSpecification","valueRequired":true,"valueName":"search_term_string"}}],"inLanguage":"fr-FR"},{"@type":"Organization","@id":"https:\/\/content.carib-export.com\/fr\/#organization","name":"Agence carib\u00e9enne de d\u00e9veloppement des exportations","url":"https:\/\/content.carib-export.com\/fr\/","logo":{"@type":"ImageObject","inLanguage":"fr-FR","@id":"https:\/\/content.carib-export.com\/fr\/#\/schema\/logo\/image\/","url":"https:\/\/content.carib-export.com\/wp-content\/uploads\/2013\/03\/CE-Logo-2013.jpg","contentUrl":"https:\/\/content.carib-export.com\/wp-content\/uploads\/2013\/03\/CE-Logo-2013.jpg","width":1024,"height":244,"caption":"Agence carib\u00e9enne de d\u00e9veloppement des exportations"},"image":{"@id":"https:\/\/content.carib-export.com\/fr\/#\/schema\/logo\/image\/"},"sameAs":["https:\/\/www.facebook.com\/CaribbeanExport","https:\/\/x.com\/CaribXport","https:\/\/www.instagram.com\/caribbeanexport","https:\/\/www.linkedin.com\/company\/caribbeanexport","https:\/\/www.youtube.com\/user\/TheCaribbeanExport"]},{"@type":"Person","@id":"https:\/\/content.carib-export.com\/fr\/#\/schema\/person\/216a73591d0aad2b1a260bf23de750f3","name":"JoEllen Laryea","image":{"@type":"ImageObject","inLanguage":"fr-FR","@id":"https:\/\/content.carib-export.com\/fr\/#\/schema\/person\/image\/","url":"https:\/\/content.carib-export.com\/wp-content\/uploads\/2025\/03\/cropped-JoEllen-Laryea-2020-96x96.png","contentUrl":"https:\/\/content.carib-export.com\/wp-content\/uploads\/2025\/03\/cropped-JoEllen-Laryea-2020-96x96.png","caption":"JoEllen Laryea"},"description":"JoEllen is the Manager (Ag) for Partnerships, Advocacy and Reporting with Caribbean Export and manages all aspects of the Agency's communications within her portfolio.","sameAs":["https:\/\/www.linkedin.com\/in\/joellen-laryea-b440711\/","https:\/\/x.com\/JoEllenLaryea"],"url":"https:\/\/content.carib-export.com\/fr\/author\/joellenl\/"}]}},"_links":{"self":[{"href":"https:\/\/content.carib-export.com\/fr\/wp-json\/wp\/v2\/posts\/324680","targetHints":{"allow":["GET"]}}],"collection":[{"href":"https:\/\/content.carib-export.com\/fr\/wp-json\/wp\/v2\/posts"}],"about":[{"href":"https:\/\/content.carib-export.com\/fr\/wp-json\/wp\/v2\/types\/post"}],"author":[{"embeddable":true,"href":"https:\/\/content.carib-export.com\/fr\/wp-json\/wp\/v2\/users\/10"}],"replies":[{"embeddable":true,"href":"https:\/\/content.carib-export.com\/fr\/wp-json\/wp\/v2\/comments?post=324680"}],"version-history":[{"count":0,"href":"https:\/\/content.carib-export.com\/fr\/wp-json\/wp\/v2\/posts\/324680\/revisions"}],"wp:featuredmedia":[{"embeddable":true,"href":"https:\/\/content.carib-export.com\/fr\/wp-json\/wp\/v2\/media\/324639"}],"wp:attachment":[{"href":"https:\/\/content.carib-export.com\/fr\/wp-json\/wp\/v2\/media?parent=324680"}],"wp:term":[{"taxonomy":"category","embeddable":true,"href":"https:\/\/content.carib-export.com\/fr\/wp-json\/wp\/v2\/categories?post=324680"},{"taxonomy":"post_tag","embeddable":true,"href":"https:\/\/content.carib-export.com\/fr\/wp-json\/wp\/v2\/tags?post=324680"}],"curies":[{"name":"wp","href":"https:\/\/api.w.org\/{rel}","templated":true}]}}